{"id":4675,"date":"2018-11-06T16:20:35","date_gmt":"2018-11-06T15:20:35","guid":{"rendered":"https:\/\/cuadra-agrado.es\/?p=4675"},"modified":"2024-02-27T09:30:02","modified_gmt":"2024-02-27T09:30:02","slug":"barbarigo-asume-liderazgo-tras-la-marcha-ranyan","status":"publish","type":"post","link":"https:\/\/cuadra-agrado.es\/?p=4675","title":{"rendered":"Barbarigo asume el liderazgo tras la marcha de Rany\u00e1n."},"content":{"rendered":"<p style=\"text-align: justify;\"><a href=\"http:\/\/cuadra-agrado.es\/wp-content\/uploads\/2017\/10\/Barbarigo-Nouvel-An.jpg\" target=\"_blank\" rel=\"noopener noreferrer\"><img loading=\"lazy\" decoding=\"async\" class=\"alignleft wp-image-3615 \" src=\"http:\/\/cuadra-agrado.es\/wp-content\/uploads\/2017\/10\/Barbarigo-Nouvel-An.jpg\" alt=\"\" width=\"621\" height=\"645\"><\/a>Despu\u00e9s de la salida de competici\u00f3n de<strong> \u201cRany\u00e1n\u201d<\/strong>, todo el liderazgo de nuestra cuadra se traspasa a <strong>\u201cBarbarigo\u201d<\/strong>, que el pr\u00f3ximo domingo tendr\u00e1 una bonita opci\u00f3n de dedicar la victoria al viejo gladiador, y asumir ese rol de adalid de nuestros colores a partir de ahora. Su primera prueba como capit\u00e1n ser\u00e1 en el premio \u201cInfanta Beatriz\u201d, un Gran H\u00e1ndicap referenciado a valor 42 sobre la distancia de la milla, donde como cabeza de serie y top de la escala, tratar\u00e1 de endulzar con una victoria la amarga despedida de su compa\u00f1ero de cuadra en la misma semana.<\/p>\n<p style=\"text-align: justify;\">Nuestro hijo de <strong>\u201cCanford Cliffs<\/strong>\u201d vuelve a pista 49 d\u00edas despu\u00e9s de su \u00faltima actuaci\u00f3n de oto\u00f1o en la preparatoria al \u201cHispanidad\u201d donde posiblemente acus\u00f3 el enorme esfuerzo de la temporada, y sufri\u00f3 un problema de dorso que le impidi\u00f3 luchar y estar en condiciones posteriormente en el Gran Premio. Ha tenido tiempo suficiente para recuperarse de esta peque\u00f1a lesi\u00f3n que nuestro equipo veterinario resolvi\u00f3 antes incluso de lo esperado, y desde hace cuatro semanas est\u00e1 trabajando y preparando este retorno que hab\u00edamos marcado en su particular calendario. Repite en las mismas condiciones del pasado a\u00f1o donde en este mismo premio y con la monta del franc\u00e9s \u201cJ. Aug\u00e9\u201d estuvo luchando hasta el poste de meta con los mismos 62 kilos que nuevamente portara el domingo, y que por apenas medio cuerpo no pudo pasar por ganadores. El h\u00e1ndicap del peso no es especial problema para mantener esas opciones de victoria. Ha demostrado en varias ocasiones mover bien el peso y contrarrestarlo con un valor alto que ha ido incrementando y posteriormente manteniendo durante todo el a\u00f1o, y que le debe servir para atacar un nuevo paso por ganadores que merece. Nos fiamos algo menos de la forma actual despu\u00e9s de ese peque\u00f1o par\u00f3n por lesi\u00f3n y que posiblemente, no le haga llegar con la plenitud de forma que contaba en el Gran Premio de Gobierno Vasco, pero el obligado descanso le ha venido muy bien para reiniciar sus trabajos en plenitud, y la confianza del \u201cprepa\u201d es m\u00e1s que suficiente para abordar esta nueva tentativa que a\u00fan siendo de calidad, no es comparable al lote millero del Gran Premio Vasco.<\/p>\n<p style=\"text-align: justify;\">Caj\u00f3n 9 en la salida donde \u201cBorja Fayos\u201d tendr\u00e1 que ponerlo r\u00e1pidamente en marcha para buscar esas posiciones de vanguardia por calles exteriores, donde \u00e9l se siente c\u00f3modo, y tratar de no asumir el desgaste de una punta, que con ese peso no est\u00e1 en nuestros planes. Trataremos de ponernos a la grupa del puntero, y solo si vemos recelo en ello, asumiremos el envite con valent\u00eda. Nuestro jockey lleva buscando con \u00e9l esa primera victoria desde hace tiempo, y que por una u otra raz\u00f3n no ha tenido la fortuna de encontrar. Tarde o temprano se resarcir\u00e1 de ello, y el domingo tiene una nueva opci\u00f3n de hallarla y cerrar ese particular&nbsp; \u201cecart\u201d. &nbsp;El estado de la pista no es tampoco un problema para nuestro caballo, que de igual forma, se ha movido muy bien en cualquier condici\u00f3n, pero si es verdad que un estado de pista por encima de 3.8 nos vendr\u00eda mucho mejor para desbancar ya en cajones a algunos rivales que se les pudiera atragantar un previsible terreno blando. Como rivales a tener muy en cuenta tendremos que estar atentos al tres a\u00f1os <strong>\u201cMetkaif\u201d<\/strong> que dio hace poco la cara en otro Gran H\u00e1ndicap referenciado en una distancia por encima de su mejor metraje. Hoy vuelve a bajar a su distancia \u00f3ptima de la milla y los tres kilos de margen con respecto al nuestro pueden darle una buena opci\u00f3n. Otro que trataremos de seguir con el rabillo del ojo ser\u00e1 <strong>\u201cBank Guarantee\u201d<\/strong>, el \u00fanico que le hizo cara a \u201cNoray\u201d en la preparatoria al Hispanidad, pero que despu\u00e9s no tuvo el suficiente valor como para figurar en el Gran Premio. En cualquier caso, en una prueba de h\u00e1ndicap puro y en esta \u00e9poca del a\u00f1o, los valores est\u00e1n ya muy contrastados y las opciones se reparten entre todos los participantes, te\u00f3ricamente, sobre una s\u00f3lida base de igualdad. Sobre esta base, no deber\u00edamos descartar a ninguno de los 10 participantes que saldr\u00e1n de cajones.<\/p>\n<p style=\"text-align: justify;\">Todo visto para sentencia. Con esta prueba concluir\u00e1 su temporada oto\u00f1al, y por ende su temporada 2018 en la que habr\u00e1 disputado 8 carreras, todas ellas de consideraci\u00f3n, obteniendo&nbsp; una victoria y cuatro colocaciones de entidad como el tercer puesto logrado en el pasado Gran Premio Gobierno Vasco.<\/p>\n<p style=\"text-align: justify;\">Mucha suerte equipo, y suerte tambi\u00e9n a todos los participantes en una bonita carrera.<\/p>\n<!-- AddThis Advanced Settings generic via filter on the_content --><!-- AddThis Share Buttons generic via filter on the_content -->","protected":false},"excerpt":{"rendered":"<p>Despu\u00e9s de la salida de competici\u00f3n de \u201cRany\u00e1n\u201d, todo el liderazgo de nuestra cuadra se traspasa a \u201cBarbarigo\u201d, que el pr\u00f3ximo domingo tendr\u00e1 una bonita opci\u00f3n de dedicar la victoria al viejo gladiador, y asumir ese rol de adalid de nuestros colores a partir de ahora. Su primera prueba como capit\u00e1n ser\u00e1 en el premio [&hellip;]<!-- AddThis Advanced Settings generic via filter on get_the_excerpt --><!-- AddThis Share Buttons generic via filter on get_the_excerpt --><\/p>\n","protected":false},"author":5,"featured_media":3615,"comment_status":"closed","ping_status":"closed","sticky":false,"template":"","format":"standard","meta":{"_acf_changed":false,"_et_pb_use_builder":"","_et_pb_old_content":"","_et_gb_content_width":"","footnotes":""},"categories":[3],"tags":[],"class_list":["post-4675","post","type-post","status-publish","format-standard","has-post-thumbnail","hentry","category-noticias-cuadra-agrado"],"acf":[],"yoast_head":"<!-- This site is optimized with the Yoast SEO plugin v27.4 - https:\/\/yoast.com\/product\/yoast-seo-wordpress\/ -->\n<title>Barbarigo asume el liderazgo tras la marcha de Rany\u00e1n. - Cuadra Agrado<\/title>\n<meta name=\"robots\" content=\"index, follow, max-snippet:-1, max-image-preview:large, max-video-preview:-1\" \/>\n<link rel=\"canonical\" href=\"https:\/\/cuadra-agrado.es\/?p=4675\" \/>\n<meta property=\"og:locale\" content=\"es_ES\" \/>\n<meta property=\"og:type\" content=\"article\" \/>\n<meta property=\"og:title\" content=\"Barbarigo asume el liderazgo tras la marcha de Rany\u00e1n. - Cuadra Agrado\" \/>\n<meta property=\"og:description\" content=\"Despu\u00e9s de la salida de competici\u00f3n de \u201cRany\u00e1n\u201d, todo el liderazgo de nuestra cuadra se traspasa a \u201cBarbarigo\u201d, que el pr\u00f3ximo domingo tendr\u00e1 una bonita opci\u00f3n de dedicar la victoria al viejo gladiador, y asumir ese rol de adalid de nuestros colores a partir de ahora. Su primera prueba como capit\u00e1n ser\u00e1 en el premio [&hellip;]\" \/>\n<meta property=\"og:url\" content=\"https:\/\/cuadra-agrado.es\/?p=4675\" \/>\n<meta property=\"og:site_name\" content=\"Cuadra Agrado\" \/>\n<meta property=\"article:published_time\" content=\"2018-11-06T15:20:35+00:00\" \/>\n<meta property=\"article:modified_time\" content=\"2024-02-27T09:30:02+00:00\" \/>\n<meta name=\"author\" content=\"Miguel Redondo\" \/>\n<meta name=\"twitter:card\" content=\"summary_large_image\" \/>\n<meta name=\"twitter:creator\" content=\"@AGRADOracing\" \/>\n<meta name=\"twitter:site\" content=\"@AGRADOracing\" \/>\n<meta name=\"twitter:label1\" content=\"Escrito por\" \/>\n\t<meta name=\"twitter:data1\" content=\"Miguel Redondo\" \/>\n\t<meta name=\"twitter:label2\" content=\"Tiempo de lectura\" \/>\n\t<meta name=\"twitter:data2\" content=\"4 minutos\" \/>\n<script type=\"application\/ld+json\" class=\"yoast-schema-graph\">{\"@context\":\"https:\\\/\\\/schema.org\",\"@graph\":[{\"@type\":\"Article\",\"@id\":\"https:\\\/\\\/cuadra-agrado.es\\\/?p=4675#article\",\"isPartOf\":{\"@id\":\"https:\\\/\\\/cuadra-agrado.es\\\/?p=4675\"},\"author\":{\"name\":\"Miguel Redondo\",\"@id\":\"https:\\\/\\\/cuadra-agrado.es\\\/#\\\/schema\\\/person\\\/3aa4f8d2373cf756d93a5526bc72f31b\"},\"headline\":\"Barbarigo asume el liderazgo tras la marcha de Rany\u00e1n.\",\"datePublished\":\"2018-11-06T15:20:35+00:00\",\"dateModified\":\"2024-02-27T09:30:02+00:00\",\"mainEntityOfPage\":{\"@id\":\"https:\\\/\\\/cuadra-agrado.es\\\/?p=4675\"},\"wordCount\":811,\"image\":{\"@id\":\"https:\\\/\\\/cuadra-agrado.es\\\/?p=4675#primaryimage\"},\"thumbnailUrl\":\"\",\"articleSection\":[\"Actualidad\"],\"inLanguage\":\"es\"},{\"@type\":\"WebPage\",\"@id\":\"https:\\\/\\\/cuadra-agrado.es\\\/?p=4675\",\"url\":\"https:\\\/\\\/cuadra-agrado.es\\\/?p=4675\",\"name\":\"Barbarigo asume el liderazgo tras la marcha de Rany\u00e1n. - Cuadra Agrado\",\"isPartOf\":{\"@id\":\"https:\\\/\\\/cuadra-agrado.es\\\/#website\"},\"primaryImageOfPage\":{\"@id\":\"https:\\\/\\\/cuadra-agrado.es\\\/?p=4675#primaryimage\"},\"image\":{\"@id\":\"https:\\\/\\\/cuadra-agrado.es\\\/?p=4675#primaryimage\"},\"thumbnailUrl\":\"\",\"datePublished\":\"2018-11-06T15:20:35+00:00\",\"dateModified\":\"2024-02-27T09:30:02+00:00\",\"author\":{\"@id\":\"https:\\\/\\\/cuadra-agrado.es\\\/#\\\/schema\\\/person\\\/3aa4f8d2373cf756d93a5526bc72f31b\"},\"breadcrumb\":{\"@id\":\"https:\\\/\\\/cuadra-agrado.es\\\/?p=4675#breadcrumb\"},\"inLanguage\":\"es\",\"potentialAction\":[{\"@type\":\"ReadAction\",\"target\":[\"https:\\\/\\\/cuadra-agrado.es\\\/?p=4675\"]}]},{\"@type\":\"ImageObject\",\"inLanguage\":\"es\",\"@id\":\"https:\\\/\\\/cuadra-agrado.es\\\/?p=4675#primaryimage\",\"url\":\"\",\"contentUrl\":\"\"},{\"@type\":\"BreadcrumbList\",\"@id\":\"https:\\\/\\\/cuadra-agrado.es\\\/?p=4675#breadcrumb\",\"itemListElement\":[{\"@type\":\"ListItem\",\"position\":1,\"name\":\"Portada\",\"item\":\"https:\\\/\\\/cuadra-agrado.es\\\/\"},{\"@type\":\"ListItem\",\"position\":2,\"name\":\"Barbarigo asume el liderazgo tras la marcha de Rany\u00e1n.\"}]},{\"@type\":\"WebSite\",\"@id\":\"https:\\\/\\\/cuadra-agrado.es\\\/#website\",\"url\":\"https:\\\/\\\/cuadra-agrado.es\\\/\",\"name\":\"Cuadra Agrado\",\"description\":\"En el mundo del Turf desde 2008\",\"potentialAction\":[{\"@type\":\"SearchAction\",\"target\":{\"@type\":\"EntryPoint\",\"urlTemplate\":\"https:\\\/\\\/cuadra-agrado.es\\\/?s={search_term_string}\"},\"query-input\":{\"@type\":\"PropertyValueSpecification\",\"valueRequired\":true,\"valueName\":\"search_term_string\"}}],\"inLanguage\":\"es\"},{\"@type\":\"Person\",\"@id\":\"https:\\\/\\\/cuadra-agrado.es\\\/#\\\/schema\\\/person\\\/3aa4f8d2373cf756d93a5526bc72f31b\",\"name\":\"Miguel Redondo\",\"image\":{\"@type\":\"ImageObject\",\"inLanguage\":\"es\",\"@id\":\"https:\\\/\\\/secure.gravatar.com\\\/avatar\\\/85704fceb4fa34017e3c1344d182da00dbf772fb8856ba2b7726a2df926415b4?s=96&d=mm&r=g\",\"url\":\"https:\\\/\\\/secure.gravatar.com\\\/avatar\\\/85704fceb4fa34017e3c1344d182da00dbf772fb8856ba2b7726a2df926415b4?s=96&d=mm&r=g\",\"contentUrl\":\"https:\\\/\\\/secure.gravatar.com\\\/avatar\\\/85704fceb4fa34017e3c1344d182da00dbf772fb8856ba2b7726a2df926415b4?s=96&d=mm&r=g\",\"caption\":\"Miguel Redondo\"},\"sameAs\":[\"https:\\\/\\\/cuadra-agrado.es\"],\"url\":\"https:\\\/\\\/cuadra-agrado.es\\\/?author=5\"}]}<\/script>\n<!-- \/ Yoast SEO plugin. -->","yoast_head_json":{"title":"Barbarigo asume el liderazgo tras la marcha de Rany\u00e1n. - Cuadra Agrado","robots":{"index":"index","follow":"follow","max-snippet":"max-snippet:-1","max-image-preview":"max-image-preview:large","max-video-preview":"max-video-preview:-1"},"canonical":"https:\/\/cuadra-agrado.es\/?p=4675","og_locale":"es_ES","og_type":"article","og_title":"Barbarigo asume el liderazgo tras la marcha de Rany\u00e1n. - Cuadra Agrado","og_description":"Despu\u00e9s de la salida de competici\u00f3n de \u201cRany\u00e1n\u201d, todo el liderazgo de nuestra cuadra se traspasa a \u201cBarbarigo\u201d, que el pr\u00f3ximo domingo tendr\u00e1 una bonita opci\u00f3n de dedicar la victoria al viejo gladiador, y asumir ese rol de adalid de nuestros colores a partir de ahora. Su primera prueba como capit\u00e1n ser\u00e1 en el premio [&hellip;]","og_url":"https:\/\/cuadra-agrado.es\/?p=4675","og_site_name":"Cuadra Agrado","article_published_time":"2018-11-06T15:20:35+00:00","article_modified_time":"2024-02-27T09:30:02+00:00","author":"Miguel Redondo","twitter_card":"summary_large_image","twitter_creator":"@AGRADOracing","twitter_site":"@AGRADOracing","twitter_misc":{"Escrito por":"Miguel Redondo","Tiempo de lectura":"4 minutos"},"schema":{"@context":"https:\/\/schema.org","@graph":[{"@type":"Article","@id":"https:\/\/cuadra-agrado.es\/?p=4675#article","isPartOf":{"@id":"https:\/\/cuadra-agrado.es\/?p=4675"},"author":{"name":"Miguel Redondo","@id":"https:\/\/cuadra-agrado.es\/#\/schema\/person\/3aa4f8d2373cf756d93a5526bc72f31b"},"headline":"Barbarigo asume el liderazgo tras la marcha de Rany\u00e1n.","datePublished":"2018-11-06T15:20:35+00:00","dateModified":"2024-02-27T09:30:02+00:00","mainEntityOfPage":{"@id":"https:\/\/cuadra-agrado.es\/?p=4675"},"wordCount":811,"image":{"@id":"https:\/\/cuadra-agrado.es\/?p=4675#primaryimage"},"thumbnailUrl":"","articleSection":["Actualidad"],"inLanguage":"es"},{"@type":"WebPage","@id":"https:\/\/cuadra-agrado.es\/?p=4675","url":"https:\/\/cuadra-agrado.es\/?p=4675","name":"Barbarigo asume el liderazgo tras la marcha de Rany\u00e1n. - Cuadra Agrado","isPartOf":{"@id":"https:\/\/cuadra-agrado.es\/#website"},"primaryImageOfPage":{"@id":"https:\/\/cuadra-agrado.es\/?p=4675#primaryimage"},"image":{"@id":"https:\/\/cuadra-agrado.es\/?p=4675#primaryimage"},"thumbnailUrl":"","datePublished":"2018-11-06T15:20:35+00:00","dateModified":"2024-02-27T09:30:02+00:00","author":{"@id":"https:\/\/cuadra-agrado.es\/#\/schema\/person\/3aa4f8d2373cf756d93a5526bc72f31b"},"breadcrumb":{"@id":"https:\/\/cuadra-agrado.es\/?p=4675#breadcrumb"},"inLanguage":"es","potentialAction":[{"@type":"ReadAction","target":["https:\/\/cuadra-agrado.es\/?p=4675"]}]},{"@type":"ImageObject","inLanguage":"es","@id":"https:\/\/cuadra-agrado.es\/?p=4675#primaryimage","url":"","contentUrl":""},{"@type":"BreadcrumbList","@id":"https:\/\/cuadra-agrado.es\/?p=4675#breadcrumb","itemListElement":[{"@type":"ListItem","position":1,"name":"Portada","item":"https:\/\/cuadra-agrado.es\/"},{"@type":"ListItem","position":2,"name":"Barbarigo asume el liderazgo tras la marcha de Rany\u00e1n."}]},{"@type":"WebSite","@id":"https:\/\/cuadra-agrado.es\/#website","url":"https:\/\/cuadra-agrado.es\/","name":"Cuadra Agrado","description":"En el mundo del Turf desde 2008","potentialAction":[{"@type":"SearchAction","target":{"@type":"EntryPoint","urlTemplate":"https:\/\/cuadra-agrado.es\/?s={search_term_string}"},"query-input":{"@type":"PropertyValueSpecification","valueRequired":true,"valueName":"search_term_string"}}],"inLanguage":"es"},{"@type":"Person","@id":"https:\/\/cuadra-agrado.es\/#\/schema\/person\/3aa4f8d2373cf756d93a5526bc72f31b","name":"Miguel Redondo","image":{"@type":"ImageObject","inLanguage":"es","@id":"https:\/\/secure.gravatar.com\/avatar\/85704fceb4fa34017e3c1344d182da00dbf772fb8856ba2b7726a2df926415b4?s=96&d=mm&r=g","url":"https:\/\/secure.gravatar.com\/avatar\/85704fceb4fa34017e3c1344d182da00dbf772fb8856ba2b7726a2df926415b4?s=96&d=mm&r=g","contentUrl":"https:\/\/secure.gravatar.com\/avatar\/85704fceb4fa34017e3c1344d182da00dbf772fb8856ba2b7726a2df926415b4?s=96&d=mm&r=g","caption":"Miguel Redondo"},"sameAs":["https:\/\/cuadra-agrado.es"],"url":"https:\/\/cuadra-agrado.es\/?author=5"}]}},"_links":{"self":[{"href":"https:\/\/cuadra-agrado.es\/index.php?rest_route=\/wp\/v2\/posts\/4675","targetHints":{"allow":["GET"]}}],"collection":[{"href":"https:\/\/cuadra-agrado.es\/index.php?rest_route=\/wp\/v2\/posts"}],"about":[{"href":"https:\/\/cuadra-agrado.es\/index.php?rest_route=\/wp\/v2\/types\/post"}],"author":[{"embeddable":true,"href":"https:\/\/cuadra-agrado.es\/index.php?rest_route=\/wp\/v2\/users\/5"}],"replies":[{"embeddable":true,"href":"https:\/\/cuadra-agrado.es\/index.php?rest_route=%2Fwp%2Fv2%2Fcomments&post=4675"}],"version-history":[{"count":0,"href":"https:\/\/cuadra-agrado.es\/index.php?rest_route=\/wp\/v2\/posts\/4675\/revisions"}],"wp:featuredmedia":[{"embeddable":true,"href":"https:\/\/cuadra-agrado.es\/index.php?rest_route=\/"}],"wp:attachment":[{"href":"https:\/\/cuadra-agrado.es\/index.php?rest_route=%2Fwp%2Fv2%2Fmedia&parent=4675"}],"wp:term":[{"taxonomy":"category","embeddable":true,"href":"https:\/\/cuadra-agrado.es\/index.php?rest_route=%2Fwp%2Fv2%2Fcategories&post=4675"},{"taxonomy":"post_tag","embeddable":true,"href":"https:\/\/cuadra-agrado.es\/index.php?rest_route=%2Fwp%2Fv2%2Ftags&post=4675"}],"curies":[{"name":"wp","href":"https:\/\/api.w.org\/{rel}","templated":true}]}}