{"id":4672,"date":"2018-11-04T17:39:58","date_gmt":"2018-11-04T16:39:58","guid":{"rendered":"https:\/\/cuadra-agrado.es\/?p=4672"},"modified":"2024-02-27T09:30:02","modified_gmt":"2024-02-27T09:30:02","slug":"hasta-siempre-gladiador","status":"publish","type":"post","link":"https:\/\/cuadra-agrado.es\/?p=4672","title":{"rendered":"Hasta siempre Gladiador!!!"},"content":{"rendered":"<p style=\"text-align: justify;\"><a href=\"http:\/\/cuadra-agrado.es\/wp-content\/uploads\/2017\/08\/Ranyan-Txapeldun2.jpg\" target=\"_blank\" rel=\"noopener noreferrer\"><img loading=\"lazy\" decoding=\"async\" class=\"alignleft wp-image-3426 \" src=\"http:\/\/cuadra-agrado.es\/wp-content\/uploads\/2017\/08\/Ranyan-Txapeldun2-687x1024.jpg\" alt=\"\" width=\"584\" height=\"870\"><\/a>Definitivamente, lleg\u00f3 ese triste y melanc\u00f3lico momento que siempre significa la retirada de competici\u00f3n de uno de nuestros emblemas que ha defendido con coraje y honor nuestra cuadra durante m\u00e1s de 7 a\u00f1os. En septiembre de 2011 entraba en nuestras vidas <strong>\u201cRany\u00e1n\u201d<\/strong>, un peque\u00f1o alaz\u00e1n criado en \u201cDehesa de Milagro\u201d cuyo nombre fue seleccionado por mis hijos, muy peque\u00f1os por aquel entonces, a los que les entusiasmaba <em>\u00abEl Libro de la Selva\u201d.<\/em> <strong>\u201cRany\u00e1n\u201d<\/strong> era el hermano de \u201cMowgli\u201d en aquella entra\u00f1able pel\u00edcula infantil y, a partir de ah\u00ed, se convirti\u00f3 en uno m\u00e1s de la familia. Ten\u00eda cara de beb\u00e9 bueno cuando le conocimos en el patio de \u201cTeo Callejo\u201d, y con esa misma cara se ha despedido hoy de la competici\u00f3n. Siempre le tuvimos un cari\u00f1o especial porque era el t\u00edpico caballo que te miraba con la melancol\u00eda de un ni\u00f1o que busca desesperadamente a su madre, y decidimos acogerle en nuestra familia m\u00e1s como una entra\u00f1able mascota, que como un caballo de carreras. Todo ese cari\u00f1o se vio incrementado cuando reci\u00e9n cumplidos sus cuatro a\u00f1os un problema en su rodilla le hizo pasar por quir\u00f3fano. La operaci\u00f3n no fue todo lo bien que dese\u00e1bamos y durante dos largos a\u00f1os sufrimos amargamente su recuperaci\u00f3n. Aunque nos aconsejaron retirarle de la competici\u00f3n, nuestro \u00fanico objetivo era volver a recuperarlo y seguir disfrutando del gran coraz\u00f3n que pon\u00eda cuando sal\u00eda a pista.<br \/>\nAquel potrillo fue creciendo y el pasado a\u00f1o, ya con ocho primaveras, comenzamos a plantearnos una triste retirada, pero debi\u00f3 intuir nuestras horrendas intenciones, y como si quisiera devolvernos toda nuestra gratitud, se marc\u00f3 una prodigiosa temporada donostiarra ganando las tres carreras que disput\u00f3. Con esas actuaciones nos pidi\u00f3 a gritos continuar, y aceptamos su valiente propuesta. A comienzos de primavera preparamos su programa con vistas a otra posible retirada antes de verano, pero volvi\u00f3 a demostrarnos que a\u00fan le quedaba cuerda volviendo a ganar en su primera tentativa y obteniendo un buen tercero en su segunda carrera. Se hab\u00eda propuesto devolvernos la ofrenda antes de su retirada, pero era ley de vida, tarde o temprano deb\u00eda acusar la edad. Aquel \u201cviejo gladiador\u201d nos pidi\u00f3 regresar a su casa de verano una vez m\u00e1s y de nuevo concedimos sus deseos y pusimos rumbo nuevamente a San Sebasti\u00e1n. En su primera de verano volvi\u00f3 a pasar por ganadores, y tras un buen tercero en su segunda tentativa, se gan\u00f3 dignamente su participaci\u00f3n en todo un Gran Premio de San Sebasti\u00e1n con un valor 42, el mejor valor hasta la fecha conseguido. Aquel Gran Premio fue la primera se\u00f1al de que la hora de su retirada estaba ya muy cerca. Achacamos a un golpe en carrera su mala actuaci\u00f3n y decidimos darle una segunda oportunidad en cuanto las lluvias hicieran acto de presencia en la temporada de oto\u00f1o de Madrid. Estaba en las mejores condiciones para volver a luchar una carrera, y le pedimos que nos dijera en pista si quer\u00eda seguir, o quer\u00eda retirarse. Hoy despedimos con honores a un eterno gladiador que se ha dejado el alma en sus 43 carreras disputadas en los diferentes hip\u00f3dromos nacionales y franceses. Ganador de una docena de carreras y otras trece colocaciones que suponen un porcentaje de un 60% en premios. Para el recuerdo quedan esas cinco victorias a su edad cl\u00e1sica y un bravo y reconocido segundo en el \u201cVillamejor 2012\u201d, y su m\u00e1s reciente proeza de sumar cuatro victorias consecutivas en su hip\u00f3dromo talism\u00e1n de San Sebasti\u00e1n donde se gan\u00f3 el respeto y admiraci\u00f3n de la gran mayor\u00eda de aficionados donostiarras. Las palabras de agradecimiento de nuestro actual preparador Juan Luis Maroto en el d\u00eda de su despedida nos llenan de satisfacci\u00f3n y orgullo: <em>\u201cHa sido un caballo admirable y siempre me acordar\u00e9 de \u00e9l, muy pocos caballos tienen ese enorme coraz\u00f3n y coraje que \u00e9l ha demostrado\u201d.<\/em> Tambi\u00e9n nos llena de orgullo todas las muestras de agradecimiento de esos aficionados que nos han llegado hoy en vivo, y a trav\u00e9s de redes sociales. Son palabras sinceras que llenan de satisfacci\u00f3n el enorme vano de tristeza que hoy ineludiblemente se cierne entre nosotros.<\/p>\n<p style=\"text-align: justify;\">Queremos agradecer p\u00fablicamente el trabajo y dedicaci\u00f3n de todos los preparadores y mozos &nbsp;que han tenido el privilegio como nosotros de disfrutar con \u00e9l. Teo Callejo, principal protagonista como descubridor de la esencia, y posteriormente Eduardo Buz\u00f3n que supo rescatarlo del abismo y volver a hacerle sentir un caballo de carreras. Y por \u00faltimo, Juan Luis Maroto, en su \u00faltima etapa, donde le llev\u00f3 a conquistar su mejor valor en la recta final de su longeva vida en competici\u00f3n. De igual forma, queremos agradecer tambi\u00e9n a todos sus jockeys que nos han brindado esas doce victorias, comenzando por \u201cJanacek\u201d que fue el primero en ganar con \u00e9l en cuatro ocasiones, pasando por Urbina, Jos\u00e9 Luis Mart\u00ednez y el franc\u00e9s Lemaitre que qued\u00f3 encantado en una de sus pocas actuaciones en Madrid. Por supuesto, no podemos dejar de mencionar a su fiel escudero y compa\u00f1ero de batallas \u201cBorja Fayos\u201d con el que gan\u00f3 sus \u00faltimas cuatro carreras, y que hoy tristemente se desped\u00eda en su \u00faltima actuaci\u00f3n.<\/p>\n<p style=\"text-align: justify;\">El pr\u00f3ximo martes tiene previsto viajar a su lugar de descanso, esta vez ya sin retorno. All\u00ed vivir\u00e1 el resto de sus d\u00edas, y all\u00ed se reencontrar\u00e1 con sus viejos amigos <strong>\u201cOrlov<\/strong>\u201d y &nbsp;\u201c<strong>Valiant Blue\u201d<\/strong> que le esperaban desde hace tiempo. Los tres mosqueteros que dieron vida a nuestra cuadra se reencuentran diez a\u00f1os despu\u00e9s con el orgullo de haber defendido con honor nuestros colores. Con nada menos que 32 carreras ganadas entre los tres, ellos son sin duda el principal motivo por el que hoy continuamos en este apasionante mundo del turf.<\/p>\n<p style=\"text-align: justify;\">Hasta siempre gladiador!!!, te echaremos mucho de menos en la pista, pero disfrutaremos de ti el resto de tus d\u00edas.<br \/>\nGracias por tu coraje, coraz\u00f3n, humildad y esp\u00edritu de lucha. Quedas de por vida en nuestra historia y recuerdo, y estoy seguro que tambi\u00e9n en el recuerdo de muchos aficionados que hoy se despidieron de ti.<\/p>\n<!-- AddThis Advanced Settings generic via filter on the_content --><!-- AddThis Share Buttons generic via filter on the_content -->","protected":false},"excerpt":{"rendered":"<p>Definitivamente, lleg\u00f3 ese triste y melanc\u00f3lico momento que siempre significa la retirada de competici\u00f3n de uno de nuestros emblemas que ha defendido con coraje y honor nuestra cuadra durante m\u00e1s de 7 a\u00f1os. En septiembre de 2011 entraba en nuestras vidas \u201cRany\u00e1n\u201d, un peque\u00f1o alaz\u00e1n criado en \u201cDehesa de Milagro\u201d cuyo nombre fue seleccionado por [&hellip;]<!-- AddThis Advanced Settings generic via filter on get_the_excerpt --><!-- AddThis Share Buttons generic via filter on get_the_excerpt --><\/p>\n","protected":false},"author":5,"featured_media":3426,"comment_status":"closed","ping_status":"closed","sticky":false,"template":"","format":"standard","meta":{"_acf_changed":false,"_et_pb_use_builder":"","_et_pb_old_content":"","_et_gb_content_width":"","footnotes":""},"categories":[3],"tags":[],"class_list":["post-4672","post","type-post","status-publish","format-standard","has-post-thumbnail","hentry","category-noticias-cuadra-agrado"],"acf":[],"yoast_head":"<!-- This site is optimized with the Yoast SEO plugin v27.4 - https:\/\/yoast.com\/product\/yoast-seo-wordpress\/ -->\n<title>Hasta siempre Gladiador!!! - Cuadra Agrado<\/title>\n<meta name=\"robots\" content=\"index, follow, max-snippet:-1, max-image-preview:large, max-video-preview:-1\" \/>\n<link rel=\"canonical\" href=\"https:\/\/cuadra-agrado.es\/?p=4672\" \/>\n<meta property=\"og:locale\" content=\"es_ES\" \/>\n<meta property=\"og:type\" content=\"article\" \/>\n<meta property=\"og:title\" content=\"Hasta siempre Gladiador!!! - Cuadra Agrado\" \/>\n<meta property=\"og:description\" content=\"Definitivamente, lleg\u00f3 ese triste y melanc\u00f3lico momento que siempre significa la retirada de competici\u00f3n de uno de nuestros emblemas que ha defendido con coraje y honor nuestra cuadra durante m\u00e1s de 7 a\u00f1os. En septiembre de 2011 entraba en nuestras vidas \u201cRany\u00e1n\u201d, un peque\u00f1o alaz\u00e1n criado en \u201cDehesa de Milagro\u201d cuyo nombre fue seleccionado por [&hellip;]\" \/>\n<meta property=\"og:url\" content=\"https:\/\/cuadra-agrado.es\/?p=4672\" \/>\n<meta property=\"og:site_name\" content=\"Cuadra Agrado\" \/>\n<meta property=\"article:published_time\" content=\"2018-11-04T16:39:58+00:00\" \/>\n<meta property=\"article:modified_time\" content=\"2024-02-27T09:30:02+00:00\" \/>\n<meta name=\"author\" content=\"Miguel Redondo\" \/>\n<meta name=\"twitter:card\" content=\"summary_large_image\" \/>\n<meta name=\"twitter:creator\" content=\"@AGRADOracing\" \/>\n<meta name=\"twitter:site\" content=\"@AGRADOracing\" \/>\n<meta name=\"twitter:label1\" content=\"Escrito por\" \/>\n\t<meta name=\"twitter:data1\" content=\"Miguel Redondo\" \/>\n\t<meta name=\"twitter:label2\" content=\"Tiempo de lectura\" \/>\n\t<meta name=\"twitter:data2\" content=\"5 minutos\" \/>\n<script type=\"application\/ld+json\" class=\"yoast-schema-graph\">{\"@context\":\"https:\\\/\\\/schema.org\",\"@graph\":[{\"@type\":\"Article\",\"@id\":\"https:\\\/\\\/cuadra-agrado.es\\\/?p=4672#article\",\"isPartOf\":{\"@id\":\"https:\\\/\\\/cuadra-agrado.es\\\/?p=4672\"},\"author\":{\"name\":\"Miguel Redondo\",\"@id\":\"https:\\\/\\\/cuadra-agrado.es\\\/#\\\/schema\\\/person\\\/3aa4f8d2373cf756d93a5526bc72f31b\"},\"headline\":\"Hasta siempre Gladiador!!!\",\"datePublished\":\"2018-11-04T16:39:58+00:00\",\"dateModified\":\"2024-02-27T09:30:02+00:00\",\"mainEntityOfPage\":{\"@id\":\"https:\\\/\\\/cuadra-agrado.es\\\/?p=4672\"},\"wordCount\":1073,\"image\":{\"@id\":\"https:\\\/\\\/cuadra-agrado.es\\\/?p=4672#primaryimage\"},\"thumbnailUrl\":\"\",\"articleSection\":[\"Actualidad\"],\"inLanguage\":\"es\"},{\"@type\":\"WebPage\",\"@id\":\"https:\\\/\\\/cuadra-agrado.es\\\/?p=4672\",\"url\":\"https:\\\/\\\/cuadra-agrado.es\\\/?p=4672\",\"name\":\"Hasta siempre Gladiador!!! - Cuadra Agrado\",\"isPartOf\":{\"@id\":\"https:\\\/\\\/cuadra-agrado.es\\\/#website\"},\"primaryImageOfPage\":{\"@id\":\"https:\\\/\\\/cuadra-agrado.es\\\/?p=4672#primaryimage\"},\"image\":{\"@id\":\"https:\\\/\\\/cuadra-agrado.es\\\/?p=4672#primaryimage\"},\"thumbnailUrl\":\"\",\"datePublished\":\"2018-11-04T16:39:58+00:00\",\"dateModified\":\"2024-02-27T09:30:02+00:00\",\"author\":{\"@id\":\"https:\\\/\\\/cuadra-agrado.es\\\/#\\\/schema\\\/person\\\/3aa4f8d2373cf756d93a5526bc72f31b\"},\"breadcrumb\":{\"@id\":\"https:\\\/\\\/cuadra-agrado.es\\\/?p=4672#breadcrumb\"},\"inLanguage\":\"es\",\"potentialAction\":[{\"@type\":\"ReadAction\",\"target\":[\"https:\\\/\\\/cuadra-agrado.es\\\/?p=4672\"]}]},{\"@type\":\"ImageObject\",\"inLanguage\":\"es\",\"@id\":\"https:\\\/\\\/cuadra-agrado.es\\\/?p=4672#primaryimage\",\"url\":\"\",\"contentUrl\":\"\"},{\"@type\":\"BreadcrumbList\",\"@id\":\"https:\\\/\\\/cuadra-agrado.es\\\/?p=4672#breadcrumb\",\"itemListElement\":[{\"@type\":\"ListItem\",\"position\":1,\"name\":\"Portada\",\"item\":\"https:\\\/\\\/cuadra-agrado.es\\\/\"},{\"@type\":\"ListItem\",\"position\":2,\"name\":\"Hasta siempre Gladiador!!!\"}]},{\"@type\":\"WebSite\",\"@id\":\"https:\\\/\\\/cuadra-agrado.es\\\/#website\",\"url\":\"https:\\\/\\\/cuadra-agrado.es\\\/\",\"name\":\"Cuadra Agrado\",\"description\":\"En el mundo del Turf desde 2008\",\"potentialAction\":[{\"@type\":\"SearchAction\",\"target\":{\"@type\":\"EntryPoint\",\"urlTemplate\":\"https:\\\/\\\/cuadra-agrado.es\\\/?s={search_term_string}\"},\"query-input\":{\"@type\":\"PropertyValueSpecification\",\"valueRequired\":true,\"valueName\":\"search_term_string\"}}],\"inLanguage\":\"es\"},{\"@type\":\"Person\",\"@id\":\"https:\\\/\\\/cuadra-agrado.es\\\/#\\\/schema\\\/person\\\/3aa4f8d2373cf756d93a5526bc72f31b\",\"name\":\"Miguel Redondo\",\"image\":{\"@type\":\"ImageObject\",\"inLanguage\":\"es\",\"@id\":\"https:\\\/\\\/secure.gravatar.com\\\/avatar\\\/85704fceb4fa34017e3c1344d182da00dbf772fb8856ba2b7726a2df926415b4?s=96&d=mm&r=g\",\"url\":\"https:\\\/\\\/secure.gravatar.com\\\/avatar\\\/85704fceb4fa34017e3c1344d182da00dbf772fb8856ba2b7726a2df926415b4?s=96&d=mm&r=g\",\"contentUrl\":\"https:\\\/\\\/secure.gravatar.com\\\/avatar\\\/85704fceb4fa34017e3c1344d182da00dbf772fb8856ba2b7726a2df926415b4?s=96&d=mm&r=g\",\"caption\":\"Miguel Redondo\"},\"sameAs\":[\"https:\\\/\\\/cuadra-agrado.es\"],\"url\":\"https:\\\/\\\/cuadra-agrado.es\\\/?author=5\"}]}<\/script>\n<!-- \/ Yoast SEO plugin. -->","yoast_head_json":{"title":"Hasta siempre Gladiador!!! - Cuadra Agrado","robots":{"index":"index","follow":"follow","max-snippet":"max-snippet:-1","max-image-preview":"max-image-preview:large","max-video-preview":"max-video-preview:-1"},"canonical":"https:\/\/cuadra-agrado.es\/?p=4672","og_locale":"es_ES","og_type":"article","og_title":"Hasta siempre Gladiador!!! - Cuadra Agrado","og_description":"Definitivamente, lleg\u00f3 ese triste y melanc\u00f3lico momento que siempre significa la retirada de competici\u00f3n de uno de nuestros emblemas que ha defendido con coraje y honor nuestra cuadra durante m\u00e1s de 7 a\u00f1os. En septiembre de 2011 entraba en nuestras vidas \u201cRany\u00e1n\u201d, un peque\u00f1o alaz\u00e1n criado en \u201cDehesa de Milagro\u201d cuyo nombre fue seleccionado por [&hellip;]","og_url":"https:\/\/cuadra-agrado.es\/?p=4672","og_site_name":"Cuadra Agrado","article_published_time":"2018-11-04T16:39:58+00:00","article_modified_time":"2024-02-27T09:30:02+00:00","author":"Miguel Redondo","twitter_card":"summary_large_image","twitter_creator":"@AGRADOracing","twitter_site":"@AGRADOracing","twitter_misc":{"Escrito por":"Miguel Redondo","Tiempo de lectura":"5 minutos"},"schema":{"@context":"https:\/\/schema.org","@graph":[{"@type":"Article","@id":"https:\/\/cuadra-agrado.es\/?p=4672#article","isPartOf":{"@id":"https:\/\/cuadra-agrado.es\/?p=4672"},"author":{"name":"Miguel Redondo","@id":"https:\/\/cuadra-agrado.es\/#\/schema\/person\/3aa4f8d2373cf756d93a5526bc72f31b"},"headline":"Hasta siempre Gladiador!!!","datePublished":"2018-11-04T16:39:58+00:00","dateModified":"2024-02-27T09:30:02+00:00","mainEntityOfPage":{"@id":"https:\/\/cuadra-agrado.es\/?p=4672"},"wordCount":1073,"image":{"@id":"https:\/\/cuadra-agrado.es\/?p=4672#primaryimage"},"thumbnailUrl":"","articleSection":["Actualidad"],"inLanguage":"es"},{"@type":"WebPage","@id":"https:\/\/cuadra-agrado.es\/?p=4672","url":"https:\/\/cuadra-agrado.es\/?p=4672","name":"Hasta siempre Gladiador!!! - Cuadra Agrado","isPartOf":{"@id":"https:\/\/cuadra-agrado.es\/#website"},"primaryImageOfPage":{"@id":"https:\/\/cuadra-agrado.es\/?p=4672#primaryimage"},"image":{"@id":"https:\/\/cuadra-agrado.es\/?p=4672#primaryimage"},"thumbnailUrl":"","datePublished":"2018-11-04T16:39:58+00:00","dateModified":"2024-02-27T09:30:02+00:00","author":{"@id":"https:\/\/cuadra-agrado.es\/#\/schema\/person\/3aa4f8d2373cf756d93a5526bc72f31b"},"breadcrumb":{"@id":"https:\/\/cuadra-agrado.es\/?p=4672#breadcrumb"},"inLanguage":"es","potentialAction":[{"@type":"ReadAction","target":["https:\/\/cuadra-agrado.es\/?p=4672"]}]},{"@type":"ImageObject","inLanguage":"es","@id":"https:\/\/cuadra-agrado.es\/?p=4672#primaryimage","url":"","contentUrl":""},{"@type":"BreadcrumbList","@id":"https:\/\/cuadra-agrado.es\/?p=4672#breadcrumb","itemListElement":[{"@type":"ListItem","position":1,"name":"Portada","item":"https:\/\/cuadra-agrado.es\/"},{"@type":"ListItem","position":2,"name":"Hasta siempre Gladiador!!!"}]},{"@type":"WebSite","@id":"https:\/\/cuadra-agrado.es\/#website","url":"https:\/\/cuadra-agrado.es\/","name":"Cuadra Agrado","description":"En el mundo del Turf desde 2008","potentialAction":[{"@type":"SearchAction","target":{"@type":"EntryPoint","urlTemplate":"https:\/\/cuadra-agrado.es\/?s={search_term_string}"},"query-input":{"@type":"PropertyValueSpecification","valueRequired":true,"valueName":"search_term_string"}}],"inLanguage":"es"},{"@type":"Person","@id":"https:\/\/cuadra-agrado.es\/#\/schema\/person\/3aa4f8d2373cf756d93a5526bc72f31b","name":"Miguel Redondo","image":{"@type":"ImageObject","inLanguage":"es","@id":"https:\/\/secure.gravatar.com\/avatar\/85704fceb4fa34017e3c1344d182da00dbf772fb8856ba2b7726a2df926415b4?s=96&d=mm&r=g","url":"https:\/\/secure.gravatar.com\/avatar\/85704fceb4fa34017e3c1344d182da00dbf772fb8856ba2b7726a2df926415b4?s=96&d=mm&r=g","contentUrl":"https:\/\/secure.gravatar.com\/avatar\/85704fceb4fa34017e3c1344d182da00dbf772fb8856ba2b7726a2df926415b4?s=96&d=mm&r=g","caption":"Miguel Redondo"},"sameAs":["https:\/\/cuadra-agrado.es"],"url":"https:\/\/cuadra-agrado.es\/?author=5"}]}},"_links":{"self":[{"href":"https:\/\/cuadra-agrado.es\/index.php?rest_route=\/wp\/v2\/posts\/4672","targetHints":{"allow":["GET"]}}],"collection":[{"href":"https:\/\/cuadra-agrado.es\/index.php?rest_route=\/wp\/v2\/posts"}],"about":[{"href":"https:\/\/cuadra-agrado.es\/index.php?rest_route=\/wp\/v2\/types\/post"}],"author":[{"embeddable":true,"href":"https:\/\/cuadra-agrado.es\/index.php?rest_route=\/wp\/v2\/users\/5"}],"replies":[{"embeddable":true,"href":"https:\/\/cuadra-agrado.es\/index.php?rest_route=%2Fwp%2Fv2%2Fcomments&post=4672"}],"version-history":[{"count":0,"href":"https:\/\/cuadra-agrado.es\/index.php?rest_route=\/wp\/v2\/posts\/4672\/revisions"}],"wp:featuredmedia":[{"embeddable":true,"href":"https:\/\/cuadra-agrado.es\/index.php?rest_route=\/"}],"wp:attachment":[{"href":"https:\/\/cuadra-agrado.es\/index.php?rest_route=%2Fwp%2Fv2%2Fmedia&parent=4672"}],"wp:term":[{"taxonomy":"category","embeddable":true,"href":"https:\/\/cuadra-agrado.es\/index.php?rest_route=%2Fwp%2Fv2%2Fcategories&post=4672"},{"taxonomy":"post_tag","embeddable":true,"href":"https:\/\/cuadra-agrado.es\/index.php?rest_route=%2Fwp%2Fv2%2Ftags&post=4672"}],"curies":[{"name":"wp","href":"https:\/\/api.w.org\/{rel}","templated":true}]}}