{"id":4657,"date":"2018-10-30T16:39:06","date_gmt":"2018-10-30T15:39:06","guid":{"rendered":"https:\/\/cuadra-agrado.es\/?p=4657"},"modified":"2024-02-27T09:30:03","modified_gmt":"2024-02-27T09:30:03","slug":"ranyan-estrena-nuevo-otono","status":"publish","type":"post","link":"https:\/\/cuadra-agrado.es\/?p=4657","title":{"rendered":"Rany\u00e1n estrena un nuevo oto\u00f1o&#8230;.."},"content":{"rendered":"<p class=\"MsoNormal\" style=\"text-align: justify;\"><a href=\"http:\/\/cuadra-agrado.es\/wp-content\/uploads\/2018\/06\/ranyan2018.jpg\" target=\"_blank\" rel=\"noopener noreferrer\"><img loading=\"lazy\" decoding=\"async\" class=\"alignleft wp-image-4461 \" src=\"http:\/\/cuadra-agrado.es\/wp-content\/uploads\/2018\/06\/ranyan2018-1024x682.jpg\" alt=\"\" width=\"658\" height=\"438\"><\/a>Con m\u00e1s de la mitad de la temporada de oto\u00f1o completada, nuestros colores vuelven a pista despu\u00e9s de un largo periodo sin actividad en competici\u00f3n, causado por un c\u00famulo de contratiempos de salud, que han afectado a la totalidad de nuestros efectivos. El primero que tiene el alta veterinaria y sale de la enfermer\u00eda ser\u00e1 el incombustible <strong>\u201cRany\u00e1n\u201d<\/strong>, que despu\u00e9s de un tiempo para recuperar de nuevo la forma, estrena otra nueva temporada de oto\u00f1o este pr\u00f3ximo domingo en su casa de Madrid. Disputar\u00e1 un Gran H\u00e1ndicap referenciado sobre distancia de 2.200 metros en el premio \u201cInfanta Isabel\u201d con una dotaci\u00f3n de 12.000 euros al ganador. Despu\u00e9s de su periplo por tierras vascas donde tuvo la desgracia de sufrir un nuevo y desafortunado incidente en la disputa del Gran Premio de San Sebasti\u00e1n, llega muy bien recuperado a esta su primera cita de oto\u00f1o sobre un m\u00e1s que previsible terreno a su gusto, y con la forma y salud \u00f3ptima, a pesar de sus nueve a\u00f1azos que no parece aparentarlos en el d\u00eda a d\u00eda de trabajo. Por su condici\u00f3n, ten\u00edamos marcado en rojo esta prueba en el calendario como objetivo principal del invierno. Los 2.200 metros son sin duda su distancia perfecta, donde ha sido seis veces ganador, dato m\u00e1s que solvente para confiar en sus opciones. Su valor actual 39,5 que result\u00f3 de la maltrecha carrera donostiarra, le hace salir en cualquier caso con el top de la escala con 62 kilos comandando con sus galones a un buen y joven lote de diez participantes donde casi sin excepci\u00f3n, como deber\u00eda marcar una prueba de h\u00e1ndicap, podr\u00edan tener esa opci\u00f3n de pasar por ganadores. Hilando mucho m\u00e1s fino, nos inclinamos a que las m\u00e1ximas opciones en este tipo de h\u00e1ndicap referenciado de calidad, debieran recaer sobre los caballos con un numero bajo de mantilla, teniendo siempre en consideraci\u00f3n que las condiciones de una pista m\u00e1s que blanda, puedan alterar un primer pron\u00f3stico sobre tablas. Nuestras opciones pasan por recuperar en esta salida valores de hace apenas dos meses, donde pareci\u00f3 tocar techo con valor 41 mantenido durante toda la primavera y gran parte de verano. Si logramos aproximarnos a ese valor de referencia, tendr\u00edamos unas m\u00e1s que considerada opci\u00f3n para otra merecida victoria.<\/p>\n<p class=\"MsoNormal\" style=\"text-align: justify;\">Le quedan ya muy pocas balas al bueno de <strong>\u201cRany\u00e1n\u201d<\/strong> en su longeva vida en competici\u00f3n. Ya nos planteamos por primera vez su retirada el pasado a\u00f1o, pero carrera tras carrera, nos segu\u00eda pidiendo una m\u00e1s. Sin muchas m\u00e1s opciones que esta en el programa de oto\u00f1o, es casi seguro que el domingo pudiera ser la \u00faltima de sus nueve a\u00f1os, y con tan avanzada edad, cabe tambi\u00e9n la siempre triste opci\u00f3n de que fuera la \u00faltima en competici\u00f3n. No hay pines ni chapas conmemorativas para su posible despedida este domingo, de hecho, vamos convencidos que viviremos otro gran d\u00eda, y solo la ingrata travesura de la mala fortuna dar\u00eda al traste con una inmerecida despedida encubierta de este viejo gladiador, causante del veneno en forma de \u00abturf\u00bb que corre por nuestras venas. La decisi\u00f3n la tomaremos sobre la marcha en funci\u00f3n de los acontecimientos y de las sensaciones que internamente vivamos cuando le veamos pasar por meta. Por una parte, no queremos dejar de ver correr a este \u201calaz\u00e1n\u201d que tantas satisfacciones nos ha ofrecido desde que era un yearling, pero por otro lado, no queremos tampoco minar y echar por tierra un prestigio consolidado y enormemente trabajado justo en el final de su etapa. Si vemos m\u00ednimamente sufrir al viejo este domingo, la decisi\u00f3n ser\u00e1 mucho m\u00e1s f\u00e1cil y pondr\u00e1 rumbo a su merecido descanso indefinido.<\/p>\n<p class=\"MsoNormal\" style=\"text-align: justify;\">Su fiel escudero Borja Fayos se subir\u00e1 una vez m\u00e1s a su silla con la intenci\u00f3n de llevarle nuevamente a luchar la que ser\u00eda su 13\u00aa victoria en competici\u00f3n y tercera del a\u00f1o, y resarcirse as\u00ed de aquel mal golpe sufrido en Lasarte este pasado verano. Sabemos de sus ganas de ganar una m\u00e1s con el \u201cviejo\u201d, y por supuesto, \u00e9l sabe c\u00f3mo hacerlo. Para ello, intentar\u00e1 seguir las mismas directrices de siempre; buena salida de cajones buscando posiciones de vanguardia sin asumir la punta. Ir descontando metraje al recorrido por carril exterior durante toda la recta posterior a ser posible viendo pista libre que le permita ir c\u00f3modo y relajado, para llegar a la recta definitiva entre los tres primeros del lote y abordar su opci\u00f3n en otro largo sprint donde deber\u00e1 demostrar por en\u00e9sima vez el gran coraz\u00f3n y coraje que ostenta. Si a 200 metros est\u00e1 disputando la carrera, dif\u00edcilmente se le escapar\u00e1 en el poste de meta.<\/p>\n<p class=\"MsoNormal\" style=\"text-align: justify;\">Mucha suerte equipo!!!<\/p>\n<hr>\n<p class=\"MsoNormal\" style=\"text-align: justify;\">&nbsp;<\/p>\n<!-- AddThis Advanced Settings generic via filter on the_content --><!-- AddThis Share Buttons generic via filter on the_content -->","protected":false},"excerpt":{"rendered":"<p>Con m\u00e1s de la mitad de la temporada de oto\u00f1o completada, nuestros colores vuelven a pista despu\u00e9s de un largo periodo sin actividad en competici\u00f3n, causado por un c\u00famulo de contratiempos de salud, que han afectado a la totalidad de nuestros efectivos. El primero que tiene el alta veterinaria y sale de la enfermer\u00eda ser\u00e1 [&hellip;]<!-- AddThis Advanced Settings generic via filter on get_the_excerpt --><!-- AddThis Share Buttons generic via filter on get_the_excerpt --><\/p>\n","protected":false},"author":5,"featured_media":4461,"comment_status":"closed","ping_status":"closed","sticky":false,"template":"","format":"standard","meta":{"_acf_changed":false,"_et_pb_use_builder":"","_et_pb_old_content":"","_et_gb_content_width":"","footnotes":""},"categories":[3],"tags":[],"class_list":["post-4657","post","type-post","status-publish","format-standard","has-post-thumbnail","hentry","category-noticias-cuadra-agrado"],"acf":[],"yoast_head":"<!-- This site is optimized with the Yoast SEO plugin v27.4 - https:\/\/yoast.com\/product\/yoast-seo-wordpress\/ -->\n<title>Rany\u00e1n estrena un nuevo oto\u00f1o..... - Cuadra Agrado<\/title>\n<meta name=\"robots\" content=\"index, follow, max-snippet:-1, max-image-preview:large, max-video-preview:-1\" \/>\n<link rel=\"canonical\" href=\"https:\/\/cuadra-agrado.es\/?p=4657\" \/>\n<meta property=\"og:locale\" content=\"es_ES\" \/>\n<meta property=\"og:type\" content=\"article\" \/>\n<meta property=\"og:title\" content=\"Rany\u00e1n estrena un nuevo oto\u00f1o..... - Cuadra Agrado\" \/>\n<meta property=\"og:description\" content=\"Con m\u00e1s de la mitad de la temporada de oto\u00f1o completada, nuestros colores vuelven a pista despu\u00e9s de un largo periodo sin actividad en competici\u00f3n, causado por un c\u00famulo de contratiempos de salud, que han afectado a la totalidad de nuestros efectivos. El primero que tiene el alta veterinaria y sale de la enfermer\u00eda ser\u00e1 [&hellip;]\" \/>\n<meta property=\"og:url\" content=\"https:\/\/cuadra-agrado.es\/?p=4657\" \/>\n<meta property=\"og:site_name\" content=\"Cuadra Agrado\" \/>\n<meta property=\"article:published_time\" content=\"2018-10-30T15:39:06+00:00\" \/>\n<meta property=\"article:modified_time\" content=\"2024-02-27T09:30:03+00:00\" \/>\n<meta name=\"author\" content=\"Miguel Redondo\" \/>\n<meta name=\"twitter:card\" content=\"summary_large_image\" \/>\n<meta name=\"twitter:creator\" content=\"@AGRADOracing\" \/>\n<meta name=\"twitter:site\" content=\"@AGRADOracing\" \/>\n<meta name=\"twitter:label1\" content=\"Escrito por\" \/>\n\t<meta name=\"twitter:data1\" content=\"Miguel Redondo\" \/>\n\t<meta name=\"twitter:label2\" content=\"Tiempo de lectura\" \/>\n\t<meta name=\"twitter:data2\" content=\"4 minutos\" \/>\n<script type=\"application\/ld+json\" class=\"yoast-schema-graph\">{\"@context\":\"https:\\\/\\\/schema.org\",\"@graph\":[{\"@type\":\"Article\",\"@id\":\"https:\\\/\\\/cuadra-agrado.es\\\/?p=4657#article\",\"isPartOf\":{\"@id\":\"https:\\\/\\\/cuadra-agrado.es\\\/?p=4657\"},\"author\":{\"name\":\"Miguel Redondo\",\"@id\":\"https:\\\/\\\/cuadra-agrado.es\\\/#\\\/schema\\\/person\\\/3aa4f8d2373cf756d93a5526bc72f31b\"},\"headline\":\"Rany\u00e1n estrena un nuevo oto\u00f1o&#8230;..\",\"datePublished\":\"2018-10-30T15:39:06+00:00\",\"dateModified\":\"2024-02-27T09:30:03+00:00\",\"mainEntityOfPage\":{\"@id\":\"https:\\\/\\\/cuadra-agrado.es\\\/?p=4657\"},\"wordCount\":835,\"image\":{\"@id\":\"https:\\\/\\\/cuadra-agrado.es\\\/?p=4657#primaryimage\"},\"thumbnailUrl\":\"\",\"articleSection\":[\"Actualidad\"],\"inLanguage\":\"es\"},{\"@type\":\"WebPage\",\"@id\":\"https:\\\/\\\/cuadra-agrado.es\\\/?p=4657\",\"url\":\"https:\\\/\\\/cuadra-agrado.es\\\/?p=4657\",\"name\":\"Rany\u00e1n estrena un nuevo oto\u00f1o..... - Cuadra Agrado\",\"isPartOf\":{\"@id\":\"https:\\\/\\\/cuadra-agrado.es\\\/#website\"},\"primaryImageOfPage\":{\"@id\":\"https:\\\/\\\/cuadra-agrado.es\\\/?p=4657#primaryimage\"},\"image\":{\"@id\":\"https:\\\/\\\/cuadra-agrado.es\\\/?p=4657#primaryimage\"},\"thumbnailUrl\":\"\",\"datePublished\":\"2018-10-30T15:39:06+00:00\",\"dateModified\":\"2024-02-27T09:30:03+00:00\",\"author\":{\"@id\":\"https:\\\/\\\/cuadra-agrado.es\\\/#\\\/schema\\\/person\\\/3aa4f8d2373cf756d93a5526bc72f31b\"},\"breadcrumb\":{\"@id\":\"https:\\\/\\\/cuadra-agrado.es\\\/?p=4657#breadcrumb\"},\"inLanguage\":\"es\",\"potentialAction\":[{\"@type\":\"ReadAction\",\"target\":[\"https:\\\/\\\/cuadra-agrado.es\\\/?p=4657\"]}]},{\"@type\":\"ImageObject\",\"inLanguage\":\"es\",\"@id\":\"https:\\\/\\\/cuadra-agrado.es\\\/?p=4657#primaryimage\",\"url\":\"\",\"contentUrl\":\"\"},{\"@type\":\"BreadcrumbList\",\"@id\":\"https:\\\/\\\/cuadra-agrado.es\\\/?p=4657#breadcrumb\",\"itemListElement\":[{\"@type\":\"ListItem\",\"position\":1,\"name\":\"Portada\",\"item\":\"https:\\\/\\\/cuadra-agrado.es\\\/\"},{\"@type\":\"ListItem\",\"position\":2,\"name\":\"Rany\u00e1n estrena un nuevo oto\u00f1o&#8230;..\"}]},{\"@type\":\"WebSite\",\"@id\":\"https:\\\/\\\/cuadra-agrado.es\\\/#website\",\"url\":\"https:\\\/\\\/cuadra-agrado.es\\\/\",\"name\":\"Cuadra Agrado\",\"description\":\"En el mundo del Turf desde 2008\",\"potentialAction\":[{\"@type\":\"SearchAction\",\"target\":{\"@type\":\"EntryPoint\",\"urlTemplate\":\"https:\\\/\\\/cuadra-agrado.es\\\/?s={search_term_string}\"},\"query-input\":{\"@type\":\"PropertyValueSpecification\",\"valueRequired\":true,\"valueName\":\"search_term_string\"}}],\"inLanguage\":\"es\"},{\"@type\":\"Person\",\"@id\":\"https:\\\/\\\/cuadra-agrado.es\\\/#\\\/schema\\\/person\\\/3aa4f8d2373cf756d93a5526bc72f31b\",\"name\":\"Miguel Redondo\",\"image\":{\"@type\":\"ImageObject\",\"inLanguage\":\"es\",\"@id\":\"https:\\\/\\\/secure.gravatar.com\\\/avatar\\\/85704fceb4fa34017e3c1344d182da00dbf772fb8856ba2b7726a2df926415b4?s=96&d=mm&r=g\",\"url\":\"https:\\\/\\\/secure.gravatar.com\\\/avatar\\\/85704fceb4fa34017e3c1344d182da00dbf772fb8856ba2b7726a2df926415b4?s=96&d=mm&r=g\",\"contentUrl\":\"https:\\\/\\\/secure.gravatar.com\\\/avatar\\\/85704fceb4fa34017e3c1344d182da00dbf772fb8856ba2b7726a2df926415b4?s=96&d=mm&r=g\",\"caption\":\"Miguel Redondo\"},\"sameAs\":[\"https:\\\/\\\/cuadra-agrado.es\"],\"url\":\"https:\\\/\\\/cuadra-agrado.es\\\/?author=5\"}]}<\/script>\n<!-- \/ Yoast SEO plugin. -->","yoast_head_json":{"title":"Rany\u00e1n estrena un nuevo oto\u00f1o..... - Cuadra Agrado","robots":{"index":"index","follow":"follow","max-snippet":"max-snippet:-1","max-image-preview":"max-image-preview:large","max-video-preview":"max-video-preview:-1"},"canonical":"https:\/\/cuadra-agrado.es\/?p=4657","og_locale":"es_ES","og_type":"article","og_title":"Rany\u00e1n estrena un nuevo oto\u00f1o..... - Cuadra Agrado","og_description":"Con m\u00e1s de la mitad de la temporada de oto\u00f1o completada, nuestros colores vuelven a pista despu\u00e9s de un largo periodo sin actividad en competici\u00f3n, causado por un c\u00famulo de contratiempos de salud, que han afectado a la totalidad de nuestros efectivos. El primero que tiene el alta veterinaria y sale de la enfermer\u00eda ser\u00e1 [&hellip;]","og_url":"https:\/\/cuadra-agrado.es\/?p=4657","og_site_name":"Cuadra Agrado","article_published_time":"2018-10-30T15:39:06+00:00","article_modified_time":"2024-02-27T09:30:03+00:00","author":"Miguel Redondo","twitter_card":"summary_large_image","twitter_creator":"@AGRADOracing","twitter_site":"@AGRADOracing","twitter_misc":{"Escrito por":"Miguel Redondo","Tiempo de lectura":"4 minutos"},"schema":{"@context":"https:\/\/schema.org","@graph":[{"@type":"Article","@id":"https:\/\/cuadra-agrado.es\/?p=4657#article","isPartOf":{"@id":"https:\/\/cuadra-agrado.es\/?p=4657"},"author":{"name":"Miguel Redondo","@id":"https:\/\/cuadra-agrado.es\/#\/schema\/person\/3aa4f8d2373cf756d93a5526bc72f31b"},"headline":"Rany\u00e1n estrena un nuevo oto\u00f1o&#8230;..","datePublished":"2018-10-30T15:39:06+00:00","dateModified":"2024-02-27T09:30:03+00:00","mainEntityOfPage":{"@id":"https:\/\/cuadra-agrado.es\/?p=4657"},"wordCount":835,"image":{"@id":"https:\/\/cuadra-agrado.es\/?p=4657#primaryimage"},"thumbnailUrl":"","articleSection":["Actualidad"],"inLanguage":"es"},{"@type":"WebPage","@id":"https:\/\/cuadra-agrado.es\/?p=4657","url":"https:\/\/cuadra-agrado.es\/?p=4657","name":"Rany\u00e1n estrena un nuevo oto\u00f1o..... - Cuadra Agrado","isPartOf":{"@id":"https:\/\/cuadra-agrado.es\/#website"},"primaryImageOfPage":{"@id":"https:\/\/cuadra-agrado.es\/?p=4657#primaryimage"},"image":{"@id":"https:\/\/cuadra-agrado.es\/?p=4657#primaryimage"},"thumbnailUrl":"","datePublished":"2018-10-30T15:39:06+00:00","dateModified":"2024-02-27T09:30:03+00:00","author":{"@id":"https:\/\/cuadra-agrado.es\/#\/schema\/person\/3aa4f8d2373cf756d93a5526bc72f31b"},"breadcrumb":{"@id":"https:\/\/cuadra-agrado.es\/?p=4657#breadcrumb"},"inLanguage":"es","potentialAction":[{"@type":"ReadAction","target":["https:\/\/cuadra-agrado.es\/?p=4657"]}]},{"@type":"ImageObject","inLanguage":"es","@id":"https:\/\/cuadra-agrado.es\/?p=4657#primaryimage","url":"","contentUrl":""},{"@type":"BreadcrumbList","@id":"https:\/\/cuadra-agrado.es\/?p=4657#breadcrumb","itemListElement":[{"@type":"ListItem","position":1,"name":"Portada","item":"https:\/\/cuadra-agrado.es\/"},{"@type":"ListItem","position":2,"name":"Rany\u00e1n estrena un nuevo oto\u00f1o&#8230;.."}]},{"@type":"WebSite","@id":"https:\/\/cuadra-agrado.es\/#website","url":"https:\/\/cuadra-agrado.es\/","name":"Cuadra Agrado","description":"En el mundo del Turf desde 2008","potentialAction":[{"@type":"SearchAction","target":{"@type":"EntryPoint","urlTemplate":"https:\/\/cuadra-agrado.es\/?s={search_term_string}"},"query-input":{"@type":"PropertyValueSpecification","valueRequired":true,"valueName":"search_term_string"}}],"inLanguage":"es"},{"@type":"Person","@id":"https:\/\/cuadra-agrado.es\/#\/schema\/person\/3aa4f8d2373cf756d93a5526bc72f31b","name":"Miguel Redondo","image":{"@type":"ImageObject","inLanguage":"es","@id":"https:\/\/secure.gravatar.com\/avatar\/85704fceb4fa34017e3c1344d182da00dbf772fb8856ba2b7726a2df926415b4?s=96&d=mm&r=g","url":"https:\/\/secure.gravatar.com\/avatar\/85704fceb4fa34017e3c1344d182da00dbf772fb8856ba2b7726a2df926415b4?s=96&d=mm&r=g","contentUrl":"https:\/\/secure.gravatar.com\/avatar\/85704fceb4fa34017e3c1344d182da00dbf772fb8856ba2b7726a2df926415b4?s=96&d=mm&r=g","caption":"Miguel Redondo"},"sameAs":["https:\/\/cuadra-agrado.es"],"url":"https:\/\/cuadra-agrado.es\/?author=5"}]}},"_links":{"self":[{"href":"https:\/\/cuadra-agrado.es\/index.php?rest_route=\/wp\/v2\/posts\/4657","targetHints":{"allow":["GET"]}}],"collection":[{"href":"https:\/\/cuadra-agrado.es\/index.php?rest_route=\/wp\/v2\/posts"}],"about":[{"href":"https:\/\/cuadra-agrado.es\/index.php?rest_route=\/wp\/v2\/types\/post"}],"author":[{"embeddable":true,"href":"https:\/\/cuadra-agrado.es\/index.php?rest_route=\/wp\/v2\/users\/5"}],"replies":[{"embeddable":true,"href":"https:\/\/cuadra-agrado.es\/index.php?rest_route=%2Fwp%2Fv2%2Fcomments&post=4657"}],"version-history":[{"count":0,"href":"https:\/\/cuadra-agrado.es\/index.php?rest_route=\/wp\/v2\/posts\/4657\/revisions"}],"wp:featuredmedia":[{"embeddable":true,"href":"https:\/\/cuadra-agrado.es\/index.php?rest_route=\/"}],"wp:attachment":[{"href":"https:\/\/cuadra-agrado.es\/index.php?rest_route=%2Fwp%2Fv2%2Fmedia&parent=4657"}],"wp:term":[{"taxonomy":"category","embeddable":true,"href":"https:\/\/cuadra-agrado.es\/index.php?rest_route=%2Fwp%2Fv2%2Fcategories&post=4657"},{"taxonomy":"post_tag","embeddable":true,"href":"https:\/\/cuadra-agrado.es\/index.php?rest_route=%2Fwp%2Fv2%2Ftags&post=4657"}],"curies":[{"name":"wp","href":"https:\/\/api.w.org\/{rel}","templated":true}]}}