{"id":4616,"date":"2018-09-24T10:58:15","date_gmt":"2018-09-24T09:58:15","guid":{"rendered":"https:\/\/cuadra-agrado.es\/?p=4616"},"modified":"2024-02-27T09:30:04","modified_gmt":"2024-02-27T09:30:04","slug":"barbarigo-sucumbe-las-puertas-gran-premio","status":"publish","type":"post","link":"https:\/\/cuadra-agrado.es\/?p=4616","title":{"rendered":"Barbarigo sucumbe a las puertas de su segundo Gran Premio"},"content":{"rendered":"<p class=\"MsoNormal\" style=\"text-align: justify;\"><a href=\"http:\/\/cuadra-agrado.es\/wp-content\/uploads\/2018\/09\/IMG_0539.jpg\" target=\"_blank\" rel=\"noopener noreferrer\"><img loading=\"lazy\" decoding=\"async\" class=\"alignleft wp-image-4617\" src=\"http:\/\/cuadra-agrado.es\/wp-content\/uploads\/2018\/09\/IMG_0539-1024x683.jpg\" alt=\"\" width=\"581\" height=\"388\" \/><\/a>Ayer fue otro de esos tristes d\u00edas para olvidar, esta vez con nuestro representante <strong>\u201cBarbarigo\u201d<\/strong> en la preparatoria de los viejos al Gran Premio de la Hispanidad. Un domingo de esos que te levantas con la tensi\u00f3n e ilusi\u00f3n por las nubes y que al mediod\u00eda se convierte en un domingo vac\u00edo, plagado de dudas y ansiedad por conocer respuestas a mil preguntas sin respuestas.<\/p>\n<p class=\"MsoNormal\" style=\"text-align: justify;\">24 horas despu\u00e9s de la carrera, seguimos buscando los motivos del mal resultado del nuestro en una prueba donde la confianza sobresal\u00eda sobre la propia dificultad de una dura prueba. El resultado en el Gobierno Vasco de hace apenas un mes nos hac\u00eda pensar en esas buenas opciones, teniendo en esta adem\u00e1s, unas condiciones de peso a nuestro favor que extend\u00edan las garant\u00edas de \u00e9xito. Pero el turf desgraciadamente no es una competici\u00f3n matem\u00e1tica y cuando los astros no se alinean, es tremendamente dif\u00edcil encontrar motivos y respuestas sencillas. Esta ma\u00f1ana habl\u00e1bamos con Juan Luis Maroto buscando alg\u00fan motivo obvio que nos aliviara la angustia y de alguna forma nos reconfortara como mal menor, pero nos dimos cuenta que los grandes personajes del turf con experiencia dilatada, no reparan demasiado en buscar respuestas inmediatas ante una mala carrera. El caballo afortunadamente no sufri\u00f3 ninguna lesi\u00f3n, que era lo m\u00e1s importante, y simplemente reparaba en que fue una mala actuaci\u00f3n entre otras muchas buenas que hab\u00eda logrado hasta la fecha. Nos comentaba que, por supuesto, habr\u00eda que considerarla, pero sin sacar conclusiones fuera de lugar. Quiz\u00e1s para un joven aficionado o propietario esta respuesta no resulte demasiado convincente, pero con el tiempo nos hemos dado cuenta que las reglas de juego de este mundo son as\u00ed de imprevisibles, y hay que saber encajar los golpes que de vez en cuando llaman a la puerta. La prueba fidedigna de esta conclusi\u00f3n es el tr\u00edo que complet\u00f3 ayer esta previa, donde al margen de<strong> \u00abNoray\u00bb,\u00a0<\/strong>como excepci\u00f3n de confirma la regla, estuvieron caballos que parec\u00edan \u00abapriori\u00bb no tener demasiado chance, sin llegar tampoco a aparecer el que m\u00e1s opciones podr\u00eda tener, como era el caso de <strong>\u00abDoctor Oscar\u00bb.<\/strong><\/p>\n<p class=\"MsoNormal\" style=\"text-align: justify;\">Hay un refr\u00e1n que dice que<em> \u201cCuando el carro se ha roto, muchos te dir\u00e1n por donde no deb\u00edas de haber pasado\u201d<\/em>, y estos consejos muchas veces, m\u00e1s que ayudar, debilitan la moral y te inducen a la inseguridad. Sobre los muchos comentarios de amigos y cercanos al turf que hac\u00edan referencia a un mal planteamiento de carrera, decir que<strong> \u201cBarbarigo\u201d<\/strong> ayer corri\u00f3 en las mejores condiciones y con la mejor estrategia posible que nuestro preparador crey\u00f3 conveniente. La monta sigui\u00f3 al dedillo las instrucciones, pero el resultado no fue el deseado. Es evidente que no salieron las cosas y que el caballo, bien por forma, bien por desgaste en el recorrido, bien por pista r\u00e1pida, o bien por porque no se sintiera en su mejor d\u00eda, no tuvo ese cambio de ritmo final que le permitiera luchar la victoria. Fayos nos comentaba al final de carrera que enfilada la \u00faltima recta, crey\u00f3 tener caballo para llegar hasta el final, pero se apag\u00f3 en el poste de los 200 m, y esa es la \u00fanica realidad. A partir de ahora hay que seguir aprendiendo del joven caballo y <span style=\"mso-spacerun: yes;\">\u00a0<\/span>reconducir su estrategia para futuros envites, si finalmente consideramos que fue el motivo principal. El caballo ha demostrado su val\u00eda para competir en la primera divisi\u00f3n nacional y estamos convencidos que lo seguir\u00e1 haciendo. Hasta sosegar los \u00e1nimos y encontrar respuestas a un mar de dudas que ahora afloran, la primera acci\u00f3n ser\u00e1 no confirmar su participaci\u00f3n en el Gran Premio de la Hispanidad y buscar un nuevo programa para \u00e9l en la temporada de oto\u00f1o que reci\u00e9n ha comenzado. El caballo ayer nos pidi\u00f3 un merecido descanso, y como no puede ser de otra forma, se lo concederemos con cari\u00f1o y resignaci\u00f3n, con la convicci\u00f3n de que con solamente cuatro a\u00f1os, nos queda mucha competici\u00f3n por delante para seguir disfrutando de todo su coraje de buen caballo.<\/p>\n<p class=\"MsoNormal\" style=\"text-align: justify;\">Dicho esto, la carrera solamente tiene un protagonista digno de menci\u00f3n y alabanza y no es otro que<strong> \u201cNoray\u201d<\/strong>. Ayer demostr\u00f3 nuevamente ser el mejor millero de nuestro circuito desclasando a un buen lote de caballos de valor. Quiz\u00e1s se pudo aprovechar de nuestro trabajo, pero se me hace dif\u00edcil pensar que le hubiera desbancado alguien con cualquier otro tipo de recorrido. El gran trabajo que ha hecho Enrique Le\u00f3n con este hijo de<strong> \u201cNaaqoos\u201d<\/strong> es algo para tener muy en cuenta. A la edad de <strong>\u201cBarbarigo\u201d<\/strong> se mov\u00eda con valores 39 sobre la milla larga en el sur de Francia. Poco a poco fue ganando en experiencia y bajando la distancia hasta convertirse en lo que ayer de nuevo volvi\u00f3 a demostrar\u2026 ser el mejor millero de nuestro turf. Menci\u00f3n especial tambi\u00e9n para <strong>\u201cBank Guarantee\u201d<\/strong> que sin contar casi ni para el mejor pronosticador, se alz\u00f3 con un magn\u00edfico segundo puesto. Enhorabuena para la cuadra \u201cLa Reverdite\u201d y todos sus responsables por un buen trabajo hecho en silencio durante gran parte de la primavera y verano. Para completar el tr\u00edo, volvi\u00f3 a resurgir un <strong>\u201cC\u00e9firo\u201d<\/strong> al que le vimos algo soso en el Gobierno Vasco, y que de nuevo volvi\u00f3 a colgarse una medalla de valor.<\/p>\n<p class=\"MsoNormal\" style=\"text-align: justify;\">Poco m\u00e1s para nosotros depara esta amarga prueba. Solo queda lamerse las heridas y confiar en la vuelta a las buenas sensaciones, sin cometer el error de buscar demasiadas respuestas a una simple y mala carrera.<\/p>\n<hr \/>\n<p class=\"MsoNormal\" style=\"text-align: justify;\">\n<!-- AddThis Advanced Settings generic via filter on the_content --><!-- AddThis Share Buttons generic via filter on the_content -->","protected":false},"excerpt":{"rendered":"<p>Ayer fue otro de esos tristes d\u00edas para olvidar, esta vez con nuestro representante \u201cBarbarigo\u201d en la preparatoria de los viejos al Gran Premio de la Hispanidad. Un domingo de esos que te levantas con la tensi\u00f3n e ilusi\u00f3n por las nubes y que al mediod\u00eda se convierte en un domingo vac\u00edo, plagado de dudas [&hellip;]<!-- AddThis Advanced Settings generic via filter on get_the_excerpt --><!-- AddThis Share Buttons generic via filter on get_the_excerpt --><\/p>\n","protected":false},"author":5,"featured_media":4617,"comment_status":"closed","ping_status":"closed","sticky":false,"template":"","format":"standard","meta":{"_acf_changed":false,"_et_pb_use_builder":"","_et_pb_old_content":"","_et_gb_content_width":"","footnotes":""},"categories":[3],"tags":[],"class_list":["post-4616","post","type-post","status-publish","format-standard","has-post-thumbnail","hentry","category-noticias-cuadra-agrado"],"acf":[],"yoast_head":"<!-- This site is optimized with the Yoast SEO plugin v27.4 - https:\/\/yoast.com\/product\/yoast-seo-wordpress\/ -->\n<title>Barbarigo sucumbe a las puertas de su segundo Gran Premio - Cuadra Agrado<\/title>\n<meta name=\"robots\" content=\"index, follow, max-snippet:-1, max-image-preview:large, max-video-preview:-1\" \/>\n<link rel=\"canonical\" href=\"https:\/\/cuadra-agrado.es\/?p=4616\" \/>\n<meta property=\"og:locale\" content=\"es_ES\" \/>\n<meta property=\"og:type\" content=\"article\" \/>\n<meta property=\"og:title\" content=\"Barbarigo sucumbe a las puertas de su segundo Gran Premio - Cuadra Agrado\" \/>\n<meta property=\"og:description\" content=\"Ayer fue otro de esos tristes d\u00edas para olvidar, esta vez con nuestro representante \u201cBarbarigo\u201d en la preparatoria de los viejos al Gran Premio de la Hispanidad. Un domingo de esos que te levantas con la tensi\u00f3n e ilusi\u00f3n por las nubes y que al mediod\u00eda se convierte en un domingo vac\u00edo, plagado de dudas [&hellip;]\" \/>\n<meta property=\"og:url\" content=\"https:\/\/cuadra-agrado.es\/?p=4616\" \/>\n<meta property=\"og:site_name\" content=\"Cuadra Agrado\" \/>\n<meta property=\"article:published_time\" content=\"2018-09-24T09:58:15+00:00\" \/>\n<meta property=\"article:modified_time\" content=\"2024-02-27T09:30:04+00:00\" \/>\n<meta name=\"author\" content=\"Miguel Redondo\" \/>\n<meta name=\"twitter:card\" content=\"summary_large_image\" \/>\n<meta name=\"twitter:creator\" content=\"@AGRADOracing\" \/>\n<meta name=\"twitter:site\" content=\"@AGRADOracing\" \/>\n<meta name=\"twitter:label1\" content=\"Escrito por\" \/>\n\t<meta name=\"twitter:data1\" content=\"Miguel Redondo\" \/>\n\t<meta name=\"twitter:label2\" content=\"Tiempo de lectura\" \/>\n\t<meta name=\"twitter:data2\" content=\"5 minutos\" \/>\n<script type=\"application\/ld+json\" class=\"yoast-schema-graph\">{\"@context\":\"https:\\\/\\\/schema.org\",\"@graph\":[{\"@type\":\"Article\",\"@id\":\"https:\\\/\\\/cuadra-agrado.es\\\/?p=4616#article\",\"isPartOf\":{\"@id\":\"https:\\\/\\\/cuadra-agrado.es\\\/?p=4616\"},\"author\":{\"name\":\"Miguel Redondo\",\"@id\":\"https:\\\/\\\/cuadra-agrado.es\\\/#\\\/schema\\\/person\\\/3aa4f8d2373cf756d93a5526bc72f31b\"},\"headline\":\"Barbarigo sucumbe a las puertas de su segundo Gran Premio\",\"datePublished\":\"2018-09-24T09:58:15+00:00\",\"dateModified\":\"2024-02-27T09:30:04+00:00\",\"mainEntityOfPage\":{\"@id\":\"https:\\\/\\\/cuadra-agrado.es\\\/?p=4616\"},\"wordCount\":974,\"image\":{\"@id\":\"https:\\\/\\\/cuadra-agrado.es\\\/?p=4616#primaryimage\"},\"thumbnailUrl\":\"\",\"articleSection\":[\"Actualidad\"],\"inLanguage\":\"es\"},{\"@type\":\"WebPage\",\"@id\":\"https:\\\/\\\/cuadra-agrado.es\\\/?p=4616\",\"url\":\"https:\\\/\\\/cuadra-agrado.es\\\/?p=4616\",\"name\":\"Barbarigo sucumbe a las puertas de su segundo Gran Premio - Cuadra Agrado\",\"isPartOf\":{\"@id\":\"https:\\\/\\\/cuadra-agrado.es\\\/#website\"},\"primaryImageOfPage\":{\"@id\":\"https:\\\/\\\/cuadra-agrado.es\\\/?p=4616#primaryimage\"},\"image\":{\"@id\":\"https:\\\/\\\/cuadra-agrado.es\\\/?p=4616#primaryimage\"},\"thumbnailUrl\":\"\",\"datePublished\":\"2018-09-24T09:58:15+00:00\",\"dateModified\":\"2024-02-27T09:30:04+00:00\",\"author\":{\"@id\":\"https:\\\/\\\/cuadra-agrado.es\\\/#\\\/schema\\\/person\\\/3aa4f8d2373cf756d93a5526bc72f31b\"},\"breadcrumb\":{\"@id\":\"https:\\\/\\\/cuadra-agrado.es\\\/?p=4616#breadcrumb\"},\"inLanguage\":\"es\",\"potentialAction\":[{\"@type\":\"ReadAction\",\"target\":[\"https:\\\/\\\/cuadra-agrado.es\\\/?p=4616\"]}]},{\"@type\":\"ImageObject\",\"inLanguage\":\"es\",\"@id\":\"https:\\\/\\\/cuadra-agrado.es\\\/?p=4616#primaryimage\",\"url\":\"\",\"contentUrl\":\"\"},{\"@type\":\"BreadcrumbList\",\"@id\":\"https:\\\/\\\/cuadra-agrado.es\\\/?p=4616#breadcrumb\",\"itemListElement\":[{\"@type\":\"ListItem\",\"position\":1,\"name\":\"Portada\",\"item\":\"https:\\\/\\\/cuadra-agrado.es\\\/\"},{\"@type\":\"ListItem\",\"position\":2,\"name\":\"Barbarigo sucumbe a las puertas de su segundo Gran Premio\"}]},{\"@type\":\"WebSite\",\"@id\":\"https:\\\/\\\/cuadra-agrado.es\\\/#website\",\"url\":\"https:\\\/\\\/cuadra-agrado.es\\\/\",\"name\":\"Cuadra Agrado\",\"description\":\"En el mundo del Turf desde 2008\",\"potentialAction\":[{\"@type\":\"SearchAction\",\"target\":{\"@type\":\"EntryPoint\",\"urlTemplate\":\"https:\\\/\\\/cuadra-agrado.es\\\/?s={search_term_string}\"},\"query-input\":{\"@type\":\"PropertyValueSpecification\",\"valueRequired\":true,\"valueName\":\"search_term_string\"}}],\"inLanguage\":\"es\"},{\"@type\":\"Person\",\"@id\":\"https:\\\/\\\/cuadra-agrado.es\\\/#\\\/schema\\\/person\\\/3aa4f8d2373cf756d93a5526bc72f31b\",\"name\":\"Miguel Redondo\",\"image\":{\"@type\":\"ImageObject\",\"inLanguage\":\"es\",\"@id\":\"https:\\\/\\\/secure.gravatar.com\\\/avatar\\\/85704fceb4fa34017e3c1344d182da00dbf772fb8856ba2b7726a2df926415b4?s=96&d=mm&r=g\",\"url\":\"https:\\\/\\\/secure.gravatar.com\\\/avatar\\\/85704fceb4fa34017e3c1344d182da00dbf772fb8856ba2b7726a2df926415b4?s=96&d=mm&r=g\",\"contentUrl\":\"https:\\\/\\\/secure.gravatar.com\\\/avatar\\\/85704fceb4fa34017e3c1344d182da00dbf772fb8856ba2b7726a2df926415b4?s=96&d=mm&r=g\",\"caption\":\"Miguel Redondo\"},\"sameAs\":[\"https:\\\/\\\/cuadra-agrado.es\"],\"url\":\"https:\\\/\\\/cuadra-agrado.es\\\/?author=5\"}]}<\/script>\n<!-- \/ Yoast SEO plugin. -->","yoast_head_json":{"title":"Barbarigo sucumbe a las puertas de su segundo Gran Premio - Cuadra Agrado","robots":{"index":"index","follow":"follow","max-snippet":"max-snippet:-1","max-image-preview":"max-image-preview:large","max-video-preview":"max-video-preview:-1"},"canonical":"https:\/\/cuadra-agrado.es\/?p=4616","og_locale":"es_ES","og_type":"article","og_title":"Barbarigo sucumbe a las puertas de su segundo Gran Premio - Cuadra Agrado","og_description":"Ayer fue otro de esos tristes d\u00edas para olvidar, esta vez con nuestro representante \u201cBarbarigo\u201d en la preparatoria de los viejos al Gran Premio de la Hispanidad. Un domingo de esos que te levantas con la tensi\u00f3n e ilusi\u00f3n por las nubes y que al mediod\u00eda se convierte en un domingo vac\u00edo, plagado de dudas [&hellip;]","og_url":"https:\/\/cuadra-agrado.es\/?p=4616","og_site_name":"Cuadra Agrado","article_published_time":"2018-09-24T09:58:15+00:00","article_modified_time":"2024-02-27T09:30:04+00:00","author":"Miguel Redondo","twitter_card":"summary_large_image","twitter_creator":"@AGRADOracing","twitter_site":"@AGRADOracing","twitter_misc":{"Escrito por":"Miguel Redondo","Tiempo de lectura":"5 minutos"},"schema":{"@context":"https:\/\/schema.org","@graph":[{"@type":"Article","@id":"https:\/\/cuadra-agrado.es\/?p=4616#article","isPartOf":{"@id":"https:\/\/cuadra-agrado.es\/?p=4616"},"author":{"name":"Miguel Redondo","@id":"https:\/\/cuadra-agrado.es\/#\/schema\/person\/3aa4f8d2373cf756d93a5526bc72f31b"},"headline":"Barbarigo sucumbe a las puertas de su segundo Gran Premio","datePublished":"2018-09-24T09:58:15+00:00","dateModified":"2024-02-27T09:30:04+00:00","mainEntityOfPage":{"@id":"https:\/\/cuadra-agrado.es\/?p=4616"},"wordCount":974,"image":{"@id":"https:\/\/cuadra-agrado.es\/?p=4616#primaryimage"},"thumbnailUrl":"","articleSection":["Actualidad"],"inLanguage":"es"},{"@type":"WebPage","@id":"https:\/\/cuadra-agrado.es\/?p=4616","url":"https:\/\/cuadra-agrado.es\/?p=4616","name":"Barbarigo sucumbe a las puertas de su segundo Gran Premio - Cuadra Agrado","isPartOf":{"@id":"https:\/\/cuadra-agrado.es\/#website"},"primaryImageOfPage":{"@id":"https:\/\/cuadra-agrado.es\/?p=4616#primaryimage"},"image":{"@id":"https:\/\/cuadra-agrado.es\/?p=4616#primaryimage"},"thumbnailUrl":"","datePublished":"2018-09-24T09:58:15+00:00","dateModified":"2024-02-27T09:30:04+00:00","author":{"@id":"https:\/\/cuadra-agrado.es\/#\/schema\/person\/3aa4f8d2373cf756d93a5526bc72f31b"},"breadcrumb":{"@id":"https:\/\/cuadra-agrado.es\/?p=4616#breadcrumb"},"inLanguage":"es","potentialAction":[{"@type":"ReadAction","target":["https:\/\/cuadra-agrado.es\/?p=4616"]}]},{"@type":"ImageObject","inLanguage":"es","@id":"https:\/\/cuadra-agrado.es\/?p=4616#primaryimage","url":"","contentUrl":""},{"@type":"BreadcrumbList","@id":"https:\/\/cuadra-agrado.es\/?p=4616#breadcrumb","itemListElement":[{"@type":"ListItem","position":1,"name":"Portada","item":"https:\/\/cuadra-agrado.es\/"},{"@type":"ListItem","position":2,"name":"Barbarigo sucumbe a las puertas de su segundo Gran Premio"}]},{"@type":"WebSite","@id":"https:\/\/cuadra-agrado.es\/#website","url":"https:\/\/cuadra-agrado.es\/","name":"Cuadra Agrado","description":"En el mundo del Turf desde 2008","potentialAction":[{"@type":"SearchAction","target":{"@type":"EntryPoint","urlTemplate":"https:\/\/cuadra-agrado.es\/?s={search_term_string}"},"query-input":{"@type":"PropertyValueSpecification","valueRequired":true,"valueName":"search_term_string"}}],"inLanguage":"es"},{"@type":"Person","@id":"https:\/\/cuadra-agrado.es\/#\/schema\/person\/3aa4f8d2373cf756d93a5526bc72f31b","name":"Miguel Redondo","image":{"@type":"ImageObject","inLanguage":"es","@id":"https:\/\/secure.gravatar.com\/avatar\/85704fceb4fa34017e3c1344d182da00dbf772fb8856ba2b7726a2df926415b4?s=96&d=mm&r=g","url":"https:\/\/secure.gravatar.com\/avatar\/85704fceb4fa34017e3c1344d182da00dbf772fb8856ba2b7726a2df926415b4?s=96&d=mm&r=g","contentUrl":"https:\/\/secure.gravatar.com\/avatar\/85704fceb4fa34017e3c1344d182da00dbf772fb8856ba2b7726a2df926415b4?s=96&d=mm&r=g","caption":"Miguel Redondo"},"sameAs":["https:\/\/cuadra-agrado.es"],"url":"https:\/\/cuadra-agrado.es\/?author=5"}]}},"_links":{"self":[{"href":"https:\/\/cuadra-agrado.es\/index.php?rest_route=\/wp\/v2\/posts\/4616","targetHints":{"allow":["GET"]}}],"collection":[{"href":"https:\/\/cuadra-agrado.es\/index.php?rest_route=\/wp\/v2\/posts"}],"about":[{"href":"https:\/\/cuadra-agrado.es\/index.php?rest_route=\/wp\/v2\/types\/post"}],"author":[{"embeddable":true,"href":"https:\/\/cuadra-agrado.es\/index.php?rest_route=\/wp\/v2\/users\/5"}],"replies":[{"embeddable":true,"href":"https:\/\/cuadra-agrado.es\/index.php?rest_route=%2Fwp%2Fv2%2Fcomments&post=4616"}],"version-history":[{"count":0,"href":"https:\/\/cuadra-agrado.es\/index.php?rest_route=\/wp\/v2\/posts\/4616\/revisions"}],"wp:featuredmedia":[{"embeddable":true,"href":"https:\/\/cuadra-agrado.es\/index.php?rest_route=\/"}],"wp:attachment":[{"href":"https:\/\/cuadra-agrado.es\/index.php?rest_route=%2Fwp%2Fv2%2Fmedia&parent=4616"}],"wp:term":[{"taxonomy":"category","embeddable":true,"href":"https:\/\/cuadra-agrado.es\/index.php?rest_route=%2Fwp%2Fv2%2Fcategories&post=4616"},{"taxonomy":"post_tag","embeddable":true,"href":"https:\/\/cuadra-agrado.es\/index.php?rest_route=%2Fwp%2Fv2%2Ftags&post=4616"}],"curies":[{"name":"wp","href":"https:\/\/api.w.org\/{rel}","templated":true}]}}