{"id":4593,"date":"2018-09-09T13:01:05","date_gmt":"2018-09-09T12:01:05","guid":{"rendered":"https:\/\/cuadra-agrado.es\/?p=4593"},"modified":"2024-02-27T09:30:04","modified_gmt":"2024-02-27T09:30:04","slug":"desafortunado-desenlace-ranyan-gran-premio-san-sebastian","status":"publish","type":"post","link":"https:\/\/cuadra-agrado.es\/?p=4593","title":{"rendered":"Desafortunado desenlace para Rany\u00e1n en el Gran Premio de San Sebasti\u00e1n&#8230;"},"content":{"rendered":"<p style=\"text-align: justify;\"><a href=\"http:\/\/cuadra-agrado.es\/wp-content\/uploads\/2018\/09\/ranyan.jpg\" target=\"_blank\" rel=\"noopener noreferrer\"><img loading=\"lazy\" decoding=\"async\" class=\"alignleft wp-image-4594 \" src=\"http:\/\/cuadra-agrado.es\/wp-content\/uploads\/2018\/09\/ranyan-768x1024.jpg\" alt=\"\" width=\"438\" height=\"584\"><\/a>El trayecto Madrid-San Sebasti\u00e1n, se ha convertido para nosotros en este \u00faltimo decenio en una agradable costumbre en \u00e9poca estival, ligada al mundo de los caballos. Un viaje familiar de poco m\u00e1s de tres horas donde, aparte de las conversaciones cotidianas de familia, el tema principal se centra sobre el mundo del pura sangre, y m\u00e1s en concreto sobre las probabilidades de \u00e9xito del caballo que va a defender nuestros colores ese fin de semana.<br \/>\nEl pasado viernes volv\u00edamos de nuevo a la carretera para iniciar esa misma ruta por tercera vez este verano. La primera a comienzos de temporada hab\u00eda sido todo un \u00e9xito con una nueva victoria de<strong> \u00abRany\u00e1n\u00bb<\/strong> en su hip\u00f3dromo talism\u00e1n, volviendo a dejar su huella de ganador un a\u00f1o m\u00e1s. La segunda visita, el pasado mes de julio, nos depar\u00f3 un buen tercero, y cerr\u00e1bamos ayer su temporada con el \u201cpremio gordo\u201d para disputar el Gran Premio de San Sebasti\u00e1n. <strong>\u201cRany\u00e1n\u201d<\/strong> se hab\u00eda ganado por derecho propio estar presente en la carrera m\u00e1s longeva y legendaria de nuestra competici\u00f3n en su 101 edici\u00f3n, y eso para nosotros era sin\u00f3nimo de orgullo.<br \/>\nEl hip\u00f3dromo de Lasarte es muy especial para nosotros, los muchos viajes realizados hasta aquellas tierras en nuestra historia turf\u00edstica se hab\u00edan resuelto casi siempre de una muy forma muy positiva. &nbsp;A las muchas victorias y colocaciones de<strong> \u201cRany\u00e1n\u201d<\/strong> se hab\u00edan sumado tambi\u00e9n otras tantas de <strong>\u201cValiant Blue\u201d<\/strong> en su d\u00eda, y este mismo verano tambi\u00e9n hab\u00edamos podido disfrutar de un maravilloso tercero de <strong>\u201cBarbarigo\u201d<\/strong> en todo un Gran premio del Gobierno Vasco.<\/p>\n<p style=\"text-align: justify;\">La suerte en aquel hip\u00f3dromo, salvo muy contadas ocasiones, nos hab\u00eda sonre\u00eddo gratamente, y era raro no iniciar el viaje de vuelta sin una sonrisa en nuestra cara y una dosis de orgullo. En esta nueva ocasi\u00f3n, las opciones para<strong> \u201cRany\u00e1n\u201d<\/strong> pasaban por el fallo de los dos grandes favoritos de la prueba <strong>\u201cHipodamo de Mileto\u201d y \u201cTuvalu\u201d,&nbsp;<\/strong>y una pista blanda a nuestro favor. Durante la semana hab\u00edamos instado al Dios Azteca de la lluvia, \u201cTi\u00e1loc\u201d, que regara en abundancia las verdes tierras vascas, y parece nuestras peticiones fueron atendidas con complacencia. La pista se encontraba con una medici\u00f3n real de 3.7 y era m\u00e1s que suficiente para, solamente esperar el fallo de los favoritos y tocar la gloria en lo que seguramente ser\u00eda el \u00faltimo viaje de este gladiador a tierras vascas. Un fant\u00e1stico d\u00eda de sol amaneci\u00f3 el s\u00e1bado para presenciar el \u00faltimo Gran Premio del verano donostiarra, y la ilusi\u00f3n de lograr algo grande se cern\u00eda en todos los miembros de nuestra familia. El caballo estaba en plenitud de forma, la pista blanda,&nbsp; y por tablas est\u00e1bamos en el tr\u00edo con esa buena opci\u00f3n de luchar incluso una carrera que pusiera la guinda a toda su vida en competici\u00f3n. Ya estaba decidido, y ten\u00edamos claro que si los astros se alineaban para que el viejo ganara el Gran Premio, no habr\u00eda mejor escenario para su despedida en competici\u00f3n, y el hecho de que pudiera ser su \u00faltimo d\u00eda, engrandec\u00eda a\u00fan m\u00e1s el momento.<br \/>\nLleg\u00f3 la hora de la verdad. Caballos en el poste de los 2.800 metros y largada de la gran prueba. <strong>\u201cRany\u00e1n\u201d<\/strong>&nbsp;parti\u00f3 bien y se coloc\u00f3 sin demasiados problemas muy c\u00f3modo en posiciones de vanguardia. Primer paso por la cerrada curva de Bugatti sin ning\u00fan contratiempo y primer paso por tribuna donde le vimos pasar cuarto por el poste de meta. Avistamos a Borja muy c\u00f3modo, con las manos abajo, con un ritmo perfecto y tratando de templar al \u201cviejo\u201d su ansia de galope, y eso nos hizo incrementar a\u00fan m\u00e1s el ritmo card\u00edaco. Todo parec\u00eda estar en orden y las opciones segu\u00edan intactas hasta que apenas segundos despu\u00e9s lleg\u00f3 la segunda curva. Justo en el paso de arena del final de curva, <strong>\u201cRany\u00e1n\u201d<\/strong> resbala de atr\u00e1s, da un traspi\u00e9 y su pie derecho impacta con su ca\u00f1a posterior izquierda. \u201cBorja Fayos\u201d siente y escucha el golpe seco en el mismo momento y sabe que algo ha pasado. Sin tiempo para parar a pensar en lo sucedido enfila la recta de enfrente, pero muy pronto se da cuenta que el caballo ha cambiado su acci\u00f3n s\u00fabitamente y le empieza a pedir con su habitual y en\u00e9rgico braceo. El caballo hab\u00eda pasado de un 10 a un 5 de rendimiento en apenas 20 metros y Borja sabe que algo no va bien, a\u00fan quedan m\u00e1s de 1.500 metros y la cosa no pinta nada bien. Trata de aguantar el braceo constante durante toda la recta para no perder posici\u00f3n y confiar que el caballo responda, pero el da\u00f1o ya est\u00e1 causado y ya solo el enorme coraz\u00f3n y coraje del viejo gladiador le hace que siga galopando, ya sin demasiadas opciones. El resto de la carrera se convierte en un suplicio para caballo, monta y por supuesto tambi\u00e9n para nosotros que desde la tribuna principal, desconocedores del fatal motivo, no entendemos el cruel desenlace de ver pasar a <strong>\u201cRany\u00e1n\u201d<\/strong> \u00faltimo por el poste de meta a muchos cuerpos del ganador.<br \/>\nSabemos que algo ha pasado y raudos vamos al final del paddock para hablar con prepa y jockey que esperan all\u00ed junto al caballo. La cara de Borja es todo un poema, y nos confirma el fatal incidente. Verdadera mala suerte que en ning\u00fan caso merec\u00eda el caballo en su \u00faltima actuaci\u00f3n donostiarra. Como propietarios, estamos ya vacunados contra todos estos azares del destino e incidentes de carrera que de vez en cuando tienes mala fortuna de vivir, pero una cosa es estar vacunados, y otra muy distinta es estar inmunizado a ello. Tragas saliva y tratas de mantener la cabeza alta, pero no es posible digerir tanta tristeza e impotencia que en ese momento vives en la soledad de un paddock vac\u00edo. Fin del Gran Premio y vuelta a casa en un viaje cruelmente diferente a lo que est\u00e1bamos acostumbrados.&nbsp;<\/p>\n<p style=\"text-align: justify;\"><strong>\u201cRany\u00e1n\u201d<\/strong> viaj\u00f3 de vuelta tambi\u00e9n en la misma tarde, y hoy ya se encuentra de nuevo en casa, esperaremos a ma\u00f1ana para confirmar el grado de lesi\u00f3n que presenta una vez sea revisado por el equipo veterinario. Por lo que hemos podido observar hoy en un paseo a la mano, todo parece indicar que se trata de un fuerte golpe sin aparente lesi\u00f3n \u00f3sea y que con un tratamiento antiinflamatorio y reposo podr\u00eda recuperar r\u00e1pidamente. Ojal\u00e1 todo esto se confirme ma\u00f1ana y podamos continuar con su programa de oto\u00f1o previsto.<\/p>\n<p style=\"text-align: justify;\">Para terminar, queremos p\u00fablicamente dar nuestra m\u00e1s sincera enhorabuena a todos los responsables de <strong>\u201cHipodamo de Mileto\u201d<\/strong> (su preparador Jos\u00e9 Calder\u00f3n y sus propietarios de la Cuadra Nanin\u00e1) por su incontestable triunfo ayer en el Gran Premio. Ya ven\u00eda buscando su oro en sus dos \u00faltimas actuaciones, y esta recompensa es m\u00e1s que merecida. De igual forma, tambi\u00e9n es digno de elogio el buen segundo de <strong>\u201cTuvalu\u201d<\/strong> que por fin recupera valores de anta\u00f1o y que contamos tambi\u00e9n con \u00e9l para los grandes premios de distancia de oto\u00f1o.<br \/>\nPor lo que a nosotros respecta, trataremos de recuperar nuestra moral y la del viejo <strong>\u201cRany\u00e1n\u201d<\/strong> tan pronto como sea posible. Ha sido un mazazo grande y no merecido, y dentro de los pocos \u00e1nimos que tenemos en estos momentos, seguiremos confiando en sus opciones para que el lluvioso oto\u00f1o le devuelva la fortuna que ayer le rob\u00f3 el final del verano.<\/p>\n<hr>\n<hr>\n<p style=\"text-align: justify;\">&nbsp;<\/p>\n<!-- AddThis Advanced Settings generic via filter on the_content --><!-- AddThis Share Buttons generic via filter on the_content -->","protected":false},"excerpt":{"rendered":"<p>El trayecto Madrid-San Sebasti\u00e1n, se ha convertido para nosotros en este \u00faltimo decenio en una agradable costumbre en \u00e9poca estival, ligada al mundo de los caballos. Un viaje familiar de poco m\u00e1s de tres horas donde, aparte de las conversaciones cotidianas de familia, el tema principal se centra sobre el mundo del pura sangre, y [&hellip;]<!-- AddThis Advanced Settings generic via filter on get_the_excerpt --><!-- AddThis Share Buttons generic via filter on get_the_excerpt --><\/p>\n","protected":false},"author":5,"featured_media":4594,"comment_status":"closed","ping_status":"closed","sticky":false,"template":"","format":"standard","meta":{"_acf_changed":false,"_et_pb_use_builder":"","_et_pb_old_content":"","_et_gb_content_width":"","footnotes":""},"categories":[3],"tags":[],"class_list":["post-4593","post","type-post","status-publish","format-standard","has-post-thumbnail","hentry","category-noticias-cuadra-agrado"],"acf":[],"yoast_head":"<!-- This site is optimized with the Yoast SEO plugin v27.4 - https:\/\/yoast.com\/product\/yoast-seo-wordpress\/ -->\n<title>Desafortunado desenlace para Rany\u00e1n en el Gran Premio de San Sebasti\u00e1n... - Cuadra Agrado<\/title>\n<meta name=\"robots\" content=\"index, follow, max-snippet:-1, max-image-preview:large, max-video-preview:-1\" \/>\n<link rel=\"canonical\" href=\"https:\/\/cuadra-agrado.es\/?p=4593\" \/>\n<meta property=\"og:locale\" content=\"es_ES\" \/>\n<meta property=\"og:type\" content=\"article\" \/>\n<meta property=\"og:title\" content=\"Desafortunado desenlace para Rany\u00e1n en el Gran Premio de San Sebasti\u00e1n... - Cuadra Agrado\" \/>\n<meta property=\"og:description\" content=\"El trayecto Madrid-San Sebasti\u00e1n, se ha convertido para nosotros en este \u00faltimo decenio en una agradable costumbre en \u00e9poca estival, ligada al mundo de los caballos. Un viaje familiar de poco m\u00e1s de tres horas donde, aparte de las conversaciones cotidianas de familia, el tema principal se centra sobre el mundo del pura sangre, y [&hellip;]\" \/>\n<meta property=\"og:url\" content=\"https:\/\/cuadra-agrado.es\/?p=4593\" \/>\n<meta property=\"og:site_name\" content=\"Cuadra Agrado\" \/>\n<meta property=\"article:published_time\" content=\"2018-09-09T12:01:05+00:00\" \/>\n<meta property=\"article:modified_time\" content=\"2024-02-27T09:30:04+00:00\" \/>\n<meta name=\"author\" content=\"Miguel Redondo\" \/>\n<meta name=\"twitter:card\" content=\"summary_large_image\" \/>\n<meta name=\"twitter:creator\" content=\"@AGRADOracing\" \/>\n<meta name=\"twitter:site\" content=\"@AGRADOracing\" \/>\n<meta name=\"twitter:label1\" content=\"Escrito por\" \/>\n\t<meta name=\"twitter:data1\" content=\"Miguel Redondo\" \/>\n\t<meta name=\"twitter:label2\" content=\"Tiempo de lectura\" \/>\n\t<meta name=\"twitter:data2\" content=\"7 minutos\" \/>\n<script type=\"application\/ld+json\" class=\"yoast-schema-graph\">{\"@context\":\"https:\\\/\\\/schema.org\",\"@graph\":[{\"@type\":\"Article\",\"@id\":\"https:\\\/\\\/cuadra-agrado.es\\\/?p=4593#article\",\"isPartOf\":{\"@id\":\"https:\\\/\\\/cuadra-agrado.es\\\/?p=4593\"},\"author\":{\"name\":\"Miguel Redondo\",\"@id\":\"https:\\\/\\\/cuadra-agrado.es\\\/#\\\/schema\\\/person\\\/3aa4f8d2373cf756d93a5526bc72f31b\"},\"headline\":\"Desafortunado desenlace para Rany\u00e1n en el Gran Premio de San Sebasti\u00e1n&#8230;\",\"datePublished\":\"2018-09-09T12:01:05+00:00\",\"dateModified\":\"2024-02-27T09:30:04+00:00\",\"mainEntityOfPage\":{\"@id\":\"https:\\\/\\\/cuadra-agrado.es\\\/?p=4593\"},\"wordCount\":1330,\"image\":{\"@id\":\"https:\\\/\\\/cuadra-agrado.es\\\/?p=4593#primaryimage\"},\"thumbnailUrl\":\"\",\"articleSection\":[\"Actualidad\"],\"inLanguage\":\"es\"},{\"@type\":\"WebPage\",\"@id\":\"https:\\\/\\\/cuadra-agrado.es\\\/?p=4593\",\"url\":\"https:\\\/\\\/cuadra-agrado.es\\\/?p=4593\",\"name\":\"Desafortunado desenlace para Rany\u00e1n en el Gran Premio de San Sebasti\u00e1n... - Cuadra Agrado\",\"isPartOf\":{\"@id\":\"https:\\\/\\\/cuadra-agrado.es\\\/#website\"},\"primaryImageOfPage\":{\"@id\":\"https:\\\/\\\/cuadra-agrado.es\\\/?p=4593#primaryimage\"},\"image\":{\"@id\":\"https:\\\/\\\/cuadra-agrado.es\\\/?p=4593#primaryimage\"},\"thumbnailUrl\":\"\",\"datePublished\":\"2018-09-09T12:01:05+00:00\",\"dateModified\":\"2024-02-27T09:30:04+00:00\",\"author\":{\"@id\":\"https:\\\/\\\/cuadra-agrado.es\\\/#\\\/schema\\\/person\\\/3aa4f8d2373cf756d93a5526bc72f31b\"},\"breadcrumb\":{\"@id\":\"https:\\\/\\\/cuadra-agrado.es\\\/?p=4593#breadcrumb\"},\"inLanguage\":\"es\",\"potentialAction\":[{\"@type\":\"ReadAction\",\"target\":[\"https:\\\/\\\/cuadra-agrado.es\\\/?p=4593\"]}]},{\"@type\":\"ImageObject\",\"inLanguage\":\"es\",\"@id\":\"https:\\\/\\\/cuadra-agrado.es\\\/?p=4593#primaryimage\",\"url\":\"\",\"contentUrl\":\"\"},{\"@type\":\"BreadcrumbList\",\"@id\":\"https:\\\/\\\/cuadra-agrado.es\\\/?p=4593#breadcrumb\",\"itemListElement\":[{\"@type\":\"ListItem\",\"position\":1,\"name\":\"Portada\",\"item\":\"https:\\\/\\\/cuadra-agrado.es\\\/\"},{\"@type\":\"ListItem\",\"position\":2,\"name\":\"Desafortunado desenlace para Rany\u00e1n en el Gran Premio de San Sebasti\u00e1n&#8230;\"}]},{\"@type\":\"WebSite\",\"@id\":\"https:\\\/\\\/cuadra-agrado.es\\\/#website\",\"url\":\"https:\\\/\\\/cuadra-agrado.es\\\/\",\"name\":\"Cuadra Agrado\",\"description\":\"En el mundo del Turf desde 2008\",\"potentialAction\":[{\"@type\":\"SearchAction\",\"target\":{\"@type\":\"EntryPoint\",\"urlTemplate\":\"https:\\\/\\\/cuadra-agrado.es\\\/?s={search_term_string}\"},\"query-input\":{\"@type\":\"PropertyValueSpecification\",\"valueRequired\":true,\"valueName\":\"search_term_string\"}}],\"inLanguage\":\"es\"},{\"@type\":\"Person\",\"@id\":\"https:\\\/\\\/cuadra-agrado.es\\\/#\\\/schema\\\/person\\\/3aa4f8d2373cf756d93a5526bc72f31b\",\"name\":\"Miguel Redondo\",\"image\":{\"@type\":\"ImageObject\",\"inLanguage\":\"es\",\"@id\":\"https:\\\/\\\/secure.gravatar.com\\\/avatar\\\/85704fceb4fa34017e3c1344d182da00dbf772fb8856ba2b7726a2df926415b4?s=96&d=mm&r=g\",\"url\":\"https:\\\/\\\/secure.gravatar.com\\\/avatar\\\/85704fceb4fa34017e3c1344d182da00dbf772fb8856ba2b7726a2df926415b4?s=96&d=mm&r=g\",\"contentUrl\":\"https:\\\/\\\/secure.gravatar.com\\\/avatar\\\/85704fceb4fa34017e3c1344d182da00dbf772fb8856ba2b7726a2df926415b4?s=96&d=mm&r=g\",\"caption\":\"Miguel Redondo\"},\"sameAs\":[\"https:\\\/\\\/cuadra-agrado.es\"],\"url\":\"https:\\\/\\\/cuadra-agrado.es\\\/?author=5\"}]}<\/script>\n<!-- \/ Yoast SEO plugin. -->","yoast_head_json":{"title":"Desafortunado desenlace para Rany\u00e1n en el Gran Premio de San Sebasti\u00e1n... - Cuadra Agrado","robots":{"index":"index","follow":"follow","max-snippet":"max-snippet:-1","max-image-preview":"max-image-preview:large","max-video-preview":"max-video-preview:-1"},"canonical":"https:\/\/cuadra-agrado.es\/?p=4593","og_locale":"es_ES","og_type":"article","og_title":"Desafortunado desenlace para Rany\u00e1n en el Gran Premio de San Sebasti\u00e1n... - Cuadra Agrado","og_description":"El trayecto Madrid-San Sebasti\u00e1n, se ha convertido para nosotros en este \u00faltimo decenio en una agradable costumbre en \u00e9poca estival, ligada al mundo de los caballos. Un viaje familiar de poco m\u00e1s de tres horas donde, aparte de las conversaciones cotidianas de familia, el tema principal se centra sobre el mundo del pura sangre, y [&hellip;]","og_url":"https:\/\/cuadra-agrado.es\/?p=4593","og_site_name":"Cuadra Agrado","article_published_time":"2018-09-09T12:01:05+00:00","article_modified_time":"2024-02-27T09:30:04+00:00","author":"Miguel Redondo","twitter_card":"summary_large_image","twitter_creator":"@AGRADOracing","twitter_site":"@AGRADOracing","twitter_misc":{"Escrito por":"Miguel Redondo","Tiempo de lectura":"7 minutos"},"schema":{"@context":"https:\/\/schema.org","@graph":[{"@type":"Article","@id":"https:\/\/cuadra-agrado.es\/?p=4593#article","isPartOf":{"@id":"https:\/\/cuadra-agrado.es\/?p=4593"},"author":{"name":"Miguel Redondo","@id":"https:\/\/cuadra-agrado.es\/#\/schema\/person\/3aa4f8d2373cf756d93a5526bc72f31b"},"headline":"Desafortunado desenlace para Rany\u00e1n en el Gran Premio de San Sebasti\u00e1n&#8230;","datePublished":"2018-09-09T12:01:05+00:00","dateModified":"2024-02-27T09:30:04+00:00","mainEntityOfPage":{"@id":"https:\/\/cuadra-agrado.es\/?p=4593"},"wordCount":1330,"image":{"@id":"https:\/\/cuadra-agrado.es\/?p=4593#primaryimage"},"thumbnailUrl":"","articleSection":["Actualidad"],"inLanguage":"es"},{"@type":"WebPage","@id":"https:\/\/cuadra-agrado.es\/?p=4593","url":"https:\/\/cuadra-agrado.es\/?p=4593","name":"Desafortunado desenlace para Rany\u00e1n en el Gran Premio de San Sebasti\u00e1n... - Cuadra Agrado","isPartOf":{"@id":"https:\/\/cuadra-agrado.es\/#website"},"primaryImageOfPage":{"@id":"https:\/\/cuadra-agrado.es\/?p=4593#primaryimage"},"image":{"@id":"https:\/\/cuadra-agrado.es\/?p=4593#primaryimage"},"thumbnailUrl":"","datePublished":"2018-09-09T12:01:05+00:00","dateModified":"2024-02-27T09:30:04+00:00","author":{"@id":"https:\/\/cuadra-agrado.es\/#\/schema\/person\/3aa4f8d2373cf756d93a5526bc72f31b"},"breadcrumb":{"@id":"https:\/\/cuadra-agrado.es\/?p=4593#breadcrumb"},"inLanguage":"es","potentialAction":[{"@type":"ReadAction","target":["https:\/\/cuadra-agrado.es\/?p=4593"]}]},{"@type":"ImageObject","inLanguage":"es","@id":"https:\/\/cuadra-agrado.es\/?p=4593#primaryimage","url":"","contentUrl":""},{"@type":"BreadcrumbList","@id":"https:\/\/cuadra-agrado.es\/?p=4593#breadcrumb","itemListElement":[{"@type":"ListItem","position":1,"name":"Portada","item":"https:\/\/cuadra-agrado.es\/"},{"@type":"ListItem","position":2,"name":"Desafortunado desenlace para Rany\u00e1n en el Gran Premio de San Sebasti\u00e1n&#8230;"}]},{"@type":"WebSite","@id":"https:\/\/cuadra-agrado.es\/#website","url":"https:\/\/cuadra-agrado.es\/","name":"Cuadra Agrado","description":"En el mundo del Turf desde 2008","potentialAction":[{"@type":"SearchAction","target":{"@type":"EntryPoint","urlTemplate":"https:\/\/cuadra-agrado.es\/?s={search_term_string}"},"query-input":{"@type":"PropertyValueSpecification","valueRequired":true,"valueName":"search_term_string"}}],"inLanguage":"es"},{"@type":"Person","@id":"https:\/\/cuadra-agrado.es\/#\/schema\/person\/3aa4f8d2373cf756d93a5526bc72f31b","name":"Miguel Redondo","image":{"@type":"ImageObject","inLanguage":"es","@id":"https:\/\/secure.gravatar.com\/avatar\/85704fceb4fa34017e3c1344d182da00dbf772fb8856ba2b7726a2df926415b4?s=96&d=mm&r=g","url":"https:\/\/secure.gravatar.com\/avatar\/85704fceb4fa34017e3c1344d182da00dbf772fb8856ba2b7726a2df926415b4?s=96&d=mm&r=g","contentUrl":"https:\/\/secure.gravatar.com\/avatar\/85704fceb4fa34017e3c1344d182da00dbf772fb8856ba2b7726a2df926415b4?s=96&d=mm&r=g","caption":"Miguel Redondo"},"sameAs":["https:\/\/cuadra-agrado.es"],"url":"https:\/\/cuadra-agrado.es\/?author=5"}]}},"_links":{"self":[{"href":"https:\/\/cuadra-agrado.es\/index.php?rest_route=\/wp\/v2\/posts\/4593","targetHints":{"allow":["GET"]}}],"collection":[{"href":"https:\/\/cuadra-agrado.es\/index.php?rest_route=\/wp\/v2\/posts"}],"about":[{"href":"https:\/\/cuadra-agrado.es\/index.php?rest_route=\/wp\/v2\/types\/post"}],"author":[{"embeddable":true,"href":"https:\/\/cuadra-agrado.es\/index.php?rest_route=\/wp\/v2\/users\/5"}],"replies":[{"embeddable":true,"href":"https:\/\/cuadra-agrado.es\/index.php?rest_route=%2Fwp%2Fv2%2Fcomments&post=4593"}],"version-history":[{"count":0,"href":"https:\/\/cuadra-agrado.es\/index.php?rest_route=\/wp\/v2\/posts\/4593\/revisions"}],"wp:featuredmedia":[{"embeddable":true,"href":"https:\/\/cuadra-agrado.es\/index.php?rest_route=\/"}],"wp:attachment":[{"href":"https:\/\/cuadra-agrado.es\/index.php?rest_route=%2Fwp%2Fv2%2Fmedia&parent=4593"}],"wp:term":[{"taxonomy":"category","embeddable":true,"href":"https:\/\/cuadra-agrado.es\/index.php?rest_route=%2Fwp%2Fv2%2Fcategories&post=4593"},{"taxonomy":"post_tag","embeddable":true,"href":"https:\/\/cuadra-agrado.es\/index.php?rest_route=%2Fwp%2Fv2%2Ftags&post=4593"}],"curies":[{"name":"wp","href":"https:\/\/api.w.org\/{rel}","templated":true}]}}