{"id":4578,"date":"2018-09-03T16:34:17","date_gmt":"2018-09-03T15:34:17","guid":{"rendered":"https:\/\/cuadra-agrado.es\/?p=4578"},"modified":"2024-02-27T09:30:04","modified_gmt":"2024-02-27T09:30:04","slug":"broche-final-ranyan-gpss","status":"publish","type":"post","link":"https:\/\/cuadra-agrado.es\/?p=4578","title":{"rendered":"Broche final para Rany\u00e1n en todo un GPSS"},"content":{"rendered":"<p style=\"text-align: justify;\"><a class=\"alignleft\" href=\"http:\/\/cuadra-agrado.es\/wp-content\/uploads\/2018\/03\/ranyan-1.jpg\" target=\"_blank\" rel=\"noopener noreferrer\"><img loading=\"lazy\" decoding=\"async\" class=\"alignleft wp-image-4244\" src=\"http:\/\/cuadra-agrado.es\/wp-content\/uploads\/2018\/03\/ranyan-1.jpg\" alt=\"\" width=\"625\" height=\"428\"><\/a>Cumpliendo sin fisuras con su particular programa de verano, el eterno<strong> \u201cRany\u00e1n\u201d<\/strong> disputar\u00e1 este pr\u00f3ximo s\u00e1bado en el Hip\u00f3dromo donostiarra de Lasarte su primer, y posiblemente su \u00faltimo Gran Premio de San Sebasti\u00e1n. Desde comienzos de a\u00f1o, ten\u00edamos se\u00f1alado en \u201cnegrita\u201d este d\u00eda en el calendario, para cumplir nuestro sue\u00f1o de ver disputar este Gran Premio de distancia a uno de los caballos que m\u00e1s merecen estar en esa gran cita.<strong> \u201cRany\u00e1n\u201d<\/strong> llega bien entrado sus nueve a\u00f1os, pero con la gran forma y fortaleza mental que ha venido demostrando en esta \u00faltima etapa de su vida en competici\u00f3n, y con la confianza que ofrece haber estado en el tr\u00edo en todas las actuaciones disputadas en ese legendario hip\u00f3dromo desde que en verano de 2012 debutara siendo un potrillo.<br \/>\nHasta el \u00faltimo momento estuvimos dudando sobre su \u201cpartant\u201d definitivo a causa de las pocas previsiones de lluvia que durante la semana se esperan, y que sin duda, el viejo necesita para encontrar la pista, al menos con una valoraci\u00f3n de 3.5. Hablamos con monta y \u201cprepa\u201d apenas diez minutos antes de que se cerraran los \u201cforfaits\u201d y, finalmente nuestra decisi\u00f3n fue arriesgar y confiar en esas previsiones de agua con vistas al s\u00e1bado, confiando la espiritual suerte a \u201cTi\u00e1loc\u201d, como Dios Azteca de la lluvia\u2026.. En un Gran Premio como este y ante enormes caballos de valor como <strong>\u201cHipodamo de Mileto\u201d<\/strong> o <strong>\u201cTuvalu\u201d <\/strong>que han mantenido su partant, sus opciones a la lucha pasan ineludiblemente por una pista, al menos suave, que le permita recorrer los largos 2.800 metros de la prueba con comodidad y confianza. Si el terreno est\u00e1 finalmente a favor, por supuesto pondremos cara la victoria de estos dos grandes de nuestro turf y aprovecharemos esos dos kilos de plomo que tenemos a favor. Si por el contrario, las lluvias no hacen presencia durante toda la semana y el terreno pudiera ser un verdadero suplicio para<strong> \u00abRany\u00e1n\u00bb<\/strong>, nos reservaremos nuestro derecho de retirar al caballo del partant cumpliendo estrictamente con la sanci\u00f3n econ\u00f3mica dispuesta a tal efecto. Por encima de normas e infracciones, debe prevalecer siempre el respeto por un caballo.<\/p>\n<p style=\"text-align: justify;\">Para nosotros no hay otra gemela m\u00e1s confiable que la mencionada anteriormente, pero dicho esto, no ser\u00eda la primera vez que en un Gran Premio los grandes favoritos se llevan un disgusto.<strong> \u201cHipodamo\u201d<\/strong>, si ofrece m\u00ednimamente su valor actual 45 no habr\u00e1 opci\u00f3n a que nadie le pueda arrebatar una clara y previsible victoria, pero cada d\u00e9cima de pista blanda que se incremente durante la semana, ser\u00e1 una opci\u00f3n menos para \u00e9l y una opci\u00f3n m\u00e1s a sumar para nosotros. Cumpli\u00f3 en la pasada \u201cCopa de Oro\u201d por detr\u00e1s de un inesperado<strong> \u201cCnitch\u201d<\/strong> que les robo la tostada a todos en un valiente y decidido recorrido. Anteriormente, disput\u00f3 hasta el \u00faltimo tranco todo un \u201cGPM\u201d en dura lucha con un inconmensurable<strong> \u201cZascandil\u201d.<\/strong>&nbsp;El otro gran favorito de la prueba, <strong>\u201cTuvalu\u201d<\/strong>, se le espera a\u00fan con la confianza que merece para recuperar su mejor valor del pasado a\u00f1o, y despu\u00e9s de una inc\u00f3moda \u201cCopa de Oro\u201d donde solo pudo ser sexto, y un \u201cGran Premio de Madrid\u201d donde tampoco estuvo fino, llega para resarcirse en esta con mucho m\u00e1s chance y mucha mayor confianza.<br \/>\nDel resto de los 12 participantes, a falta del partant definitivo, que engalanar\u00e1n la \u00faltima prueba del \u00faltimo d\u00eda de temporada estival, es un Gran Premio y todos deben tener sus opciones para completar la plaza que dejan los dos grandes favoritos de la prueba. Es siempre una carrera compleja con 2.800 metros por delante que da para mucho, y habr\u00e1 que estar muy atento a los primeros metros para posicionarse, y en funci\u00f3n de la posici\u00f3n, improvisar y guardar pulm\u00f3n para los \u00faltimos 400 donde a buen seguro quedaran solo unos pocos para la lucha final de este bonito Gran Premio que cierra la temporada donostiarra.<\/p>\n<p style=\"text-align: justify;\">Por lo que a nosotros respecta, nuestro Jockey <em>Borja Fayos <\/em>seguir\u00e1 las mismas \u00f3rdenes de siempre con el viejo <strong>\u201cRany\u00e1n\u201d<\/strong>. Es un Gran Premio, pero no por ello vamos a cambiar la estrategia de apostar por una buena salida de cajones, un par de apoyos &nbsp;y buscar posiciones de vanguardia para evitar problemas de recorrido. El ritmo en esta prueba debe ser mucho m\u00e1s c\u00f3modo para <strong>\u201cRany\u00e1n\u201d<\/strong> que en la anterior sobre corta distancia de 2.000 metros donde le vimos sufrir durante todo el metraje, fuera de paso. Nuestro particular hijo de <strong>\u201cGold Away\u201d<\/strong> tiene acreditada mucha distancia en su gen\u00e9tica y creemos que esta prueba se ajusta mucho m\u00e1s a su condici\u00f3n de fondista, que la anterior donde se le qued\u00f3 muy corto el metraje y tuvo que sufrir para finalmente, incluso con ese sufrimiento, entrar de nuevo en el tr\u00edo.<br \/>\nVamos con toda la ilusi\u00f3n por delante siendo conscientes de que por n\u00fameros y tablas aritm\u00e9ticas solo podr\u00edamos aspirar al m\u00e1ximo trofeo del bronce, pero estamos hablando del \u00abgladiador de Donostia\u00bb, y con todos los respetos para el resto de contrincantes, en ning\u00fan caso firmamos de antemano esa buena posici\u00f3n remunerada. Confiamos en realizar nuestra mejor carrera, y que la gemela favorita falle en su intento, siempre contando con la inestimable y necesaria ayuda del Dios Ti\u00e1loc. Con esta m\u00edstica ayuda, buscamos la gloria en un trazado que le encanta a este viejo gladiador. Podr\u00eda ser su \u00faltima visita a aquel bonito escenario de nuestro turf en el que tantas satisfacciones ha vivido, &nbsp;y no habr\u00eda entorno m\u00e1s bonito que cerrar su particular idilio ante todos aquellos grandes aficionados del norte que tanto lo aprecian, poniendo de nuevo en pista su enorme coraz\u00f3n en todo un Gran Premio de San Sebasti\u00e1n.<\/p>\n<p style=\"text-align: justify;\">Vamos a por ella Viejo!!!<br \/>\nMucha suerte Equipo!!!<\/p>\n<hr>\n<p style=\"text-align: justify;\">&nbsp;<\/p>\n<!-- AddThis Advanced Settings generic via filter on the_content --><!-- AddThis Share Buttons generic via filter on the_content -->","protected":false},"excerpt":{"rendered":"<p>Cumpliendo sin fisuras con su particular programa de verano, el eterno \u201cRany\u00e1n\u201d disputar\u00e1 este pr\u00f3ximo s\u00e1bado en el Hip\u00f3dromo donostiarra de Lasarte su primer, y posiblemente su \u00faltimo Gran Premio de San Sebasti\u00e1n. Desde comienzos de a\u00f1o, ten\u00edamos se\u00f1alado en \u201cnegrita\u201d este d\u00eda en el calendario, para cumplir nuestro sue\u00f1o de ver disputar este Gran [&hellip;]<!-- AddThis Advanced Settings generic via filter on get_the_excerpt --><!-- AddThis Share Buttons generic via filter on get_the_excerpt --><\/p>\n","protected":false},"author":5,"featured_media":4244,"comment_status":"closed","ping_status":"closed","sticky":false,"template":"","format":"standard","meta":{"_acf_changed":false,"_et_pb_use_builder":"","_et_pb_old_content":"","_et_gb_content_width":"","footnotes":""},"categories":[3],"tags":[],"class_list":["post-4578","post","type-post","status-publish","format-standard","has-post-thumbnail","hentry","category-noticias-cuadra-agrado"],"acf":[],"yoast_head":"<!-- This site is optimized with the Yoast SEO plugin v27.4 - https:\/\/yoast.com\/product\/yoast-seo-wordpress\/ -->\n<title>Broche final para Rany\u00e1n en todo un GPSS - Cuadra Agrado<\/title>\n<meta name=\"robots\" content=\"index, follow, max-snippet:-1, max-image-preview:large, max-video-preview:-1\" \/>\n<link rel=\"canonical\" href=\"https:\/\/cuadra-agrado.es\/?p=4578\" \/>\n<meta property=\"og:locale\" content=\"es_ES\" \/>\n<meta property=\"og:type\" content=\"article\" \/>\n<meta property=\"og:title\" content=\"Broche final para Rany\u00e1n en todo un GPSS - Cuadra Agrado\" \/>\n<meta property=\"og:description\" content=\"Cumpliendo sin fisuras con su particular programa de verano, el eterno \u201cRany\u00e1n\u201d disputar\u00e1 este pr\u00f3ximo s\u00e1bado en el Hip\u00f3dromo donostiarra de Lasarte su primer, y posiblemente su \u00faltimo Gran Premio de San Sebasti\u00e1n. Desde comienzos de a\u00f1o, ten\u00edamos se\u00f1alado en \u201cnegrita\u201d este d\u00eda en el calendario, para cumplir nuestro sue\u00f1o de ver disputar este Gran [&hellip;]\" \/>\n<meta property=\"og:url\" content=\"https:\/\/cuadra-agrado.es\/?p=4578\" \/>\n<meta property=\"og:site_name\" content=\"Cuadra Agrado\" \/>\n<meta property=\"article:published_time\" content=\"2018-09-03T15:34:17+00:00\" \/>\n<meta property=\"article:modified_time\" content=\"2024-02-27T09:30:04+00:00\" \/>\n<meta name=\"author\" content=\"Miguel Redondo\" \/>\n<meta name=\"twitter:card\" content=\"summary_large_image\" \/>\n<meta name=\"twitter:creator\" content=\"@AGRADOracing\" \/>\n<meta name=\"twitter:site\" content=\"@AGRADOracing\" \/>\n<meta name=\"twitter:label1\" content=\"Escrito por\" \/>\n\t<meta name=\"twitter:data1\" content=\"Miguel Redondo\" \/>\n\t<meta name=\"twitter:label2\" content=\"Tiempo de lectura\" \/>\n\t<meta name=\"twitter:data2\" content=\"5 minutos\" \/>\n<script type=\"application\/ld+json\" class=\"yoast-schema-graph\">{\"@context\":\"https:\\\/\\\/schema.org\",\"@graph\":[{\"@type\":\"Article\",\"@id\":\"https:\\\/\\\/cuadra-agrado.es\\\/?p=4578#article\",\"isPartOf\":{\"@id\":\"https:\\\/\\\/cuadra-agrado.es\\\/?p=4578\"},\"author\":{\"name\":\"Miguel Redondo\",\"@id\":\"https:\\\/\\\/cuadra-agrado.es\\\/#\\\/schema\\\/person\\\/3aa4f8d2373cf756d93a5526bc72f31b\"},\"headline\":\"Broche final para Rany\u00e1n en todo un GPSS\",\"datePublished\":\"2018-09-03T15:34:17+00:00\",\"dateModified\":\"2024-02-27T09:30:04+00:00\",\"mainEntityOfPage\":{\"@id\":\"https:\\\/\\\/cuadra-agrado.es\\\/?p=4578\"},\"wordCount\":1014,\"image\":{\"@id\":\"https:\\\/\\\/cuadra-agrado.es\\\/?p=4578#primaryimage\"},\"thumbnailUrl\":\"\",\"articleSection\":[\"Actualidad\"],\"inLanguage\":\"es\"},{\"@type\":\"WebPage\",\"@id\":\"https:\\\/\\\/cuadra-agrado.es\\\/?p=4578\",\"url\":\"https:\\\/\\\/cuadra-agrado.es\\\/?p=4578\",\"name\":\"Broche final para Rany\u00e1n en todo un GPSS - Cuadra Agrado\",\"isPartOf\":{\"@id\":\"https:\\\/\\\/cuadra-agrado.es\\\/#website\"},\"primaryImageOfPage\":{\"@id\":\"https:\\\/\\\/cuadra-agrado.es\\\/?p=4578#primaryimage\"},\"image\":{\"@id\":\"https:\\\/\\\/cuadra-agrado.es\\\/?p=4578#primaryimage\"},\"thumbnailUrl\":\"\",\"datePublished\":\"2018-09-03T15:34:17+00:00\",\"dateModified\":\"2024-02-27T09:30:04+00:00\",\"author\":{\"@id\":\"https:\\\/\\\/cuadra-agrado.es\\\/#\\\/schema\\\/person\\\/3aa4f8d2373cf756d93a5526bc72f31b\"},\"breadcrumb\":{\"@id\":\"https:\\\/\\\/cuadra-agrado.es\\\/?p=4578#breadcrumb\"},\"inLanguage\":\"es\",\"potentialAction\":[{\"@type\":\"ReadAction\",\"target\":[\"https:\\\/\\\/cuadra-agrado.es\\\/?p=4578\"]}]},{\"@type\":\"ImageObject\",\"inLanguage\":\"es\",\"@id\":\"https:\\\/\\\/cuadra-agrado.es\\\/?p=4578#primaryimage\",\"url\":\"\",\"contentUrl\":\"\"},{\"@type\":\"BreadcrumbList\",\"@id\":\"https:\\\/\\\/cuadra-agrado.es\\\/?p=4578#breadcrumb\",\"itemListElement\":[{\"@type\":\"ListItem\",\"position\":1,\"name\":\"Portada\",\"item\":\"https:\\\/\\\/cuadra-agrado.es\\\/\"},{\"@type\":\"ListItem\",\"position\":2,\"name\":\"Broche final para Rany\u00e1n en todo un GPSS\"}]},{\"@type\":\"WebSite\",\"@id\":\"https:\\\/\\\/cuadra-agrado.es\\\/#website\",\"url\":\"https:\\\/\\\/cuadra-agrado.es\\\/\",\"name\":\"Cuadra Agrado\",\"description\":\"En el mundo del Turf desde 2008\",\"potentialAction\":[{\"@type\":\"SearchAction\",\"target\":{\"@type\":\"EntryPoint\",\"urlTemplate\":\"https:\\\/\\\/cuadra-agrado.es\\\/?s={search_term_string}\"},\"query-input\":{\"@type\":\"PropertyValueSpecification\",\"valueRequired\":true,\"valueName\":\"search_term_string\"}}],\"inLanguage\":\"es\"},{\"@type\":\"Person\",\"@id\":\"https:\\\/\\\/cuadra-agrado.es\\\/#\\\/schema\\\/person\\\/3aa4f8d2373cf756d93a5526bc72f31b\",\"name\":\"Miguel Redondo\",\"image\":{\"@type\":\"ImageObject\",\"inLanguage\":\"es\",\"@id\":\"https:\\\/\\\/secure.gravatar.com\\\/avatar\\\/85704fceb4fa34017e3c1344d182da00dbf772fb8856ba2b7726a2df926415b4?s=96&d=mm&r=g\",\"url\":\"https:\\\/\\\/secure.gravatar.com\\\/avatar\\\/85704fceb4fa34017e3c1344d182da00dbf772fb8856ba2b7726a2df926415b4?s=96&d=mm&r=g\",\"contentUrl\":\"https:\\\/\\\/secure.gravatar.com\\\/avatar\\\/85704fceb4fa34017e3c1344d182da00dbf772fb8856ba2b7726a2df926415b4?s=96&d=mm&r=g\",\"caption\":\"Miguel Redondo\"},\"sameAs\":[\"https:\\\/\\\/cuadra-agrado.es\"],\"url\":\"https:\\\/\\\/cuadra-agrado.es\\\/?author=5\"}]}<\/script>\n<!-- \/ Yoast SEO plugin. -->","yoast_head_json":{"title":"Broche final para Rany\u00e1n en todo un GPSS - Cuadra Agrado","robots":{"index":"index","follow":"follow","max-snippet":"max-snippet:-1","max-image-preview":"max-image-preview:large","max-video-preview":"max-video-preview:-1"},"canonical":"https:\/\/cuadra-agrado.es\/?p=4578","og_locale":"es_ES","og_type":"article","og_title":"Broche final para Rany\u00e1n en todo un GPSS - Cuadra Agrado","og_description":"Cumpliendo sin fisuras con su particular programa de verano, el eterno \u201cRany\u00e1n\u201d disputar\u00e1 este pr\u00f3ximo s\u00e1bado en el Hip\u00f3dromo donostiarra de Lasarte su primer, y posiblemente su \u00faltimo Gran Premio de San Sebasti\u00e1n. Desde comienzos de a\u00f1o, ten\u00edamos se\u00f1alado en \u201cnegrita\u201d este d\u00eda en el calendario, para cumplir nuestro sue\u00f1o de ver disputar este Gran [&hellip;]","og_url":"https:\/\/cuadra-agrado.es\/?p=4578","og_site_name":"Cuadra Agrado","article_published_time":"2018-09-03T15:34:17+00:00","article_modified_time":"2024-02-27T09:30:04+00:00","author":"Miguel Redondo","twitter_card":"summary_large_image","twitter_creator":"@AGRADOracing","twitter_site":"@AGRADOracing","twitter_misc":{"Escrito por":"Miguel Redondo","Tiempo de lectura":"5 minutos"},"schema":{"@context":"https:\/\/schema.org","@graph":[{"@type":"Article","@id":"https:\/\/cuadra-agrado.es\/?p=4578#article","isPartOf":{"@id":"https:\/\/cuadra-agrado.es\/?p=4578"},"author":{"name":"Miguel Redondo","@id":"https:\/\/cuadra-agrado.es\/#\/schema\/person\/3aa4f8d2373cf756d93a5526bc72f31b"},"headline":"Broche final para Rany\u00e1n en todo un GPSS","datePublished":"2018-09-03T15:34:17+00:00","dateModified":"2024-02-27T09:30:04+00:00","mainEntityOfPage":{"@id":"https:\/\/cuadra-agrado.es\/?p=4578"},"wordCount":1014,"image":{"@id":"https:\/\/cuadra-agrado.es\/?p=4578#primaryimage"},"thumbnailUrl":"","articleSection":["Actualidad"],"inLanguage":"es"},{"@type":"WebPage","@id":"https:\/\/cuadra-agrado.es\/?p=4578","url":"https:\/\/cuadra-agrado.es\/?p=4578","name":"Broche final para Rany\u00e1n en todo un GPSS - Cuadra Agrado","isPartOf":{"@id":"https:\/\/cuadra-agrado.es\/#website"},"primaryImageOfPage":{"@id":"https:\/\/cuadra-agrado.es\/?p=4578#primaryimage"},"image":{"@id":"https:\/\/cuadra-agrado.es\/?p=4578#primaryimage"},"thumbnailUrl":"","datePublished":"2018-09-03T15:34:17+00:00","dateModified":"2024-02-27T09:30:04+00:00","author":{"@id":"https:\/\/cuadra-agrado.es\/#\/schema\/person\/3aa4f8d2373cf756d93a5526bc72f31b"},"breadcrumb":{"@id":"https:\/\/cuadra-agrado.es\/?p=4578#breadcrumb"},"inLanguage":"es","potentialAction":[{"@type":"ReadAction","target":["https:\/\/cuadra-agrado.es\/?p=4578"]}]},{"@type":"ImageObject","inLanguage":"es","@id":"https:\/\/cuadra-agrado.es\/?p=4578#primaryimage","url":"","contentUrl":""},{"@type":"BreadcrumbList","@id":"https:\/\/cuadra-agrado.es\/?p=4578#breadcrumb","itemListElement":[{"@type":"ListItem","position":1,"name":"Portada","item":"https:\/\/cuadra-agrado.es\/"},{"@type":"ListItem","position":2,"name":"Broche final para Rany\u00e1n en todo un GPSS"}]},{"@type":"WebSite","@id":"https:\/\/cuadra-agrado.es\/#website","url":"https:\/\/cuadra-agrado.es\/","name":"Cuadra Agrado","description":"En el mundo del Turf desde 2008","potentialAction":[{"@type":"SearchAction","target":{"@type":"EntryPoint","urlTemplate":"https:\/\/cuadra-agrado.es\/?s={search_term_string}"},"query-input":{"@type":"PropertyValueSpecification","valueRequired":true,"valueName":"search_term_string"}}],"inLanguage":"es"},{"@type":"Person","@id":"https:\/\/cuadra-agrado.es\/#\/schema\/person\/3aa4f8d2373cf756d93a5526bc72f31b","name":"Miguel Redondo","image":{"@type":"ImageObject","inLanguage":"es","@id":"https:\/\/secure.gravatar.com\/avatar\/85704fceb4fa34017e3c1344d182da00dbf772fb8856ba2b7726a2df926415b4?s=96&d=mm&r=g","url":"https:\/\/secure.gravatar.com\/avatar\/85704fceb4fa34017e3c1344d182da00dbf772fb8856ba2b7726a2df926415b4?s=96&d=mm&r=g","contentUrl":"https:\/\/secure.gravatar.com\/avatar\/85704fceb4fa34017e3c1344d182da00dbf772fb8856ba2b7726a2df926415b4?s=96&d=mm&r=g","caption":"Miguel Redondo"},"sameAs":["https:\/\/cuadra-agrado.es"],"url":"https:\/\/cuadra-agrado.es\/?author=5"}]}},"_links":{"self":[{"href":"https:\/\/cuadra-agrado.es\/index.php?rest_route=\/wp\/v2\/posts\/4578","targetHints":{"allow":["GET"]}}],"collection":[{"href":"https:\/\/cuadra-agrado.es\/index.php?rest_route=\/wp\/v2\/posts"}],"about":[{"href":"https:\/\/cuadra-agrado.es\/index.php?rest_route=\/wp\/v2\/types\/post"}],"author":[{"embeddable":true,"href":"https:\/\/cuadra-agrado.es\/index.php?rest_route=\/wp\/v2\/users\/5"}],"replies":[{"embeddable":true,"href":"https:\/\/cuadra-agrado.es\/index.php?rest_route=%2Fwp%2Fv2%2Fcomments&post=4578"}],"version-history":[{"count":0,"href":"https:\/\/cuadra-agrado.es\/index.php?rest_route=\/wp\/v2\/posts\/4578\/revisions"}],"wp:featuredmedia":[{"embeddable":true,"href":"https:\/\/cuadra-agrado.es\/index.php?rest_route=\/"}],"wp:attachment":[{"href":"https:\/\/cuadra-agrado.es\/index.php?rest_route=%2Fwp%2Fv2%2Fmedia&parent=4578"}],"wp:term":[{"taxonomy":"category","embeddable":true,"href":"https:\/\/cuadra-agrado.es\/index.php?rest_route=%2Fwp%2Fv2%2Fcategories&post=4578"},{"taxonomy":"post_tag","embeddable":true,"href":"https:\/\/cuadra-agrado.es\/index.php?rest_route=%2Fwp%2Fv2%2Ftags&post=4578"}],"curies":[{"name":"wp","href":"https:\/\/api.w.org\/{rel}","templated":true}]}}