{"id":4541,"date":"2018-07-30T10:20:30","date_gmt":"2018-07-30T09:20:30","guid":{"rendered":"https:\/\/cuadra-agrado.es\/?p=4541"},"modified":"2024-02-27T09:30:05","modified_gmt":"2024-02-27T09:30:05","slug":"buen-tercero-ranyan-muchos-contratiempos","status":"publish","type":"post","link":"https:\/\/cuadra-agrado.es\/?p=4541","title":{"rendered":"Buen tercero para Rany\u00e1n aun con muchos contratiempos&#8230;.."},"content":{"rendered":"<p style=\"text-align: justify;\"><a href=\"http:\/\/cuadra-agrado.es\/wp-content\/uploads\/2018\/07\/IMG_0370.jpg\" target=\"_blank\" rel=\"noopener noreferrer\"><img loading=\"lazy\" decoding=\"async\" class=\"alignleft wp-image-4542\" src=\"http:\/\/cuadra-agrado.es\/wp-content\/uploads\/2018\/07\/IMG_0370-918x1024.jpg\" alt=\"\" width=\"539\" height=\"601\" \/><\/a>Otro bonito fin de semana familiar el que pudimos disfrutar en esas verdes tierras vascas, con excelente gastronom\u00eda y muy agradable ambiente, y que dimos por concluido en la tarde del domingo en ese legendario hip\u00f3dromo de Lasarte, para disfrutar de nuevo con\u00a0<strong>\u00abRany\u00e1n\u00bb<\/strong>, en esta su segunda visita del a\u00f1o al norte.<br \/>\nLo intent\u00f3 como siempre el \u201cviejo\u201d, poniendo todo el coraz\u00f3n y casta en la pista, pero esta vez \u201csolo\u201d pudo ser tercero. Y decimos solo, porque este gladiador nos ten\u00eda ya muy mal acostumbrados, y contaba por victorias sus \u00faltimas cuatro actuaciones en esa pista desde el pasado verano. Aun as\u00ed, sigue manteniendo ese dif\u00edcil reto personal de no caerse del tr\u00edo en todas sus salidas que ha disputado en esa pista talism\u00e1n desde que era un potrillo.<\/p>\n<p style=\"text-align: justify;\">Complicada carrera la que tuvo el \u201cGladiador de Donostia\u201d en esta nueva salida donde lo pas\u00f3 realmente mal desde el mismo golpe de cajones. Ya en la primera parte del recorrido, su fiel escudero Borja, tuvo que moverlo m\u00e1s de lo habitual para seguir la grupa del puntero <strong>\u201cAlaraz\u201d,<\/strong> que puso la carrera muy dura desde cajones. Al \u201cEterno Gladiador\u201d, que le saquen de paso con la edad que tiene, no le gusta demasiado y seguro as\u00ed se lo hizo saber en recinto de ganadores al de Claret, cuando cruz\u00f3 alguna mirada con \u00e9l.<br \/>\nSu objetivo ayer era mantenerse cerca de su enemigo en pista, y as\u00ed le exigi\u00f3 Fayos durante toda la recta de enfrente. Cualquier otro caballo con tantos metros exigido le hubiera pasado una enorme factura al final del recorrido, pero el coraz\u00f3n que tiene este caballo est\u00e1 fuera de toda duda. Se acercaba la selectiva curva de<em> \u201cBugati\u201d<\/em> y el segundo problema se le avecinaba al \u201cviejo\u201d. <strong>\u201cPoti\u201d<\/strong> intent\u00f3 disputarle la segunda plaza, y \u201c<strong>Ranyan\u201d<\/strong> tuvo que acelerar a\u00fan m\u00e1s el ritmo lo que le priv\u00f3 de un necesitado alivio a esas alturas de la prueba. <strong>\u201cAlaraz\u201d<\/strong> aprovecha la distancia que llevaba con el resto y se toma un buen respiro que aprovecha <strong>\u201cPoti\u201d<\/strong> para pasar a comandar la prueba.<strong> \u201cRany\u00e1n\u201d<\/strong> es de nuevo exigido y se empieza a agobiar, est\u00e1 inc\u00f3modo y ya son muchos metros de exigencia, pero se acerca el momento de la lucha y Borja lo vuelve a solicitar. Tercer contratiempo, ya muy cansado, da un par de tropiezos por el interior de la curva y le hace perder acci\u00f3n en el repecho que enfila la recta, momento que aprovecha de nuevo\u00a0<strong>\u201cAlar\u00e1z\u201d<\/strong> para volver a coger la punta por carril exterior, al que se suma \u201c<strong>London Calling\u201d<\/strong> que hab\u00eda estado guardando fuerzas durante gran parte del recorrido. A 300 metros del poste de meta Borja saca la fusta para exigir todav\u00eda un poco m\u00e1s a<strong> \u201cRany\u00e1n\u201d<\/strong> que saca fuerzas ya del segundo coraz\u00f3n que tiene guardado de reserva, y aunque su progresi\u00f3n le hace recortar cuerpos, le falta distancia para llegar a ellos y Borja con buen criterio decide poner punto y final a la agon\u00eda y bajar los brazos en los \u00faltimos 50 metros. <strong>\u201cAlaraz\u201d<\/strong> pasa primero por el poste de meta despu\u00e9s de una bonita lucha con un soberbio <strong>\u201cLondon Calling\u201d<\/strong> que le plant\u00f3 cara hasta el mismo poste de meta. Felicitaciones al ganador que plante\u00f3 excelentemente bien la carrera poniendo un ritmo muy alto, d\u00e1ndose un respiro en la curva y midiendo perfecta esa distancia de los 2.000 metros. Simplemente magistral recorrido del checo, y magistral el planteamiento de Arizcorreta para deshacerse en primer lugar de su enemigo \u00abRanyan\u00bb y posteriormente en lucha tit\u00e1nica, del acecho de \u00abLondon Calling\u00bb. Enhorabuena tambi\u00e9n a los grandes amigos de \u201cCuadra Enalto\u201d y a todos sus responsables por ese merecid\u00edsimo segundo en liza de un enorme<strong>\u00a0\u201cLondon Calling\u201d<\/strong>, que en apenas mes y medio, ha pasado de disputar H\u00e1ndicaps con valor 35, a superar el umbral 40 que le permite pasar a esa selectiva primera divisi\u00f3n de nuestro turf y acometer retos de mayor entidad.<\/p>\n<p style=\"text-align: justify;\">En cuanto a <strong>\u201cRany\u00e1n\u201d<\/strong>, acostumbrados a ganar, quiz\u00e1s nos supo a poco ese tercero, pero nos sentimos muy orgullosos de volver ver el enorme coraz\u00f3n que tiene este hijo de <strong>\u201cGold Away\u201d<\/strong> y las ganas que todav\u00eda mantiene el \u201cviejo\u201d por competir a sus casi 10 a\u00f1os. Ayer, los astros se desalinearon para ir en su contra con muchos contratiempos en apenas dos minutos. Al complicado recorrido que tuvo, hay que a\u00f1adir que nos faltaron un par de d\u00edas de lluvias previas, que no terminaron de llegar como hubi\u00e9ramos querido, y que dejaron un terreno no demasiado a favor. El traspi\u00e9 de la \u00faltima curva dinamit\u00f3 su opci\u00f3n de mantener esa distancia con los punteros. Nos dec\u00eda \u201cBorja\u201d al final de la prueba que sin duda fue la peor curva tomada por <strong>\u201cRanyan\u201d<\/strong> de todas sus carreras disputadas en Lasarte, y eso es muy significativo\u2026.. El h\u00e1ndicap de la distancia tambi\u00e9n influy\u00f3 de manera acuciante. Anticip\u00e1bamos en la previa que se nos pod\u00eda hacer muy corta, teniendo en cuenta que en esa distancia de<em> \u201cmilla larga\u201d<\/em>, nuestros buenos rivales en pista se adaptar\u00edan mucho mejor, pero aun con todo los contratiempos sufridos, el \u201cviejo\u201d volvi\u00f3 a dar la cara y pasar de nuevo por medallero, aun tambi\u00e9n con ese top de escala en su montura.<\/p>\n<p style=\"text-align: justify;\">Por supuesto, mantenemos el programa marcado para \u00e9l en este verano, y si todo va en buena lid, lo volveremos a ver en la disputa de todo un Gran Premio de San Sebasti\u00e1n el pr\u00f3ximo mes de septiembre con muchos m\u00e1s metros por delante, donde se adaptar\u00e1 infinitamente mejor, y esperemos tambi\u00e9n que con una pista mucho m\u00e1s a su favor para esa \u00e9poca del a\u00f1o donde el verano comienza a despedirse.<\/p>\n<p style=\"text-align: justify;\">Para terminar, queremos agradecer el enorme esfuerzo que mantuvo nuestro jockey \u201cBorja Fayos\u201d durante todo el recorrido para llevarle en volandas hasta los \u00faltimos metros. Muchas veces un tercer puesto no resalta el trabajo de un jockey, pero verle bracear durante todo el recorrido y mantener la confianza plena en el caballo hasta el mismo poste de meta, aun con muchos elementos en contra, es digno de alabanza y de agradecimiento.<\/p>\n<p style=\"text-align: justify;\">De nuevo, mil gracias equipo, y enhorabuena por esa medalla de bronce. Lo mejor sin duda, est\u00e1 por llegar\u2026. Nos quedan dos grandes premios este verano para disfrutar.<strong> \u00abBarbarigo\u00bb<\/strong> en todo un Gobierno Vasco y de nuevo<strong> \u00abRany\u00e1n\u00bb<\/strong> en el Gran Premio de San Sebastian. Vamos a por ellos!!!<\/p>\n<hr \/>\n<p style=\"text-align: justify;\">\n<!-- AddThis Advanced Settings generic via filter on the_content --><!-- AddThis Share Buttons generic via filter on the_content -->","protected":false},"excerpt":{"rendered":"<p>Otro bonito fin de semana familiar el que pudimos disfrutar en esas verdes tierras vascas, con excelente gastronom\u00eda y muy agradable ambiente, y que dimos por concluido en la tarde del domingo en ese legendario hip\u00f3dromo de Lasarte, para disfrutar de nuevo con\u00a0\u00abRany\u00e1n\u00bb, en esta su segunda visita del a\u00f1o al norte. Lo intent\u00f3 como [&hellip;]<!-- AddThis Advanced Settings generic via filter on get_the_excerpt --><!-- AddThis Share Buttons generic via filter on get_the_excerpt --><\/p>\n","protected":false},"author":5,"featured_media":4542,"comment_status":"closed","ping_status":"closed","sticky":false,"template":"","format":"standard","meta":{"_acf_changed":false,"_et_pb_use_builder":"","_et_pb_old_content":"","_et_gb_content_width":"","footnotes":""},"categories":[3],"tags":[],"class_list":["post-4541","post","type-post","status-publish","format-standard","has-post-thumbnail","hentry","category-noticias-cuadra-agrado"],"acf":[],"yoast_head":"<!-- This site is optimized with the Yoast SEO plugin v27.4 - https:\/\/yoast.com\/product\/yoast-seo-wordpress\/ -->\n<title>Buen tercero para Rany\u00e1n aun con muchos contratiempos..... - Cuadra Agrado<\/title>\n<meta name=\"robots\" content=\"index, follow, max-snippet:-1, max-image-preview:large, max-video-preview:-1\" \/>\n<link rel=\"canonical\" href=\"https:\/\/cuadra-agrado.es\/?p=4541\" \/>\n<meta property=\"og:locale\" content=\"es_ES\" \/>\n<meta property=\"og:type\" content=\"article\" \/>\n<meta property=\"og:title\" content=\"Buen tercero para Rany\u00e1n aun con muchos contratiempos..... - Cuadra Agrado\" \/>\n<meta property=\"og:description\" content=\"Otro bonito fin de semana familiar el que pudimos disfrutar en esas verdes tierras vascas, con excelente gastronom\u00eda y muy agradable ambiente, y que dimos por concluido en la tarde del domingo en ese legendario hip\u00f3dromo de Lasarte, para disfrutar de nuevo con\u00a0\u00abRany\u00e1n\u00bb, en esta su segunda visita del a\u00f1o al norte. Lo intent\u00f3 como [&hellip;]\" \/>\n<meta property=\"og:url\" content=\"https:\/\/cuadra-agrado.es\/?p=4541\" \/>\n<meta property=\"og:site_name\" content=\"Cuadra Agrado\" \/>\n<meta property=\"article:published_time\" content=\"2018-07-30T09:20:30+00:00\" \/>\n<meta property=\"article:modified_time\" content=\"2024-02-27T09:30:05+00:00\" \/>\n<meta name=\"author\" content=\"Miguel Redondo\" \/>\n<meta name=\"twitter:card\" content=\"summary_large_image\" \/>\n<meta name=\"twitter:creator\" content=\"@AGRADOracing\" \/>\n<meta name=\"twitter:site\" content=\"@AGRADOracing\" \/>\n<meta name=\"twitter:label1\" content=\"Escrito por\" \/>\n\t<meta name=\"twitter:data1\" content=\"Miguel Redondo\" \/>\n\t<meta name=\"twitter:label2\" content=\"Tiempo de lectura\" \/>\n\t<meta name=\"twitter:data2\" content=\"6 minutos\" \/>\n<script type=\"application\/ld+json\" class=\"yoast-schema-graph\">{\"@context\":\"https:\\\/\\\/schema.org\",\"@graph\":[{\"@type\":\"Article\",\"@id\":\"https:\\\/\\\/cuadra-agrado.es\\\/?p=4541#article\",\"isPartOf\":{\"@id\":\"https:\\\/\\\/cuadra-agrado.es\\\/?p=4541\"},\"author\":{\"name\":\"Miguel Redondo\",\"@id\":\"https:\\\/\\\/cuadra-agrado.es\\\/#\\\/schema\\\/person\\\/3aa4f8d2373cf756d93a5526bc72f31b\"},\"headline\":\"Buen tercero para Rany\u00e1n aun con muchos contratiempos&#8230;..\",\"datePublished\":\"2018-07-30T09:20:30+00:00\",\"dateModified\":\"2024-02-27T09:30:05+00:00\",\"mainEntityOfPage\":{\"@id\":\"https:\\\/\\\/cuadra-agrado.es\\\/?p=4541\"},\"wordCount\":1118,\"image\":{\"@id\":\"https:\\\/\\\/cuadra-agrado.es\\\/?p=4541#primaryimage\"},\"thumbnailUrl\":\"\",\"articleSection\":[\"Actualidad\"],\"inLanguage\":\"es\"},{\"@type\":\"WebPage\",\"@id\":\"https:\\\/\\\/cuadra-agrado.es\\\/?p=4541\",\"url\":\"https:\\\/\\\/cuadra-agrado.es\\\/?p=4541\",\"name\":\"Buen tercero para Rany\u00e1n aun con muchos contratiempos..... - Cuadra Agrado\",\"isPartOf\":{\"@id\":\"https:\\\/\\\/cuadra-agrado.es\\\/#website\"},\"primaryImageOfPage\":{\"@id\":\"https:\\\/\\\/cuadra-agrado.es\\\/?p=4541#primaryimage\"},\"image\":{\"@id\":\"https:\\\/\\\/cuadra-agrado.es\\\/?p=4541#primaryimage\"},\"thumbnailUrl\":\"\",\"datePublished\":\"2018-07-30T09:20:30+00:00\",\"dateModified\":\"2024-02-27T09:30:05+00:00\",\"author\":{\"@id\":\"https:\\\/\\\/cuadra-agrado.es\\\/#\\\/schema\\\/person\\\/3aa4f8d2373cf756d93a5526bc72f31b\"},\"breadcrumb\":{\"@id\":\"https:\\\/\\\/cuadra-agrado.es\\\/?p=4541#breadcrumb\"},\"inLanguage\":\"es\",\"potentialAction\":[{\"@type\":\"ReadAction\",\"target\":[\"https:\\\/\\\/cuadra-agrado.es\\\/?p=4541\"]}]},{\"@type\":\"ImageObject\",\"inLanguage\":\"es\",\"@id\":\"https:\\\/\\\/cuadra-agrado.es\\\/?p=4541#primaryimage\",\"url\":\"\",\"contentUrl\":\"\"},{\"@type\":\"BreadcrumbList\",\"@id\":\"https:\\\/\\\/cuadra-agrado.es\\\/?p=4541#breadcrumb\",\"itemListElement\":[{\"@type\":\"ListItem\",\"position\":1,\"name\":\"Portada\",\"item\":\"https:\\\/\\\/cuadra-agrado.es\\\/\"},{\"@type\":\"ListItem\",\"position\":2,\"name\":\"Buen tercero para Rany\u00e1n aun con muchos contratiempos&#8230;..\"}]},{\"@type\":\"WebSite\",\"@id\":\"https:\\\/\\\/cuadra-agrado.es\\\/#website\",\"url\":\"https:\\\/\\\/cuadra-agrado.es\\\/\",\"name\":\"Cuadra Agrado\",\"description\":\"En el mundo del Turf desde 2008\",\"potentialAction\":[{\"@type\":\"SearchAction\",\"target\":{\"@type\":\"EntryPoint\",\"urlTemplate\":\"https:\\\/\\\/cuadra-agrado.es\\\/?s={search_term_string}\"},\"query-input\":{\"@type\":\"PropertyValueSpecification\",\"valueRequired\":true,\"valueName\":\"search_term_string\"}}],\"inLanguage\":\"es\"},{\"@type\":\"Person\",\"@id\":\"https:\\\/\\\/cuadra-agrado.es\\\/#\\\/schema\\\/person\\\/3aa4f8d2373cf756d93a5526bc72f31b\",\"name\":\"Miguel Redondo\",\"image\":{\"@type\":\"ImageObject\",\"inLanguage\":\"es\",\"@id\":\"https:\\\/\\\/secure.gravatar.com\\\/avatar\\\/85704fceb4fa34017e3c1344d182da00dbf772fb8856ba2b7726a2df926415b4?s=96&d=mm&r=g\",\"url\":\"https:\\\/\\\/secure.gravatar.com\\\/avatar\\\/85704fceb4fa34017e3c1344d182da00dbf772fb8856ba2b7726a2df926415b4?s=96&d=mm&r=g\",\"contentUrl\":\"https:\\\/\\\/secure.gravatar.com\\\/avatar\\\/85704fceb4fa34017e3c1344d182da00dbf772fb8856ba2b7726a2df926415b4?s=96&d=mm&r=g\",\"caption\":\"Miguel Redondo\"},\"sameAs\":[\"https:\\\/\\\/cuadra-agrado.es\"],\"url\":\"https:\\\/\\\/cuadra-agrado.es\\\/?author=5\"}]}<\/script>\n<!-- \/ Yoast SEO plugin. -->","yoast_head_json":{"title":"Buen tercero para Rany\u00e1n aun con muchos contratiempos..... - Cuadra Agrado","robots":{"index":"index","follow":"follow","max-snippet":"max-snippet:-1","max-image-preview":"max-image-preview:large","max-video-preview":"max-video-preview:-1"},"canonical":"https:\/\/cuadra-agrado.es\/?p=4541","og_locale":"es_ES","og_type":"article","og_title":"Buen tercero para Rany\u00e1n aun con muchos contratiempos..... - Cuadra Agrado","og_description":"Otro bonito fin de semana familiar el que pudimos disfrutar en esas verdes tierras vascas, con excelente gastronom\u00eda y muy agradable ambiente, y que dimos por concluido en la tarde del domingo en ese legendario hip\u00f3dromo de Lasarte, para disfrutar de nuevo con\u00a0\u00abRany\u00e1n\u00bb, en esta su segunda visita del a\u00f1o al norte. Lo intent\u00f3 como [&hellip;]","og_url":"https:\/\/cuadra-agrado.es\/?p=4541","og_site_name":"Cuadra Agrado","article_published_time":"2018-07-30T09:20:30+00:00","article_modified_time":"2024-02-27T09:30:05+00:00","author":"Miguel Redondo","twitter_card":"summary_large_image","twitter_creator":"@AGRADOracing","twitter_site":"@AGRADOracing","twitter_misc":{"Escrito por":"Miguel Redondo","Tiempo de lectura":"6 minutos"},"schema":{"@context":"https:\/\/schema.org","@graph":[{"@type":"Article","@id":"https:\/\/cuadra-agrado.es\/?p=4541#article","isPartOf":{"@id":"https:\/\/cuadra-agrado.es\/?p=4541"},"author":{"name":"Miguel Redondo","@id":"https:\/\/cuadra-agrado.es\/#\/schema\/person\/3aa4f8d2373cf756d93a5526bc72f31b"},"headline":"Buen tercero para Rany\u00e1n aun con muchos contratiempos&#8230;..","datePublished":"2018-07-30T09:20:30+00:00","dateModified":"2024-02-27T09:30:05+00:00","mainEntityOfPage":{"@id":"https:\/\/cuadra-agrado.es\/?p=4541"},"wordCount":1118,"image":{"@id":"https:\/\/cuadra-agrado.es\/?p=4541#primaryimage"},"thumbnailUrl":"","articleSection":["Actualidad"],"inLanguage":"es"},{"@type":"WebPage","@id":"https:\/\/cuadra-agrado.es\/?p=4541","url":"https:\/\/cuadra-agrado.es\/?p=4541","name":"Buen tercero para Rany\u00e1n aun con muchos contratiempos..... - Cuadra Agrado","isPartOf":{"@id":"https:\/\/cuadra-agrado.es\/#website"},"primaryImageOfPage":{"@id":"https:\/\/cuadra-agrado.es\/?p=4541#primaryimage"},"image":{"@id":"https:\/\/cuadra-agrado.es\/?p=4541#primaryimage"},"thumbnailUrl":"","datePublished":"2018-07-30T09:20:30+00:00","dateModified":"2024-02-27T09:30:05+00:00","author":{"@id":"https:\/\/cuadra-agrado.es\/#\/schema\/person\/3aa4f8d2373cf756d93a5526bc72f31b"},"breadcrumb":{"@id":"https:\/\/cuadra-agrado.es\/?p=4541#breadcrumb"},"inLanguage":"es","potentialAction":[{"@type":"ReadAction","target":["https:\/\/cuadra-agrado.es\/?p=4541"]}]},{"@type":"ImageObject","inLanguage":"es","@id":"https:\/\/cuadra-agrado.es\/?p=4541#primaryimage","url":"","contentUrl":""},{"@type":"BreadcrumbList","@id":"https:\/\/cuadra-agrado.es\/?p=4541#breadcrumb","itemListElement":[{"@type":"ListItem","position":1,"name":"Portada","item":"https:\/\/cuadra-agrado.es\/"},{"@type":"ListItem","position":2,"name":"Buen tercero para Rany\u00e1n aun con muchos contratiempos&#8230;.."}]},{"@type":"WebSite","@id":"https:\/\/cuadra-agrado.es\/#website","url":"https:\/\/cuadra-agrado.es\/","name":"Cuadra Agrado","description":"En el mundo del Turf desde 2008","potentialAction":[{"@type":"SearchAction","target":{"@type":"EntryPoint","urlTemplate":"https:\/\/cuadra-agrado.es\/?s={search_term_string}"},"query-input":{"@type":"PropertyValueSpecification","valueRequired":true,"valueName":"search_term_string"}}],"inLanguage":"es"},{"@type":"Person","@id":"https:\/\/cuadra-agrado.es\/#\/schema\/person\/3aa4f8d2373cf756d93a5526bc72f31b","name":"Miguel Redondo","image":{"@type":"ImageObject","inLanguage":"es","@id":"https:\/\/secure.gravatar.com\/avatar\/85704fceb4fa34017e3c1344d182da00dbf772fb8856ba2b7726a2df926415b4?s=96&d=mm&r=g","url":"https:\/\/secure.gravatar.com\/avatar\/85704fceb4fa34017e3c1344d182da00dbf772fb8856ba2b7726a2df926415b4?s=96&d=mm&r=g","contentUrl":"https:\/\/secure.gravatar.com\/avatar\/85704fceb4fa34017e3c1344d182da00dbf772fb8856ba2b7726a2df926415b4?s=96&d=mm&r=g","caption":"Miguel Redondo"},"sameAs":["https:\/\/cuadra-agrado.es"],"url":"https:\/\/cuadra-agrado.es\/?author=5"}]}},"_links":{"self":[{"href":"https:\/\/cuadra-agrado.es\/index.php?rest_route=\/wp\/v2\/posts\/4541","targetHints":{"allow":["GET"]}}],"collection":[{"href":"https:\/\/cuadra-agrado.es\/index.php?rest_route=\/wp\/v2\/posts"}],"about":[{"href":"https:\/\/cuadra-agrado.es\/index.php?rest_route=\/wp\/v2\/types\/post"}],"author":[{"embeddable":true,"href":"https:\/\/cuadra-agrado.es\/index.php?rest_route=\/wp\/v2\/users\/5"}],"replies":[{"embeddable":true,"href":"https:\/\/cuadra-agrado.es\/index.php?rest_route=%2Fwp%2Fv2%2Fcomments&post=4541"}],"version-history":[{"count":0,"href":"https:\/\/cuadra-agrado.es\/index.php?rest_route=\/wp\/v2\/posts\/4541\/revisions"}],"wp:featuredmedia":[{"embeddable":true,"href":"https:\/\/cuadra-agrado.es\/index.php?rest_route=\/"}],"wp:attachment":[{"href":"https:\/\/cuadra-agrado.es\/index.php?rest_route=%2Fwp%2Fv2%2Fmedia&parent=4541"}],"wp:term":[{"taxonomy":"category","embeddable":true,"href":"https:\/\/cuadra-agrado.es\/index.php?rest_route=%2Fwp%2Fv2%2Fcategories&post=4541"},{"taxonomy":"post_tag","embeddable":true,"href":"https:\/\/cuadra-agrado.es\/index.php?rest_route=%2Fwp%2Fv2%2Ftags&post=4541"}],"curies":[{"name":"wp","href":"https:\/\/api.w.org\/{rel}","templated":true}]}}