{"id":4494,"date":"2018-07-06T10:18:39","date_gmt":"2018-07-06T09:18:39","guid":{"rendered":"https:\/\/cuadra-agrado.es\/?p=4494"},"modified":"2024-02-27T09:30:06","modified_gmt":"2024-02-27T09:30:06","slug":"barbarigo-confirma-favoritismo-la-noche","status":"publish","type":"post","link":"https:\/\/cuadra-agrado.es\/?p=4494","title":{"rendered":"Barbarigo confirma favoritismo en la noche"},"content":{"rendered":"<div id=\"attachment_4495\" style=\"width: 673px\" class=\"wp-caption alignleft\"><a href=\"http:\/\/cuadra-agrado.es\/wp-content\/uploads\/2018\/07\/barbarigo-Ruben.jpg\" target=\"_blank\" rel=\"noopener noreferrer\"><img loading=\"lazy\" decoding=\"async\" aria-describedby=\"caption-attachment-4495\" class=\"wp-image-4495\" src=\"http:\/\/cuadra-agrado.es\/wp-content\/uploads\/2018\/07\/barbarigo-Ruben-1024x683.jpg\" alt=\"\" width=\"663\" height=\"442\"><\/a><p id=\"caption-attachment-4495\" class=\"wp-caption-text\">Preciosa foto que parece hecha en estudio de Salva Maroto<\/p><\/div>\n<p style=\"text-align: justify;\">Primera noche de verano en el hip\u00f3dromo de la Zarzuela, y primera victoria del a\u00f1o para <strong>\u201cBarbarigo\u201d<\/strong>&nbsp;(sexta en competici\u00f3n) que cumpli\u00f3 su objetivo sin m\u00e1s, y pas\u00f3 nuevamente por ganadores con la monta del joven gentleman Rub\u00e9n Maroto, que logr\u00f3 al mismo tiempo su primera victoria en competici\u00f3n batiendo el r\u00e9cord de la pista madrile\u00f1a sobre la distancia, que databa desde 1.990, con un crono de 1\u00b445&#8243;74.<\/p>\n<p style=\"text-align: justify;\">Ya adelant\u00e1bamos en nuestra cr\u00f3nica que el favoritismo en las carreras de caballos no son nada f\u00e1ciles de confirmar despu\u00e9s en pista, y mucho m\u00e1s en superficies y horarios distintos a los habituales para un caballo, aunque ajustadamente al final, se cumpli\u00f3 con el prop\u00f3sito inicial de encontrar esa merecida victoria que buscaba en el a\u00f1o, y lo m\u00e1s importante, colmarse de esa moral necesaria para afrontar pr\u00f3ximos retos.<\/p>\n<p style=\"text-align: justify;\">La carrera pasaba por llevar la punta, seleccionar el ritmo y buscar el cambio de ritmo en los \u00faltimos furlones, ordenes claras y a priori sencillas de poder cumplir, pero un osado y valiente grupo de j\u00f3venes jockeys sacaron sus armas ya desde la primera curva para conquistar territorio. <strong>\u201cDiboy\u201d<\/strong> cogi\u00f3 la punta desde cajones y <strong>\u201cBarbarigo\u201d<\/strong> sigui\u00f3 su grupa hasta la curva donde comenz\u00f3 la primera batalla entre <strong>\u201cPiquio\u201d<\/strong> y <strong>\u201cCosta Esmeralda\u201d<\/strong>. Rub\u00e9n Maroto, nuestro gentleman de casa, con algo m\u00e1s de experiencia que algunos de los j\u00f3venes guerreros permaneci\u00f3 tranquilo, pero fue rebasado por ambos. Aunque el desarrollo de la carrera se hab\u00eda trastocado muy r\u00e1pidamente, mantuvo la calma en tercera posici\u00f3n durante la recta de enfrente sin exigir al caballo y, llegada a la \u00faltima curva, puso una marcha m\u00e1s para posicionarse en la lucha final, consciente de que la \u00faltima recta en la pista de arena es mucho m\u00e1s corta. En el poste de los 300,<strong> \u00abBarbarigo\u00bb<\/strong> se puso al frente de la prueba y Rub\u00e9n comenz\u00f3 su braceo para llevarle hasta el poste de meta evitando el empleo de fusta. Al final, apretada lucha por el exterior con<strong> \u201cLuray\u00e1n\u201d<\/strong> que se aprovech\u00f3 de un tranquilo recorrido y esos 4 kilos de plomo para hacer gemela, completando el tr\u00edo<strong> \u201cPiquio\u201d,<\/strong> que fue conducido por el debutante y jovenc\u00edsimo gentleman Luis Urbano, de solo 14 a\u00f1os, heredero de una estirpe turfera hist\u00f3rica en nuestro pa\u00eds, como es la familia Urbano. Enhorabuena \u00abLuisete\u00bb, como cari\u00f1osamente te llaman tus cercanos, y por ende para toda la gran familia Urbano por ese bonito debut con merecida medalla.<\/p>\n<p style=\"text-align: justify;\">Bonita y emotiva prueba de j\u00f3venes gentlemen y amazonas donde nos alegra enormemente haber sido participes de esa primera victoria de Rub\u00e9n Maroto en competici\u00f3n, que sigui\u00f3 las \u00f3rdenes del prepa \u2013 siempre es bueno obedecer a pap\u00e1 -, y adem\u00e1s tuvo cabeza para improvisar durante un complejo recorrido que no estaba preconcebido. De la misma forma que nos agradeci\u00f3 la monta como todo un gran gentleman, le agradecemos su trabajo y su saber estar encima de un caballo de carreras y le felicitamos por ello. La primera victoria para un gentleman es algo que quedar\u00e1 en el recuerdo para el resto de su vida, y en ese sentido nos sentimos afortunados por ser parte protagonista de la efem\u00e9ride. Much\u00edsimas gracias, nuestra m\u00e1s sincera enhorabuena y que sea la primera de muchas m\u00e1s!!!<br \/>\nA partir de ahora, y con esta inyecci\u00f3n de moral que necesitaba el caballo, continuamos con nuestro objetivo predefinido para afrontar nuevos e importantes retos como es nuestra participaci\u00f3n en el Gran Premio Gobierno Vasco 2018. Somos conscientes que hay que dar algo m\u00e1s que lo demostrado ayer para poder tener esas opciones de lucha en esa prueba de entidad, pero estamos convencidos que el caballo ha iniciado desde ayer una nueva l\u00ednea ascendente que le llevar\u00e1 a luchar pruebas de relevante nivel, como es todo un Gran Premio de la milla donostiarra. Tenemos m\u00e1s de un mes por delante de trabajo, y sin preparatoria, iremos&nbsp;directos a ese Gran Premio si la suerte nos acompa\u00f1a de aqu\u00ed al 12 de agosto\u2026.<\/p>\n<p style=\"text-align: justify;\"><a href=\"http:\/\/cuadra-agrado.es\/wp-content\/uploads\/2018\/07\/IMG_0316-1.jpg\" target=\"_blank\" rel=\"noopener noreferrer\"><img loading=\"lazy\" decoding=\"async\" class=\"alignleft wp-image-4504 \" src=\"http:\/\/cuadra-agrado.es\/wp-content\/uploads\/2018\/07\/IMG_0316-1.jpg\" alt=\"\" width=\"179\" height=\"238\"><\/a>Para finalizar, nos gustar\u00eda tambi\u00e9n agradecer a la familia de Anita Slikker el haberse desplazado hasta el Hip\u00f3dromo de Madrid para estar presente en el homenaje a su madre, y recibir de manos de su hija un bonito y original trofeo que ya reposa en nuestra vitrina con el n\u00famero 36.<br \/>\nHa sido un verdadero placer conoceros. Os esperamos nuevamente el pr\u00f3ximo a\u00f1o.<\/p>\n<p style=\"text-align: justify;\">La cara amarga de la noche desgraciadamente la volvi\u00f3 a dar<strong> \u201cCaribean Blue<\/strong>\u201d. Cotizaba a la baja en taquillas y, junto con los buenos trabajos matutinos que estaba realizando, eran elementos para confiar en ella, pero la yegua ya hab\u00eda demostrado varias veces que no era mucho de fiar, y finalmente nos volvi\u00f3 a ofrecer un angustioso recorrido fuera de paso, y ya sin ninguna opci\u00f3n antes de la \u00faltima curva, por mucho que Borja Fayos se desviviera empujando. Lleg\u00f3 lamentablemente su fin en la competici\u00f3n, al menos con nuestros colores, lo intentamos encarecidamente con ella probando en diferentes distancias, superficies, horarios, brincas, veterinarios, etc\u2026 pero no hubo forma de sacar m\u00e1s que un m\u00ednimo apunte en su anterior que no repiti\u00f3 en esta. El pr\u00f3ximo lunes viajar\u00e1 a la yeguada para disfrutar de otra forma de vida en el prado, y all\u00ed esperar\u00e1 su incierto futuro. &nbsp;Poco m\u00e1s que decir, solamente agradecer el trabajo de todo el equipo durante los casi dos a\u00f1os que ha estado en el patio, y que desgraciadamente no ha tenido ninguna recompensa.<br \/>\nDesde ya, en busca de nuevas ilusiones\u2026.<\/p>\n<hr>\n<p style=\"text-align: justify;\">&nbsp;<\/p>\n<!-- AddThis Advanced Settings generic via filter on the_content --><!-- AddThis Share Buttons generic via filter on the_content -->","protected":false},"excerpt":{"rendered":"<p>Primera noche de verano en el hip\u00f3dromo de la Zarzuela, y primera victoria del a\u00f1o para \u201cBarbarigo\u201d&nbsp;(sexta en competici\u00f3n) que cumpli\u00f3 su objetivo sin m\u00e1s, y pas\u00f3 nuevamente por ganadores con la monta del joven gentleman Rub\u00e9n Maroto, que logr\u00f3 al mismo tiempo su primera victoria en competici\u00f3n batiendo el r\u00e9cord de la pista madrile\u00f1a [&hellip;]<!-- AddThis Advanced Settings generic via filter on get_the_excerpt --><!-- AddThis Share Buttons generic via filter on get_the_excerpt --><\/p>\n","protected":false},"author":5,"featured_media":4495,"comment_status":"closed","ping_status":"closed","sticky":false,"template":"","format":"standard","meta":{"_acf_changed":false,"_et_pb_use_builder":"","_et_pb_old_content":"","_et_gb_content_width":"","footnotes":""},"categories":[3],"tags":[],"class_list":["post-4494","post","type-post","status-publish","format-standard","has-post-thumbnail","hentry","category-noticias-cuadra-agrado"],"acf":[],"yoast_head":"<!-- This site is optimized with the Yoast SEO plugin v27.4 - https:\/\/yoast.com\/product\/yoast-seo-wordpress\/ -->\n<title>Barbarigo confirma favoritismo en la noche - Cuadra Agrado<\/title>\n<meta name=\"robots\" content=\"index, follow, max-snippet:-1, max-image-preview:large, max-video-preview:-1\" \/>\n<link rel=\"canonical\" href=\"https:\/\/cuadra-agrado.es\/?p=4494\" \/>\n<meta property=\"og:locale\" content=\"es_ES\" \/>\n<meta property=\"og:type\" content=\"article\" \/>\n<meta property=\"og:title\" content=\"Barbarigo confirma favoritismo en la noche - Cuadra Agrado\" \/>\n<meta property=\"og:description\" content=\"Primera noche de verano en el hip\u00f3dromo de la Zarzuela, y primera victoria del a\u00f1o para \u201cBarbarigo\u201d&nbsp;(sexta en competici\u00f3n) que cumpli\u00f3 su objetivo sin m\u00e1s, y pas\u00f3 nuevamente por ganadores con la monta del joven gentleman Rub\u00e9n Maroto, que logr\u00f3 al mismo tiempo su primera victoria en competici\u00f3n batiendo el r\u00e9cord de la pista madrile\u00f1a [&hellip;]\" \/>\n<meta property=\"og:url\" content=\"https:\/\/cuadra-agrado.es\/?p=4494\" \/>\n<meta property=\"og:site_name\" content=\"Cuadra Agrado\" \/>\n<meta property=\"article:published_time\" content=\"2018-07-06T09:18:39+00:00\" \/>\n<meta property=\"article:modified_time\" content=\"2024-02-27T09:30:06+00:00\" \/>\n<meta name=\"author\" content=\"Miguel Redondo\" \/>\n<meta name=\"twitter:card\" content=\"summary_large_image\" \/>\n<meta name=\"twitter:creator\" content=\"@AGRADOracing\" \/>\n<meta name=\"twitter:site\" content=\"@AGRADOracing\" \/>\n<meta name=\"twitter:label1\" content=\"Escrito por\" \/>\n\t<meta name=\"twitter:data1\" content=\"Miguel Redondo\" \/>\n\t<meta name=\"twitter:label2\" content=\"Tiempo de lectura\" \/>\n\t<meta name=\"twitter:data2\" content=\"5 minutos\" \/>\n<script type=\"application\/ld+json\" class=\"yoast-schema-graph\">{\"@context\":\"https:\\\/\\\/schema.org\",\"@graph\":[{\"@type\":\"Article\",\"@id\":\"https:\\\/\\\/cuadra-agrado.es\\\/?p=4494#article\",\"isPartOf\":{\"@id\":\"https:\\\/\\\/cuadra-agrado.es\\\/?p=4494\"},\"author\":{\"name\":\"Miguel Redondo\",\"@id\":\"https:\\\/\\\/cuadra-agrado.es\\\/#\\\/schema\\\/person\\\/3aa4f8d2373cf756d93a5526bc72f31b\"},\"headline\":\"Barbarigo confirma favoritismo en la noche\",\"datePublished\":\"2018-07-06T09:18:39+00:00\",\"dateModified\":\"2024-02-27T09:30:06+00:00\",\"mainEntityOfPage\":{\"@id\":\"https:\\\/\\\/cuadra-agrado.es\\\/?p=4494\"},\"wordCount\":987,\"image\":{\"@id\":\"https:\\\/\\\/cuadra-agrado.es\\\/?p=4494#primaryimage\"},\"thumbnailUrl\":\"\",\"articleSection\":[\"Actualidad\"],\"inLanguage\":\"es\"},{\"@type\":\"WebPage\",\"@id\":\"https:\\\/\\\/cuadra-agrado.es\\\/?p=4494\",\"url\":\"https:\\\/\\\/cuadra-agrado.es\\\/?p=4494\",\"name\":\"Barbarigo confirma favoritismo en la noche - Cuadra Agrado\",\"isPartOf\":{\"@id\":\"https:\\\/\\\/cuadra-agrado.es\\\/#website\"},\"primaryImageOfPage\":{\"@id\":\"https:\\\/\\\/cuadra-agrado.es\\\/?p=4494#primaryimage\"},\"image\":{\"@id\":\"https:\\\/\\\/cuadra-agrado.es\\\/?p=4494#primaryimage\"},\"thumbnailUrl\":\"\",\"datePublished\":\"2018-07-06T09:18:39+00:00\",\"dateModified\":\"2024-02-27T09:30:06+00:00\",\"author\":{\"@id\":\"https:\\\/\\\/cuadra-agrado.es\\\/#\\\/schema\\\/person\\\/3aa4f8d2373cf756d93a5526bc72f31b\"},\"breadcrumb\":{\"@id\":\"https:\\\/\\\/cuadra-agrado.es\\\/?p=4494#breadcrumb\"},\"inLanguage\":\"es\",\"potentialAction\":[{\"@type\":\"ReadAction\",\"target\":[\"https:\\\/\\\/cuadra-agrado.es\\\/?p=4494\"]}]},{\"@type\":\"ImageObject\",\"inLanguage\":\"es\",\"@id\":\"https:\\\/\\\/cuadra-agrado.es\\\/?p=4494#primaryimage\",\"url\":\"\",\"contentUrl\":\"\"},{\"@type\":\"BreadcrumbList\",\"@id\":\"https:\\\/\\\/cuadra-agrado.es\\\/?p=4494#breadcrumb\",\"itemListElement\":[{\"@type\":\"ListItem\",\"position\":1,\"name\":\"Portada\",\"item\":\"https:\\\/\\\/cuadra-agrado.es\\\/\"},{\"@type\":\"ListItem\",\"position\":2,\"name\":\"Barbarigo confirma favoritismo en la noche\"}]},{\"@type\":\"WebSite\",\"@id\":\"https:\\\/\\\/cuadra-agrado.es\\\/#website\",\"url\":\"https:\\\/\\\/cuadra-agrado.es\\\/\",\"name\":\"Cuadra Agrado\",\"description\":\"En el mundo del Turf desde 2008\",\"potentialAction\":[{\"@type\":\"SearchAction\",\"target\":{\"@type\":\"EntryPoint\",\"urlTemplate\":\"https:\\\/\\\/cuadra-agrado.es\\\/?s={search_term_string}\"},\"query-input\":{\"@type\":\"PropertyValueSpecification\",\"valueRequired\":true,\"valueName\":\"search_term_string\"}}],\"inLanguage\":\"es\"},{\"@type\":\"Person\",\"@id\":\"https:\\\/\\\/cuadra-agrado.es\\\/#\\\/schema\\\/person\\\/3aa4f8d2373cf756d93a5526bc72f31b\",\"name\":\"Miguel Redondo\",\"image\":{\"@type\":\"ImageObject\",\"inLanguage\":\"es\",\"@id\":\"https:\\\/\\\/secure.gravatar.com\\\/avatar\\\/85704fceb4fa34017e3c1344d182da00dbf772fb8856ba2b7726a2df926415b4?s=96&d=mm&r=g\",\"url\":\"https:\\\/\\\/secure.gravatar.com\\\/avatar\\\/85704fceb4fa34017e3c1344d182da00dbf772fb8856ba2b7726a2df926415b4?s=96&d=mm&r=g\",\"contentUrl\":\"https:\\\/\\\/secure.gravatar.com\\\/avatar\\\/85704fceb4fa34017e3c1344d182da00dbf772fb8856ba2b7726a2df926415b4?s=96&d=mm&r=g\",\"caption\":\"Miguel Redondo\"},\"sameAs\":[\"https:\\\/\\\/cuadra-agrado.es\"],\"url\":\"https:\\\/\\\/cuadra-agrado.es\\\/?author=5\"}]}<\/script>\n<!-- \/ Yoast SEO plugin. -->","yoast_head_json":{"title":"Barbarigo confirma favoritismo en la noche - Cuadra Agrado","robots":{"index":"index","follow":"follow","max-snippet":"max-snippet:-1","max-image-preview":"max-image-preview:large","max-video-preview":"max-video-preview:-1"},"canonical":"https:\/\/cuadra-agrado.es\/?p=4494","og_locale":"es_ES","og_type":"article","og_title":"Barbarigo confirma favoritismo en la noche - Cuadra Agrado","og_description":"Primera noche de verano en el hip\u00f3dromo de la Zarzuela, y primera victoria del a\u00f1o para \u201cBarbarigo\u201d&nbsp;(sexta en competici\u00f3n) que cumpli\u00f3 su objetivo sin m\u00e1s, y pas\u00f3 nuevamente por ganadores con la monta del joven gentleman Rub\u00e9n Maroto, que logr\u00f3 al mismo tiempo su primera victoria en competici\u00f3n batiendo el r\u00e9cord de la pista madrile\u00f1a [&hellip;]","og_url":"https:\/\/cuadra-agrado.es\/?p=4494","og_site_name":"Cuadra Agrado","article_published_time":"2018-07-06T09:18:39+00:00","article_modified_time":"2024-02-27T09:30:06+00:00","author":"Miguel Redondo","twitter_card":"summary_large_image","twitter_creator":"@AGRADOracing","twitter_site":"@AGRADOracing","twitter_misc":{"Escrito por":"Miguel Redondo","Tiempo de lectura":"5 minutos"},"schema":{"@context":"https:\/\/schema.org","@graph":[{"@type":"Article","@id":"https:\/\/cuadra-agrado.es\/?p=4494#article","isPartOf":{"@id":"https:\/\/cuadra-agrado.es\/?p=4494"},"author":{"name":"Miguel Redondo","@id":"https:\/\/cuadra-agrado.es\/#\/schema\/person\/3aa4f8d2373cf756d93a5526bc72f31b"},"headline":"Barbarigo confirma favoritismo en la noche","datePublished":"2018-07-06T09:18:39+00:00","dateModified":"2024-02-27T09:30:06+00:00","mainEntityOfPage":{"@id":"https:\/\/cuadra-agrado.es\/?p=4494"},"wordCount":987,"image":{"@id":"https:\/\/cuadra-agrado.es\/?p=4494#primaryimage"},"thumbnailUrl":"","articleSection":["Actualidad"],"inLanguage":"es"},{"@type":"WebPage","@id":"https:\/\/cuadra-agrado.es\/?p=4494","url":"https:\/\/cuadra-agrado.es\/?p=4494","name":"Barbarigo confirma favoritismo en la noche - Cuadra Agrado","isPartOf":{"@id":"https:\/\/cuadra-agrado.es\/#website"},"primaryImageOfPage":{"@id":"https:\/\/cuadra-agrado.es\/?p=4494#primaryimage"},"image":{"@id":"https:\/\/cuadra-agrado.es\/?p=4494#primaryimage"},"thumbnailUrl":"","datePublished":"2018-07-06T09:18:39+00:00","dateModified":"2024-02-27T09:30:06+00:00","author":{"@id":"https:\/\/cuadra-agrado.es\/#\/schema\/person\/3aa4f8d2373cf756d93a5526bc72f31b"},"breadcrumb":{"@id":"https:\/\/cuadra-agrado.es\/?p=4494#breadcrumb"},"inLanguage":"es","potentialAction":[{"@type":"ReadAction","target":["https:\/\/cuadra-agrado.es\/?p=4494"]}]},{"@type":"ImageObject","inLanguage":"es","@id":"https:\/\/cuadra-agrado.es\/?p=4494#primaryimage","url":"","contentUrl":""},{"@type":"BreadcrumbList","@id":"https:\/\/cuadra-agrado.es\/?p=4494#breadcrumb","itemListElement":[{"@type":"ListItem","position":1,"name":"Portada","item":"https:\/\/cuadra-agrado.es\/"},{"@type":"ListItem","position":2,"name":"Barbarigo confirma favoritismo en la noche"}]},{"@type":"WebSite","@id":"https:\/\/cuadra-agrado.es\/#website","url":"https:\/\/cuadra-agrado.es\/","name":"Cuadra Agrado","description":"En el mundo del Turf desde 2008","potentialAction":[{"@type":"SearchAction","target":{"@type":"EntryPoint","urlTemplate":"https:\/\/cuadra-agrado.es\/?s={search_term_string}"},"query-input":{"@type":"PropertyValueSpecification","valueRequired":true,"valueName":"search_term_string"}}],"inLanguage":"es"},{"@type":"Person","@id":"https:\/\/cuadra-agrado.es\/#\/schema\/person\/3aa4f8d2373cf756d93a5526bc72f31b","name":"Miguel Redondo","image":{"@type":"ImageObject","inLanguage":"es","@id":"https:\/\/secure.gravatar.com\/avatar\/85704fceb4fa34017e3c1344d182da00dbf772fb8856ba2b7726a2df926415b4?s=96&d=mm&r=g","url":"https:\/\/secure.gravatar.com\/avatar\/85704fceb4fa34017e3c1344d182da00dbf772fb8856ba2b7726a2df926415b4?s=96&d=mm&r=g","contentUrl":"https:\/\/secure.gravatar.com\/avatar\/85704fceb4fa34017e3c1344d182da00dbf772fb8856ba2b7726a2df926415b4?s=96&d=mm&r=g","caption":"Miguel Redondo"},"sameAs":["https:\/\/cuadra-agrado.es"],"url":"https:\/\/cuadra-agrado.es\/?author=5"}]}},"_links":{"self":[{"href":"https:\/\/cuadra-agrado.es\/index.php?rest_route=\/wp\/v2\/posts\/4494","targetHints":{"allow":["GET"]}}],"collection":[{"href":"https:\/\/cuadra-agrado.es\/index.php?rest_route=\/wp\/v2\/posts"}],"about":[{"href":"https:\/\/cuadra-agrado.es\/index.php?rest_route=\/wp\/v2\/types\/post"}],"author":[{"embeddable":true,"href":"https:\/\/cuadra-agrado.es\/index.php?rest_route=\/wp\/v2\/users\/5"}],"replies":[{"embeddable":true,"href":"https:\/\/cuadra-agrado.es\/index.php?rest_route=%2Fwp%2Fv2%2Fcomments&post=4494"}],"version-history":[{"count":0,"href":"https:\/\/cuadra-agrado.es\/index.php?rest_route=\/wp\/v2\/posts\/4494\/revisions"}],"wp:featuredmedia":[{"embeddable":true,"href":"https:\/\/cuadra-agrado.es\/index.php?rest_route=\/"}],"wp:attachment":[{"href":"https:\/\/cuadra-agrado.es\/index.php?rest_route=%2Fwp%2Fv2%2Fmedia&parent=4494"}],"wp:term":[{"taxonomy":"category","embeddable":true,"href":"https:\/\/cuadra-agrado.es\/index.php?rest_route=%2Fwp%2Fv2%2Fcategories&post=4494"},{"taxonomy":"post_tag","embeddable":true,"href":"https:\/\/cuadra-agrado.es\/index.php?rest_route=%2Fwp%2Fv2%2Ftags&post=4494"}],"curies":[{"name":"wp","href":"https:\/\/api.w.org\/{rel}","templated":true}]}}