{"id":4479,"date":"2018-07-02T10:49:15","date_gmt":"2018-07-02T09:49:15","guid":{"rendered":"https:\/\/cuadra-agrado.es\/?p=4479"},"modified":"2024-02-27T09:30:06","modified_gmt":"2024-02-27T09:30:06","slug":"barbarigo-caribean-blue-estrenan-la-temporada-veraniega","status":"publish","type":"post","link":"https:\/\/cuadra-agrado.es\/?p=4479","title":{"rendered":"Barbarigo y Caribean Blue estrenan la temporada veraniega"},"content":{"rendered":"<p style=\"text-align: justify;\"><a href=\"http:\/\/cuadra-agrado.es\/wp-content\/uploads\/2017\/10\/barbarigo-victoria-eugenia-e1508251086885.jpg\" target=\"_blank\" rel=\"noopener noreferrer\"><img loading=\"lazy\" decoding=\"async\" class=\"alignleft wp-image-3598\" src=\"http:\/\/cuadra-agrado.es\/wp-content\/uploads\/2017\/10\/barbarigo-victoria-eugenia-e1508251086885-1024x780.jpg\" alt=\"\" width=\"651\" height=\"496\" \/><\/a>Comienza la temporada de verano en el Hip\u00f3dromo de la Zarzuela de Madrid y con ella vuelven las carreras nocturnas bajo los focos de la pista de arena madrile\u00f1a. Las noches de los jueves en el hip\u00f3dromo se han convertido desde hace ya muchas d\u00e9cadas en un espectacular y exclusivo centro de ocio y diversi\u00f3n de nuestra ciudad, contando con el protagonismo de la emoci\u00f3n y la belleza de las carreras de caballos. La calidad de las carreras en esta temporada estival no es comparable al nivel de las pruebas de primavera y oto\u00f1o, y esto se deja sentir en el verdadero aficionado, pero por el contrario, s\u00ed es un buen reclamo para nuevos aficionados que desconocen el turf, y que pueden encontrar en este fastuoso ambiente un buen fundamento para familiarizarse con el apasionante mundo del pura sangre.<\/p>\n<p style=\"text-align: justify;\">La primera jornada se dar\u00e1 cita este pr\u00f3ximo jueves a partir de las 22:15 horas donde nuestra cuadra pondr\u00e1 dos de nuestros efectivos en pista. Inauguraremos la temporada en la primera de la noche con la participaci\u00f3n de <strong>\u201cBarbarigo\u201d<\/strong> en una prueba de gentlemen y amazonas sobre la distancia de 1.700 metros. Nuestro cuatro a\u00f1os, reaparece despu\u00e9s de una mala preparatoria al <em>GP Carudel<\/em> donde todas sus opciones quedaron dinamitadas en un \u201ckamikaze\u201d recorrido que pas\u00f3 factura en la recta final. Despu\u00e9s de esta mala experiencia, busc\u00e1bamos una carrera con opciones de pasar nuevamente por ganadores que nos ayudara a coger moral de cara a la temporada donostiarra. Nuestro <em>\u201cprepa\u201d<\/em> nos pidi\u00f3 permiso para disputar esta prueba menor de no ganadores en el a\u00f1o, consciente que el nivel demostrado por\u00a0<strong>\u201cBarbarigo\u201d<\/strong> muy posiblemente no nos encajara en este tipo de carreras, pero lejos de ponerle un pero, dimos r\u00e1pidamente nuestra aceptaci\u00f3n. Bajamos un par de pelda\u00f1os en el nivel en el que se ha movido <strong>\u201cBarbarigo<\/strong>\u201d durante todo el a\u00f1o, pero ahora, no importa la calidad o la dotaci\u00f3n econ\u00f3mica de la prueba, siendo el \u00fanico y osado objetivo el de ganar y desmentir su \u00faltima mala actuaci\u00f3n para que el caballo se sienta de nuevo ganador.<\/p>\n<p style=\"text-align: justify;\">Las condiciones de la carrera se adaptan muy bien a las condiciones del caballo, lo que nos hace contar con una probabilidad de \u00e9xito considerablemente mayor a sus anteriores de m\u00e1ximo nivel. Pero en el turf, no existen carreras f\u00e1ciles, y tendremos que competir en las mejores condiciones para volver a pasar por ganadores y comenzar de nuevo su ascenso a primera divisi\u00f3n. Con todos los respetos a los dem\u00e1s participantes de la prueba, la carrera deber\u00eda pasar \u00fanicamente por las tres primeras mantillas; el nuestro como top de la escala, junto con caballos tambi\u00e9n de contrastado nivel como <strong>\u201cPiquio\u201d<\/strong> y <strong>\u201cCiriaco\u201d<\/strong> que trataran de aprovechar sus dos kilos de ventaja para conseguir tambi\u00e9n esa primera y ansiada victoria del a\u00f1o.<\/p>\n<p style=\"text-align: justify;\">Reiteramos que somos muy conscientes de la dificultad que siempre supone ganar con un caballo de carreras, cualquier m\u00ednimo incidente puede tirar por tierra todas esas ilusiones, pero las condiciones de la prueba nos invitan a salir a pista con ese total convencimiento. El caballo cuenta con una forma \u00f3ptima, es doble ganador en arena, por tablas tambi\u00e9n deber\u00eda salir como principal favorito con respecto a sus dos m\u00e1ximos rivales, y la distancia se encuentra en la una horquilla donde tambi\u00e9n es doble ganador. Las condiciones de la prueba obligan a contar con un jockey que no haya ganado m\u00e1s de cinco carreras en su vida, y aunque esto podr\u00eda ser el \u00fanico h\u00e1ndicap en contra, tenemos en el mismo patio un joven jinete que conoce a la perfecci\u00f3n al caballo, que cumple esa condici\u00f3n y que con much\u00edsima ilusi\u00f3n acepta el reto. Rub\u00e9n Maroto (hijo de nuestro preparador Juan Luis Maroto) no ha pasado a\u00fan por ganadores, y su ilusi\u00f3n por hacerlo con un caballo como<strong> \u201cBarbarigo\u201d<\/strong> es tan grande, que dudo mucho que pueda dejar escapar esta gran oportunidad de salir de \u201cmaiden\u201d. Confianza plena tambi\u00e9n en la monta. Mucha suerte Rub\u00e9n!! estar\u00edamos encantados de poder compartir contigo ese primer d\u00eda tan especial como jockey.<\/p>\n<p style=\"text-align: justify;\">En la segunda del d\u00eda nos citamos de nuevo con <strong>\u201cCariben Blue\u201d<\/strong>. Esta hija de \u201c<strong>Pour Moi\u201d<\/strong> ha estado en el filo de la navaja para salir de la cuadra en varias ocasiones, pero con su apunte en la \u00faltima, nos pidi\u00f3 una nueva oportunidad de seguir en competici\u00f3n, que ahora concedemos. Ser\u00e1 su segunda actuaci\u00f3n en segunda parte de h\u00e1ndicap y esperamos que ese apunte del \u00faltimo d\u00eda se consolide y podamos ver de nuevo mejor\u00eda en el poste de meta. La yegua ha mejorado mucho en esta \u00faltima etapa de primavera en cuanto a trabajos se refiere, y tambi\u00e9n en aspecto f\u00edsico. Incrementamos un poco la distancia hasta los 1.900 con respecto a su anterior, donde pareci\u00f3 pedir algo m\u00e1s de metros. Es evidente que por todo lo que hemos visto, no las tenemos todas con nosotros, seguimos con dudas fundadas de su aptitud para la competici\u00f3n\u00a0 en el nivel que nos hubiera gustado, pero la \u00fanica forma de despejar esas dudas es empezar desde abajo y situar su techo. Es evidente tambi\u00e9n que una mejor\u00eda, por poco que fuera en esta nueva salida sobre la arena, afianzar\u00eda su continuidad con nosotros para el resto del a\u00f1o. El flamante ganador del Gran Premio de Madrid, Borja Fayos, se sube nuevamente en la silla para tratar de buscar ese alivio.<\/p>\n<p style=\"text-align: justify;\">Mucha suerte equipo y vamos a disfrutar de esa primera noche de verano\u2026.<\/p>\n<hr \/>\n<p style=\"text-align: justify;\">\n<!-- AddThis Advanced Settings generic via filter on the_content --><!-- AddThis Share Buttons generic via filter on the_content -->","protected":false},"excerpt":{"rendered":"<p>Comienza la temporada de verano en el Hip\u00f3dromo de la Zarzuela de Madrid y con ella vuelven las carreras nocturnas bajo los focos de la pista de arena madrile\u00f1a. Las noches de los jueves en el hip\u00f3dromo se han convertido desde hace ya muchas d\u00e9cadas en un espectacular y exclusivo centro de ocio y diversi\u00f3n [&hellip;]<!-- AddThis Advanced Settings generic via filter on get_the_excerpt --><!-- AddThis Share Buttons generic via filter on get_the_excerpt --><\/p>\n","protected":false},"author":5,"featured_media":0,"comment_status":"closed","ping_status":"closed","sticky":false,"template":"","format":"standard","meta":{"_acf_changed":false,"_et_pb_use_builder":"","_et_pb_old_content":"","_et_gb_content_width":"","footnotes":""},"categories":[3],"tags":[],"class_list":["post-4479","post","type-post","status-publish","format-standard","hentry","category-noticias-cuadra-agrado"],"acf":[],"yoast_head":"<!-- This site is optimized with the Yoast SEO plugin v27.4 - https:\/\/yoast.com\/product\/yoast-seo-wordpress\/ -->\n<title>Barbarigo y Caribean Blue estrenan la temporada veraniega - Cuadra Agrado<\/title>\n<meta name=\"robots\" content=\"index, follow, max-snippet:-1, max-image-preview:large, max-video-preview:-1\" \/>\n<link rel=\"canonical\" href=\"https:\/\/cuadra-agrado.es\/?p=4479\" \/>\n<meta property=\"og:locale\" content=\"es_ES\" \/>\n<meta property=\"og:type\" content=\"article\" \/>\n<meta property=\"og:title\" content=\"Barbarigo y Caribean Blue estrenan la temporada veraniega - Cuadra Agrado\" \/>\n<meta property=\"og:description\" content=\"Comienza la temporada de verano en el Hip\u00f3dromo de la Zarzuela de Madrid y con ella vuelven las carreras nocturnas bajo los focos de la pista de arena madrile\u00f1a. Las noches de los jueves en el hip\u00f3dromo se han convertido desde hace ya muchas d\u00e9cadas en un espectacular y exclusivo centro de ocio y diversi\u00f3n [&hellip;]\" \/>\n<meta property=\"og:url\" content=\"https:\/\/cuadra-agrado.es\/?p=4479\" \/>\n<meta property=\"og:site_name\" content=\"Cuadra Agrado\" \/>\n<meta property=\"article:published_time\" content=\"2018-07-02T09:49:15+00:00\" \/>\n<meta property=\"article:modified_time\" content=\"2024-02-27T09:30:06+00:00\" \/>\n<meta property=\"og:image\" content=\"http:\/\/cuadra-agrado.es\/wp-content\/uploads\/2017\/10\/barbarigo-victoria-eugenia-e1508251086885-1024x780.jpg\" \/>\n<meta name=\"author\" content=\"Miguel Redondo\" \/>\n<meta name=\"twitter:card\" content=\"summary_large_image\" \/>\n<meta name=\"twitter:creator\" content=\"@AGRADOracing\" \/>\n<meta name=\"twitter:site\" content=\"@AGRADOracing\" \/>\n<meta name=\"twitter:label1\" content=\"Escrito por\" \/>\n\t<meta name=\"twitter:data1\" content=\"Miguel Redondo\" \/>\n\t<meta name=\"twitter:label2\" content=\"Tiempo de lectura\" \/>\n\t<meta name=\"twitter:data2\" content=\"5 minutos\" \/>\n<script type=\"application\/ld+json\" class=\"yoast-schema-graph\">{\"@context\":\"https:\\\/\\\/schema.org\",\"@graph\":[{\"@type\":\"Article\",\"@id\":\"https:\\\/\\\/cuadra-agrado.es\\\/?p=4479#article\",\"isPartOf\":{\"@id\":\"https:\\\/\\\/cuadra-agrado.es\\\/?p=4479\"},\"author\":{\"name\":\"Miguel Redondo\",\"@id\":\"https:\\\/\\\/cuadra-agrado.es\\\/#\\\/schema\\\/person\\\/3aa4f8d2373cf756d93a5526bc72f31b\"},\"headline\":\"Barbarigo y Caribean Blue estrenan la temporada veraniega\",\"datePublished\":\"2018-07-02T09:49:15+00:00\",\"dateModified\":\"2024-02-27T09:30:06+00:00\",\"mainEntityOfPage\":{\"@id\":\"https:\\\/\\\/cuadra-agrado.es\\\/?p=4479\"},\"wordCount\":975,\"image\":{\"@id\":\"https:\\\/\\\/cuadra-agrado.es\\\/?p=4479#primaryimage\"},\"thumbnailUrl\":\"http:\\\/\\\/cuadra-agrado.es\\\/wp-content\\\/uploads\\\/2017\\\/10\\\/barbarigo-victoria-eugenia-e1508251086885-1024x780.jpg\",\"articleSection\":[\"Actualidad\"],\"inLanguage\":\"es\"},{\"@type\":\"WebPage\",\"@id\":\"https:\\\/\\\/cuadra-agrado.es\\\/?p=4479\",\"url\":\"https:\\\/\\\/cuadra-agrado.es\\\/?p=4479\",\"name\":\"Barbarigo y Caribean Blue estrenan la temporada veraniega - Cuadra Agrado\",\"isPartOf\":{\"@id\":\"https:\\\/\\\/cuadra-agrado.es\\\/#website\"},\"primaryImageOfPage\":{\"@id\":\"https:\\\/\\\/cuadra-agrado.es\\\/?p=4479#primaryimage\"},\"image\":{\"@id\":\"https:\\\/\\\/cuadra-agrado.es\\\/?p=4479#primaryimage\"},\"thumbnailUrl\":\"http:\\\/\\\/cuadra-agrado.es\\\/wp-content\\\/uploads\\\/2017\\\/10\\\/barbarigo-victoria-eugenia-e1508251086885-1024x780.jpg\",\"datePublished\":\"2018-07-02T09:49:15+00:00\",\"dateModified\":\"2024-02-27T09:30:06+00:00\",\"author\":{\"@id\":\"https:\\\/\\\/cuadra-agrado.es\\\/#\\\/schema\\\/person\\\/3aa4f8d2373cf756d93a5526bc72f31b\"},\"breadcrumb\":{\"@id\":\"https:\\\/\\\/cuadra-agrado.es\\\/?p=4479#breadcrumb\"},\"inLanguage\":\"es\",\"potentialAction\":[{\"@type\":\"ReadAction\",\"target\":[\"https:\\\/\\\/cuadra-agrado.es\\\/?p=4479\"]}]},{\"@type\":\"ImageObject\",\"inLanguage\":\"es\",\"@id\":\"https:\\\/\\\/cuadra-agrado.es\\\/?p=4479#primaryimage\",\"url\":\"http:\\\/\\\/cuadra-agrado.es\\\/wp-content\\\/uploads\\\/2017\\\/10\\\/barbarigo-victoria-eugenia-e1508251086885-1024x780.jpg\",\"contentUrl\":\"http:\\\/\\\/cuadra-agrado.es\\\/wp-content\\\/uploads\\\/2017\\\/10\\\/barbarigo-victoria-eugenia-e1508251086885-1024x780.jpg\"},{\"@type\":\"BreadcrumbList\",\"@id\":\"https:\\\/\\\/cuadra-agrado.es\\\/?p=4479#breadcrumb\",\"itemListElement\":[{\"@type\":\"ListItem\",\"position\":1,\"name\":\"Portada\",\"item\":\"https:\\\/\\\/cuadra-agrado.es\\\/\"},{\"@type\":\"ListItem\",\"position\":2,\"name\":\"Barbarigo y Caribean Blue estrenan la temporada veraniega\"}]},{\"@type\":\"WebSite\",\"@id\":\"https:\\\/\\\/cuadra-agrado.es\\\/#website\",\"url\":\"https:\\\/\\\/cuadra-agrado.es\\\/\",\"name\":\"Cuadra Agrado\",\"description\":\"En el mundo del Turf desde 2008\",\"potentialAction\":[{\"@type\":\"SearchAction\",\"target\":{\"@type\":\"EntryPoint\",\"urlTemplate\":\"https:\\\/\\\/cuadra-agrado.es\\\/?s={search_term_string}\"},\"query-input\":{\"@type\":\"PropertyValueSpecification\",\"valueRequired\":true,\"valueName\":\"search_term_string\"}}],\"inLanguage\":\"es\"},{\"@type\":\"Person\",\"@id\":\"https:\\\/\\\/cuadra-agrado.es\\\/#\\\/schema\\\/person\\\/3aa4f8d2373cf756d93a5526bc72f31b\",\"name\":\"Miguel Redondo\",\"image\":{\"@type\":\"ImageObject\",\"inLanguage\":\"es\",\"@id\":\"https:\\\/\\\/secure.gravatar.com\\\/avatar\\\/85704fceb4fa34017e3c1344d182da00dbf772fb8856ba2b7726a2df926415b4?s=96&d=mm&r=g\",\"url\":\"https:\\\/\\\/secure.gravatar.com\\\/avatar\\\/85704fceb4fa34017e3c1344d182da00dbf772fb8856ba2b7726a2df926415b4?s=96&d=mm&r=g\",\"contentUrl\":\"https:\\\/\\\/secure.gravatar.com\\\/avatar\\\/85704fceb4fa34017e3c1344d182da00dbf772fb8856ba2b7726a2df926415b4?s=96&d=mm&r=g\",\"caption\":\"Miguel Redondo\"},\"sameAs\":[\"https:\\\/\\\/cuadra-agrado.es\"],\"url\":\"https:\\\/\\\/cuadra-agrado.es\\\/?author=5\"}]}<\/script>\n<!-- \/ Yoast SEO plugin. -->","yoast_head_json":{"title":"Barbarigo y Caribean Blue estrenan la temporada veraniega - Cuadra Agrado","robots":{"index":"index","follow":"follow","max-snippet":"max-snippet:-1","max-image-preview":"max-image-preview:large","max-video-preview":"max-video-preview:-1"},"canonical":"https:\/\/cuadra-agrado.es\/?p=4479","og_locale":"es_ES","og_type":"article","og_title":"Barbarigo y Caribean Blue estrenan la temporada veraniega - Cuadra Agrado","og_description":"Comienza la temporada de verano en el Hip\u00f3dromo de la Zarzuela de Madrid y con ella vuelven las carreras nocturnas bajo los focos de la pista de arena madrile\u00f1a. Las noches de los jueves en el hip\u00f3dromo se han convertido desde hace ya muchas d\u00e9cadas en un espectacular y exclusivo centro de ocio y diversi\u00f3n [&hellip;]","og_url":"https:\/\/cuadra-agrado.es\/?p=4479","og_site_name":"Cuadra Agrado","article_published_time":"2018-07-02T09:49:15+00:00","article_modified_time":"2024-02-27T09:30:06+00:00","og_image":[{"url":"http:\/\/cuadra-agrado.es\/wp-content\/uploads\/2017\/10\/barbarigo-victoria-eugenia-e1508251086885-1024x780.jpg","type":"","width":"","height":""}],"author":"Miguel Redondo","twitter_card":"summary_large_image","twitter_creator":"@AGRADOracing","twitter_site":"@AGRADOracing","twitter_misc":{"Escrito por":"Miguel Redondo","Tiempo de lectura":"5 minutos"},"schema":{"@context":"https:\/\/schema.org","@graph":[{"@type":"Article","@id":"https:\/\/cuadra-agrado.es\/?p=4479#article","isPartOf":{"@id":"https:\/\/cuadra-agrado.es\/?p=4479"},"author":{"name":"Miguel Redondo","@id":"https:\/\/cuadra-agrado.es\/#\/schema\/person\/3aa4f8d2373cf756d93a5526bc72f31b"},"headline":"Barbarigo y Caribean Blue estrenan la temporada veraniega","datePublished":"2018-07-02T09:49:15+00:00","dateModified":"2024-02-27T09:30:06+00:00","mainEntityOfPage":{"@id":"https:\/\/cuadra-agrado.es\/?p=4479"},"wordCount":975,"image":{"@id":"https:\/\/cuadra-agrado.es\/?p=4479#primaryimage"},"thumbnailUrl":"http:\/\/cuadra-agrado.es\/wp-content\/uploads\/2017\/10\/barbarigo-victoria-eugenia-e1508251086885-1024x780.jpg","articleSection":["Actualidad"],"inLanguage":"es"},{"@type":"WebPage","@id":"https:\/\/cuadra-agrado.es\/?p=4479","url":"https:\/\/cuadra-agrado.es\/?p=4479","name":"Barbarigo y Caribean Blue estrenan la temporada veraniega - Cuadra Agrado","isPartOf":{"@id":"https:\/\/cuadra-agrado.es\/#website"},"primaryImageOfPage":{"@id":"https:\/\/cuadra-agrado.es\/?p=4479#primaryimage"},"image":{"@id":"https:\/\/cuadra-agrado.es\/?p=4479#primaryimage"},"thumbnailUrl":"http:\/\/cuadra-agrado.es\/wp-content\/uploads\/2017\/10\/barbarigo-victoria-eugenia-e1508251086885-1024x780.jpg","datePublished":"2018-07-02T09:49:15+00:00","dateModified":"2024-02-27T09:30:06+00:00","author":{"@id":"https:\/\/cuadra-agrado.es\/#\/schema\/person\/3aa4f8d2373cf756d93a5526bc72f31b"},"breadcrumb":{"@id":"https:\/\/cuadra-agrado.es\/?p=4479#breadcrumb"},"inLanguage":"es","potentialAction":[{"@type":"ReadAction","target":["https:\/\/cuadra-agrado.es\/?p=4479"]}]},{"@type":"ImageObject","inLanguage":"es","@id":"https:\/\/cuadra-agrado.es\/?p=4479#primaryimage","url":"http:\/\/cuadra-agrado.es\/wp-content\/uploads\/2017\/10\/barbarigo-victoria-eugenia-e1508251086885-1024x780.jpg","contentUrl":"http:\/\/cuadra-agrado.es\/wp-content\/uploads\/2017\/10\/barbarigo-victoria-eugenia-e1508251086885-1024x780.jpg"},{"@type":"BreadcrumbList","@id":"https:\/\/cuadra-agrado.es\/?p=4479#breadcrumb","itemListElement":[{"@type":"ListItem","position":1,"name":"Portada","item":"https:\/\/cuadra-agrado.es\/"},{"@type":"ListItem","position":2,"name":"Barbarigo y Caribean Blue estrenan la temporada veraniega"}]},{"@type":"WebSite","@id":"https:\/\/cuadra-agrado.es\/#website","url":"https:\/\/cuadra-agrado.es\/","name":"Cuadra Agrado","description":"En el mundo del Turf desde 2008","potentialAction":[{"@type":"SearchAction","target":{"@type":"EntryPoint","urlTemplate":"https:\/\/cuadra-agrado.es\/?s={search_term_string}"},"query-input":{"@type":"PropertyValueSpecification","valueRequired":true,"valueName":"search_term_string"}}],"inLanguage":"es"},{"@type":"Person","@id":"https:\/\/cuadra-agrado.es\/#\/schema\/person\/3aa4f8d2373cf756d93a5526bc72f31b","name":"Miguel Redondo","image":{"@type":"ImageObject","inLanguage":"es","@id":"https:\/\/secure.gravatar.com\/avatar\/85704fceb4fa34017e3c1344d182da00dbf772fb8856ba2b7726a2df926415b4?s=96&d=mm&r=g","url":"https:\/\/secure.gravatar.com\/avatar\/85704fceb4fa34017e3c1344d182da00dbf772fb8856ba2b7726a2df926415b4?s=96&d=mm&r=g","contentUrl":"https:\/\/secure.gravatar.com\/avatar\/85704fceb4fa34017e3c1344d182da00dbf772fb8856ba2b7726a2df926415b4?s=96&d=mm&r=g","caption":"Miguel Redondo"},"sameAs":["https:\/\/cuadra-agrado.es"],"url":"https:\/\/cuadra-agrado.es\/?author=5"}]}},"_links":{"self":[{"href":"https:\/\/cuadra-agrado.es\/index.php?rest_route=\/wp\/v2\/posts\/4479","targetHints":{"allow":["GET"]}}],"collection":[{"href":"https:\/\/cuadra-agrado.es\/index.php?rest_route=\/wp\/v2\/posts"}],"about":[{"href":"https:\/\/cuadra-agrado.es\/index.php?rest_route=\/wp\/v2\/types\/post"}],"author":[{"embeddable":true,"href":"https:\/\/cuadra-agrado.es\/index.php?rest_route=\/wp\/v2\/users\/5"}],"replies":[{"embeddable":true,"href":"https:\/\/cuadra-agrado.es\/index.php?rest_route=%2Fwp%2Fv2%2Fcomments&post=4479"}],"version-history":[{"count":0,"href":"https:\/\/cuadra-agrado.es\/index.php?rest_route=\/wp\/v2\/posts\/4479\/revisions"}],"wp:attachment":[{"href":"https:\/\/cuadra-agrado.es\/index.php?rest_route=%2Fwp%2Fv2%2Fmedia&parent=4479"}],"wp:term":[{"taxonomy":"category","embeddable":true,"href":"https:\/\/cuadra-agrado.es\/index.php?rest_route=%2Fwp%2Fv2%2Fcategories&post=4479"},{"taxonomy":"post_tag","embeddable":true,"href":"https:\/\/cuadra-agrado.es\/index.php?rest_route=%2Fwp%2Fv2%2Ftags&post=4479"}],"curies":[{"name":"wp","href":"https:\/\/api.w.org\/{rel}","templated":true}]}}