{"id":4460,"date":"2018-06-15T09:33:44","date_gmt":"2018-06-15T08:33:44","guid":{"rendered":"https:\/\/cuadra-agrado.es\/?p=4460"},"modified":"2024-02-27T09:30:07","modified_gmt":"2024-02-27T09:30:07","slug":"ranyan-gladiador-donostia","status":"publish","type":"post","link":"https:\/\/cuadra-agrado.es\/?p=4460","title":{"rendered":"Rany\u00e1n, el eterno gladiador de Donostia&#8230;&#8230;"},"content":{"rendered":"<div id=\"attachment_4461\" style=\"width: 646px\" class=\"wp-caption alignleft\"><a href=\"http:\/\/cuadra-agrado.es\/wp-content\/uploads\/2018\/06\/ranyan2018.jpg\" target=\"_blank\" rel=\"noopener noreferrer\"><img loading=\"lazy\" decoding=\"async\" aria-describedby=\"caption-attachment-4461\" class=\"wp-image-4461\" src=\"http:\/\/cuadra-agrado.es\/wp-content\/uploads\/2018\/06\/ranyan2018-1024x682.jpg\" alt=\"\" width=\"636\" height=\"423\"><\/a><p id=\"caption-attachment-4461\" class=\"wp-caption-text\">Foto de Hip\u00f3dromo de San Sebastian<\/p><\/div>\n<p style=\"text-align: justify;\">No es la primera vez, y muy posiblemente no ser\u00e1 la \u00faltima, que nos quedamos sin calificativos que emplear en nuestro extenso y rico vocabulario castellano para elogiar al gladiador de Donostia. Ayer, volvimos a desplazamos a Lasarte para apostar por otro d\u00eda de esos que te llena de orgullo, y otra vez lo volvi\u00f3 a hacer. Otra vez puso en pie a esos fieles aficionados del norte que tanto le aprecian y admiran, sumando su cuarta victoria consecutiva en aquel hip\u00f3dromo, y completando una m\u00e1s que merecida docena de victorias en su vida de competici\u00f3n.<\/p>\n<p style=\"text-align: justify;\">Volv\u00eda, despu\u00e9s de dos meses sin competir, a su casa de verano del norte, esa que tantas alegr\u00edas y tantos buenos recuerdos le ha ofrecido, y es que los n\u00fameros de<strong> \u201cRany\u00e1n\u201d<\/strong> en esa pista son sencillamente admirables e incontestables con cinco victorias y tres terceros puestos en sus ocho salidas a pista, o lo que es lo mismo, un 100% de efectividad para estar en el tr\u00edo, y nada menos que un 63% de efectividad en victorias. <strong>\u201cRany\u00e1n\u201d<\/strong>, desde peque\u00f1o, buscaba un lugar fresco cuando se acercaba el t\u00f3rrido verano de Madrid, y con solo tres a\u00f1os ya comenz\u00f3 a flirtear y dejarse ver por aquellas verdes tierras. El jard\u00edn de aquella casa era lo que m\u00e1s le llam\u00f3 la atenci\u00f3n desde el principio, hierba de un color verde singular, brillante, suave y mullida, sobretodo eso\u2026. tierra noble y esponjosa que le hac\u00eda galopar por la pista casi levitando\u2026. Nueve a\u00f1os tiene ya ese potrillo y le sigue encantado aquel tranquilo y hermoso lugar rodeado de frondosa vegetaci\u00f3n, donde cada a\u00f1o visita para reencontrase con la gente que le quiere y de paso, traerse otro trofeo. Le sigue encantando el tacto de su pista, el ce\u00f1ido radio de sus curvas, el sonido de la grada, los aplausos de su gente. Ayer, volv\u00eda a su casa de verano y volvi\u00f3 a demostrar c\u00f3mo luchan los aut\u00e9nticos gladiadores en aquellas tierras del norte. Una y otra vez sus rivales tratan de destronarlo, pero \u00faltimamente sus salidas en aquella selectiva pista se cuentan solo por victorias, siendo muy pocos los que han podido ganarle alguna antigua batalla. <strong>\u201cRany\u00e1n\u201d<\/strong> lleva impl\u00edcito en su pura sangre el gen ganador que le hace ser uno de esos referentes de nuestro turf. No importan las condiciones, los kilos que le pongan encima o el valor de sus rivales, esa admirable codicia ganadora le hace sacar recursos del m\u00fasculo m\u00e1s min\u00fasculo de su cuerpo para ponerlo en funcionamiento con el \u00fanico objetivo de volver a ganar. Posiblemente no sea nunca ganador de un Gran Premio de entidad, pero igual de meritorio es ganar doce veces cargado de plomo, a\u00fan con todos los problemas de salud acaecidos durante a\u00f1os, que ganar un grande y dormir en el tiempo&#8230;.<\/p>\n<p style=\"text-align: justify;\">Ayer volv\u00eda a su casa, y en el paddock lo volvimos a ver como siempre, sereno y pl\u00e1cido, mirando a su alrededor como si quisiera saludar a sus queridos paisanos. Sali\u00f3 a pista y volvi\u00f3 a sentir en su primer galope de calentamiento ese agradable tacto en sus manos y pies, y ya se sent\u00eda de nuevo ganador. Salida de cajones y pronto en marcha por carril exterior a la grupa de su ayer temible enemiga <strong>\u201cFuenteesteis\u201d<\/strong>, como la gran favorita que corr\u00eda en casa. Primer paso por meta, la otra local <strong>\u201cArrigunaga\u201d<\/strong> lideraba el lote, y a la grupa de la de Avial, se posicionaba el \u201cviejo\u201d. Mismas posiciones en recta de enfrente descontando metraje para llegar a su curva favorita, esa que selecciona a los gladiadores del norte. <strong>\u201cFuenteesteis\u201d<\/strong> la toma ancha para salirse a calle exterior junto con <strong>\u201cArrigunaga<\/strong>\u201d y con menor radio,<strong>&nbsp;\u00abRany\u00e1n\u00bb<\/strong> selecciona zona intermedia, comienza una nueva batalla. Nuestra sorpresa, que anunci\u00e1bamos en la previa, <strong>\u201cRed Onion\u201d<\/strong>, se suma a la batalla y el otro favorito,<strong> \u201cOreg\u00f3n<\/strong>\u201d, trata de venir en solitario por dentro, pero abandona la lucha est\u00e9ril en una pista muy en su contra. A falta de 300 metros \u201c<strong>Arrigunaga<\/strong>\u201d mantiene la punta y se ve con opciones, <strong>\u201cFuenteesteis\u201d<\/strong> empieza a dar s\u00edntomas de flaqueza, \u00ab<strong>Rany\u00e1n\u00bb<\/strong> continua a su grupa y Borja se da cuenta que tambi\u00e9n le queda poca gasolina al viejo y pasa por su mente la triste posibilidad de tirar la toalla y terminar detr\u00e1s. Su admiraci\u00f3n por este caballo, con el que tantas batallas ha librado es enorme, y no quiere exigirle m\u00e1s de la cuenta, pero el que lleva debajo es <strong>\u201cRany\u00e1n\u201d<\/strong> y merece la pena hacer un \u00faltimo intento por luchar. Lo saca de la grupa de una ya muy movida<strong> \u201cFuenteesteis\u201d<\/strong> por su derecha, un par de palos y le pide el \u00faltimo esfuerzo al gladiador.<strong> Rany\u00e1n<\/strong> ve pista libre y tira de coraje y coraz\u00f3n para pasar y recortar metros a los dos que quedan en lucha. \u201cArrigunaga\u201d termina por ceder en su empuje y solo un valiente <strong>\u201cRed Onion\u201d<\/strong> le tira el guante al gladiador, y este por supuesto, lo recoge y acepta el envite para la lucha final. Ya solo quedan dos en liza y de nuevo el \u00abgladiador de Donostia\u00bb es uno de ellos. Los \u00faltimos 100 metros son dignos de ver y volver a ver, en una lucha tit\u00e1nica de fuerza, coraje y coraz\u00f3n, pero el atrevido ingl\u00e9s, reci\u00e9n llegado a nuestro turf, desconoce que en ese terreno y en ese tipo de batallas <strong>Rany\u00e1n<\/strong> es simplemente inexpugnable y paga su valiente envite en el poste de meta.<\/p>\n<p style=\"text-align: justify;\">La imagen de ese binomio Borja-Rany\u00e1n en fotogramas es puro espect\u00e1culo para el aficionado. Enorme esfuerzo del caballo, que sin la enorme monta de nuestro jockey, seguramente hubiera&nbsp; sido est\u00e9ril. Otra vez de 10 amigo Borja, otra vez disfrutaste de tu fiel caballo y nos mostraste nuevamente tu especial complicidad con el viejo y tus descomunales aptitudes para este bonito espect\u00e1culo tirando de fusta solo cuando hay que hacerlo, para despu\u00e9s tirar de brazos y ri\u00f1ones en los \u00faltimos metros para volver a pasar por ganadores. Sencillamente, espect\u00e1culo puro. Gracias crack y enhorabuena por el doblete!!!<br \/>\nDoce m\u00e1s que merecidas victorias para un eterno e incombustible <strong>\u00abRany\u00e1n\u00bb.<\/strong> Doce motivos de orgullo personal con un caballo que desde hace mucho tiempo nos tiene ganados. Doce apasionantes vivencias que quedar\u00e1n en el recuerdo de por vida y que se sumar\u00e1n a nuestra historia en el turf. Ahora toca descansar, hoy tendr\u00e1 raci\u00f3n doble de zanahorias y largos paseos a la mano, y a partir del lunes, vuelta al trabajo diario para preparar su pr\u00f3xima visita a su casa de verano a finales de julio donde de nuevo le esperan con brazos abiertos.<\/p>\n<p style=\"text-align: justify;\">Terminamos siempre nuestras cr\u00f3nicas con los agradecimientos, y en esta nueva ocasi\u00f3n, queremos dar el primero y el m\u00e1s efusivo de todos a los aficionados donostiarras que volvieron a agradecer y aplaudir su vuelta a su hip\u00f3dromo. Es muy palpable en el ambiente, el respeto y la admiraci\u00f3n que tienen a este noble hijo de<strong> \u201cGold Away\u201d<\/strong> y estamos muy orgullosos de ello, Eskerrik Asko!!! De igual forma, queremos agradecer a todo el resto de aficionados en Espa\u00f1a las numerosas pruebas de afecto, cari\u00f1o y admiraci\u00f3n que hemos recibido a trav\u00e9s delas distintas redes sociales. Y por supuesto, gracias a todo el Equipo por darnos otra m\u00e1s y seguir cuidando con mimo a este \u00abcaballazo\u00bb que es ejemplo de lucha en el patio y en nuestro turf.<\/p>\n<hr>\n<p style=\"text-align: justify;\">&nbsp;<\/p>\n<!-- AddThis Advanced Settings generic via filter on the_content --><!-- AddThis Share Buttons generic via filter on the_content -->","protected":false},"excerpt":{"rendered":"<p>No es la primera vez, y muy posiblemente no ser\u00e1 la \u00faltima, que nos quedamos sin calificativos que emplear en nuestro extenso y rico vocabulario castellano para elogiar al gladiador de Donostia. Ayer, volvimos a desplazamos a Lasarte para apostar por otro d\u00eda de esos que te llena de orgullo, y otra vez lo volvi\u00f3 [&hellip;]<!-- AddThis Advanced Settings generic via filter on get_the_excerpt --><!-- AddThis Share Buttons generic via filter on get_the_excerpt --><\/p>\n","protected":false},"author":5,"featured_media":4461,"comment_status":"closed","ping_status":"closed","sticky":false,"template":"","format":"standard","meta":{"_acf_changed":false,"_et_pb_use_builder":"","_et_pb_old_content":"","_et_gb_content_width":"","footnotes":""},"categories":[3],"tags":[],"class_list":["post-4460","post","type-post","status-publish","format-standard","has-post-thumbnail","hentry","category-noticias-cuadra-agrado"],"acf":[],"yoast_head":"<!-- This site is optimized with the Yoast SEO plugin v27.4 - https:\/\/yoast.com\/product\/yoast-seo-wordpress\/ -->\n<title>Rany\u00e1n, el eterno gladiador de Donostia...... - Cuadra Agrado<\/title>\n<meta name=\"robots\" content=\"index, follow, max-snippet:-1, max-image-preview:large, max-video-preview:-1\" \/>\n<link rel=\"canonical\" href=\"https:\/\/cuadra-agrado.es\/?p=4460\" \/>\n<meta property=\"og:locale\" content=\"es_ES\" \/>\n<meta property=\"og:type\" content=\"article\" \/>\n<meta property=\"og:title\" content=\"Rany\u00e1n, el eterno gladiador de Donostia...... - Cuadra Agrado\" \/>\n<meta property=\"og:description\" content=\"No es la primera vez, y muy posiblemente no ser\u00e1 la \u00faltima, que nos quedamos sin calificativos que emplear en nuestro extenso y rico vocabulario castellano para elogiar al gladiador de Donostia. Ayer, volvimos a desplazamos a Lasarte para apostar por otro d\u00eda de esos que te llena de orgullo, y otra vez lo volvi\u00f3 [&hellip;]\" \/>\n<meta property=\"og:url\" content=\"https:\/\/cuadra-agrado.es\/?p=4460\" \/>\n<meta property=\"og:site_name\" content=\"Cuadra Agrado\" \/>\n<meta property=\"article:published_time\" content=\"2018-06-15T08:33:44+00:00\" \/>\n<meta property=\"article:modified_time\" content=\"2024-02-27T09:30:07+00:00\" \/>\n<meta name=\"author\" content=\"Miguel Redondo\" \/>\n<meta name=\"twitter:card\" content=\"summary_large_image\" \/>\n<meta name=\"twitter:creator\" content=\"@AGRADOracing\" \/>\n<meta name=\"twitter:site\" content=\"@AGRADOracing\" \/>\n<meta name=\"twitter:label1\" content=\"Escrito por\" \/>\n\t<meta name=\"twitter:data1\" content=\"Miguel Redondo\" \/>\n\t<meta name=\"twitter:label2\" content=\"Tiempo de lectura\" \/>\n\t<meta name=\"twitter:data2\" content=\"7 minutos\" \/>\n<script type=\"application\/ld+json\" class=\"yoast-schema-graph\">{\"@context\":\"https:\\\/\\\/schema.org\",\"@graph\":[{\"@type\":\"Article\",\"@id\":\"https:\\\/\\\/cuadra-agrado.es\\\/?p=4460#article\",\"isPartOf\":{\"@id\":\"https:\\\/\\\/cuadra-agrado.es\\\/?p=4460\"},\"author\":{\"name\":\"Miguel Redondo\",\"@id\":\"https:\\\/\\\/cuadra-agrado.es\\\/#\\\/schema\\\/person\\\/3aa4f8d2373cf756d93a5526bc72f31b\"},\"headline\":\"Rany\u00e1n, el eterno gladiador de Donostia&#8230;&#8230;\",\"datePublished\":\"2018-06-15T08:33:44+00:00\",\"dateModified\":\"2024-02-27T09:30:07+00:00\",\"mainEntityOfPage\":{\"@id\":\"https:\\\/\\\/cuadra-agrado.es\\\/?p=4460\"},\"wordCount\":1317,\"image\":{\"@id\":\"https:\\\/\\\/cuadra-agrado.es\\\/?p=4460#primaryimage\"},\"thumbnailUrl\":\"\",\"articleSection\":[\"Actualidad\"],\"inLanguage\":\"es\"},{\"@type\":\"WebPage\",\"@id\":\"https:\\\/\\\/cuadra-agrado.es\\\/?p=4460\",\"url\":\"https:\\\/\\\/cuadra-agrado.es\\\/?p=4460\",\"name\":\"Rany\u00e1n, el eterno gladiador de Donostia...... - Cuadra Agrado\",\"isPartOf\":{\"@id\":\"https:\\\/\\\/cuadra-agrado.es\\\/#website\"},\"primaryImageOfPage\":{\"@id\":\"https:\\\/\\\/cuadra-agrado.es\\\/?p=4460#primaryimage\"},\"image\":{\"@id\":\"https:\\\/\\\/cuadra-agrado.es\\\/?p=4460#primaryimage\"},\"thumbnailUrl\":\"\",\"datePublished\":\"2018-06-15T08:33:44+00:00\",\"dateModified\":\"2024-02-27T09:30:07+00:00\",\"author\":{\"@id\":\"https:\\\/\\\/cuadra-agrado.es\\\/#\\\/schema\\\/person\\\/3aa4f8d2373cf756d93a5526bc72f31b\"},\"breadcrumb\":{\"@id\":\"https:\\\/\\\/cuadra-agrado.es\\\/?p=4460#breadcrumb\"},\"inLanguage\":\"es\",\"potentialAction\":[{\"@type\":\"ReadAction\",\"target\":[\"https:\\\/\\\/cuadra-agrado.es\\\/?p=4460\"]}]},{\"@type\":\"ImageObject\",\"inLanguage\":\"es\",\"@id\":\"https:\\\/\\\/cuadra-agrado.es\\\/?p=4460#primaryimage\",\"url\":\"\",\"contentUrl\":\"\"},{\"@type\":\"BreadcrumbList\",\"@id\":\"https:\\\/\\\/cuadra-agrado.es\\\/?p=4460#breadcrumb\",\"itemListElement\":[{\"@type\":\"ListItem\",\"position\":1,\"name\":\"Portada\",\"item\":\"https:\\\/\\\/cuadra-agrado.es\\\/\"},{\"@type\":\"ListItem\",\"position\":2,\"name\":\"Rany\u00e1n, el eterno gladiador de Donostia&#8230;&#8230;\"}]},{\"@type\":\"WebSite\",\"@id\":\"https:\\\/\\\/cuadra-agrado.es\\\/#website\",\"url\":\"https:\\\/\\\/cuadra-agrado.es\\\/\",\"name\":\"Cuadra Agrado\",\"description\":\"En el mundo del Turf desde 2008\",\"potentialAction\":[{\"@type\":\"SearchAction\",\"target\":{\"@type\":\"EntryPoint\",\"urlTemplate\":\"https:\\\/\\\/cuadra-agrado.es\\\/?s={search_term_string}\"},\"query-input\":{\"@type\":\"PropertyValueSpecification\",\"valueRequired\":true,\"valueName\":\"search_term_string\"}}],\"inLanguage\":\"es\"},{\"@type\":\"Person\",\"@id\":\"https:\\\/\\\/cuadra-agrado.es\\\/#\\\/schema\\\/person\\\/3aa4f8d2373cf756d93a5526bc72f31b\",\"name\":\"Miguel Redondo\",\"image\":{\"@type\":\"ImageObject\",\"inLanguage\":\"es\",\"@id\":\"https:\\\/\\\/secure.gravatar.com\\\/avatar\\\/85704fceb4fa34017e3c1344d182da00dbf772fb8856ba2b7726a2df926415b4?s=96&d=mm&r=g\",\"url\":\"https:\\\/\\\/secure.gravatar.com\\\/avatar\\\/85704fceb4fa34017e3c1344d182da00dbf772fb8856ba2b7726a2df926415b4?s=96&d=mm&r=g\",\"contentUrl\":\"https:\\\/\\\/secure.gravatar.com\\\/avatar\\\/85704fceb4fa34017e3c1344d182da00dbf772fb8856ba2b7726a2df926415b4?s=96&d=mm&r=g\",\"caption\":\"Miguel Redondo\"},\"sameAs\":[\"https:\\\/\\\/cuadra-agrado.es\"],\"url\":\"https:\\\/\\\/cuadra-agrado.es\\\/?author=5\"}]}<\/script>\n<!-- \/ Yoast SEO plugin. -->","yoast_head_json":{"title":"Rany\u00e1n, el eterno gladiador de Donostia...... - Cuadra Agrado","robots":{"index":"index","follow":"follow","max-snippet":"max-snippet:-1","max-image-preview":"max-image-preview:large","max-video-preview":"max-video-preview:-1"},"canonical":"https:\/\/cuadra-agrado.es\/?p=4460","og_locale":"es_ES","og_type":"article","og_title":"Rany\u00e1n, el eterno gladiador de Donostia...... - Cuadra Agrado","og_description":"No es la primera vez, y muy posiblemente no ser\u00e1 la \u00faltima, que nos quedamos sin calificativos que emplear en nuestro extenso y rico vocabulario castellano para elogiar al gladiador de Donostia. Ayer, volvimos a desplazamos a Lasarte para apostar por otro d\u00eda de esos que te llena de orgullo, y otra vez lo volvi\u00f3 [&hellip;]","og_url":"https:\/\/cuadra-agrado.es\/?p=4460","og_site_name":"Cuadra Agrado","article_published_time":"2018-06-15T08:33:44+00:00","article_modified_time":"2024-02-27T09:30:07+00:00","author":"Miguel Redondo","twitter_card":"summary_large_image","twitter_creator":"@AGRADOracing","twitter_site":"@AGRADOracing","twitter_misc":{"Escrito por":"Miguel Redondo","Tiempo de lectura":"7 minutos"},"schema":{"@context":"https:\/\/schema.org","@graph":[{"@type":"Article","@id":"https:\/\/cuadra-agrado.es\/?p=4460#article","isPartOf":{"@id":"https:\/\/cuadra-agrado.es\/?p=4460"},"author":{"name":"Miguel Redondo","@id":"https:\/\/cuadra-agrado.es\/#\/schema\/person\/3aa4f8d2373cf756d93a5526bc72f31b"},"headline":"Rany\u00e1n, el eterno gladiador de Donostia&#8230;&#8230;","datePublished":"2018-06-15T08:33:44+00:00","dateModified":"2024-02-27T09:30:07+00:00","mainEntityOfPage":{"@id":"https:\/\/cuadra-agrado.es\/?p=4460"},"wordCount":1317,"image":{"@id":"https:\/\/cuadra-agrado.es\/?p=4460#primaryimage"},"thumbnailUrl":"","articleSection":["Actualidad"],"inLanguage":"es"},{"@type":"WebPage","@id":"https:\/\/cuadra-agrado.es\/?p=4460","url":"https:\/\/cuadra-agrado.es\/?p=4460","name":"Rany\u00e1n, el eterno gladiador de Donostia...... - Cuadra Agrado","isPartOf":{"@id":"https:\/\/cuadra-agrado.es\/#website"},"primaryImageOfPage":{"@id":"https:\/\/cuadra-agrado.es\/?p=4460#primaryimage"},"image":{"@id":"https:\/\/cuadra-agrado.es\/?p=4460#primaryimage"},"thumbnailUrl":"","datePublished":"2018-06-15T08:33:44+00:00","dateModified":"2024-02-27T09:30:07+00:00","author":{"@id":"https:\/\/cuadra-agrado.es\/#\/schema\/person\/3aa4f8d2373cf756d93a5526bc72f31b"},"breadcrumb":{"@id":"https:\/\/cuadra-agrado.es\/?p=4460#breadcrumb"},"inLanguage":"es","potentialAction":[{"@type":"ReadAction","target":["https:\/\/cuadra-agrado.es\/?p=4460"]}]},{"@type":"ImageObject","inLanguage":"es","@id":"https:\/\/cuadra-agrado.es\/?p=4460#primaryimage","url":"","contentUrl":""},{"@type":"BreadcrumbList","@id":"https:\/\/cuadra-agrado.es\/?p=4460#breadcrumb","itemListElement":[{"@type":"ListItem","position":1,"name":"Portada","item":"https:\/\/cuadra-agrado.es\/"},{"@type":"ListItem","position":2,"name":"Rany\u00e1n, el eterno gladiador de Donostia&#8230;&#8230;"}]},{"@type":"WebSite","@id":"https:\/\/cuadra-agrado.es\/#website","url":"https:\/\/cuadra-agrado.es\/","name":"Cuadra Agrado","description":"En el mundo del Turf desde 2008","potentialAction":[{"@type":"SearchAction","target":{"@type":"EntryPoint","urlTemplate":"https:\/\/cuadra-agrado.es\/?s={search_term_string}"},"query-input":{"@type":"PropertyValueSpecification","valueRequired":true,"valueName":"search_term_string"}}],"inLanguage":"es"},{"@type":"Person","@id":"https:\/\/cuadra-agrado.es\/#\/schema\/person\/3aa4f8d2373cf756d93a5526bc72f31b","name":"Miguel Redondo","image":{"@type":"ImageObject","inLanguage":"es","@id":"https:\/\/secure.gravatar.com\/avatar\/85704fceb4fa34017e3c1344d182da00dbf772fb8856ba2b7726a2df926415b4?s=96&d=mm&r=g","url":"https:\/\/secure.gravatar.com\/avatar\/85704fceb4fa34017e3c1344d182da00dbf772fb8856ba2b7726a2df926415b4?s=96&d=mm&r=g","contentUrl":"https:\/\/secure.gravatar.com\/avatar\/85704fceb4fa34017e3c1344d182da00dbf772fb8856ba2b7726a2df926415b4?s=96&d=mm&r=g","caption":"Miguel Redondo"},"sameAs":["https:\/\/cuadra-agrado.es"],"url":"https:\/\/cuadra-agrado.es\/?author=5"}]}},"_links":{"self":[{"href":"https:\/\/cuadra-agrado.es\/index.php?rest_route=\/wp\/v2\/posts\/4460","targetHints":{"allow":["GET"]}}],"collection":[{"href":"https:\/\/cuadra-agrado.es\/index.php?rest_route=\/wp\/v2\/posts"}],"about":[{"href":"https:\/\/cuadra-agrado.es\/index.php?rest_route=\/wp\/v2\/types\/post"}],"author":[{"embeddable":true,"href":"https:\/\/cuadra-agrado.es\/index.php?rest_route=\/wp\/v2\/users\/5"}],"replies":[{"embeddable":true,"href":"https:\/\/cuadra-agrado.es\/index.php?rest_route=%2Fwp%2Fv2%2Fcomments&post=4460"}],"version-history":[{"count":0,"href":"https:\/\/cuadra-agrado.es\/index.php?rest_route=\/wp\/v2\/posts\/4460\/revisions"}],"wp:featuredmedia":[{"embeddable":true,"href":"https:\/\/cuadra-agrado.es\/index.php?rest_route=\/"}],"wp:attachment":[{"href":"https:\/\/cuadra-agrado.es\/index.php?rest_route=%2Fwp%2Fv2%2Fmedia&parent=4460"}],"wp:term":[{"taxonomy":"category","embeddable":true,"href":"https:\/\/cuadra-agrado.es\/index.php?rest_route=%2Fwp%2Fv2%2Fcategories&post=4460"},{"taxonomy":"post_tag","embeddable":true,"href":"https:\/\/cuadra-agrado.es\/index.php?rest_route=%2Fwp%2Fv2%2Ftags&post=4460"}],"curies":[{"name":"wp","href":"https:\/\/api.w.org\/{rel}","templated":true}]}}