{"id":4435,"date":"2018-05-28T09:57:25","date_gmt":"2018-05-28T08:57:25","guid":{"rendered":"https:\/\/cuadra-agrado.es\/?p=4435"},"modified":"2024-02-27T09:30:07","modified_gmt":"2024-02-27T09:30:07","slug":"nuestra-osadia-ahogo-barbarigo","status":"publish","type":"post","link":"https:\/\/cuadra-agrado.es\/?p=4435","title":{"rendered":"Nuestra osad\u00eda ahog\u00f3 a Barbarigo&#8230;."},"content":{"rendered":"<p style=\"text-align: justify;\"><a href=\"http:\/\/cuadra-agrado.es\/wp-content\/uploads\/2017\/10\/Barbarigo-Nouvel-An.jpg\" target=\"_blank\" rel=\"noopener noreferrer\"><img loading=\"lazy\" decoding=\"async\" class=\"alignleft wp-image-3615\" src=\"http:\/\/cuadra-agrado.es\/wp-content\/uploads\/2017\/10\/Barbarigo-Nouvel-An.jpg\" alt=\"\" width=\"529\" height=\"550\" \/><\/a>Ayer, nos toc\u00f3 vivir otro de esos ingratos d\u00edas que el turf, de vez en cuando, te asigna sin merecerlo. Hoy, se nos hace tremendamente dif\u00edcil dar forma a esta post-cr\u00f3nica. La moral est\u00e1 por los suelos y lo que m\u00e1s apetece es protegernos en el cobarde silencio y dejar pasar la tormenta hasta que el sol haga de nuevo acto de presencia, pero por respeto a esta gran afici\u00f3n y a nuestros seguidores, es necesario encontrar la fuerza suficiente para volver a revivir una amarga jornada para nosotros con nuestro abanderado de cuadra, <strong>\u00abBarbarigo\u00bb.<\/strong><br \/>\nPreparatoria al GP Carudel y \u00faltima escala para llegar a la gran final. El caballo ten\u00eda la forma \u00f3ptima, la monta de garant\u00edas y la moral para disputar esta \u00faltima batalla y presentar sus credenciales al gran premio, pero nuestra osad\u00eda ahog\u00f3 a este m\u00e1s que honrado caballo que, como todos los seres vivos con coraz\u00f3n, tiene un l\u00edmite\u2026 Convencidos estamos que nos equivocamos de estrategia y fuimos demasiado osados y atrevidos para asumir un protagonismo tan innecesario como absurdo. Preparador, monta y tambi\u00e9n nosotros como propietarios, debemos erigirnos como los m\u00e1ximos responsables de una carrera nefasta para los intereses comunes de todo el grupo y aprender de ello para nunca volver a dar una lecci\u00f3n tan ingrata a un caballo que nunca lo mereci\u00f3.<br \/>\nLa carrera se hab\u00eda planteado como todas sus anteriores, y todo pasaba por estar muy cerca de la cabeza a la grupa de Noray o del puntero que asumiera el reto de conducir un espectacular lote de previa a gran premio. \u00a0Sal\u00edamos por caj\u00f3n 9 y eso hac\u00eda estar atento pero, tampoco preocupaba en exceso ya que hab\u00eda demostrado en sus anteriores que era brillante en cajones. En cualquier caso, volvimos a salir excelentemente y Borja toc\u00f3 un par de veces para buscar esas posiciones vanguardistas. R\u00e1pidamente busco a Noray con el rabillo del ojo para seguir su estela, pero el nuestro se vio c\u00f3modo delante del lote y decidi\u00f3 seguir su paso y asumir ese protagonismo de encabezar el lote. Sousa decidi\u00f3 que no quer\u00eda ir a la grupa del nuestro y se puso en paralelo por calle 2 para disputar la punta. Borja en ese momento tuvo dudas de seguir o dejar pasar, pero no pod\u00eda recoger en exceso al caballo y tampoco Sousa dio el paso, por lo que empezaron las hostilidades entre ellos y el consecuente y progresivo desgaste para ambos hasta la salida de la curva. Nos comentaba Borja al t\u00e9rmino de la prueba que existe una \u201cpremisa de respeto\u201d al que va delante, pero el respeto entre estos dos grandes jockeys hace tiempo se perdi\u00f3 en tit\u00e1nicas luchas, muchas de ellas est\u00e9riles a muchos metros de la herradura, y esta vez le toco a \u201cSousa\u201d saltarse esta \u201cm\u00e1xima\u201d entre profesionales. Al igual que les pasara a dos grandes favoritas en el pasado \u201cTeresa\u201d (Castellated- Fuenteesteis) para al a postre quedar \u00faltimas, los dos desgastaron a sus respectivos durante el recorrido, sin darse cuenta que el gran lote que ven\u00eda por detr\u00e1s no eran ni mucho menos cojos. <strong>\u201cNoray\u201d<\/strong> fue el primero en desfallecer a la entrada de la recta, y, aunque el nuestro tir\u00f3 de coraz\u00f3n para tratar de luchar en el poste de los 300, la luz de reserva ya estaba encendida desde hac\u00eda tiempo. Esos \u00faltimos 200 metros con las manos abajo fueron sin duda los m\u00e1s largos del recorrido para nosotros y para el caballo. Al final, los dos pagaron su osad\u00eda para quedar antepen\u00faltimo y \u00faltimo, posiciones que en ning\u00fan caso son admisibles, ni acordes con el demostrado nivel de ambos caballos.<\/p>\n<p style=\"text-align: justify;\">Termin\u00f3 aqu\u00ed nuestro sue\u00f1o de estar presentes en el Gran Premio Carudel y esto supone un enorme mazazo a nuestras ilusiones que tan dulcemente se hab\u00edan forjado en su periplo primaveral sin haberse ca\u00eddo del tr\u00edo en lotes de semejante nivel. Es cierto que lo sucedido en la carrera bien pudiera no ser tomado en cuenta y seguir adelante con el envite, pero hay otro detalle tremendamente importante que debemos contemplar y no es otro que el tremendo palo a nuestra moral, y sobre todo, a la moral del caballo como m\u00e1ximo exponente. Para estar presentes en todo un gran premio no solo necesitas un gran caballo y una forma \u00f3ptima, tambi\u00e9n necesitas llegar en plenitud de moral y esto, desgraciadamente el caballo desde ayer, ya no cuenta con ello. Toca lamerse las heridas, volver al punto de partida, aprender de los errores y buscar nuevos caminos que nos reconduzcan al nivel que el caballo ha merecido, y por supuesto merece. No es f\u00e1cil volver a comenzar el puzzle cuando ya casi lo ten\u00edas completado, pero esta es la idiosincrasia del turf que le hace ser tan grande.<\/p>\n<p style=\"text-align: justify;\">En cualquier caso, por nuestra parte queremos agradecer el trabajo del equipo y de nuestro jockey en esta primera etapa con un magn\u00edfico caballo con el que hemos disfrutado enormemente, y esperar a que ellos mismos, como grandes profesionales que son, nos devuelvan esa ilusi\u00f3n que ayer cruelmente perdimos en apenas minuto y medio.<br \/>\nVamos a por ello y aunque por nuestra parte no estemos sobrados&#8230;.. \u00e1nimo para todos!!!<\/p>\n<!-- AddThis Advanced Settings generic via filter on the_content --><!-- AddThis Share Buttons generic via filter on the_content -->","protected":false},"excerpt":{"rendered":"<p>Ayer, nos toc\u00f3 vivir otro de esos ingratos d\u00edas que el turf, de vez en cuando, te asigna sin merecerlo. Hoy, se nos hace tremendamente dif\u00edcil dar forma a esta post-cr\u00f3nica. La moral est\u00e1 por los suelos y lo que m\u00e1s apetece es protegernos en el cobarde silencio y dejar pasar la tormenta hasta que [&hellip;]<!-- AddThis Advanced Settings generic via filter on get_the_excerpt --><!-- AddThis Share Buttons generic via filter on get_the_excerpt --><\/p>\n","protected":false},"author":5,"featured_media":3615,"comment_status":"closed","ping_status":"closed","sticky":false,"template":"","format":"standard","meta":{"_acf_changed":false,"_et_pb_use_builder":"","_et_pb_old_content":"","_et_gb_content_width":"","footnotes":""},"categories":[3],"tags":[],"class_list":["post-4435","post","type-post","status-publish","format-standard","has-post-thumbnail","hentry","category-noticias-cuadra-agrado"],"acf":[],"yoast_head":"<!-- This site is optimized with the Yoast SEO plugin v27.4 - https:\/\/yoast.com\/product\/yoast-seo-wordpress\/ -->\n<title>Nuestra osad\u00eda ahog\u00f3 a Barbarigo.... - Cuadra Agrado<\/title>\n<meta name=\"robots\" content=\"index, follow, max-snippet:-1, max-image-preview:large, max-video-preview:-1\" \/>\n<link rel=\"canonical\" href=\"https:\/\/cuadra-agrado.es\/?p=4435\" \/>\n<meta property=\"og:locale\" content=\"es_ES\" \/>\n<meta property=\"og:type\" content=\"article\" \/>\n<meta property=\"og:title\" content=\"Nuestra osad\u00eda ahog\u00f3 a Barbarigo.... - Cuadra Agrado\" \/>\n<meta property=\"og:description\" content=\"Ayer, nos toc\u00f3 vivir otro de esos ingratos d\u00edas que el turf, de vez en cuando, te asigna sin merecerlo. Hoy, se nos hace tremendamente dif\u00edcil dar forma a esta post-cr\u00f3nica. La moral est\u00e1 por los suelos y lo que m\u00e1s apetece es protegernos en el cobarde silencio y dejar pasar la tormenta hasta que [&hellip;]\" \/>\n<meta property=\"og:url\" content=\"https:\/\/cuadra-agrado.es\/?p=4435\" \/>\n<meta property=\"og:site_name\" content=\"Cuadra Agrado\" \/>\n<meta property=\"article:published_time\" content=\"2018-05-28T08:57:25+00:00\" \/>\n<meta property=\"article:modified_time\" content=\"2024-02-27T09:30:07+00:00\" \/>\n<meta name=\"author\" content=\"Miguel Redondo\" \/>\n<meta name=\"twitter:card\" content=\"summary_large_image\" \/>\n<meta name=\"twitter:creator\" content=\"@AGRADOracing\" \/>\n<meta name=\"twitter:site\" content=\"@AGRADOracing\" \/>\n<meta name=\"twitter:label1\" content=\"Escrito por\" \/>\n\t<meta name=\"twitter:data1\" content=\"Miguel Redondo\" \/>\n\t<meta name=\"twitter:label2\" content=\"Tiempo de lectura\" \/>\n\t<meta name=\"twitter:data2\" content=\"5 minutos\" \/>\n<script type=\"application\/ld+json\" class=\"yoast-schema-graph\">{\"@context\":\"https:\\\/\\\/schema.org\",\"@graph\":[{\"@type\":\"Article\",\"@id\":\"https:\\\/\\\/cuadra-agrado.es\\\/?p=4435#article\",\"isPartOf\":{\"@id\":\"https:\\\/\\\/cuadra-agrado.es\\\/?p=4435\"},\"author\":{\"name\":\"Miguel Redondo\",\"@id\":\"https:\\\/\\\/cuadra-agrado.es\\\/#\\\/schema\\\/person\\\/3aa4f8d2373cf756d93a5526bc72f31b\"},\"headline\":\"Nuestra osad\u00eda ahog\u00f3 a Barbarigo&#8230;.\",\"datePublished\":\"2018-05-28T08:57:25+00:00\",\"dateModified\":\"2024-02-27T09:30:07+00:00\",\"mainEntityOfPage\":{\"@id\":\"https:\\\/\\\/cuadra-agrado.es\\\/?p=4435\"},\"wordCount\":906,\"image\":{\"@id\":\"https:\\\/\\\/cuadra-agrado.es\\\/?p=4435#primaryimage\"},\"thumbnailUrl\":\"\",\"articleSection\":[\"Actualidad\"],\"inLanguage\":\"es\"},{\"@type\":\"WebPage\",\"@id\":\"https:\\\/\\\/cuadra-agrado.es\\\/?p=4435\",\"url\":\"https:\\\/\\\/cuadra-agrado.es\\\/?p=4435\",\"name\":\"Nuestra osad\u00eda ahog\u00f3 a Barbarigo.... - Cuadra Agrado\",\"isPartOf\":{\"@id\":\"https:\\\/\\\/cuadra-agrado.es\\\/#website\"},\"primaryImageOfPage\":{\"@id\":\"https:\\\/\\\/cuadra-agrado.es\\\/?p=4435#primaryimage\"},\"image\":{\"@id\":\"https:\\\/\\\/cuadra-agrado.es\\\/?p=4435#primaryimage\"},\"thumbnailUrl\":\"\",\"datePublished\":\"2018-05-28T08:57:25+00:00\",\"dateModified\":\"2024-02-27T09:30:07+00:00\",\"author\":{\"@id\":\"https:\\\/\\\/cuadra-agrado.es\\\/#\\\/schema\\\/person\\\/3aa4f8d2373cf756d93a5526bc72f31b\"},\"breadcrumb\":{\"@id\":\"https:\\\/\\\/cuadra-agrado.es\\\/?p=4435#breadcrumb\"},\"inLanguage\":\"es\",\"potentialAction\":[{\"@type\":\"ReadAction\",\"target\":[\"https:\\\/\\\/cuadra-agrado.es\\\/?p=4435\"]}]},{\"@type\":\"ImageObject\",\"inLanguage\":\"es\",\"@id\":\"https:\\\/\\\/cuadra-agrado.es\\\/?p=4435#primaryimage\",\"url\":\"\",\"contentUrl\":\"\"},{\"@type\":\"BreadcrumbList\",\"@id\":\"https:\\\/\\\/cuadra-agrado.es\\\/?p=4435#breadcrumb\",\"itemListElement\":[{\"@type\":\"ListItem\",\"position\":1,\"name\":\"Portada\",\"item\":\"https:\\\/\\\/cuadra-agrado.es\\\/\"},{\"@type\":\"ListItem\",\"position\":2,\"name\":\"Nuestra osad\u00eda ahog\u00f3 a Barbarigo&#8230;.\"}]},{\"@type\":\"WebSite\",\"@id\":\"https:\\\/\\\/cuadra-agrado.es\\\/#website\",\"url\":\"https:\\\/\\\/cuadra-agrado.es\\\/\",\"name\":\"Cuadra Agrado\",\"description\":\"En el mundo del Turf desde 2008\",\"potentialAction\":[{\"@type\":\"SearchAction\",\"target\":{\"@type\":\"EntryPoint\",\"urlTemplate\":\"https:\\\/\\\/cuadra-agrado.es\\\/?s={search_term_string}\"},\"query-input\":{\"@type\":\"PropertyValueSpecification\",\"valueRequired\":true,\"valueName\":\"search_term_string\"}}],\"inLanguage\":\"es\"},{\"@type\":\"Person\",\"@id\":\"https:\\\/\\\/cuadra-agrado.es\\\/#\\\/schema\\\/person\\\/3aa4f8d2373cf756d93a5526bc72f31b\",\"name\":\"Miguel Redondo\",\"image\":{\"@type\":\"ImageObject\",\"inLanguage\":\"es\",\"@id\":\"https:\\\/\\\/secure.gravatar.com\\\/avatar\\\/85704fceb4fa34017e3c1344d182da00dbf772fb8856ba2b7726a2df926415b4?s=96&d=mm&r=g\",\"url\":\"https:\\\/\\\/secure.gravatar.com\\\/avatar\\\/85704fceb4fa34017e3c1344d182da00dbf772fb8856ba2b7726a2df926415b4?s=96&d=mm&r=g\",\"contentUrl\":\"https:\\\/\\\/secure.gravatar.com\\\/avatar\\\/85704fceb4fa34017e3c1344d182da00dbf772fb8856ba2b7726a2df926415b4?s=96&d=mm&r=g\",\"caption\":\"Miguel Redondo\"},\"sameAs\":[\"https:\\\/\\\/cuadra-agrado.es\"],\"url\":\"https:\\\/\\\/cuadra-agrado.es\\\/?author=5\"}]}<\/script>\n<!-- \/ Yoast SEO plugin. -->","yoast_head_json":{"title":"Nuestra osad\u00eda ahog\u00f3 a Barbarigo.... - Cuadra Agrado","robots":{"index":"index","follow":"follow","max-snippet":"max-snippet:-1","max-image-preview":"max-image-preview:large","max-video-preview":"max-video-preview:-1"},"canonical":"https:\/\/cuadra-agrado.es\/?p=4435","og_locale":"es_ES","og_type":"article","og_title":"Nuestra osad\u00eda ahog\u00f3 a Barbarigo.... - Cuadra Agrado","og_description":"Ayer, nos toc\u00f3 vivir otro de esos ingratos d\u00edas que el turf, de vez en cuando, te asigna sin merecerlo. Hoy, se nos hace tremendamente dif\u00edcil dar forma a esta post-cr\u00f3nica. La moral est\u00e1 por los suelos y lo que m\u00e1s apetece es protegernos en el cobarde silencio y dejar pasar la tormenta hasta que [&hellip;]","og_url":"https:\/\/cuadra-agrado.es\/?p=4435","og_site_name":"Cuadra Agrado","article_published_time":"2018-05-28T08:57:25+00:00","article_modified_time":"2024-02-27T09:30:07+00:00","author":"Miguel Redondo","twitter_card":"summary_large_image","twitter_creator":"@AGRADOracing","twitter_site":"@AGRADOracing","twitter_misc":{"Escrito por":"Miguel Redondo","Tiempo de lectura":"5 minutos"},"schema":{"@context":"https:\/\/schema.org","@graph":[{"@type":"Article","@id":"https:\/\/cuadra-agrado.es\/?p=4435#article","isPartOf":{"@id":"https:\/\/cuadra-agrado.es\/?p=4435"},"author":{"name":"Miguel Redondo","@id":"https:\/\/cuadra-agrado.es\/#\/schema\/person\/3aa4f8d2373cf756d93a5526bc72f31b"},"headline":"Nuestra osad\u00eda ahog\u00f3 a Barbarigo&#8230;.","datePublished":"2018-05-28T08:57:25+00:00","dateModified":"2024-02-27T09:30:07+00:00","mainEntityOfPage":{"@id":"https:\/\/cuadra-agrado.es\/?p=4435"},"wordCount":906,"image":{"@id":"https:\/\/cuadra-agrado.es\/?p=4435#primaryimage"},"thumbnailUrl":"","articleSection":["Actualidad"],"inLanguage":"es"},{"@type":"WebPage","@id":"https:\/\/cuadra-agrado.es\/?p=4435","url":"https:\/\/cuadra-agrado.es\/?p=4435","name":"Nuestra osad\u00eda ahog\u00f3 a Barbarigo.... - Cuadra Agrado","isPartOf":{"@id":"https:\/\/cuadra-agrado.es\/#website"},"primaryImageOfPage":{"@id":"https:\/\/cuadra-agrado.es\/?p=4435#primaryimage"},"image":{"@id":"https:\/\/cuadra-agrado.es\/?p=4435#primaryimage"},"thumbnailUrl":"","datePublished":"2018-05-28T08:57:25+00:00","dateModified":"2024-02-27T09:30:07+00:00","author":{"@id":"https:\/\/cuadra-agrado.es\/#\/schema\/person\/3aa4f8d2373cf756d93a5526bc72f31b"},"breadcrumb":{"@id":"https:\/\/cuadra-agrado.es\/?p=4435#breadcrumb"},"inLanguage":"es","potentialAction":[{"@type":"ReadAction","target":["https:\/\/cuadra-agrado.es\/?p=4435"]}]},{"@type":"ImageObject","inLanguage":"es","@id":"https:\/\/cuadra-agrado.es\/?p=4435#primaryimage","url":"","contentUrl":""},{"@type":"BreadcrumbList","@id":"https:\/\/cuadra-agrado.es\/?p=4435#breadcrumb","itemListElement":[{"@type":"ListItem","position":1,"name":"Portada","item":"https:\/\/cuadra-agrado.es\/"},{"@type":"ListItem","position":2,"name":"Nuestra osad\u00eda ahog\u00f3 a Barbarigo&#8230;."}]},{"@type":"WebSite","@id":"https:\/\/cuadra-agrado.es\/#website","url":"https:\/\/cuadra-agrado.es\/","name":"Cuadra Agrado","description":"En el mundo del Turf desde 2008","potentialAction":[{"@type":"SearchAction","target":{"@type":"EntryPoint","urlTemplate":"https:\/\/cuadra-agrado.es\/?s={search_term_string}"},"query-input":{"@type":"PropertyValueSpecification","valueRequired":true,"valueName":"search_term_string"}}],"inLanguage":"es"},{"@type":"Person","@id":"https:\/\/cuadra-agrado.es\/#\/schema\/person\/3aa4f8d2373cf756d93a5526bc72f31b","name":"Miguel Redondo","image":{"@type":"ImageObject","inLanguage":"es","@id":"https:\/\/secure.gravatar.com\/avatar\/85704fceb4fa34017e3c1344d182da00dbf772fb8856ba2b7726a2df926415b4?s=96&d=mm&r=g","url":"https:\/\/secure.gravatar.com\/avatar\/85704fceb4fa34017e3c1344d182da00dbf772fb8856ba2b7726a2df926415b4?s=96&d=mm&r=g","contentUrl":"https:\/\/secure.gravatar.com\/avatar\/85704fceb4fa34017e3c1344d182da00dbf772fb8856ba2b7726a2df926415b4?s=96&d=mm&r=g","caption":"Miguel Redondo"},"sameAs":["https:\/\/cuadra-agrado.es"],"url":"https:\/\/cuadra-agrado.es\/?author=5"}]}},"_links":{"self":[{"href":"https:\/\/cuadra-agrado.es\/index.php?rest_route=\/wp\/v2\/posts\/4435","targetHints":{"allow":["GET"]}}],"collection":[{"href":"https:\/\/cuadra-agrado.es\/index.php?rest_route=\/wp\/v2\/posts"}],"about":[{"href":"https:\/\/cuadra-agrado.es\/index.php?rest_route=\/wp\/v2\/types\/post"}],"author":[{"embeddable":true,"href":"https:\/\/cuadra-agrado.es\/index.php?rest_route=\/wp\/v2\/users\/5"}],"replies":[{"embeddable":true,"href":"https:\/\/cuadra-agrado.es\/index.php?rest_route=%2Fwp%2Fv2%2Fcomments&post=4435"}],"version-history":[{"count":0,"href":"https:\/\/cuadra-agrado.es\/index.php?rest_route=\/wp\/v2\/posts\/4435\/revisions"}],"wp:featuredmedia":[{"embeddable":true,"href":"https:\/\/cuadra-agrado.es\/index.php?rest_route=\/"}],"wp:attachment":[{"href":"https:\/\/cuadra-agrado.es\/index.php?rest_route=%2Fwp%2Fv2%2Fmedia&parent=4435"}],"wp:term":[{"taxonomy":"category","embeddable":true,"href":"https:\/\/cuadra-agrado.es\/index.php?rest_route=%2Fwp%2Fv2%2Fcategories&post=4435"},{"taxonomy":"post_tag","embeddable":true,"href":"https:\/\/cuadra-agrado.es\/index.php?rest_route=%2Fwp%2Fv2%2Ftags&post=4435"}],"curies":[{"name":"wp","href":"https:\/\/api.w.org\/{rel}","templated":true}]}}