{"id":4374,"date":"2018-04-23T09:28:32","date_gmt":"2018-04-23T08:28:32","guid":{"rendered":"https:\/\/cuadra-agrado.es\/?p=4374"},"modified":"2024-02-27T09:30:08","modified_gmt":"2024-02-27T09:30:08","slug":"ranyan-despide-la-primavera-madrid-bronce","status":"publish","type":"post","link":"https:\/\/cuadra-agrado.es\/?p=4374","title":{"rendered":"Rany\u00e1n se despide de la primavera con un bronce&#8230;"},"content":{"rendered":"<div id=\"attachment_4375\" style=\"width: 532px\" class=\"wp-caption alignleft\"><a href=\"http:\/\/cuadra-agrado.es\/wp-content\/uploads\/2018\/04\/karlsburg.jpg\" target=\"_blank\" rel=\"noopener noreferrer\"><img loading=\"lazy\" decoding=\"async\" aria-describedby=\"caption-attachment-4375\" class=\"wp-image-4375\" title=\"&quot;Karlsburg&quot; Ganador del Gran Premio Duque de Alburquerque 2018&quot;\" src=\"http:\/\/cuadra-agrado.es\/wp-content\/uploads\/2018\/04\/karlsburg.jpg\" alt=\"\" width=\"522\" height=\"294\"><\/a><p id=\"caption-attachment-4375\" class=\"wp-caption-text\">\u00abKarlsburg\u00bb Ganador del Gran Premio Duque de Alburquerque 2018&#8243;<\/p><\/div>\n<p style=\"text-align: justify;\"><strong>\u00abRany\u00e1n\u00bb<\/strong> finaliz\u00f3 en el d\u00eda de ayer su temporada de primavera de Madrid con un bronce que sabe a lo que sabe ese fr\u00edo metal rojizo para los grandes campeones. Ayer, el viejo gladiador buscaba la docena de victorias que finalmente no pudo luchar por una extra\u00f1a gesti\u00f3n de carrera y recorrido muy a&nbsp; contra-estilo de su condici\u00f3n. Hac\u00eda tiempo que, como propietario, no me sent\u00eda tan &nbsp;decepcionado despu\u00e9s de una carrera, pero de vez en cuando, algo no carbura, los astros se desalinean, la suerte te es esquiva, y todo se convierte en un c\u00famulo de desaciertos que provocan una inmerecida decepci\u00f3n final.<\/p>\n<p style=\"text-align: justify;\">Al viejo<strong>&nbsp;\u00abRany\u00e1n\u00bb<\/strong> se le conoce como ese caballo de coraz\u00f3n y coraje que le gusta competir siempre en posiciones de vanguardia, lejos de esos caballos sigilosos y precavidos, y muy cerquita de esos valientes punteros para que estos sientan su aliento en su grupa y vuelvan sus orejas para atr\u00e1s. Le gusta ver pista delante sin obst\u00e1culo alguno que le interfiera, le gusta la tranquilidad de galopar libre y c\u00f3modo, no quiere l\u00edos, ni golpes, ni cambios bruscos de direcci\u00f3n, ya ha vivido esas situaciones durante muchos, muchos a\u00f1os y, como viejo, solo busca el placentero \u201cfeeling\u201d del galope al competir. No quiere verse involucrado en conflictos, luchas infantiles lejos del poste de meta, ni tampoco que le tosan a su alrededor. Hace tiempo que est\u00e1 de vuelta de eso y se ha ganado ese respeto. Simplemente, es Rany\u00e1n.<\/p>\n<p style=\"text-align: justify;\">Ayer, las circunstancias del recorrido hicieron hacerle al \u00abviejo\u00bb pasar por una situaci\u00f3n, que nosotros desde la grada, ya vimos en la primera curva ser\u00eda todo lo contrario a su condici\u00f3n, y muy pronto le vimos sufrir, y por ende, nosotros con \u00e9l. Posiblemente fundadas dudas en las \u00f3rdenes por una carrera &#8211; a priori r\u00e1pida &#8211; y con demasiada lucha inicial en punta, hicieron a su fiel escudero<em> \u201cFayos\u201d<\/em> ser demasiado conservador en el primer paso por meta, y ya, a la salida de la primera curva se vio, casi sin querer, inmerso en mitad de un lote demasiado aguerrido, encerrado por carriles interiores y sin posibilidad de salida clara. En esa lucha de imberbes y belicosos soldados, el general se vio involucrado en golpes y est\u00e9riles combates por posici\u00f3n que minaron muy pronto su opci\u00f3n a la lucha final. Aun as\u00ed, pudo tirar de galones y recuperar posiciones en la \u00faltima curva para tratar de unirse todo lo posible a los de arriba, pero los dos punteros ya estaban muy lejos. El continuo y colosal empuje de \u201cFayos\u201d durante gran parte de la curva y la larga recta definitiva, junto con el enorme coraz\u00f3n del caballo, hicieron recortar cuerpos y pasar tit\u00e1nicamente por en medio de <strong>\u201cGarmar\u201d<\/strong> y <strong>\u201cQueenwhity<\/strong>\u201d en el poste de los 200 para buscar esa m\u00ednima recompensa del bronce. Al final, hay siempre que extraer lo positivo de cada carrera, y en esta ocasi\u00f3n, esa parte positiva es que, sin esa posibilidad de luchar la victoria, volvi\u00f3 a cumplir como un gladiador ganando su envite por la tercera plaza. La victoria, para una yegua que se convertir\u00e1 en breve, si no lo ha hecho ya, en otra referente de nuestro turf. Nos alegramos mucho por nuestros amigos de \u00abEl Retorno\u00bb que apostaron por una clasuda <strong>\u00abCrumblecreek\u00bb<\/strong> tra\u00edda desde UK para comenzar una nueva andadura en Espa\u00f1a donde auguramos grandes \u00e9xitos. Ojal\u00e1 no encontr\u00e9is nunca&nbsp; donde est\u00e1n las goteras de esta yegua, sinceramente creo que no tiene, lo que tiene es mucha clase, y mucho futuro. Enhorabuena Manuel y Narciso, vuestro querido padre estar\u00eda muy orgulloso de vuestra gesti\u00f3n en este \u00abretorno\u00bb con estos bonitos colores.<\/p>\n<p style=\"text-align: justify;\">\u00abRany\u00e1n\u00bb finaliza su \u00faltima temporada de primavera en Madrid. Dos salidas a pista con resultado de un oro y un bronce, son m\u00e1s que merecidos premios a la gesti\u00f3n de un enorme caballo por parte de nuestra preparaci\u00f3n y por qu\u00e9 no decirlo, tambi\u00e9n por nuestra parte como propietarios. La pista madrile\u00f1a solo puede ir a peor para su condici\u00f3n, y el programa inicial de primavera se ha cumplido seg\u00fan lo previsto con estas dos \u00fanicas salidas que ten\u00edamos pronosticadas. Hoy, obligado descanso en el box, y ma\u00f1ana, corto viaje a nuestra yeguada para recibir su merecida recompensa y descanso en los verdes y frescos prados de primavera. Despejar\u00e1 mente, recuperar\u00e1 gl\u00f3bulos y sobre todo, disfrutar\u00e1 de otras peque\u00f1as vacaciones para volver a entrenamiento en breve y preparar su \u00faltima temporada estival en San Sebasti\u00e1n donde tenemos previstas dos carreras de condici\u00f3n entre julio y agosto para culminar, si todo va en orden, con el Gran Premio de San Sebasti\u00e1n como objetivo principal y colof\u00f3n a su honrada y dilatada vida en competici\u00f3n en la \u00faltima prueba del verano donostiarra en septiembre. Este es el secreto a voces de que un enorme caballo de nueve a\u00f1os siga con la fortaleza de un potro.<\/p>\n<p style=\"text-align: justify;\">Con respecto a la jornada, no podemos finalizar nuestra cr\u00f3nica sin una menci\u00f3n al gran protagonista de la jornada. Ha nacido ante los ojos de la afici\u00f3n un enorme ejemplar al que le auguramos un impresionante futuro. <strong>\u201cKarlsburg<\/strong>\u201d, propiedad de la longeva y siempre reconocida cuadra \u201cHabit\u201d hizo ayer los m\u00e9ritos de un caballo que ser\u00e1 el presente y futuro referente de nuestro turf. Nuestro reconocimiento nos hace homenajearlo en foto de portada de nuestra cr\u00f3nica, por encima incluso de nuestro gladiador.<br \/>\nQu\u00e9 manera de \u00abdesclasar\u00bb con un soberbio cambio de ritmo final &#8211; como marcan esos caballos de clase &#8211; a enormes rivales en todo un Gran Premio. Si bien es cierto que tanto tiempo sin correr y reaparecer en un gran premio de entidad no nos daba la suficiente confianza, no podemos de otra forma que reconocer a\u00fan con m\u00e1s m\u00e9rito esta haza\u00f1a digna de elogio y alabanza y tragarnos nuestros \u00abpronos\u00bb. Enhorabuena a toda esa gran \u201cFamilia Fierro\u201d que bien merec\u00eda encontrar un nuevo s\u00edmbolo a sus colores como as\u00ed lo hiciera el maravilloso&nbsp;<strong>\u201cCeltic Rock\u201d<\/strong> en tiempos no muy lejanos, y reconocer el enorme m\u00e9rito de un joven preparador de escuela como<em> \u00abCarlos Fernandez\u00bb<\/em> que con suma paciencia y cabeza fr\u00eda ha tenido la osad\u00eda y confianza de conservar al caballo durante m\u00e1s de cinco meses sin competir para alzarse con todo un \u00abDuque de Alburquerque\u00bb. Sencillamente, magistral!!!!<\/p>\n<hr>\n<p style=\"text-align: justify;\">&nbsp;<\/p>\n<!-- AddThis Advanced Settings generic via filter on the_content --><!-- AddThis Share Buttons generic via filter on the_content -->","protected":false},"excerpt":{"rendered":"<p>\u00abRany\u00e1n\u00bb finaliz\u00f3 en el d\u00eda de ayer su temporada de primavera de Madrid con un bronce que sabe a lo que sabe ese fr\u00edo metal rojizo para los grandes campeones. Ayer, el viejo gladiador buscaba la docena de victorias que finalmente no pudo luchar por una extra\u00f1a gesti\u00f3n de carrera y recorrido muy a&nbsp; contra-estilo [&hellip;]<!-- AddThis Advanced Settings generic via filter on get_the_excerpt --><!-- AddThis Share Buttons generic via filter on get_the_excerpt --><\/p>\n","protected":false},"author":5,"featured_media":4375,"comment_status":"closed","ping_status":"closed","sticky":false,"template":"","format":"standard","meta":{"_acf_changed":false,"_et_pb_use_builder":"","_et_pb_old_content":"","_et_gb_content_width":"","footnotes":""},"categories":[3],"tags":[],"class_list":["post-4374","post","type-post","status-publish","format-standard","has-post-thumbnail","hentry","category-noticias-cuadra-agrado"],"acf":[],"yoast_head":"<!-- This site is optimized with the Yoast SEO plugin v27.4 - https:\/\/yoast.com\/product\/yoast-seo-wordpress\/ -->\n<title>Rany\u00e1n se despide de la primavera con un bronce... - Cuadra Agrado<\/title>\n<meta name=\"robots\" content=\"index, follow, max-snippet:-1, max-image-preview:large, max-video-preview:-1\" \/>\n<link rel=\"canonical\" href=\"https:\/\/cuadra-agrado.es\/?p=4374\" \/>\n<meta property=\"og:locale\" content=\"es_ES\" \/>\n<meta property=\"og:type\" content=\"article\" \/>\n<meta property=\"og:title\" content=\"Rany\u00e1n se despide de la primavera con un bronce... - Cuadra Agrado\" \/>\n<meta property=\"og:description\" content=\"\u00abRany\u00e1n\u00bb finaliz\u00f3 en el d\u00eda de ayer su temporada de primavera de Madrid con un bronce que sabe a lo que sabe ese fr\u00edo metal rojizo para los grandes campeones. Ayer, el viejo gladiador buscaba la docena de victorias que finalmente no pudo luchar por una extra\u00f1a gesti\u00f3n de carrera y recorrido muy a&nbsp; contra-estilo [&hellip;]\" \/>\n<meta property=\"og:url\" content=\"https:\/\/cuadra-agrado.es\/?p=4374\" \/>\n<meta property=\"og:site_name\" content=\"Cuadra Agrado\" \/>\n<meta property=\"article:published_time\" content=\"2018-04-23T08:28:32+00:00\" \/>\n<meta property=\"article:modified_time\" content=\"2024-02-27T09:30:08+00:00\" \/>\n<meta name=\"author\" content=\"Miguel Redondo\" \/>\n<meta name=\"twitter:card\" content=\"summary_large_image\" \/>\n<meta name=\"twitter:creator\" content=\"@AGRADOracing\" \/>\n<meta name=\"twitter:site\" content=\"@AGRADOracing\" \/>\n<meta name=\"twitter:label1\" content=\"Escrito por\" \/>\n\t<meta name=\"twitter:data1\" content=\"Miguel Redondo\" \/>\n\t<meta name=\"twitter:label2\" content=\"Tiempo de lectura\" \/>\n\t<meta name=\"twitter:data2\" content=\"6 minutos\" \/>\n<script type=\"application\/ld+json\" class=\"yoast-schema-graph\">{\"@context\":\"https:\\\/\\\/schema.org\",\"@graph\":[{\"@type\":\"Article\",\"@id\":\"https:\\\/\\\/cuadra-agrado.es\\\/?p=4374#article\",\"isPartOf\":{\"@id\":\"https:\\\/\\\/cuadra-agrado.es\\\/?p=4374\"},\"author\":{\"name\":\"Miguel Redondo\",\"@id\":\"https:\\\/\\\/cuadra-agrado.es\\\/#\\\/schema\\\/person\\\/3aa4f8d2373cf756d93a5526bc72f31b\"},\"headline\":\"Rany\u00e1n se despide de la primavera con un bronce&#8230;\",\"datePublished\":\"2018-04-23T08:28:32+00:00\",\"dateModified\":\"2024-02-27T09:30:08+00:00\",\"mainEntityOfPage\":{\"@id\":\"https:\\\/\\\/cuadra-agrado.es\\\/?p=4374\"},\"wordCount\":1139,\"image\":{\"@id\":\"https:\\\/\\\/cuadra-agrado.es\\\/?p=4374#primaryimage\"},\"thumbnailUrl\":\"\",\"articleSection\":[\"Actualidad\"],\"inLanguage\":\"es\"},{\"@type\":\"WebPage\",\"@id\":\"https:\\\/\\\/cuadra-agrado.es\\\/?p=4374\",\"url\":\"https:\\\/\\\/cuadra-agrado.es\\\/?p=4374\",\"name\":\"Rany\u00e1n se despide de la primavera con un bronce... - Cuadra Agrado\",\"isPartOf\":{\"@id\":\"https:\\\/\\\/cuadra-agrado.es\\\/#website\"},\"primaryImageOfPage\":{\"@id\":\"https:\\\/\\\/cuadra-agrado.es\\\/?p=4374#primaryimage\"},\"image\":{\"@id\":\"https:\\\/\\\/cuadra-agrado.es\\\/?p=4374#primaryimage\"},\"thumbnailUrl\":\"\",\"datePublished\":\"2018-04-23T08:28:32+00:00\",\"dateModified\":\"2024-02-27T09:30:08+00:00\",\"author\":{\"@id\":\"https:\\\/\\\/cuadra-agrado.es\\\/#\\\/schema\\\/person\\\/3aa4f8d2373cf756d93a5526bc72f31b\"},\"breadcrumb\":{\"@id\":\"https:\\\/\\\/cuadra-agrado.es\\\/?p=4374#breadcrumb\"},\"inLanguage\":\"es\",\"potentialAction\":[{\"@type\":\"ReadAction\",\"target\":[\"https:\\\/\\\/cuadra-agrado.es\\\/?p=4374\"]}]},{\"@type\":\"ImageObject\",\"inLanguage\":\"es\",\"@id\":\"https:\\\/\\\/cuadra-agrado.es\\\/?p=4374#primaryimage\",\"url\":\"\",\"contentUrl\":\"\"},{\"@type\":\"BreadcrumbList\",\"@id\":\"https:\\\/\\\/cuadra-agrado.es\\\/?p=4374#breadcrumb\",\"itemListElement\":[{\"@type\":\"ListItem\",\"position\":1,\"name\":\"Portada\",\"item\":\"https:\\\/\\\/cuadra-agrado.es\\\/\"},{\"@type\":\"ListItem\",\"position\":2,\"name\":\"Rany\u00e1n se despide de la primavera con un bronce&#8230;\"}]},{\"@type\":\"WebSite\",\"@id\":\"https:\\\/\\\/cuadra-agrado.es\\\/#website\",\"url\":\"https:\\\/\\\/cuadra-agrado.es\\\/\",\"name\":\"Cuadra Agrado\",\"description\":\"En el mundo del Turf desde 2008\",\"potentialAction\":[{\"@type\":\"SearchAction\",\"target\":{\"@type\":\"EntryPoint\",\"urlTemplate\":\"https:\\\/\\\/cuadra-agrado.es\\\/?s={search_term_string}\"},\"query-input\":{\"@type\":\"PropertyValueSpecification\",\"valueRequired\":true,\"valueName\":\"search_term_string\"}}],\"inLanguage\":\"es\"},{\"@type\":\"Person\",\"@id\":\"https:\\\/\\\/cuadra-agrado.es\\\/#\\\/schema\\\/person\\\/3aa4f8d2373cf756d93a5526bc72f31b\",\"name\":\"Miguel Redondo\",\"image\":{\"@type\":\"ImageObject\",\"inLanguage\":\"es\",\"@id\":\"https:\\\/\\\/secure.gravatar.com\\\/avatar\\\/85704fceb4fa34017e3c1344d182da00dbf772fb8856ba2b7726a2df926415b4?s=96&d=mm&r=g\",\"url\":\"https:\\\/\\\/secure.gravatar.com\\\/avatar\\\/85704fceb4fa34017e3c1344d182da00dbf772fb8856ba2b7726a2df926415b4?s=96&d=mm&r=g\",\"contentUrl\":\"https:\\\/\\\/secure.gravatar.com\\\/avatar\\\/85704fceb4fa34017e3c1344d182da00dbf772fb8856ba2b7726a2df926415b4?s=96&d=mm&r=g\",\"caption\":\"Miguel Redondo\"},\"sameAs\":[\"https:\\\/\\\/cuadra-agrado.es\"],\"url\":\"https:\\\/\\\/cuadra-agrado.es\\\/?author=5\"}]}<\/script>\n<!-- \/ Yoast SEO plugin. -->","yoast_head_json":{"title":"Rany\u00e1n se despide de la primavera con un bronce... - Cuadra Agrado","robots":{"index":"index","follow":"follow","max-snippet":"max-snippet:-1","max-image-preview":"max-image-preview:large","max-video-preview":"max-video-preview:-1"},"canonical":"https:\/\/cuadra-agrado.es\/?p=4374","og_locale":"es_ES","og_type":"article","og_title":"Rany\u00e1n se despide de la primavera con un bronce... - Cuadra Agrado","og_description":"\u00abRany\u00e1n\u00bb finaliz\u00f3 en el d\u00eda de ayer su temporada de primavera de Madrid con un bronce que sabe a lo que sabe ese fr\u00edo metal rojizo para los grandes campeones. Ayer, el viejo gladiador buscaba la docena de victorias que finalmente no pudo luchar por una extra\u00f1a gesti\u00f3n de carrera y recorrido muy a&nbsp; contra-estilo [&hellip;]","og_url":"https:\/\/cuadra-agrado.es\/?p=4374","og_site_name":"Cuadra Agrado","article_published_time":"2018-04-23T08:28:32+00:00","article_modified_time":"2024-02-27T09:30:08+00:00","author":"Miguel Redondo","twitter_card":"summary_large_image","twitter_creator":"@AGRADOracing","twitter_site":"@AGRADOracing","twitter_misc":{"Escrito por":"Miguel Redondo","Tiempo de lectura":"6 minutos"},"schema":{"@context":"https:\/\/schema.org","@graph":[{"@type":"Article","@id":"https:\/\/cuadra-agrado.es\/?p=4374#article","isPartOf":{"@id":"https:\/\/cuadra-agrado.es\/?p=4374"},"author":{"name":"Miguel Redondo","@id":"https:\/\/cuadra-agrado.es\/#\/schema\/person\/3aa4f8d2373cf756d93a5526bc72f31b"},"headline":"Rany\u00e1n se despide de la primavera con un bronce&#8230;","datePublished":"2018-04-23T08:28:32+00:00","dateModified":"2024-02-27T09:30:08+00:00","mainEntityOfPage":{"@id":"https:\/\/cuadra-agrado.es\/?p=4374"},"wordCount":1139,"image":{"@id":"https:\/\/cuadra-agrado.es\/?p=4374#primaryimage"},"thumbnailUrl":"","articleSection":["Actualidad"],"inLanguage":"es"},{"@type":"WebPage","@id":"https:\/\/cuadra-agrado.es\/?p=4374","url":"https:\/\/cuadra-agrado.es\/?p=4374","name":"Rany\u00e1n se despide de la primavera con un bronce... - Cuadra Agrado","isPartOf":{"@id":"https:\/\/cuadra-agrado.es\/#website"},"primaryImageOfPage":{"@id":"https:\/\/cuadra-agrado.es\/?p=4374#primaryimage"},"image":{"@id":"https:\/\/cuadra-agrado.es\/?p=4374#primaryimage"},"thumbnailUrl":"","datePublished":"2018-04-23T08:28:32+00:00","dateModified":"2024-02-27T09:30:08+00:00","author":{"@id":"https:\/\/cuadra-agrado.es\/#\/schema\/person\/3aa4f8d2373cf756d93a5526bc72f31b"},"breadcrumb":{"@id":"https:\/\/cuadra-agrado.es\/?p=4374#breadcrumb"},"inLanguage":"es","potentialAction":[{"@type":"ReadAction","target":["https:\/\/cuadra-agrado.es\/?p=4374"]}]},{"@type":"ImageObject","inLanguage":"es","@id":"https:\/\/cuadra-agrado.es\/?p=4374#primaryimage","url":"","contentUrl":""},{"@type":"BreadcrumbList","@id":"https:\/\/cuadra-agrado.es\/?p=4374#breadcrumb","itemListElement":[{"@type":"ListItem","position":1,"name":"Portada","item":"https:\/\/cuadra-agrado.es\/"},{"@type":"ListItem","position":2,"name":"Rany\u00e1n se despide de la primavera con un bronce&#8230;"}]},{"@type":"WebSite","@id":"https:\/\/cuadra-agrado.es\/#website","url":"https:\/\/cuadra-agrado.es\/","name":"Cuadra Agrado","description":"En el mundo del Turf desde 2008","potentialAction":[{"@type":"SearchAction","target":{"@type":"EntryPoint","urlTemplate":"https:\/\/cuadra-agrado.es\/?s={search_term_string}"},"query-input":{"@type":"PropertyValueSpecification","valueRequired":true,"valueName":"search_term_string"}}],"inLanguage":"es"},{"@type":"Person","@id":"https:\/\/cuadra-agrado.es\/#\/schema\/person\/3aa4f8d2373cf756d93a5526bc72f31b","name":"Miguel Redondo","image":{"@type":"ImageObject","inLanguage":"es","@id":"https:\/\/secure.gravatar.com\/avatar\/85704fceb4fa34017e3c1344d182da00dbf772fb8856ba2b7726a2df926415b4?s=96&d=mm&r=g","url":"https:\/\/secure.gravatar.com\/avatar\/85704fceb4fa34017e3c1344d182da00dbf772fb8856ba2b7726a2df926415b4?s=96&d=mm&r=g","contentUrl":"https:\/\/secure.gravatar.com\/avatar\/85704fceb4fa34017e3c1344d182da00dbf772fb8856ba2b7726a2df926415b4?s=96&d=mm&r=g","caption":"Miguel Redondo"},"sameAs":["https:\/\/cuadra-agrado.es"],"url":"https:\/\/cuadra-agrado.es\/?author=5"}]}},"_links":{"self":[{"href":"https:\/\/cuadra-agrado.es\/index.php?rest_route=\/wp\/v2\/posts\/4374","targetHints":{"allow":["GET"]}}],"collection":[{"href":"https:\/\/cuadra-agrado.es\/index.php?rest_route=\/wp\/v2\/posts"}],"about":[{"href":"https:\/\/cuadra-agrado.es\/index.php?rest_route=\/wp\/v2\/types\/post"}],"author":[{"embeddable":true,"href":"https:\/\/cuadra-agrado.es\/index.php?rest_route=\/wp\/v2\/users\/5"}],"replies":[{"embeddable":true,"href":"https:\/\/cuadra-agrado.es\/index.php?rest_route=%2Fwp%2Fv2%2Fcomments&post=4374"}],"version-history":[{"count":0,"href":"https:\/\/cuadra-agrado.es\/index.php?rest_route=\/wp\/v2\/posts\/4374\/revisions"}],"wp:featuredmedia":[{"embeddable":true,"href":"https:\/\/cuadra-agrado.es\/index.php?rest_route=\/"}],"wp:attachment":[{"href":"https:\/\/cuadra-agrado.es\/index.php?rest_route=%2Fwp%2Fv2%2Fmedia&parent=4374"}],"wp:term":[{"taxonomy":"category","embeddable":true,"href":"https:\/\/cuadra-agrado.es\/index.php?rest_route=%2Fwp%2Fv2%2Fcategories&post=4374"},{"taxonomy":"post_tag","embeddable":true,"href":"https:\/\/cuadra-agrado.es\/index.php?rest_route=%2Fwp%2Fv2%2Ftags&post=4374"}],"curies":[{"name":"wp","href":"https:\/\/api.w.org\/{rel}","templated":true}]}}