{"id":4243,"date":"2018-03-19T10:36:57","date_gmt":"2018-03-19T09:36:57","guid":{"rendered":"https:\/\/cuadra-agrado.es\/?p=4243"},"modified":"2024-02-27T09:30:11","modified_gmt":"2024-02-27T09:30:11","slug":"11a-victoria-eternamente-joven-ranyan","status":"publish","type":"post","link":"https:\/\/cuadra-agrado.es\/?p=4243","title":{"rendered":"11\u00aa victoria para el eternamente joven Rany\u00e1n"},"content":{"rendered":"<p style=\"text-align: justify;\"><a href=\"http:\/\/cuadra-agrado.es\/wp-content\/uploads\/2018\/03\/ranyan-1.jpg\" target=\"_blank\" rel=\"noopener noreferrer\"><img loading=\"lazy\" decoding=\"async\" class=\"alignleft wp-image-4244 \" src=\"http:\/\/cuadra-agrado.es\/wp-content\/uploads\/2018\/03\/ranyan-1.jpg\" alt=\"\" width=\"490\" height=\"336\"><\/a>Ayer, ten\u00edamos una cita de esas \u201cespeciales\u201d con la participaci\u00f3n de tres de nuestros caballos en una misma jornada. Un d\u00eda que ya queda grabado en el recuerdo y en nuestra historia como uno de esos d\u00edas donde disfrutamos apasionadamente de los nuestros recibiendo la siempre ansiada recompensa de pasar por ganadores con uno y lograr un gran segundo puesto con otro.<\/p>\n<p style=\"text-align: justify;\">Comenz\u00e1bamos en la segunda carrera del d\u00eda con la participaci\u00f3n de <strong>\u201cRANY\u00c1N\u201d<\/strong>, ese \u201cpotrillo\u201d de nueve a\u00f1os que no deja de sorprendernos a\u00f1o tras a\u00f1o y carrera tras carrera. Uno de esos caballos que terminan por consumir todos los calificativos y alabanzas del extenso vocabulario castellano y que despu\u00e9s de 7 a\u00f1os a nuestro lado -desde que le recibi\u00e9ramos en el patio de <em>\u201cTeo Callejo\u201d<\/em> aquel abril de 2011- nos ha brindado once victorias y once colocaciones entre Espa\u00f1a y Francia. Este \u201cviejo gladiador\u201d de nuestras pistas parece haber encontrado el elixir de la eterna juventud desde que sus problemas de salud dejaron paso al disfrute de verle galopar, casi siempre cargado de mucho plomo en su montura, pero que \u00e9l suple con coraz\u00f3n, coraje y gran fortaleza f\u00edsica y mental. Ni tan siquiera los \u00abhandicapers\u00bb han podido con \u00e9l en ese sentido\u2026.<\/p>\n<p style=\"text-align: justify;\">Ayer se volv\u00eda a reencontrar despu\u00e9s de 140 d\u00edas alejado de competici\u00f3n con su querido amigo<em> \u201cBorja Fayos\u201d<\/em> en una pista muy a su gusto y, como anticipamos en nuestra previa, con una forma envidiable a estas alturas de a\u00f1o. Y volvi\u00f3 a sacar a relucir sus galones de general durante todo el recorrido en vanguardia. Perfecto el recorrido de su gran amigo Borja, y admirable el envite en los \u00faltimos 400 para hacerse con otra enorme victoria, que nuevamente con 62 kilos, deja en evidencia a otro contrastado lote de una siempre dif\u00edcil primera parte de H\u00e1ndicap. El reconocimiento a este eterno caballo es m\u00e1s que notorio en aficionados y profesionales de nuestro turf cuando pasa por ganadores, y sencillamente eso, es la mayor prueba de orgullo para nosotros. Quiz\u00e1s no sea ese \u00abcaballazo\u00bb de gran valor al que todo propietario aspirar\u00eda tener alguna vez, pero una y otra vez demuestra que, hoy por hoy, es el mejor caballo de h\u00e1ndicap de nuestra competici\u00f3n. Con un buen ramillete de caballos con ese coraz\u00f3n y ese valor m\u00e1s que contrastado, nuestras pruebas de h\u00e1ndicap ganar\u00edan mucho en calidad.<br \/>\nNo sabes cu\u00e1nto te vamos a echar de menos cuando decidas descansar definitivamente de la competici\u00f3n, pero de momento y hasta que t\u00fa nos digas, vamos a seguir disfrutando de d\u00edas como el de ayer. Te quedan pocas balas en tu viejo cargador amigo, pero tranquilo que vamos a utilizarlas de la mejor forma posible para que sigas disfrutando de la competici\u00f3n, y nosotros contigo. Te volveremos a ver seguramente una m\u00e1s en la primavera madrile\u00f1a, antes de que la pista vaya incrementando esa dureza que tanto da\u00f1o te hace, para afrontar tu \u00faltimo verano donostiarra en tu pista talism\u00e1n, y si ah\u00ed decides parar, tu m\u00e1s que merecida recompensa en el prado est\u00e1 asegurada&#8230;<\/p>\n<p style=\"text-align: justify;\"><a href=\"http:\/\/cuadra-agrado.es\/wp-content\/uploads\/2018\/03\/barbarigo-2.jpg\" target=\"_blank\" rel=\"noopener noreferrer\"><img loading=\"lazy\" decoding=\"async\" class=\"alignright wp-image-4245 \" src=\"http:\/\/cuadra-agrado.es\/wp-content\/uploads\/2018\/03\/barbarigo-2.jpg\" alt=\"\" width=\"566\" height=\"379\"><\/a>Tras el j\u00fabilo de pasar por ganadores y recoger nuestro 33er trofeo, le tocaba el turno a <strong>\u201cBARBARIGO\u201d<\/strong> en una de esas pruebas de entidad sobre una de las distancias m\u00e1s duras de nuestro circuito. Doble ganador en la distancia el pasado a\u00f1o, afront\u00e1bamos esta nueva cita con el objetivo de estar en un tr\u00edo, que esta vez se presum\u00eda muy caro, con la \u00fanica duda de contrastar la versatilidad del nuestro en terreno muy pesado que alargar\u00eda considerablemente el metraje. Por tablas<strong> \u201cArguero\u201d<\/strong> era inalcanzable, pero adem\u00e1s, el lote estaba plagado de enormes caballos de valor que pon\u00edan muy cara la victoria y las colocaciones. En cualquier caso, hab\u00edamos llegado a este partant por m\u00e9ritos propios y la confianza nos permit\u00eda plantear las mismas \u00f3rdenes de carrera, que no eran otras que ir en vanguardia del lote y luchar hasta el \u00faltimo aliento esas colocaciones en el poste de meta. Perfecto de nuevo el recorrido de nuestro jockey que se puso a la grupa de <strong>\u201cAlaraz\u201d<\/strong> durante todo el recorrido y que fue el \u00fanico en hacerle frente en los \u00faltimos furlones. Al final, un enorme segundo puesto por detr\u00e1s de un soberbio ganador de la prueba,<strong> \u201cAlaraz\u201d<\/strong>, que sorprendi\u00f3 a propios y extra\u00f1os dejando a muchos cuerpos a caballos de enorme entidad. Vaya por delante nuestras felicitaciones a todo su entorno. Gran caballo que fue, y gran caballo que vuelve a ser\u2026.<br \/>\nVolviendo a nuestro <strong>\u201cBarbarigo<\/strong>\u201d, tras una peque\u00f1a charla en recinto de ganadores, <em>Borja Fayos,<\/em> nos volvi\u00f3 a confirmar el enorme respeto y consideraci\u00f3n que tiene con este caballo, llegando a confirmarnos que podr\u00eda haber estado luchando la victoria con una pista menos selectiva. El caballo no se sinti\u00f3 para nada c\u00f3modo en el recorrido y lo supli\u00f3 con enorme coraje y coraz\u00f3n, atributos estos que diferencian a los grandes.<br \/>\n<strong>\u201cBarbarigo\u201d<\/strong> volvi\u00f3 a cumplir y volvi\u00f3 a demostrar que sigue ganando valor en cada salida. Nos queda ya muy poquito para poder contar con \u00e9l en nuestro objetivo de la primavera, que no es otro que ver su nombre en una de las mantillas del<em> \u201cGran Premio Carudel\u201d.<\/em> La programaci\u00f3n inicial va saliendo a la perfecci\u00f3n, una primera reaparici\u00f3n en Sevilla para preparar este duro envite del que sale fortalecido, y ahora un peque\u00f1o descanso para recuperar el m\u00e1ximo de gl\u00f3bulos rojos y atacar esa preparatoria para pasar a esa gran final so\u00f1ada en este nuestro d\u00e9cimo aniversario.<\/p>\n<p style=\"text-align: justify;\">Para terminar la jornada, pudimos ver reaparecer en competici\u00f3n a <strong>\u201cCARIBEAN BLUE\u201d<\/strong> donde la pobre desluci\u00f3 la bonita jornada que est\u00e1bamos viviendo. Ya anticip\u00e1bamos nuestra \u00fanica intenci\u00f3n de retomar la competici\u00f3n y darle una previa a su objetivo en una prueba de mayor distancia y de eso es lo que se trataba. Aunque estuvo a un mundo de puestos remunerados, nuestro -Jockey no &nbsp;qued\u00f3 del todo disgustado con su actitud y eso tranquiliza y mucho nuestras esperanzas futura con ella. Con esta en el cuerpo que le valer para coger forma y ritmo de competici\u00f3n, vamos a esperar al siguiente envite, donde con dos curvas, debiera ir dando su mejor cara.<br \/>\nPara terminar nuestra cr\u00f3nica, no podemos dejar de agradecer nuevamente el trabajo del gran equipo que lidera nuestro preparador <em>Juan Luis Maroto<\/em>. No es la primera vez que lo hacemos ni tampoco ser\u00e1 la \u00faltima, pero todo el m\u00e9rito de nuestras victorias y grandes colocaciones parten de un patio donde se trabaja diariamente mucho y muy duro. Nosotros lo vivimos en primera persona cada vez que vamos a ver trabajos, o simplemente de visita a la cuadra y esto queremos tambi\u00e9n hacerlo extensible para todos los profesionales de nuestro turf. Nosotros como propietarios solamente tenemos el m\u00e9rito de disfrutar de las haza\u00f1as de nuestros caballos y pagar religiosamente a final de cada mes\u2026.<\/p>\n<p style=\"text-align: justify;\">Y no queremos terminar sin agradecer tambi\u00e9n el trabajo con los nuestros de un enorme JOCKEY como es <strong>\u201cBorja Fayos\u201d<\/strong>. Nuestra relaci\u00f3n este a\u00f1o se uni\u00f3 a\u00fan m\u00e1s si cabe con un contrato de primeras montas&nbsp; para nuestra cuadra, que en las primeras citas, podemos decir que ya ha merecido la pena para todo el a\u00f1o. Admirable su dedicaci\u00f3n y afinidad con todo nuestro entorno y todos nuestros efectivos. Much\u00edsimas gracias crack y ojal\u00e1 podamos aportarte nuestro granito de arena para que logres una nueva y merecida estad\u00edstica en este a\u00f1o!!!<\/p>\n<hr>\n<p style=\"text-align: justify;\">&nbsp;<\/p>\n<!-- AddThis Advanced Settings generic via filter on the_content --><!-- AddThis Share Buttons generic via filter on the_content -->","protected":false},"excerpt":{"rendered":"<p>Ayer, ten\u00edamos una cita de esas \u201cespeciales\u201d con la participaci\u00f3n de tres de nuestros caballos en una misma jornada. Un d\u00eda que ya queda grabado en el recuerdo y en nuestra historia como uno de esos d\u00edas donde disfrutamos apasionadamente de los nuestros recibiendo la siempre ansiada recompensa de pasar por ganadores con uno y [&hellip;]<!-- AddThis Advanced Settings generic via filter on get_the_excerpt --><!-- AddThis Share Buttons generic via filter on get_the_excerpt --><\/p>\n","protected":false},"author":5,"featured_media":4245,"comment_status":"closed","ping_status":"closed","sticky":false,"template":"","format":"standard","meta":{"_acf_changed":false,"_et_pb_use_builder":"","_et_pb_old_content":"","_et_gb_content_width":"","footnotes":""},"categories":[3],"tags":[],"class_list":["post-4243","post","type-post","status-publish","format-standard","has-post-thumbnail","hentry","category-noticias-cuadra-agrado"],"acf":[],"yoast_head":"<!-- This site is optimized with the Yoast SEO plugin v27.4 - https:\/\/yoast.com\/product\/yoast-seo-wordpress\/ -->\n<title>11\u00aa victoria para el eternamente joven Rany\u00e1n - Cuadra Agrado<\/title>\n<meta name=\"robots\" content=\"index, follow, max-snippet:-1, max-image-preview:large, max-video-preview:-1\" \/>\n<link rel=\"canonical\" href=\"https:\/\/cuadra-agrado.es\/?p=4243\" \/>\n<meta property=\"og:locale\" content=\"es_ES\" \/>\n<meta property=\"og:type\" content=\"article\" \/>\n<meta property=\"og:title\" content=\"11\u00aa victoria para el eternamente joven Rany\u00e1n - Cuadra Agrado\" \/>\n<meta property=\"og:description\" content=\"Ayer, ten\u00edamos una cita de esas \u201cespeciales\u201d con la participaci\u00f3n de tres de nuestros caballos en una misma jornada. Un d\u00eda que ya queda grabado en el recuerdo y en nuestra historia como uno de esos d\u00edas donde disfrutamos apasionadamente de los nuestros recibiendo la siempre ansiada recompensa de pasar por ganadores con uno y [&hellip;]\" \/>\n<meta property=\"og:url\" content=\"https:\/\/cuadra-agrado.es\/?p=4243\" \/>\n<meta property=\"og:site_name\" content=\"Cuadra Agrado\" \/>\n<meta property=\"article:published_time\" content=\"2018-03-19T09:36:57+00:00\" \/>\n<meta property=\"article:modified_time\" content=\"2024-02-27T09:30:11+00:00\" \/>\n<meta name=\"author\" content=\"Miguel Redondo\" \/>\n<meta name=\"twitter:card\" content=\"summary_large_image\" \/>\n<meta name=\"twitter:creator\" content=\"@AGRADOracing\" \/>\n<meta name=\"twitter:site\" content=\"@AGRADOracing\" \/>\n<meta name=\"twitter:label1\" content=\"Escrito por\" \/>\n\t<meta name=\"twitter:data1\" content=\"Miguel Redondo\" \/>\n\t<meta name=\"twitter:label2\" content=\"Tiempo de lectura\" \/>\n\t<meta name=\"twitter:data2\" content=\"7 minutos\" \/>\n<script type=\"application\/ld+json\" class=\"yoast-schema-graph\">{\"@context\":\"https:\\\/\\\/schema.org\",\"@graph\":[{\"@type\":\"Article\",\"@id\":\"https:\\\/\\\/cuadra-agrado.es\\\/?p=4243#article\",\"isPartOf\":{\"@id\":\"https:\\\/\\\/cuadra-agrado.es\\\/?p=4243\"},\"author\":{\"name\":\"Miguel Redondo\",\"@id\":\"https:\\\/\\\/cuadra-agrado.es\\\/#\\\/schema\\\/person\\\/3aa4f8d2373cf756d93a5526bc72f31b\"},\"headline\":\"11\u00aa victoria para el eternamente joven Rany\u00e1n\",\"datePublished\":\"2018-03-19T09:36:57+00:00\",\"dateModified\":\"2024-02-27T09:30:11+00:00\",\"mainEntityOfPage\":{\"@id\":\"https:\\\/\\\/cuadra-agrado.es\\\/?p=4243\"},\"wordCount\":1320,\"image\":{\"@id\":\"https:\\\/\\\/cuadra-agrado.es\\\/?p=4243#primaryimage\"},\"thumbnailUrl\":\"\",\"articleSection\":[\"Actualidad\"],\"inLanguage\":\"es\"},{\"@type\":\"WebPage\",\"@id\":\"https:\\\/\\\/cuadra-agrado.es\\\/?p=4243\",\"url\":\"https:\\\/\\\/cuadra-agrado.es\\\/?p=4243\",\"name\":\"11\u00aa victoria para el eternamente joven Rany\u00e1n - Cuadra Agrado\",\"isPartOf\":{\"@id\":\"https:\\\/\\\/cuadra-agrado.es\\\/#website\"},\"primaryImageOfPage\":{\"@id\":\"https:\\\/\\\/cuadra-agrado.es\\\/?p=4243#primaryimage\"},\"image\":{\"@id\":\"https:\\\/\\\/cuadra-agrado.es\\\/?p=4243#primaryimage\"},\"thumbnailUrl\":\"\",\"datePublished\":\"2018-03-19T09:36:57+00:00\",\"dateModified\":\"2024-02-27T09:30:11+00:00\",\"author\":{\"@id\":\"https:\\\/\\\/cuadra-agrado.es\\\/#\\\/schema\\\/person\\\/3aa4f8d2373cf756d93a5526bc72f31b\"},\"breadcrumb\":{\"@id\":\"https:\\\/\\\/cuadra-agrado.es\\\/?p=4243#breadcrumb\"},\"inLanguage\":\"es\",\"potentialAction\":[{\"@type\":\"ReadAction\",\"target\":[\"https:\\\/\\\/cuadra-agrado.es\\\/?p=4243\"]}]},{\"@type\":\"ImageObject\",\"inLanguage\":\"es\",\"@id\":\"https:\\\/\\\/cuadra-agrado.es\\\/?p=4243#primaryimage\",\"url\":\"\",\"contentUrl\":\"\"},{\"@type\":\"BreadcrumbList\",\"@id\":\"https:\\\/\\\/cuadra-agrado.es\\\/?p=4243#breadcrumb\",\"itemListElement\":[{\"@type\":\"ListItem\",\"position\":1,\"name\":\"Portada\",\"item\":\"https:\\\/\\\/cuadra-agrado.es\\\/\"},{\"@type\":\"ListItem\",\"position\":2,\"name\":\"11\u00aa victoria para el eternamente joven Rany\u00e1n\"}]},{\"@type\":\"WebSite\",\"@id\":\"https:\\\/\\\/cuadra-agrado.es\\\/#website\",\"url\":\"https:\\\/\\\/cuadra-agrado.es\\\/\",\"name\":\"Cuadra Agrado\",\"description\":\"En el mundo del Turf desde 2008\",\"potentialAction\":[{\"@type\":\"SearchAction\",\"target\":{\"@type\":\"EntryPoint\",\"urlTemplate\":\"https:\\\/\\\/cuadra-agrado.es\\\/?s={search_term_string}\"},\"query-input\":{\"@type\":\"PropertyValueSpecification\",\"valueRequired\":true,\"valueName\":\"search_term_string\"}}],\"inLanguage\":\"es\"},{\"@type\":\"Person\",\"@id\":\"https:\\\/\\\/cuadra-agrado.es\\\/#\\\/schema\\\/person\\\/3aa4f8d2373cf756d93a5526bc72f31b\",\"name\":\"Miguel Redondo\",\"image\":{\"@type\":\"ImageObject\",\"inLanguage\":\"es\",\"@id\":\"https:\\\/\\\/secure.gravatar.com\\\/avatar\\\/85704fceb4fa34017e3c1344d182da00dbf772fb8856ba2b7726a2df926415b4?s=96&d=mm&r=g\",\"url\":\"https:\\\/\\\/secure.gravatar.com\\\/avatar\\\/85704fceb4fa34017e3c1344d182da00dbf772fb8856ba2b7726a2df926415b4?s=96&d=mm&r=g\",\"contentUrl\":\"https:\\\/\\\/secure.gravatar.com\\\/avatar\\\/85704fceb4fa34017e3c1344d182da00dbf772fb8856ba2b7726a2df926415b4?s=96&d=mm&r=g\",\"caption\":\"Miguel Redondo\"},\"sameAs\":[\"https:\\\/\\\/cuadra-agrado.es\"],\"url\":\"https:\\\/\\\/cuadra-agrado.es\\\/?author=5\"}]}<\/script>\n<!-- \/ Yoast SEO plugin. -->","yoast_head_json":{"title":"11\u00aa victoria para el eternamente joven Rany\u00e1n - Cuadra Agrado","robots":{"index":"index","follow":"follow","max-snippet":"max-snippet:-1","max-image-preview":"max-image-preview:large","max-video-preview":"max-video-preview:-1"},"canonical":"https:\/\/cuadra-agrado.es\/?p=4243","og_locale":"es_ES","og_type":"article","og_title":"11\u00aa victoria para el eternamente joven Rany\u00e1n - Cuadra Agrado","og_description":"Ayer, ten\u00edamos una cita de esas \u201cespeciales\u201d con la participaci\u00f3n de tres de nuestros caballos en una misma jornada. Un d\u00eda que ya queda grabado en el recuerdo y en nuestra historia como uno de esos d\u00edas donde disfrutamos apasionadamente de los nuestros recibiendo la siempre ansiada recompensa de pasar por ganadores con uno y [&hellip;]","og_url":"https:\/\/cuadra-agrado.es\/?p=4243","og_site_name":"Cuadra Agrado","article_published_time":"2018-03-19T09:36:57+00:00","article_modified_time":"2024-02-27T09:30:11+00:00","author":"Miguel Redondo","twitter_card":"summary_large_image","twitter_creator":"@AGRADOracing","twitter_site":"@AGRADOracing","twitter_misc":{"Escrito por":"Miguel Redondo","Tiempo de lectura":"7 minutos"},"schema":{"@context":"https:\/\/schema.org","@graph":[{"@type":"Article","@id":"https:\/\/cuadra-agrado.es\/?p=4243#article","isPartOf":{"@id":"https:\/\/cuadra-agrado.es\/?p=4243"},"author":{"name":"Miguel Redondo","@id":"https:\/\/cuadra-agrado.es\/#\/schema\/person\/3aa4f8d2373cf756d93a5526bc72f31b"},"headline":"11\u00aa victoria para el eternamente joven Rany\u00e1n","datePublished":"2018-03-19T09:36:57+00:00","dateModified":"2024-02-27T09:30:11+00:00","mainEntityOfPage":{"@id":"https:\/\/cuadra-agrado.es\/?p=4243"},"wordCount":1320,"image":{"@id":"https:\/\/cuadra-agrado.es\/?p=4243#primaryimage"},"thumbnailUrl":"","articleSection":["Actualidad"],"inLanguage":"es"},{"@type":"WebPage","@id":"https:\/\/cuadra-agrado.es\/?p=4243","url":"https:\/\/cuadra-agrado.es\/?p=4243","name":"11\u00aa victoria para el eternamente joven Rany\u00e1n - Cuadra Agrado","isPartOf":{"@id":"https:\/\/cuadra-agrado.es\/#website"},"primaryImageOfPage":{"@id":"https:\/\/cuadra-agrado.es\/?p=4243#primaryimage"},"image":{"@id":"https:\/\/cuadra-agrado.es\/?p=4243#primaryimage"},"thumbnailUrl":"","datePublished":"2018-03-19T09:36:57+00:00","dateModified":"2024-02-27T09:30:11+00:00","author":{"@id":"https:\/\/cuadra-agrado.es\/#\/schema\/person\/3aa4f8d2373cf756d93a5526bc72f31b"},"breadcrumb":{"@id":"https:\/\/cuadra-agrado.es\/?p=4243#breadcrumb"},"inLanguage":"es","potentialAction":[{"@type":"ReadAction","target":["https:\/\/cuadra-agrado.es\/?p=4243"]}]},{"@type":"ImageObject","inLanguage":"es","@id":"https:\/\/cuadra-agrado.es\/?p=4243#primaryimage","url":"","contentUrl":""},{"@type":"BreadcrumbList","@id":"https:\/\/cuadra-agrado.es\/?p=4243#breadcrumb","itemListElement":[{"@type":"ListItem","position":1,"name":"Portada","item":"https:\/\/cuadra-agrado.es\/"},{"@type":"ListItem","position":2,"name":"11\u00aa victoria para el eternamente joven Rany\u00e1n"}]},{"@type":"WebSite","@id":"https:\/\/cuadra-agrado.es\/#website","url":"https:\/\/cuadra-agrado.es\/","name":"Cuadra Agrado","description":"En el mundo del Turf desde 2008","potentialAction":[{"@type":"SearchAction","target":{"@type":"EntryPoint","urlTemplate":"https:\/\/cuadra-agrado.es\/?s={search_term_string}"},"query-input":{"@type":"PropertyValueSpecification","valueRequired":true,"valueName":"search_term_string"}}],"inLanguage":"es"},{"@type":"Person","@id":"https:\/\/cuadra-agrado.es\/#\/schema\/person\/3aa4f8d2373cf756d93a5526bc72f31b","name":"Miguel Redondo","image":{"@type":"ImageObject","inLanguage":"es","@id":"https:\/\/secure.gravatar.com\/avatar\/85704fceb4fa34017e3c1344d182da00dbf772fb8856ba2b7726a2df926415b4?s=96&d=mm&r=g","url":"https:\/\/secure.gravatar.com\/avatar\/85704fceb4fa34017e3c1344d182da00dbf772fb8856ba2b7726a2df926415b4?s=96&d=mm&r=g","contentUrl":"https:\/\/secure.gravatar.com\/avatar\/85704fceb4fa34017e3c1344d182da00dbf772fb8856ba2b7726a2df926415b4?s=96&d=mm&r=g","caption":"Miguel Redondo"},"sameAs":["https:\/\/cuadra-agrado.es"],"url":"https:\/\/cuadra-agrado.es\/?author=5"}]}},"_links":{"self":[{"href":"https:\/\/cuadra-agrado.es\/index.php?rest_route=\/wp\/v2\/posts\/4243","targetHints":{"allow":["GET"]}}],"collection":[{"href":"https:\/\/cuadra-agrado.es\/index.php?rest_route=\/wp\/v2\/posts"}],"about":[{"href":"https:\/\/cuadra-agrado.es\/index.php?rest_route=\/wp\/v2\/types\/post"}],"author":[{"embeddable":true,"href":"https:\/\/cuadra-agrado.es\/index.php?rest_route=\/wp\/v2\/users\/5"}],"replies":[{"embeddable":true,"href":"https:\/\/cuadra-agrado.es\/index.php?rest_route=%2Fwp%2Fv2%2Fcomments&post=4243"}],"version-history":[{"count":0,"href":"https:\/\/cuadra-agrado.es\/index.php?rest_route=\/wp\/v2\/posts\/4243\/revisions"}],"wp:featuredmedia":[{"embeddable":true,"href":"https:\/\/cuadra-agrado.es\/index.php?rest_route=\/"}],"wp:attachment":[{"href":"https:\/\/cuadra-agrado.es\/index.php?rest_route=%2Fwp%2Fv2%2Fmedia&parent=4243"}],"wp:term":[{"taxonomy":"category","embeddable":true,"href":"https:\/\/cuadra-agrado.es\/index.php?rest_route=%2Fwp%2Fv2%2Fcategories&post=4243"},{"taxonomy":"post_tag","embeddable":true,"href":"https:\/\/cuadra-agrado.es\/index.php?rest_route=%2Fwp%2Fv2%2Ftags&post=4243"}],"curies":[{"name":"wp","href":"https:\/\/api.w.org\/{rel}","templated":true}]}}