{"id":4219,"date":"2018-02-26T12:41:38","date_gmt":"2018-02-26T11:41:38","guid":{"rendered":"https:\/\/cuadra-agrado.es\/?p=4219"},"modified":"2024-02-27T09:30:12","modified_gmt":"2024-02-27T09:30:12","slug":"cefiro-barbarigo-maravillosa-gemela-equipo","status":"publish","type":"post","link":"https:\/\/cuadra-agrado.es\/?p=4219","title":{"rendered":"C\u00e9firo-Barbarigo, maravillosa gemela de equipo!!!"},"content":{"rendered":"<p style=\"text-align: justify;\"><a href=\"http:\/\/cuadra-agrado.es\/wp-content\/uploads\/2018\/02\/cefiro-barbarigo.jpg\" target=\"_blank\" rel=\"noopener noreferrer\"><img loading=\"lazy\" decoding=\"async\" class=\"alignleft wp-image-3954\" src=\"http:\/\/cuadra-agrado.es\/wp-content\/uploads\/2018\/02\/cefiro-barbarigo.jpg\" alt=\"\" width=\"394\" height=\"221\"><\/a>BarExcelente reaparici\u00f3n de <strong>\u201cBarbarigo\u201d<\/strong> despu\u00e9s de 105 d\u00edas sin pisar la hierba, en el Gran Premio de la milla que pon\u00eda punto y final a la temporada de invierno en el Gran Hip\u00f3dromo de Andaluc\u00eda. Gemela so\u00f1ada por el patio con <strong>\u201cC\u00e9firo\u201d,&nbsp;<\/strong>victorioso en el poste de meta y seguido por nuestro <strong>\u201cBarbarigo\u201d<\/strong> que a tres cuerpos logr\u00f3 un extraordinario segundo puesto como pre\u00e1mbulo de la temporada de primavera que en apenas 6 d\u00edas comenzar\u00e1 en el Hip\u00f3dromo de la Zarzuela de Madrid.<\/p>\n<p style=\"text-align: justify;\">Anticip\u00e1bamos en nuestra previa que esper\u00e1bamos el fallo de los favoritos para ejecutar nuestra opci\u00f3n para ganar. En el caso de<strong> \u201cC\u00e9firo\u201d <\/strong>no hubo opci\u00f3n y&nbsp;estuvo inconmensurable realizando su defensivo recorrido habitual y descargando toda la adrenalina en la \u00faltima recta donde su forma y su anterior preparatoria le hicieron ganar con autoridad evidente. No fue el caso del otro favorito de la prueba, <strong>\u201cDelfmar\u201d<\/strong>, que tras un recorrido sin demasiados problemas, aun saliendo por caj\u00f3n exterior, no pareci\u00f3 emplearse de igual forma que sus anteriores en la recta definitiva. Fallo de uno que aprovech\u00f3 <strong>\u201cBarbarigo\u201d<\/strong> para doblegar al puntero de la prueba que complet\u00f3 el tr\u00edo&nbsp;<strong>\u201cMan of Time\u201d<\/strong> en el \u00faltimo furlong, y lograr una gemela de patio muy merecida y que seguro, con una previa en el cuerpo, hubieran salido los dos en la foto de llegada\u2026<\/p>\n<p style=\"text-align: justify;\">Buena partida del nuestro desde el caj\u00f3n 2, que siguiendo las \u00f3rdenes al pie de la letra, se situ\u00f3 en posiciones de vanguardia aguantando el fuerte ritmo de los punteros \u00abMan of Time\u00bb y \u00abEcrin des Bieffes\u00bb en la recta de enfrente. Mano a mano afrontaron la recta definitiva donde \u00abBarbarigo\u00bb por los palos fue solicitado por Borja y atendi\u00f3 su orden con buen cambio de ritmo y coraz\u00f3n que le hizo pasar en el poste de los 200 a \u00abMan of Time\u00bb y luchar con \u00abC\u00e9firo\u00bb unos trancos hasta darse cuenta que la superioridad de \u00abC\u00e9firo\u00bb en esta era muy clara, llegando a tres cuerpos del ganador de la prueba.<\/p>\n<p style=\"text-align: justify;\">Por nuestra parte, misi\u00f3n cumplida y con mucha ilusi\u00f3n de programar nuestra temporada de primavera con muy buenas opciones de disputar, o al menos estar presentes, en los Grandes Premios de la milla de 2018. Caballo que ya demostrara buen valor a dos a\u00f1os con tres victorias en Francia, que confirm\u00f3 en su edad cl\u00e1sica con otras dos grandes victorias en Madrid, y que en la primera salida de sus cuatro a\u00f1os, ha vuelto a demostrar su val\u00eda y condici\u00f3n situ\u00e1ndose como uno de los referentes de la milla para esta temporada.<\/p>\n<p style=\"text-align: justify;\">M\u00e9rito por tanto, primero del caballo que ha incrementado ese valor que busc\u00e1bamos en su primera salida, en segundo lugar, m\u00e9rito del prepa <em>\u201cJuan Luis Maroto\u201d<\/em> y todo su gran equipo por un excelente trabajo con sus dos pupilos, muy bien recompensado con esta admirable gemela de equipo, &nbsp;y m\u00e9rito como no, a nuestra monta <em>\u201cBorja Fayos\u201d<\/em> que en la primera salida seria nos ha demostrado que el contrato de montas que nos une en este a\u00f1o, bien ha merecido el esfuerzo por nuestra parte. Encantado con el caballo estaba el valenciano despu\u00e9s de la carrera, y esas declaraciones son las que m\u00e1s nos ilusionan y nos motivan de cara a un futuro muy prometedor. Hoy fue segundo, y esto a Borja no le hace mucha gracia, pero seguro lograr\u00e1 su victoria con este hijo de \u201cCanford &nbsp;Cliffs\u201d muy pronto. A las tres partes de ese gran m\u00e9rito agradecemos su esfuerzo y trabajo, y nos quedamos con la recompensa como propietarios de disfrutar de una apasionante carrera donde uno de los nuestros dio la talla.<\/p>\n<p style=\"text-align: justify;\">La gemela del Gran Premio volvi\u00f3 de Sevilla en el mismo \u201cvan\u201d en el que los dos fueron conversando sobre sus estrategias para ganar, y ayer sobre las 21:30 estaban ya de vuelta en su casa para afrontar su temporada en la que seguramente se volver\u00e1n a ver en pista.<strong> \u201cBarbarigo\u201d<\/strong> tiene previsto salir a pista en el Premio Asociaci\u00f3n de Hip\u00f3dromos en la tercera jornada de primavera sobre distancia de 1.800 metros, donde ya es ganador en las dos ocasiones que ha salido en esa distancia.<br \/>\nEnhorabuena equipazo !!! Maravillosa gemela de Gran Premio !!!<\/p>\n<p style=\"text-align: justify;\">Para finalizar nuestra cr\u00f3nica, agradecer en nombre de nuestra cuadra a todos los responsables del Gran hip\u00f3dromo de Andaluc\u00eda por la deferencia y cari\u00f1osa acogida que tuvimos en el d\u00eda de la clausura de su programa invernal, y darles nuestra m\u00e1s sincera enhorabuena por la magn\u00edfica temporada de invierno que nos han brindado a toda la afici\u00f3n del turf, y que dan el relevo a Madrid para comenzar su temporada de primavera este pr\u00f3ximo domingo.<\/p>\n<!-- AddThis Advanced Settings generic via filter on the_content --><!-- AddThis Share Buttons generic via filter on the_content -->","protected":false},"excerpt":{"rendered":"<p>BarExcelente reaparici\u00f3n de \u201cBarbarigo\u201d despu\u00e9s de 105 d\u00edas sin pisar la hierba, en el Gran Premio de la milla que pon\u00eda punto y final a la temporada de invierno en el Gran Hip\u00f3dromo de Andaluc\u00eda. Gemela so\u00f1ada por el patio con \u201cC\u00e9firo\u201d,&nbsp;victorioso en el poste de meta y seguido por nuestro \u201cBarbarigo\u201d que a tres [&hellip;]<!-- AddThis Advanced Settings generic via filter on get_the_excerpt --><!-- AddThis Share Buttons generic via filter on get_the_excerpt --><\/p>\n","protected":false},"author":5,"featured_media":4221,"comment_status":"closed","ping_status":"closed","sticky":false,"template":"","format":"standard","meta":{"_acf_changed":false,"_et_pb_use_builder":"","_et_pb_old_content":"","_et_gb_content_width":"","footnotes":""},"categories":[3],"tags":[],"class_list":["post-4219","post","type-post","status-publish","format-standard","has-post-thumbnail","hentry","category-noticias-cuadra-agrado"],"acf":[],"yoast_head":"<!-- This site is optimized with the Yoast SEO plugin v27.4 - https:\/\/yoast.com\/product\/yoast-seo-wordpress\/ -->\n<title>C\u00e9firo-Barbarigo, maravillosa gemela de equipo!!! - Cuadra Agrado<\/title>\n<meta name=\"robots\" content=\"index, follow, max-snippet:-1, max-image-preview:large, max-video-preview:-1\" \/>\n<link rel=\"canonical\" href=\"https:\/\/cuadra-agrado.es\/?p=4219\" \/>\n<meta property=\"og:locale\" content=\"es_ES\" \/>\n<meta property=\"og:type\" content=\"article\" \/>\n<meta property=\"og:title\" content=\"C\u00e9firo-Barbarigo, maravillosa gemela de equipo!!! - Cuadra Agrado\" \/>\n<meta property=\"og:description\" content=\"BarExcelente reaparici\u00f3n de \u201cBarbarigo\u201d despu\u00e9s de 105 d\u00edas sin pisar la hierba, en el Gran Premio de la milla que pon\u00eda punto y final a la temporada de invierno en el Gran Hip\u00f3dromo de Andaluc\u00eda. Gemela so\u00f1ada por el patio con \u201cC\u00e9firo\u201d,&nbsp;victorioso en el poste de meta y seguido por nuestro \u201cBarbarigo\u201d que a tres [&hellip;]\" \/>\n<meta property=\"og:url\" content=\"https:\/\/cuadra-agrado.es\/?p=4219\" \/>\n<meta property=\"og:site_name\" content=\"Cuadra Agrado\" \/>\n<meta property=\"article:published_time\" content=\"2018-02-26T11:41:38+00:00\" \/>\n<meta property=\"article:modified_time\" content=\"2024-02-27T09:30:12+00:00\" \/>\n<meta name=\"author\" content=\"Miguel Redondo\" \/>\n<meta name=\"twitter:card\" content=\"summary_large_image\" \/>\n<meta name=\"twitter:creator\" content=\"@AGRADOracing\" \/>\n<meta name=\"twitter:site\" content=\"@AGRADOracing\" \/>\n<meta name=\"twitter:label1\" content=\"Escrito por\" \/>\n\t<meta name=\"twitter:data1\" content=\"Miguel Redondo\" \/>\n\t<meta name=\"twitter:label2\" content=\"Tiempo de lectura\" \/>\n\t<meta name=\"twitter:data2\" content=\"4 minutos\" \/>\n<script type=\"application\/ld+json\" class=\"yoast-schema-graph\">{\"@context\":\"https:\\\/\\\/schema.org\",\"@graph\":[{\"@type\":\"Article\",\"@id\":\"https:\\\/\\\/cuadra-agrado.es\\\/?p=4219#article\",\"isPartOf\":{\"@id\":\"https:\\\/\\\/cuadra-agrado.es\\\/?p=4219\"},\"author\":{\"name\":\"Miguel Redondo\",\"@id\":\"https:\\\/\\\/cuadra-agrado.es\\\/#\\\/schema\\\/person\\\/3aa4f8d2373cf756d93a5526bc72f31b\"},\"headline\":\"C\u00e9firo-Barbarigo, maravillosa gemela de equipo!!!\",\"datePublished\":\"2018-02-26T11:41:38+00:00\",\"dateModified\":\"2024-02-27T09:30:12+00:00\",\"mainEntityOfPage\":{\"@id\":\"https:\\\/\\\/cuadra-agrado.es\\\/?p=4219\"},\"wordCount\":825,\"image\":{\"@id\":\"https:\\\/\\\/cuadra-agrado.es\\\/?p=4219#primaryimage\"},\"thumbnailUrl\":\"\",\"articleSection\":[\"Actualidad\"],\"inLanguage\":\"es\"},{\"@type\":\"WebPage\",\"@id\":\"https:\\\/\\\/cuadra-agrado.es\\\/?p=4219\",\"url\":\"https:\\\/\\\/cuadra-agrado.es\\\/?p=4219\",\"name\":\"C\u00e9firo-Barbarigo, maravillosa gemela de equipo!!! - Cuadra Agrado\",\"isPartOf\":{\"@id\":\"https:\\\/\\\/cuadra-agrado.es\\\/#website\"},\"primaryImageOfPage\":{\"@id\":\"https:\\\/\\\/cuadra-agrado.es\\\/?p=4219#primaryimage\"},\"image\":{\"@id\":\"https:\\\/\\\/cuadra-agrado.es\\\/?p=4219#primaryimage\"},\"thumbnailUrl\":\"\",\"datePublished\":\"2018-02-26T11:41:38+00:00\",\"dateModified\":\"2024-02-27T09:30:12+00:00\",\"author\":{\"@id\":\"https:\\\/\\\/cuadra-agrado.es\\\/#\\\/schema\\\/person\\\/3aa4f8d2373cf756d93a5526bc72f31b\"},\"breadcrumb\":{\"@id\":\"https:\\\/\\\/cuadra-agrado.es\\\/?p=4219#breadcrumb\"},\"inLanguage\":\"es\",\"potentialAction\":[{\"@type\":\"ReadAction\",\"target\":[\"https:\\\/\\\/cuadra-agrado.es\\\/?p=4219\"]}]},{\"@type\":\"ImageObject\",\"inLanguage\":\"es\",\"@id\":\"https:\\\/\\\/cuadra-agrado.es\\\/?p=4219#primaryimage\",\"url\":\"\",\"contentUrl\":\"\"},{\"@type\":\"BreadcrumbList\",\"@id\":\"https:\\\/\\\/cuadra-agrado.es\\\/?p=4219#breadcrumb\",\"itemListElement\":[{\"@type\":\"ListItem\",\"position\":1,\"name\":\"Portada\",\"item\":\"https:\\\/\\\/cuadra-agrado.es\\\/\"},{\"@type\":\"ListItem\",\"position\":2,\"name\":\"C\u00e9firo-Barbarigo, maravillosa gemela de equipo!!!\"}]},{\"@type\":\"WebSite\",\"@id\":\"https:\\\/\\\/cuadra-agrado.es\\\/#website\",\"url\":\"https:\\\/\\\/cuadra-agrado.es\\\/\",\"name\":\"Cuadra Agrado\",\"description\":\"En el mundo del Turf desde 2008\",\"potentialAction\":[{\"@type\":\"SearchAction\",\"target\":{\"@type\":\"EntryPoint\",\"urlTemplate\":\"https:\\\/\\\/cuadra-agrado.es\\\/?s={search_term_string}\"},\"query-input\":{\"@type\":\"PropertyValueSpecification\",\"valueRequired\":true,\"valueName\":\"search_term_string\"}}],\"inLanguage\":\"es\"},{\"@type\":\"Person\",\"@id\":\"https:\\\/\\\/cuadra-agrado.es\\\/#\\\/schema\\\/person\\\/3aa4f8d2373cf756d93a5526bc72f31b\",\"name\":\"Miguel Redondo\",\"image\":{\"@type\":\"ImageObject\",\"inLanguage\":\"es\",\"@id\":\"https:\\\/\\\/secure.gravatar.com\\\/avatar\\\/85704fceb4fa34017e3c1344d182da00dbf772fb8856ba2b7726a2df926415b4?s=96&d=mm&r=g\",\"url\":\"https:\\\/\\\/secure.gravatar.com\\\/avatar\\\/85704fceb4fa34017e3c1344d182da00dbf772fb8856ba2b7726a2df926415b4?s=96&d=mm&r=g\",\"contentUrl\":\"https:\\\/\\\/secure.gravatar.com\\\/avatar\\\/85704fceb4fa34017e3c1344d182da00dbf772fb8856ba2b7726a2df926415b4?s=96&d=mm&r=g\",\"caption\":\"Miguel Redondo\"},\"sameAs\":[\"https:\\\/\\\/cuadra-agrado.es\"],\"url\":\"https:\\\/\\\/cuadra-agrado.es\\\/?author=5\"}]}<\/script>\n<!-- \/ Yoast SEO plugin. -->","yoast_head_json":{"title":"C\u00e9firo-Barbarigo, maravillosa gemela de equipo!!! - Cuadra Agrado","robots":{"index":"index","follow":"follow","max-snippet":"max-snippet:-1","max-image-preview":"max-image-preview:large","max-video-preview":"max-video-preview:-1"},"canonical":"https:\/\/cuadra-agrado.es\/?p=4219","og_locale":"es_ES","og_type":"article","og_title":"C\u00e9firo-Barbarigo, maravillosa gemela de equipo!!! - Cuadra Agrado","og_description":"BarExcelente reaparici\u00f3n de \u201cBarbarigo\u201d despu\u00e9s de 105 d\u00edas sin pisar la hierba, en el Gran Premio de la milla que pon\u00eda punto y final a la temporada de invierno en el Gran Hip\u00f3dromo de Andaluc\u00eda. Gemela so\u00f1ada por el patio con \u201cC\u00e9firo\u201d,&nbsp;victorioso en el poste de meta y seguido por nuestro \u201cBarbarigo\u201d que a tres [&hellip;]","og_url":"https:\/\/cuadra-agrado.es\/?p=4219","og_site_name":"Cuadra Agrado","article_published_time":"2018-02-26T11:41:38+00:00","article_modified_time":"2024-02-27T09:30:12+00:00","author":"Miguel Redondo","twitter_card":"summary_large_image","twitter_creator":"@AGRADOracing","twitter_site":"@AGRADOracing","twitter_misc":{"Escrito por":"Miguel Redondo","Tiempo de lectura":"4 minutos"},"schema":{"@context":"https:\/\/schema.org","@graph":[{"@type":"Article","@id":"https:\/\/cuadra-agrado.es\/?p=4219#article","isPartOf":{"@id":"https:\/\/cuadra-agrado.es\/?p=4219"},"author":{"name":"Miguel Redondo","@id":"https:\/\/cuadra-agrado.es\/#\/schema\/person\/3aa4f8d2373cf756d93a5526bc72f31b"},"headline":"C\u00e9firo-Barbarigo, maravillosa gemela de equipo!!!","datePublished":"2018-02-26T11:41:38+00:00","dateModified":"2024-02-27T09:30:12+00:00","mainEntityOfPage":{"@id":"https:\/\/cuadra-agrado.es\/?p=4219"},"wordCount":825,"image":{"@id":"https:\/\/cuadra-agrado.es\/?p=4219#primaryimage"},"thumbnailUrl":"","articleSection":["Actualidad"],"inLanguage":"es"},{"@type":"WebPage","@id":"https:\/\/cuadra-agrado.es\/?p=4219","url":"https:\/\/cuadra-agrado.es\/?p=4219","name":"C\u00e9firo-Barbarigo, maravillosa gemela de equipo!!! - Cuadra Agrado","isPartOf":{"@id":"https:\/\/cuadra-agrado.es\/#website"},"primaryImageOfPage":{"@id":"https:\/\/cuadra-agrado.es\/?p=4219#primaryimage"},"image":{"@id":"https:\/\/cuadra-agrado.es\/?p=4219#primaryimage"},"thumbnailUrl":"","datePublished":"2018-02-26T11:41:38+00:00","dateModified":"2024-02-27T09:30:12+00:00","author":{"@id":"https:\/\/cuadra-agrado.es\/#\/schema\/person\/3aa4f8d2373cf756d93a5526bc72f31b"},"breadcrumb":{"@id":"https:\/\/cuadra-agrado.es\/?p=4219#breadcrumb"},"inLanguage":"es","potentialAction":[{"@type":"ReadAction","target":["https:\/\/cuadra-agrado.es\/?p=4219"]}]},{"@type":"ImageObject","inLanguage":"es","@id":"https:\/\/cuadra-agrado.es\/?p=4219#primaryimage","url":"","contentUrl":""},{"@type":"BreadcrumbList","@id":"https:\/\/cuadra-agrado.es\/?p=4219#breadcrumb","itemListElement":[{"@type":"ListItem","position":1,"name":"Portada","item":"https:\/\/cuadra-agrado.es\/"},{"@type":"ListItem","position":2,"name":"C\u00e9firo-Barbarigo, maravillosa gemela de equipo!!!"}]},{"@type":"WebSite","@id":"https:\/\/cuadra-agrado.es\/#website","url":"https:\/\/cuadra-agrado.es\/","name":"Cuadra Agrado","description":"En el mundo del Turf desde 2008","potentialAction":[{"@type":"SearchAction","target":{"@type":"EntryPoint","urlTemplate":"https:\/\/cuadra-agrado.es\/?s={search_term_string}"},"query-input":{"@type":"PropertyValueSpecification","valueRequired":true,"valueName":"search_term_string"}}],"inLanguage":"es"},{"@type":"Person","@id":"https:\/\/cuadra-agrado.es\/#\/schema\/person\/3aa4f8d2373cf756d93a5526bc72f31b","name":"Miguel Redondo","image":{"@type":"ImageObject","inLanguage":"es","@id":"https:\/\/secure.gravatar.com\/avatar\/85704fceb4fa34017e3c1344d182da00dbf772fb8856ba2b7726a2df926415b4?s=96&d=mm&r=g","url":"https:\/\/secure.gravatar.com\/avatar\/85704fceb4fa34017e3c1344d182da00dbf772fb8856ba2b7726a2df926415b4?s=96&d=mm&r=g","contentUrl":"https:\/\/secure.gravatar.com\/avatar\/85704fceb4fa34017e3c1344d182da00dbf772fb8856ba2b7726a2df926415b4?s=96&d=mm&r=g","caption":"Miguel Redondo"},"sameAs":["https:\/\/cuadra-agrado.es"],"url":"https:\/\/cuadra-agrado.es\/?author=5"}]}},"_links":{"self":[{"href":"https:\/\/cuadra-agrado.es\/index.php?rest_route=\/wp\/v2\/posts\/4219","targetHints":{"allow":["GET"]}}],"collection":[{"href":"https:\/\/cuadra-agrado.es\/index.php?rest_route=\/wp\/v2\/posts"}],"about":[{"href":"https:\/\/cuadra-agrado.es\/index.php?rest_route=\/wp\/v2\/types\/post"}],"author":[{"embeddable":true,"href":"https:\/\/cuadra-agrado.es\/index.php?rest_route=\/wp\/v2\/users\/5"}],"replies":[{"embeddable":true,"href":"https:\/\/cuadra-agrado.es\/index.php?rest_route=%2Fwp%2Fv2%2Fcomments&post=4219"}],"version-history":[{"count":0,"href":"https:\/\/cuadra-agrado.es\/index.php?rest_route=\/wp\/v2\/posts\/4219\/revisions"}],"wp:featuredmedia":[{"embeddable":true,"href":"https:\/\/cuadra-agrado.es\/index.php?rest_route=\/"}],"wp:attachment":[{"href":"https:\/\/cuadra-agrado.es\/index.php?rest_route=%2Fwp%2Fv2%2Fmedia&parent=4219"}],"wp:term":[{"taxonomy":"category","embeddable":true,"href":"https:\/\/cuadra-agrado.es\/index.php?rest_route=%2Fwp%2Fv2%2Fcategories&post=4219"},{"taxonomy":"post_tag","embeddable":true,"href":"https:\/\/cuadra-agrado.es\/index.php?rest_route=%2Fwp%2Fv2%2Ftags&post=4219"}],"curies":[{"name":"wp","href":"https:\/\/api.w.org\/{rel}","templated":true}]}}