{"id":4214,"date":"2018-03-13T12:09:00","date_gmt":"2018-03-13T11:09:00","guid":{"rendered":"https:\/\/cuadra-agrado.es\/?p=4214"},"modified":"2024-02-27T09:30:11","modified_gmt":"2024-02-27T09:30:11","slug":"caribean-blue-ranyan-barbarigo-estrenan-nuestra-temporada-primaveral","status":"publish","type":"post","link":"https:\/\/cuadra-agrado.es\/?p=4214","title":{"rendered":"Rany\u00e1n, Barbarigo y Caribean Blue estrenan nuestra primavera"},"content":{"rendered":"<p style=\"text-align: justify;\"><a href=\"http:\/\/cuadra-agrado.es\/wp-content\/uploads\/2017\/08\/Ranyan-Txapeldun1.jpg\" target=\"_blank\" rel=\"noopener noreferrer\"><img loading=\"lazy\" decoding=\"async\" class=\"alignleft wp-image-3436\" src=\"http:\/\/cuadra-agrado.es\/wp-content\/uploads\/2017\/08\/Ranyan-Txapeldun1-1024x685.jpg\" alt=\"\" width=\"314\" height=\"210\"><\/a>Tras un largo invierno donde apenas pudimos disfrutar de dos salidas de los nuestros en el Gran Hip\u00f3dromo de Andaluc\u00eda, comenzamos nuestra particular temporada de primavera 2018 con nuestros tres primeros efectivos que ponemos en pista este pr\u00f3ximo domingo, coincidiendo con la tercera jornada de primavera en el Hip\u00f3dromo de la Zarzuela de Madrid. Una pista previsiblemente \u00abmuy pesada\u00bb &#8211; despu\u00e9s de las nuevas lluvias que se esperan durante toda la semana &#8211; va a volver a hacer estragos en muchos de los participantes, como as\u00ed hemos podido constatar en los dos primeras d\u00edas. Jornada por tanto nuevamente muy complicada para todos los participantes y con sorpresas aseguradas, donde esperamos poder hacer un digno papel y comenzar con buen pie la temporada.<\/p>\n<p style=\"text-align: justify;\">Inauguraremos nuestra campa\u00f1a primaveral con el viejo <strong>\u201cRANYAN\u201d<\/strong> en la primera parte del H\u00e1ndicap del d\u00eda, \u00ab<em>Premio Victoriano Cimarras\u00bb<\/em> sobre distancia de 2.300 metros que coincide con la segunda carrera de la jornada. Un extra\u00f1o h\u00e1ndicap desdoblado con un partant muy corto, y que no ha podido ni tan siquiera establecerse como la prueba semanal de \u201cLototurf\u201d, donde finalmente se enfrentar\u00e1n en primera parte un reducido lote de ocho participantes. No hace demasiada falta presentar a este gladiador de nuestro turf que parece estar viviendo una segunda juventud a sus nueve a\u00f1os. Por todos es sabida su adaptaci\u00f3n al \u201cbarro\u201d y quer\u00edamos aprovechar su reaparici\u00f3n en estas primeras jornadas de primavera donde la pista est\u00e1 muy a su favor. Al contrario que su compa\u00f1era <em>\u201cCaribean Blue\u201d<\/em>&nbsp;que reaparecer\u00e1 despu\u00e9s, este corajudo alaz\u00e1n no necesita demostrarnos nada, ya que conocemos de su coraz\u00f3n y calidad desde hace muchos a\u00f1os, y aunque no deja de ser una reaparici\u00f3n despu\u00e9s de 140 d\u00edas sin competir, salimos con mucha confianza para disputar su primera victoria del a\u00f1o.<br \/>\nTen\u00edamos pensado reaparecer ya en la primera jornada de primavera, pero le faltaron un par de trabajos, y las pocas balas que le quedan a este viejo en competici\u00f3n hay que emplearlas de manera convencida. En esta, ya tiene ese par de trabajos y una forma m\u00e1s que suficiente a estas alturas de temporada para abordar este nuevo reto. Su programa quiz\u00e1s sea uno de los m\u00e1s complicados de todos nuestros efectivos, ya que su actual valor (38,5) le impide buscar un h\u00e1ndicap c\u00f3modo, y ese mismo valor tampoco le permite disputar pruebas de mayor entidad, pero en este h\u00e1ndicap no ha salido demasiado perjudicado, y aunque portar\u00e1 el top de la escala con 62 kilazos, creemos que la pista y las manos de su compa\u00f1ero de fatigas <em>\u201cBorja Fayos\u201d<\/em> le permitir\u00e1n luchar su d\u00e9cima primera victoria de competici\u00f3n en esta su primera salida del a\u00f1o, como as\u00ed lo demostrara el pasado verano en San Sebasti\u00e1n en otro h\u00e1ndicap portando 63 kilos.<br \/>\nA Favor, pista a su gusto y binomio de garant\u00eda. En contra, muchos kilos de diferencia con respecto a sus principales rivales como son para nosotros <strong>\u201cMr Axel\u201d(59,50), y \u201cMalos Pelos\u201d<\/strong> que cargar\u00e1 solo con 58 por descargo. Quiz\u00e1s de los tres partants que tenemos en la jornada, sea este el que m\u00e1s confianza nos ofrezca para pasar por ganadores, a\u00fan con el h\u00e1ndicap de su edad, la reaparici\u00f3n y el peso.<\/p>\n<p style=\"text-align: justify;\"><a href=\"http:\/\/cuadra-agrado.es\/wp-content\/uploads\/2017\/10\/barbarigo-victoria-eugenia-e1508251086885.jpg\" target=\"_blank\" rel=\"noopener noreferrer\"><img loading=\"lazy\" decoding=\"async\" class=\"alignright wp-image-3598\" src=\"http:\/\/cuadra-agrado.es\/wp-content\/uploads\/2017\/10\/barbarigo-victoria-eugenia-e1508251086885-1024x780.jpg\" alt=\"\" width=\"377\" height=\"286\"><\/a>En la tercera prueba de la jornada podremos disfrutar nuevamente en casa de <strong>\u201cBARBARIGO\u201d<\/strong> en el Premio <em>Asociaci\u00f3n d<\/em><em>e Hip\u00f3dromos<\/em> sobre su mejor distancia de 1.800 metros donde fue doble ganador el pasado a\u00f1o a su edad cl\u00e1sica. Con una muy buena reaparici\u00f3n en el pasado GP de la milla nazarena &#8211; donde obtuvo un magn\u00edfico segundo puesto &#8211; llega listo para reaparecer ahora en Madrid contra otro grand\u00edsimo y temeroso lote. Mientras su valor siga en aumento, no habr\u00e1 carreras f\u00e1ciles para \u00e9l, y esto lejos de ser un problema, es para nosotros una enorme satisfacci\u00f3n poder enfrentarnos a caballos de gran nivel como previsiblemente se medir\u00e1 en esta ocasi\u00f3n a ocho buenos rivales con valores por encima de 40 como<strong> \u201cCharlot the Ki<\/strong><strong>d\u201d (42), \u201cArguero\u201d (41), Karlsburg\u201d(41), \u201cAlaraz\u201d(41),<\/strong> y otros muy cercanos a esa barrera psicol\u00f3gica como<strong> \u201cOreg\u00f3n\u201d (40), o \u201cWealth Tax\u201d(39<\/strong>)\u2026.<\/p>\n<p style=\"text-align: justify;\">Sin la preparatoria anterior, no tendr\u00edamos ninguna opci\u00f3n de poder figurar en esta salida, pero aquella carrera sevillana de hace tres semanas le ha sentado fenomenal, y sobretodo, le ha dado ese punto de competici\u00f3n que necesitaba para poder tener su opci\u00f3n de lucha en esta dura y bonita carrera de la jornada. Su reci\u00e9n estrenado compa\u00f1ero de viaje \u201cBorja Fayos\u201d, qued\u00f3 muy satisfecho de la calidad y entrega del caballo en su primera comparecencia en p\u00fablico, y esto ya es un aliciente para volver a confiar en sus opciones de pasar nuevamente por ganadores, aunque en esta ocasi\u00f3n, ser\u00e1 enormemente dif\u00edcil viendo la calidad del lote.<br \/>\nDesconocemos la condici\u00f3n de <strong>\u201cBarbarigo\u201d<\/strong> en una pista previsiblemente \u00abmuy pesada\u00bb para el domingo, pero creemos que este h\u00e1ndicap es salvable si nos atenemos a su gen\u00e9tica y su presentaci\u00f3n en Madrid el pasado a\u00f1o donde en una pista blanda reapareci\u00f3 con un buen segundo. La distancia de 1.800 no es un problema para \u00e9l, donde ha demostrado hacerla con suma solvencia, pero el terreno tan pesado alarga la distancia, y quiz\u00e1s ese h\u00e1ndicap no lo tengamos del todo contrastado. En cualquier caso, este importante detalle no debe cambiar la gesti\u00f3n de carrera que &#8211; salvo que el \u00abprepa\u00bb nos sorprenda en el \u00faltimo momento &#8211; las \u00f3rdenes ser\u00e1n fiel reflejo de todas sus anteriores con un recorrido en vanguardia bien posicionado y buscando su cambio de ritmo en los dos \u00faltimos<em> furlones<\/em>. Los 1.800 de Madrid siempre se han considerado muy duros, y una carrera a buen paso en la larga recta de enfrente, con el h\u00e1ndicap a\u00f1adido del terreno pesado, podr\u00eda hacer serios estragos en los \u00faltimos metros para el que no tenga la distancia o la forma \u00f3ptima.<\/p>\n<p style=\"text-align: justify;\">Para terminar nuestra particular jornada, saldremos nuevamente a pista en la cuarta del d\u00eda (soporte Lototurf) donde <strong>\u201cCARIBEAN BLUE\u201d<\/strong> reaparece en su edad cl\u00e1sica en el \u00ab<em>Premio Villablanca\u00bb, <\/em>una prueba para potrancas de tres a\u00f1os \u00abno ganadoras\u00bb sobre la distancia de 1.600 metros. Esta hija de <strong>\u201cPour Moi\u201d,<\/strong> adquirida en la subasta <em>ACPSIE 2016<\/em>, ya tuvo su debut el pasado oto\u00f1o, aunque su gen\u00e9tica nos avisaba que comenzar\u00eda a dar valor a partir de los tres a\u00f1os. Este principal motivo, acompa\u00f1ado de un f\u00edsico peque\u00f1o y a\u00fan sin formar, nos hizo bajar el pist\u00f3n con ella en trabajos matutinos a final de la temporada oto\u00f1al y dejarla crecer durante todo el invierno. Cinco meses despu\u00e9s, no ha crecido todo lo esperado, pero es hora de ver en esta reaparici\u00f3n su evoluci\u00f3n desde entonces, y aunque a\u00fan es pronto para contar con su mejor forma, s\u00ed necesitamos poder ver algo en ella que nos ofrezca esa ilusi\u00f3n que todo propietario busca en nuevos productos que comienzan a rodar en competici\u00f3n. Sus primeros informes gen\u00e9ticos nos &nbsp;hablaban de una yegua atrasada y de distancia, y esta carrera solo nos servir\u00e1 para preparar su siguiente en dos curvas donde ya podr\u00edamos ver su mejor versi\u00f3n. No salimos por tanto a luchar una carrera donde la milla se le puede quedar muy corta nuevamente, tal y como nos demostr\u00f3 en su debut, pero s\u00ed necesitamos que el terreno pesado le alargue la distancia y muestre s\u00edntomas de madurez y calidad para ir ganando confianza de cara al futuro, mucho m\u00e1s si cabe con un partant muy asequible de valor. Para lograr ese objetivo, tenemos al mejor Jockey del momento como es <em>Borja Fayos<\/em>, donde su apreciaci\u00f3n post-carrera nos servir\u00e1 de un m\u00e1s que v\u00e1lido argumento para encontrar ese aliciente que nos falta en esta nueva ilusi\u00f3n. El numeroso lote de 12 participantes a igualdad de pesos es flojo y del todo asequible para todas ellas, en especial para nuestra favorita<strong> \u201cMy Lady\u201d<\/strong> que es la que mejor impresi\u00f3n nos ha causado en su reciente debut, pero ninguna ha dado un valor como para abusar del resto ni ser clara favorita, y esto nos hace poder confiar en la posibilidad de un digno resultado. Aunque sobre el papel, la tremenda igualdad entre todas ellas nos hace dudar por una hipot\u00e9tica victoria, un buen objetivo en esta reaparici\u00f3n ser\u00eda estar dentro de las cinco primeras que pasen el poste de meta. Mucho m\u00e1s lejos de este objetivo, comenzar\u00edan muchas dudas sobre su futuro ..\u2026<\/p>\n<p style=\"text-align: justify;\">Viviremos con la pasi\u00f3n de siempre estas tres salidas que para nosotros son el inicio de una nueva temporada en nuestra casa del Hip\u00f3dromo de la Zarzuela de Madrid. El turf depara siempre entusiasmo y decepci\u00f3n, y estamos preparados para sufrir y al mismo tiempo disfrutar un a\u00f1o m\u00e1s con todos los nuestros.<br \/>\nMucha suerte equipo, mucha suerte Borja, y suerte tambi\u00e9n para todos los participantes en un d\u00eda muy complicado&#8230;.<\/p>\n<hr>\n<p style=\"text-align: justify;\">&nbsp;<\/p>\n<!-- AddThis Advanced Settings generic via filter on the_content --><!-- AddThis Share Buttons generic via filter on the_content -->","protected":false},"excerpt":{"rendered":"<p>Tras un largo invierno donde apenas pudimos disfrutar de dos salidas de los nuestros en el Gran Hip\u00f3dromo de Andaluc\u00eda, comenzamos nuestra particular temporada de primavera 2018 con nuestros tres primeros efectivos que ponemos en pista este pr\u00f3ximo domingo, coincidiendo con la tercera jornada de primavera en el Hip\u00f3dromo de la Zarzuela de Madrid. Una [&hellip;]<!-- AddThis Advanced Settings generic via filter on get_the_excerpt --><!-- AddThis Share Buttons generic via filter on get_the_excerpt --><\/p>\n","protected":false},"author":5,"featured_media":3598,"comment_status":"closed","ping_status":"closed","sticky":false,"template":"","format":"standard","meta":{"_acf_changed":false,"_et_pb_use_builder":"","_et_pb_old_content":"","_et_gb_content_width":"","footnotes":""},"categories":[3],"tags":[],"class_list":["post-4214","post","type-post","status-publish","format-standard","has-post-thumbnail","hentry","category-noticias-cuadra-agrado"],"acf":[],"yoast_head":"<!-- This site is optimized with the Yoast SEO plugin v27.4 - https:\/\/yoast.com\/product\/yoast-seo-wordpress\/ -->\n<title>Rany\u00e1n, Barbarigo y Caribean Blue estrenan nuestra primavera - Cuadra Agrado<\/title>\n<meta name=\"robots\" content=\"index, follow, max-snippet:-1, max-image-preview:large, max-video-preview:-1\" \/>\n<link rel=\"canonical\" href=\"https:\/\/cuadra-agrado.es\/?p=4214\" \/>\n<meta property=\"og:locale\" content=\"es_ES\" \/>\n<meta property=\"og:type\" content=\"article\" \/>\n<meta property=\"og:title\" content=\"Rany\u00e1n, Barbarigo y Caribean Blue estrenan nuestra primavera - Cuadra Agrado\" \/>\n<meta property=\"og:description\" content=\"Tras un largo invierno donde apenas pudimos disfrutar de dos salidas de los nuestros en el Gran Hip\u00f3dromo de Andaluc\u00eda, comenzamos nuestra particular temporada de primavera 2018 con nuestros tres primeros efectivos que ponemos en pista este pr\u00f3ximo domingo, coincidiendo con la tercera jornada de primavera en el Hip\u00f3dromo de la Zarzuela de Madrid. Una [&hellip;]\" \/>\n<meta property=\"og:url\" content=\"https:\/\/cuadra-agrado.es\/?p=4214\" \/>\n<meta property=\"og:site_name\" content=\"Cuadra Agrado\" \/>\n<meta property=\"article:published_time\" content=\"2018-03-13T11:09:00+00:00\" \/>\n<meta property=\"article:modified_time\" content=\"2024-02-27T09:30:11+00:00\" \/>\n<meta name=\"author\" content=\"Miguel Redondo\" \/>\n<meta name=\"twitter:card\" content=\"summary_large_image\" \/>\n<meta name=\"twitter:creator\" content=\"@AGRADOracing\" \/>\n<meta name=\"twitter:site\" content=\"@AGRADOracing\" \/>\n<meta name=\"twitter:label1\" content=\"Escrito por\" \/>\n\t<meta name=\"twitter:data1\" content=\"Miguel Redondo\" \/>\n\t<meta name=\"twitter:label2\" content=\"Tiempo de lectura\" \/>\n\t<meta name=\"twitter:data2\" content=\"8 minutos\" \/>\n<script type=\"application\/ld+json\" class=\"yoast-schema-graph\">{\"@context\":\"https:\\\/\\\/schema.org\",\"@graph\":[{\"@type\":\"Article\",\"@id\":\"https:\\\/\\\/cuadra-agrado.es\\\/?p=4214#article\",\"isPartOf\":{\"@id\":\"https:\\\/\\\/cuadra-agrado.es\\\/?p=4214\"},\"author\":{\"name\":\"Miguel Redondo\",\"@id\":\"https:\\\/\\\/cuadra-agrado.es\\\/#\\\/schema\\\/person\\\/3aa4f8d2373cf756d93a5526bc72f31b\"},\"headline\":\"Rany\u00e1n, Barbarigo y Caribean Blue estrenan nuestra primavera\",\"datePublished\":\"2018-03-13T11:09:00+00:00\",\"dateModified\":\"2024-02-27T09:30:11+00:00\",\"mainEntityOfPage\":{\"@id\":\"https:\\\/\\\/cuadra-agrado.es\\\/?p=4214\"},\"wordCount\":1566,\"image\":{\"@id\":\"https:\\\/\\\/cuadra-agrado.es\\\/?p=4214#primaryimage\"},\"thumbnailUrl\":\"\",\"articleSection\":[\"Actualidad\"],\"inLanguage\":\"es\"},{\"@type\":\"WebPage\",\"@id\":\"https:\\\/\\\/cuadra-agrado.es\\\/?p=4214\",\"url\":\"https:\\\/\\\/cuadra-agrado.es\\\/?p=4214\",\"name\":\"Rany\u00e1n, Barbarigo y Caribean Blue estrenan nuestra primavera - Cuadra Agrado\",\"isPartOf\":{\"@id\":\"https:\\\/\\\/cuadra-agrado.es\\\/#website\"},\"primaryImageOfPage\":{\"@id\":\"https:\\\/\\\/cuadra-agrado.es\\\/?p=4214#primaryimage\"},\"image\":{\"@id\":\"https:\\\/\\\/cuadra-agrado.es\\\/?p=4214#primaryimage\"},\"thumbnailUrl\":\"\",\"datePublished\":\"2018-03-13T11:09:00+00:00\",\"dateModified\":\"2024-02-27T09:30:11+00:00\",\"author\":{\"@id\":\"https:\\\/\\\/cuadra-agrado.es\\\/#\\\/schema\\\/person\\\/3aa4f8d2373cf756d93a5526bc72f31b\"},\"breadcrumb\":{\"@id\":\"https:\\\/\\\/cuadra-agrado.es\\\/?p=4214#breadcrumb\"},\"inLanguage\":\"es\",\"potentialAction\":[{\"@type\":\"ReadAction\",\"target\":[\"https:\\\/\\\/cuadra-agrado.es\\\/?p=4214\"]}]},{\"@type\":\"ImageObject\",\"inLanguage\":\"es\",\"@id\":\"https:\\\/\\\/cuadra-agrado.es\\\/?p=4214#primaryimage\",\"url\":\"\",\"contentUrl\":\"\"},{\"@type\":\"BreadcrumbList\",\"@id\":\"https:\\\/\\\/cuadra-agrado.es\\\/?p=4214#breadcrumb\",\"itemListElement\":[{\"@type\":\"ListItem\",\"position\":1,\"name\":\"Portada\",\"item\":\"https:\\\/\\\/cuadra-agrado.es\\\/\"},{\"@type\":\"ListItem\",\"position\":2,\"name\":\"Rany\u00e1n, Barbarigo y Caribean Blue estrenan nuestra primavera\"}]},{\"@type\":\"WebSite\",\"@id\":\"https:\\\/\\\/cuadra-agrado.es\\\/#website\",\"url\":\"https:\\\/\\\/cuadra-agrado.es\\\/\",\"name\":\"Cuadra Agrado\",\"description\":\"En el mundo del Turf desde 2008\",\"potentialAction\":[{\"@type\":\"SearchAction\",\"target\":{\"@type\":\"EntryPoint\",\"urlTemplate\":\"https:\\\/\\\/cuadra-agrado.es\\\/?s={search_term_string}\"},\"query-input\":{\"@type\":\"PropertyValueSpecification\",\"valueRequired\":true,\"valueName\":\"search_term_string\"}}],\"inLanguage\":\"es\"},{\"@type\":\"Person\",\"@id\":\"https:\\\/\\\/cuadra-agrado.es\\\/#\\\/schema\\\/person\\\/3aa4f8d2373cf756d93a5526bc72f31b\",\"name\":\"Miguel Redondo\",\"image\":{\"@type\":\"ImageObject\",\"inLanguage\":\"es\",\"@id\":\"https:\\\/\\\/secure.gravatar.com\\\/avatar\\\/85704fceb4fa34017e3c1344d182da00dbf772fb8856ba2b7726a2df926415b4?s=96&d=mm&r=g\",\"url\":\"https:\\\/\\\/secure.gravatar.com\\\/avatar\\\/85704fceb4fa34017e3c1344d182da00dbf772fb8856ba2b7726a2df926415b4?s=96&d=mm&r=g\",\"contentUrl\":\"https:\\\/\\\/secure.gravatar.com\\\/avatar\\\/85704fceb4fa34017e3c1344d182da00dbf772fb8856ba2b7726a2df926415b4?s=96&d=mm&r=g\",\"caption\":\"Miguel Redondo\"},\"sameAs\":[\"https:\\\/\\\/cuadra-agrado.es\"],\"url\":\"https:\\\/\\\/cuadra-agrado.es\\\/?author=5\"}]}<\/script>\n<!-- \/ Yoast SEO plugin. -->","yoast_head_json":{"title":"Rany\u00e1n, Barbarigo y Caribean Blue estrenan nuestra primavera - Cuadra Agrado","robots":{"index":"index","follow":"follow","max-snippet":"max-snippet:-1","max-image-preview":"max-image-preview:large","max-video-preview":"max-video-preview:-1"},"canonical":"https:\/\/cuadra-agrado.es\/?p=4214","og_locale":"es_ES","og_type":"article","og_title":"Rany\u00e1n, Barbarigo y Caribean Blue estrenan nuestra primavera - Cuadra Agrado","og_description":"Tras un largo invierno donde apenas pudimos disfrutar de dos salidas de los nuestros en el Gran Hip\u00f3dromo de Andaluc\u00eda, comenzamos nuestra particular temporada de primavera 2018 con nuestros tres primeros efectivos que ponemos en pista este pr\u00f3ximo domingo, coincidiendo con la tercera jornada de primavera en el Hip\u00f3dromo de la Zarzuela de Madrid. Una [&hellip;]","og_url":"https:\/\/cuadra-agrado.es\/?p=4214","og_site_name":"Cuadra Agrado","article_published_time":"2018-03-13T11:09:00+00:00","article_modified_time":"2024-02-27T09:30:11+00:00","author":"Miguel Redondo","twitter_card":"summary_large_image","twitter_creator":"@AGRADOracing","twitter_site":"@AGRADOracing","twitter_misc":{"Escrito por":"Miguel Redondo","Tiempo de lectura":"8 minutos"},"schema":{"@context":"https:\/\/schema.org","@graph":[{"@type":"Article","@id":"https:\/\/cuadra-agrado.es\/?p=4214#article","isPartOf":{"@id":"https:\/\/cuadra-agrado.es\/?p=4214"},"author":{"name":"Miguel Redondo","@id":"https:\/\/cuadra-agrado.es\/#\/schema\/person\/3aa4f8d2373cf756d93a5526bc72f31b"},"headline":"Rany\u00e1n, Barbarigo y Caribean Blue estrenan nuestra primavera","datePublished":"2018-03-13T11:09:00+00:00","dateModified":"2024-02-27T09:30:11+00:00","mainEntityOfPage":{"@id":"https:\/\/cuadra-agrado.es\/?p=4214"},"wordCount":1566,"image":{"@id":"https:\/\/cuadra-agrado.es\/?p=4214#primaryimage"},"thumbnailUrl":"","articleSection":["Actualidad"],"inLanguage":"es"},{"@type":"WebPage","@id":"https:\/\/cuadra-agrado.es\/?p=4214","url":"https:\/\/cuadra-agrado.es\/?p=4214","name":"Rany\u00e1n, Barbarigo y Caribean Blue estrenan nuestra primavera - Cuadra Agrado","isPartOf":{"@id":"https:\/\/cuadra-agrado.es\/#website"},"primaryImageOfPage":{"@id":"https:\/\/cuadra-agrado.es\/?p=4214#primaryimage"},"image":{"@id":"https:\/\/cuadra-agrado.es\/?p=4214#primaryimage"},"thumbnailUrl":"","datePublished":"2018-03-13T11:09:00+00:00","dateModified":"2024-02-27T09:30:11+00:00","author":{"@id":"https:\/\/cuadra-agrado.es\/#\/schema\/person\/3aa4f8d2373cf756d93a5526bc72f31b"},"breadcrumb":{"@id":"https:\/\/cuadra-agrado.es\/?p=4214#breadcrumb"},"inLanguage":"es","potentialAction":[{"@type":"ReadAction","target":["https:\/\/cuadra-agrado.es\/?p=4214"]}]},{"@type":"ImageObject","inLanguage":"es","@id":"https:\/\/cuadra-agrado.es\/?p=4214#primaryimage","url":"","contentUrl":""},{"@type":"BreadcrumbList","@id":"https:\/\/cuadra-agrado.es\/?p=4214#breadcrumb","itemListElement":[{"@type":"ListItem","position":1,"name":"Portada","item":"https:\/\/cuadra-agrado.es\/"},{"@type":"ListItem","position":2,"name":"Rany\u00e1n, Barbarigo y Caribean Blue estrenan nuestra primavera"}]},{"@type":"WebSite","@id":"https:\/\/cuadra-agrado.es\/#website","url":"https:\/\/cuadra-agrado.es\/","name":"Cuadra Agrado","description":"En el mundo del Turf desde 2008","potentialAction":[{"@type":"SearchAction","target":{"@type":"EntryPoint","urlTemplate":"https:\/\/cuadra-agrado.es\/?s={search_term_string}"},"query-input":{"@type":"PropertyValueSpecification","valueRequired":true,"valueName":"search_term_string"}}],"inLanguage":"es"},{"@type":"Person","@id":"https:\/\/cuadra-agrado.es\/#\/schema\/person\/3aa4f8d2373cf756d93a5526bc72f31b","name":"Miguel Redondo","image":{"@type":"ImageObject","inLanguage":"es","@id":"https:\/\/secure.gravatar.com\/avatar\/85704fceb4fa34017e3c1344d182da00dbf772fb8856ba2b7726a2df926415b4?s=96&d=mm&r=g","url":"https:\/\/secure.gravatar.com\/avatar\/85704fceb4fa34017e3c1344d182da00dbf772fb8856ba2b7726a2df926415b4?s=96&d=mm&r=g","contentUrl":"https:\/\/secure.gravatar.com\/avatar\/85704fceb4fa34017e3c1344d182da00dbf772fb8856ba2b7726a2df926415b4?s=96&d=mm&r=g","caption":"Miguel Redondo"},"sameAs":["https:\/\/cuadra-agrado.es"],"url":"https:\/\/cuadra-agrado.es\/?author=5"}]}},"_links":{"self":[{"href":"https:\/\/cuadra-agrado.es\/index.php?rest_route=\/wp\/v2\/posts\/4214","targetHints":{"allow":["GET"]}}],"collection":[{"href":"https:\/\/cuadra-agrado.es\/index.php?rest_route=\/wp\/v2\/posts"}],"about":[{"href":"https:\/\/cuadra-agrado.es\/index.php?rest_route=\/wp\/v2\/types\/post"}],"author":[{"embeddable":true,"href":"https:\/\/cuadra-agrado.es\/index.php?rest_route=\/wp\/v2\/users\/5"}],"replies":[{"embeddable":true,"href":"https:\/\/cuadra-agrado.es\/index.php?rest_route=%2Fwp%2Fv2%2Fcomments&post=4214"}],"version-history":[{"count":0,"href":"https:\/\/cuadra-agrado.es\/index.php?rest_route=\/wp\/v2\/posts\/4214\/revisions"}],"wp:featuredmedia":[{"embeddable":true,"href":"https:\/\/cuadra-agrado.es\/index.php?rest_route=\/"}],"wp:attachment":[{"href":"https:\/\/cuadra-agrado.es\/index.php?rest_route=%2Fwp%2Fv2%2Fmedia&parent=4214"}],"wp:term":[{"taxonomy":"category","embeddable":true,"href":"https:\/\/cuadra-agrado.es\/index.php?rest_route=%2Fwp%2Fv2%2Fcategories&post=4214"},{"taxonomy":"post_tag","embeddable":true,"href":"https:\/\/cuadra-agrado.es\/index.php?rest_route=%2Fwp%2Fv2%2Ftags&post=4214"}],"curies":[{"name":"wp","href":"https:\/\/api.w.org\/{rel}","templated":true}]}}