{"id":407,"date":"2012-10-12T13:46:40","date_gmt":"2012-10-12T13:46:40","guid":{"rendered":"http:\/\/s465126685.mialojamiento.es\/?p=407"},"modified":"2024-02-27T09:22:51","modified_gmt":"2024-02-27T09:22:51","slug":"407-2","status":"publish","type":"post","link":"https:\/\/cuadra-agrado.es\/?p=407","title":{"rendered":"Desilusi\u00f3n de Valiant Blue en su segundo GP"},"content":{"rendered":"<p style=\"text-align: justify;\"><span style=\"color: #800080;\"><strong><a href=\"http:\/\/s465126685.mialojamiento.es\/sabias-que\/407\/attachment\/cache_24332099908f61\/\" rel=\"attachment wp-att-186\"><img loading=\"lazy\" decoding=\"async\" class=\" wp-image-186 alignleft\" style=\"margin-right: 10px; margin-left: 10px;\" alt=\"cache_24332099908f61\" src=\"http:\/\/s465126685.mialojamiento.es\/wp-content\/uploads\/2013\/03\/cache_24332099908f61.jpg\" width=\"250\" height=\"160\" \/><\/a><\/strong><\/span><\/p>\n<p style=\"text-align: justify;\">A la segunda no pudo ser la vencida y\u00a0<strong>&#8216;Valiant Blue&#8217;<\/strong>\u00a0volvi\u00f3 a cometer los mismos errores del Gobierno Vasco del pasado verano en San Sebasti\u00e1n.<\/p>\n<p style=\"text-align: justify;\">La estrategia era sin duda, permanecer tapado en el grupo junto a los &#8216;viejos&#8217;, y disputar la carrera en el sprint final, pero nuevamente &#8216;Valiant&#8217; no quiso saber nada del grupo y se desfond\u00f3 nuevamente llevando el peso de la carrera en punta junto a &#8216;La llanura&#8217; que, de igual forma, termino relegada a las \u00faltimas posiciones al final.<br \/>\nQuisimos hablar con J.B. Hamel, que volv\u00eda a montarle despu\u00e9s del &#8216;Gobierno Vasco&#8217;, \u00a0y una vez duchado y en fr\u00edo, nos dio todos los detalles que transcribimos literalmente; <em>\u00abel caballo es un espect\u00e1culo de fuerza y potencia, pero es imposible retenerle. Lo he intentado durante 1.000 metros, pero no ha habido forma, solo quiere ver pista y correr, y no atiende a \u00f3rdenes para gestionar el recorrido. Monto a caballos todos los d\u00edas en Francia, y de verdad que es algo portentoso en la fuerza que tiene, pero va a ser dif\u00edcil que pueda batir a los grandes en la milla. Deber\u00edan pensar en bajarle la distancia para no darle opci\u00f3n a gestionar la carrera, en 1.200 dar\u00eda un valor muy alto como sprinter que creo sin duda que es.<\/em><\/p>\n<p style=\"text-align: justify;\"><em>El desgaste que hace durante los primeros 1.200 metros luchando contra la monta es demasiado para que le queden fuerzas en los \u00faltimos 400. Les repito que aconsejo bajarle de distancia, en 1.000-1.200 metros ser\u00eda todo un espect\u00e1culo. Desconozco si hay programa de esta distancia en Madrid, pero si tienen oportunidad de correrle en Francia en esta distancia, creo que no deber\u00edan desaprovecharla\u00bb.<\/em><\/p>\n<p style=\"text-align: justify;\">Creo que m\u00e1s claro&#8230;&#8230; agua!!!! Como propietarios, debemos tener en cuenta esta profesional opini\u00f3n, y as\u00ed lo hemos comunicado a nuestro trainer &#8216;Teo Callejo&#8217; para que tome las consideraciones que estime oportuna al respecto.<\/p>\n<p style=\"text-align: justify;\">Por nuestra parte, aunque desilusionados con el resultado final del Gran Premio de la Hispanidad, ha sido gratificante poder contar con uno de nuestros caballos en su disputa, y continuaremos luchando por conseguir alg\u00fan d\u00eda un &#8216;grande&#8217;.<br \/>\nNos queda uno m\u00e1s este a\u00f1o el pr\u00f3ximo domingo 21 en el &#8216;Memorial&#8217; con &#8216;Rany\u00e1n&#8217;, esperamos tener un mejor d\u00eda.<\/p>\n<p style=\"text-align: justify;\">En cuanto a la carrera, felicitar a &#8216;Cielo Canarias&#8217;, un caballazo que ha demostrado ser el mejor millero de este 2012 con la doble victoria este a\u00f1o en la milla, &#8216;Gobierno Vasco&#8217; y ahora &#8216;La Hispanidad&#8217;. Nadie le pudo hacer sombra, ni en San Sebasti\u00e1n este verano, ni hoy aqu\u00ed en Madrid, donde 4 cuerpos de ventaja con &#8216;Weststow&#8217; pusieron la enorme diferencia de calidad.<\/p>\n<!-- AddThis Advanced Settings generic via filter on the_content --><!-- AddThis Share Buttons generic via filter on the_content -->","protected":false},"excerpt":{"rendered":"<p>A la segunda no pudo ser la vencida y\u00a0&#8216;Valiant Blue&#8217;\u00a0volvi\u00f3 a cometer los mismos errores del Gobierno Vasco del pasado verano en San Sebasti\u00e1n. La estrategia era sin duda, permanecer tapado en el grupo junto a los &#8216;viejos&#8217;, y disputar la carrera en el sprint final, pero nuevamente &#8216;Valiant&#8217; no quiso saber nada del grupo [&hellip;]<!-- AddThis Advanced Settings generic via filter on get_the_excerpt --><!-- AddThis Share Buttons generic via filter on get_the_excerpt --><\/p>\n","protected":false},"author":5,"featured_media":0,"comment_status":"closed","ping_status":"closed","sticky":false,"template":"","format":"gallery","meta":{"_acf_changed":false,"_et_pb_use_builder":"","_et_pb_old_content":"","_et_gb_content_width":"","footnotes":""},"categories":[3],"tags":[],"class_list":["post-407","post","type-post","status-publish","format-gallery","hentry","category-noticias-cuadra-agrado","post_format-post-format-gallery"],"acf":[],"yoast_head":"<!-- This site is optimized with the Yoast SEO plugin v27.4 - https:\/\/yoast.com\/product\/yoast-seo-wordpress\/ -->\n<title>Desilusi\u00f3n de Valiant Blue en su segundo GP - Cuadra Agrado<\/title>\n<meta name=\"robots\" content=\"index, follow, max-snippet:-1, max-image-preview:large, max-video-preview:-1\" \/>\n<link rel=\"canonical\" href=\"https:\/\/cuadra-agrado.es\/?p=407\" \/>\n<meta property=\"og:locale\" content=\"es_ES\" \/>\n<meta property=\"og:type\" content=\"article\" \/>\n<meta property=\"og:title\" content=\"Desilusi\u00f3n de Valiant Blue en su segundo GP - Cuadra Agrado\" \/>\n<meta property=\"og:description\" content=\"A la segunda no pudo ser la vencida y\u00a0&#8216;Valiant Blue&#8217;\u00a0volvi\u00f3 a cometer los mismos errores del Gobierno Vasco del pasado verano en San Sebasti\u00e1n. La estrategia era sin duda, permanecer tapado en el grupo junto a los &#8216;viejos&#8217;, y disputar la carrera en el sprint final, pero nuevamente &#8216;Valiant&#8217; no quiso saber nada del grupo [&hellip;]\" \/>\n<meta property=\"og:url\" content=\"https:\/\/cuadra-agrado.es\/?p=407\" \/>\n<meta property=\"og:site_name\" content=\"Cuadra Agrado\" \/>\n<meta property=\"article:published_time\" content=\"2012-10-12T13:46:40+00:00\" \/>\n<meta property=\"article:modified_time\" content=\"2024-02-27T09:22:51+00:00\" \/>\n<meta property=\"og:image\" content=\"http:\/\/s465126685.mialojamiento.es\/wp-content\/uploads\/2013\/03\/cache_24332099908f61.jpg\" \/>\n<meta name=\"author\" content=\"Miguel Redondo\" \/>\n<meta name=\"twitter:card\" content=\"summary_large_image\" \/>\n<meta name=\"twitter:creator\" content=\"@AGRADOracing\" \/>\n<meta name=\"twitter:site\" content=\"@AGRADOracing\" \/>\n<meta name=\"twitter:label1\" content=\"Escrito por\" \/>\n\t<meta name=\"twitter:data1\" content=\"Miguel Redondo\" \/>\n\t<meta name=\"twitter:label2\" content=\"Tiempo de lectura\" \/>\n\t<meta name=\"twitter:data2\" content=\"2 minutos\" \/>\n<script type=\"application\/ld+json\" class=\"yoast-schema-graph\">{\"@context\":\"https:\\\/\\\/schema.org\",\"@graph\":[{\"@type\":\"Article\",\"@id\":\"https:\\\/\\\/cuadra-agrado.es\\\/?p=407#article\",\"isPartOf\":{\"@id\":\"https:\\\/\\\/cuadra-agrado.es\\\/?p=407\"},\"author\":{\"name\":\"Miguel Redondo\",\"@id\":\"https:\\\/\\\/cuadra-agrado.es\\\/#\\\/schema\\\/person\\\/3aa4f8d2373cf756d93a5526bc72f31b\"},\"headline\":\"Desilusi\u00f3n de Valiant Blue en su segundo GP\",\"datePublished\":\"2012-10-12T13:46:40+00:00\",\"dateModified\":\"2024-02-27T09:22:51+00:00\",\"mainEntityOfPage\":{\"@id\":\"https:\\\/\\\/cuadra-agrado.es\\\/?p=407\"},\"wordCount\":461,\"image\":{\"@id\":\"https:\\\/\\\/cuadra-agrado.es\\\/?p=407#primaryimage\"},\"thumbnailUrl\":\"http:\\\/\\\/s465126685.mialojamiento.es\\\/wp-content\\\/uploads\\\/2013\\\/03\\\/cache_24332099908f61.jpg\",\"articleSection\":[\"Actualidad\"],\"inLanguage\":\"es\"},{\"@type\":\"WebPage\",\"@id\":\"https:\\\/\\\/cuadra-agrado.es\\\/?p=407\",\"url\":\"https:\\\/\\\/cuadra-agrado.es\\\/?p=407\",\"name\":\"Desilusi\u00f3n de Valiant Blue en su segundo GP - Cuadra Agrado\",\"isPartOf\":{\"@id\":\"https:\\\/\\\/cuadra-agrado.es\\\/#website\"},\"primaryImageOfPage\":{\"@id\":\"https:\\\/\\\/cuadra-agrado.es\\\/?p=407#primaryimage\"},\"image\":{\"@id\":\"https:\\\/\\\/cuadra-agrado.es\\\/?p=407#primaryimage\"},\"thumbnailUrl\":\"http:\\\/\\\/s465126685.mialojamiento.es\\\/wp-content\\\/uploads\\\/2013\\\/03\\\/cache_24332099908f61.jpg\",\"datePublished\":\"2012-10-12T13:46:40+00:00\",\"dateModified\":\"2024-02-27T09:22:51+00:00\",\"author\":{\"@id\":\"https:\\\/\\\/cuadra-agrado.es\\\/#\\\/schema\\\/person\\\/3aa4f8d2373cf756d93a5526bc72f31b\"},\"breadcrumb\":{\"@id\":\"https:\\\/\\\/cuadra-agrado.es\\\/?p=407#breadcrumb\"},\"inLanguage\":\"es\",\"potentialAction\":[{\"@type\":\"ReadAction\",\"target\":[\"https:\\\/\\\/cuadra-agrado.es\\\/?p=407\"]}]},{\"@type\":\"ImageObject\",\"inLanguage\":\"es\",\"@id\":\"https:\\\/\\\/cuadra-agrado.es\\\/?p=407#primaryimage\",\"url\":\"http:\\\/\\\/s465126685.mialojamiento.es\\\/wp-content\\\/uploads\\\/2013\\\/03\\\/cache_24332099908f61.jpg\",\"contentUrl\":\"http:\\\/\\\/s465126685.mialojamiento.es\\\/wp-content\\\/uploads\\\/2013\\\/03\\\/cache_24332099908f61.jpg\"},{\"@type\":\"BreadcrumbList\",\"@id\":\"https:\\\/\\\/cuadra-agrado.es\\\/?p=407#breadcrumb\",\"itemListElement\":[{\"@type\":\"ListItem\",\"position\":1,\"name\":\"Portada\",\"item\":\"https:\\\/\\\/cuadra-agrado.es\\\/\"},{\"@type\":\"ListItem\",\"position\":2,\"name\":\"Desilusi\u00f3n de Valiant Blue en su segundo GP\"}]},{\"@type\":\"WebSite\",\"@id\":\"https:\\\/\\\/cuadra-agrado.es\\\/#website\",\"url\":\"https:\\\/\\\/cuadra-agrado.es\\\/\",\"name\":\"Cuadra Agrado\",\"description\":\"En el mundo del Turf desde 2008\",\"potentialAction\":[{\"@type\":\"SearchAction\",\"target\":{\"@type\":\"EntryPoint\",\"urlTemplate\":\"https:\\\/\\\/cuadra-agrado.es\\\/?s={search_term_string}\"},\"query-input\":{\"@type\":\"PropertyValueSpecification\",\"valueRequired\":true,\"valueName\":\"search_term_string\"}}],\"inLanguage\":\"es\"},{\"@type\":\"Person\",\"@id\":\"https:\\\/\\\/cuadra-agrado.es\\\/#\\\/schema\\\/person\\\/3aa4f8d2373cf756d93a5526bc72f31b\",\"name\":\"Miguel Redondo\",\"image\":{\"@type\":\"ImageObject\",\"inLanguage\":\"es\",\"@id\":\"https:\\\/\\\/secure.gravatar.com\\\/avatar\\\/85704fceb4fa34017e3c1344d182da00dbf772fb8856ba2b7726a2df926415b4?s=96&d=mm&r=g\",\"url\":\"https:\\\/\\\/secure.gravatar.com\\\/avatar\\\/85704fceb4fa34017e3c1344d182da00dbf772fb8856ba2b7726a2df926415b4?s=96&d=mm&r=g\",\"contentUrl\":\"https:\\\/\\\/secure.gravatar.com\\\/avatar\\\/85704fceb4fa34017e3c1344d182da00dbf772fb8856ba2b7726a2df926415b4?s=96&d=mm&r=g\",\"caption\":\"Miguel Redondo\"},\"sameAs\":[\"https:\\\/\\\/cuadra-agrado.es\"],\"url\":\"https:\\\/\\\/cuadra-agrado.es\\\/?author=5\"}]}<\/script>\n<!-- \/ Yoast SEO plugin. -->","yoast_head_json":{"title":"Desilusi\u00f3n de Valiant Blue en su segundo GP - Cuadra Agrado","robots":{"index":"index","follow":"follow","max-snippet":"max-snippet:-1","max-image-preview":"max-image-preview:large","max-video-preview":"max-video-preview:-1"},"canonical":"https:\/\/cuadra-agrado.es\/?p=407","og_locale":"es_ES","og_type":"article","og_title":"Desilusi\u00f3n de Valiant Blue en su segundo GP - Cuadra Agrado","og_description":"A la segunda no pudo ser la vencida y\u00a0&#8216;Valiant Blue&#8217;\u00a0volvi\u00f3 a cometer los mismos errores del Gobierno Vasco del pasado verano en San Sebasti\u00e1n. La estrategia era sin duda, permanecer tapado en el grupo junto a los &#8216;viejos&#8217;, y disputar la carrera en el sprint final, pero nuevamente &#8216;Valiant&#8217; no quiso saber nada del grupo [&hellip;]","og_url":"https:\/\/cuadra-agrado.es\/?p=407","og_site_name":"Cuadra Agrado","article_published_time":"2012-10-12T13:46:40+00:00","article_modified_time":"2024-02-27T09:22:51+00:00","og_image":[{"url":"http:\/\/s465126685.mialojamiento.es\/wp-content\/uploads\/2013\/03\/cache_24332099908f61.jpg","type":"","width":"","height":""}],"author":"Miguel Redondo","twitter_card":"summary_large_image","twitter_creator":"@AGRADOracing","twitter_site":"@AGRADOracing","twitter_misc":{"Escrito por":"Miguel Redondo","Tiempo de lectura":"2 minutos"},"schema":{"@context":"https:\/\/schema.org","@graph":[{"@type":"Article","@id":"https:\/\/cuadra-agrado.es\/?p=407#article","isPartOf":{"@id":"https:\/\/cuadra-agrado.es\/?p=407"},"author":{"name":"Miguel Redondo","@id":"https:\/\/cuadra-agrado.es\/#\/schema\/person\/3aa4f8d2373cf756d93a5526bc72f31b"},"headline":"Desilusi\u00f3n de Valiant Blue en su segundo GP","datePublished":"2012-10-12T13:46:40+00:00","dateModified":"2024-02-27T09:22:51+00:00","mainEntityOfPage":{"@id":"https:\/\/cuadra-agrado.es\/?p=407"},"wordCount":461,"image":{"@id":"https:\/\/cuadra-agrado.es\/?p=407#primaryimage"},"thumbnailUrl":"http:\/\/s465126685.mialojamiento.es\/wp-content\/uploads\/2013\/03\/cache_24332099908f61.jpg","articleSection":["Actualidad"],"inLanguage":"es"},{"@type":"WebPage","@id":"https:\/\/cuadra-agrado.es\/?p=407","url":"https:\/\/cuadra-agrado.es\/?p=407","name":"Desilusi\u00f3n de Valiant Blue en su segundo GP - Cuadra Agrado","isPartOf":{"@id":"https:\/\/cuadra-agrado.es\/#website"},"primaryImageOfPage":{"@id":"https:\/\/cuadra-agrado.es\/?p=407#primaryimage"},"image":{"@id":"https:\/\/cuadra-agrado.es\/?p=407#primaryimage"},"thumbnailUrl":"http:\/\/s465126685.mialojamiento.es\/wp-content\/uploads\/2013\/03\/cache_24332099908f61.jpg","datePublished":"2012-10-12T13:46:40+00:00","dateModified":"2024-02-27T09:22:51+00:00","author":{"@id":"https:\/\/cuadra-agrado.es\/#\/schema\/person\/3aa4f8d2373cf756d93a5526bc72f31b"},"breadcrumb":{"@id":"https:\/\/cuadra-agrado.es\/?p=407#breadcrumb"},"inLanguage":"es","potentialAction":[{"@type":"ReadAction","target":["https:\/\/cuadra-agrado.es\/?p=407"]}]},{"@type":"ImageObject","inLanguage":"es","@id":"https:\/\/cuadra-agrado.es\/?p=407#primaryimage","url":"http:\/\/s465126685.mialojamiento.es\/wp-content\/uploads\/2013\/03\/cache_24332099908f61.jpg","contentUrl":"http:\/\/s465126685.mialojamiento.es\/wp-content\/uploads\/2013\/03\/cache_24332099908f61.jpg"},{"@type":"BreadcrumbList","@id":"https:\/\/cuadra-agrado.es\/?p=407#breadcrumb","itemListElement":[{"@type":"ListItem","position":1,"name":"Portada","item":"https:\/\/cuadra-agrado.es\/"},{"@type":"ListItem","position":2,"name":"Desilusi\u00f3n de Valiant Blue en su segundo GP"}]},{"@type":"WebSite","@id":"https:\/\/cuadra-agrado.es\/#website","url":"https:\/\/cuadra-agrado.es\/","name":"Cuadra Agrado","description":"En el mundo del Turf desde 2008","potentialAction":[{"@type":"SearchAction","target":{"@type":"EntryPoint","urlTemplate":"https:\/\/cuadra-agrado.es\/?s={search_term_string}"},"query-input":{"@type":"PropertyValueSpecification","valueRequired":true,"valueName":"search_term_string"}}],"inLanguage":"es"},{"@type":"Person","@id":"https:\/\/cuadra-agrado.es\/#\/schema\/person\/3aa4f8d2373cf756d93a5526bc72f31b","name":"Miguel Redondo","image":{"@type":"ImageObject","inLanguage":"es","@id":"https:\/\/secure.gravatar.com\/avatar\/85704fceb4fa34017e3c1344d182da00dbf772fb8856ba2b7726a2df926415b4?s=96&d=mm&r=g","url":"https:\/\/secure.gravatar.com\/avatar\/85704fceb4fa34017e3c1344d182da00dbf772fb8856ba2b7726a2df926415b4?s=96&d=mm&r=g","contentUrl":"https:\/\/secure.gravatar.com\/avatar\/85704fceb4fa34017e3c1344d182da00dbf772fb8856ba2b7726a2df926415b4?s=96&d=mm&r=g","caption":"Miguel Redondo"},"sameAs":["https:\/\/cuadra-agrado.es"],"url":"https:\/\/cuadra-agrado.es\/?author=5"}]}},"_links":{"self":[{"href":"https:\/\/cuadra-agrado.es\/index.php?rest_route=\/wp\/v2\/posts\/407","targetHints":{"allow":["GET"]}}],"collection":[{"href":"https:\/\/cuadra-agrado.es\/index.php?rest_route=\/wp\/v2\/posts"}],"about":[{"href":"https:\/\/cuadra-agrado.es\/index.php?rest_route=\/wp\/v2\/types\/post"}],"author":[{"embeddable":true,"href":"https:\/\/cuadra-agrado.es\/index.php?rest_route=\/wp\/v2\/users\/5"}],"replies":[{"embeddable":true,"href":"https:\/\/cuadra-agrado.es\/index.php?rest_route=%2Fwp%2Fv2%2Fcomments&post=407"}],"version-history":[{"count":0,"href":"https:\/\/cuadra-agrado.es\/index.php?rest_route=\/wp\/v2\/posts\/407\/revisions"}],"wp:attachment":[{"href":"https:\/\/cuadra-agrado.es\/index.php?rest_route=%2Fwp%2Fv2%2Fmedia&parent=407"}],"wp:term":[{"taxonomy":"category","embeddable":true,"href":"https:\/\/cuadra-agrado.es\/index.php?rest_route=%2Fwp%2Fv2%2Fcategories&post=407"},{"taxonomy":"post_tag","embeddable":true,"href":"https:\/\/cuadra-agrado.es\/index.php?rest_route=%2Fwp%2Fv2%2Ftags&post=407"}],"curies":[{"name":"wp","href":"https:\/\/api.w.org\/{rel}","templated":true}]}}