{"id":3920,"date":"2018-02-19T16:32:37","date_gmt":"2018-02-19T15:32:37","guid":{"rendered":"https:\/\/cuadra-agrado.es\/?p=3920"},"modified":"2024-02-27T09:30:12","modified_gmt":"2024-02-27T09:30:12","slug":"barbarigo-reaparece-primer-gp-del-ano","status":"publish","type":"post","link":"https:\/\/cuadra-agrado.es\/?p=3920","title":{"rendered":"Barbarigo reaparece en su primer GP del a\u00f1o&#8230;."},"content":{"rendered":"<p style=\"text-align: justify;\"><strong><a href=\"http:\/\/cuadra-agrado.es\/wp-content\/uploads\/2017\/10\/barbarigo-victoria-eugenia-e1508251086885.jpg\" target=\"_blank\" rel=\"noopener noreferrer\"><img loading=\"lazy\" decoding=\"async\" class=\"alignleft wp-image-3598\" src=\"http:\/\/cuadra-agrado.es\/wp-content\/uploads\/2017\/10\/barbarigo-victoria-eugenia-e1508251086885-1024x780.jpg\" alt=\"\" width=\"361\" height=\"275\"><\/a>Barbarigo<\/strong> reaparece este pr\u00f3ximo domingo en la jornada de clausura de la temporada de invierno del Gran Hip\u00f3dromo de Andaluc\u00eda (Ciudad de Dos Hermanas), 105 d\u00edas despu\u00e9s de su \u00faltima disputada en Madrid. Ser\u00e1 el Gran Premio de la milla nazarena para caballos de cuatro a\u00f1os en adelante sobre distancia de 1.600 metros con una dotaci\u00f3n de 12.000 euros al ganador y con un partant definitivo de 12 participantes.<\/p>\n<p style=\"text-align: justify;\">Despu\u00e9s de un merecido descanso invernal para recuperarse de un buen a\u00f1o donde consigui\u00f3 dos buenas victorias en el \u201c<em>Nouvel An\u201d y \u201cVictoria Eugenia\u201d,<\/em> <strong>Barbarigo<\/strong> reaparece muy fresco, con muy buena forma y con opciones de disputar este primer Gran Premio del a\u00f1o ante serios rivales muy contrastados, y algunos de ellos ya muy rodados este a\u00f1o. Nos hubiera gustado haberle dado una preparatoria anterior a la disputa de este Gran Premio, pero desgraciadamente sus trabajos no se han ajustado al calendario invernal. Sus opciones de victoria pasan por llegar en la mejor forma posible, como parece que sus \u00faltimos trabajos as\u00ed lo confirman, y esperar el fallo de, al menos dos claros favoritos de la prueba como son para nosotros <strong>\u201cC\u00e9firo\u201d<\/strong> y <strong>\u201cDelfmar<\/strong>\u201d.<br \/>\nEl primero, es un contrastado valor 42 con dos buenos terceros sobre la milla en el pasado <em>\u201cHispanidad\u201d y \u201cYoung Tiger\u201d,<\/em> que &nbsp;viene con una ya en el cuerpo donde le falt\u00f3 algo de \u201cpunch\u201d al final de la recta. En esta nueva salida ya tiene ese ritmo de competici\u00f3n y ser\u00e1 uno de los claros favoritos de la prueba. El caballo m\u00e1s en forma del invierno, Delfmar, est\u00e1 imbatido en la pista sevillana con tres victorias consecutivas. A simple vista, con esa buena racha y con un valor actual 41, ser\u00eda indiscutible favorito, pero este es otro lote mucho m\u00e1s serio, y tendr\u00e1 que exprimirse mucho m\u00e1s para luchar su cuarta consecutiva. A favor tiene su pista talism\u00e1n y la forma que parece conservar, pero en contra debiera pesar ya su falta de frescura, y el enfrentamiento a un lote mucho m\u00e1s serio.<\/p>\n<p style=\"text-align: justify;\">En un segundo rengl\u00f3n aparecen junto al nuestro, otro grupo de, al menos 5 ganadores, como Captain Moonlite (valor 40), Ciriaco (valor 40), Ecrin Des Bieffes (valor FR37), Wedge (valor 39) y Man of Time (valor 39), todos ellos con opciones de luchar unas colocaciones en un bonito Gran Premio muy concurrido y con muy buen valor, donde a igualdad de pesos, deber\u00edan situarse en dicho orden de valoraci\u00f3n, aunque esto no es matem\u00e1tica pura&#8230;..<\/p>\n<p style=\"text-align: justify;\">Nuestro contrato este a\u00f1o con \u201cBorja Fayos\u201d le hace bajarse de \u201cDelfmar\u201d con el que hab\u00eda ganado sus tres anteriores y subirse al nuestro. Es la primera vez que montar\u00e1 a \u201cBarbarigo\u201d y nos consta que ya ten\u00eda ganas de hacerlo\u2026. Su empuje y forma, como l\u00edder de la actual estad\u00edstica, seguro nos proporcionar\u00e1 alg\u00fan cuerpo de ventaja, y con ello contamos para poder luchar en los \u00faltimos furlones y tratar de vencer la balanza de nuestro lado en una reaparici\u00f3n tremendamente dif\u00edcil. Las \u00f3rdenes no creemos que sean muy diferentes a las que anteriormente han seguido otros conductores. Buscar una salida brillante de cajones, buen posicionamiento en puestos de vanguardia durante el corto recorrido, y esperar el cambio de ritmo que atesora a partir del poste de los 400 metros para buscar su opci\u00f3n, ser\u00e1n en principio las \u00f3rdenes m\u00e1s l\u00f3gicas para esta puesta en marcha.<\/p>\n<p style=\"text-align: justify;\">Comienza por tanto la andadura de nuestro reci\u00e9n estrenado \u201cviejo\u201d a sus cuatro a\u00f1os para iniciar su competici\u00f3n con vistas a los grandes premios de la primavera madrile\u00f1a. Vamos con mucha ilusi\u00f3n sabiendo que una buena colocaci\u00f3n ser\u00eda un buen punto de partida de cara a la primavera, pero con un ojo esperando al posible fallo de los l\u00f3gicos favoritos&#8230;<br \/>\nMucha suerte equipo!!!<\/p>\n<!-- AddThis Advanced Settings generic via filter on the_content --><!-- AddThis Share Buttons generic via filter on the_content -->","protected":false},"excerpt":{"rendered":"<p>Barbarigo reaparece este pr\u00f3ximo domingo en la jornada de clausura de la temporada de invierno del Gran Hip\u00f3dromo de Andaluc\u00eda (Ciudad de Dos Hermanas), 105 d\u00edas despu\u00e9s de su \u00faltima disputada en Madrid. Ser\u00e1 el Gran Premio de la milla nazarena para caballos de cuatro a\u00f1os en adelante sobre distancia de 1.600 metros con una [&hellip;]<!-- AddThis Advanced Settings generic via filter on get_the_excerpt --><!-- AddThis Share Buttons generic via filter on get_the_excerpt --><\/p>\n","protected":false},"author":5,"featured_media":3598,"comment_status":"closed","ping_status":"closed","sticky":false,"template":"","format":"standard","meta":{"_acf_changed":false,"_et_pb_use_builder":"","_et_pb_old_content":"","_et_gb_content_width":"","footnotes":""},"categories":[3],"tags":[],"class_list":["post-3920","post","type-post","status-publish","format-standard","has-post-thumbnail","hentry","category-noticias-cuadra-agrado"],"acf":[],"yoast_head":"<!-- This site is optimized with the Yoast SEO plugin v27.4 - https:\/\/yoast.com\/product\/yoast-seo-wordpress\/ -->\n<title>Barbarigo reaparece en su primer GP del a\u00f1o.... - Cuadra Agrado<\/title>\n<meta name=\"robots\" content=\"index, follow, max-snippet:-1, max-image-preview:large, max-video-preview:-1\" \/>\n<link rel=\"canonical\" href=\"https:\/\/cuadra-agrado.es\/?p=3920\" \/>\n<meta property=\"og:locale\" content=\"es_ES\" \/>\n<meta property=\"og:type\" content=\"article\" \/>\n<meta property=\"og:title\" content=\"Barbarigo reaparece en su primer GP del a\u00f1o.... - Cuadra Agrado\" \/>\n<meta property=\"og:description\" content=\"Barbarigo reaparece este pr\u00f3ximo domingo en la jornada de clausura de la temporada de invierno del Gran Hip\u00f3dromo de Andaluc\u00eda (Ciudad de Dos Hermanas), 105 d\u00edas despu\u00e9s de su \u00faltima disputada en Madrid. Ser\u00e1 el Gran Premio de la milla nazarena para caballos de cuatro a\u00f1os en adelante sobre distancia de 1.600 metros con una [&hellip;]\" \/>\n<meta property=\"og:url\" content=\"https:\/\/cuadra-agrado.es\/?p=3920\" \/>\n<meta property=\"og:site_name\" content=\"Cuadra Agrado\" \/>\n<meta property=\"article:published_time\" content=\"2018-02-19T15:32:37+00:00\" \/>\n<meta property=\"article:modified_time\" content=\"2024-02-27T09:30:12+00:00\" \/>\n<meta name=\"author\" content=\"Miguel Redondo\" \/>\n<meta name=\"twitter:card\" content=\"summary_large_image\" \/>\n<meta name=\"twitter:creator\" content=\"@AGRADOracing\" \/>\n<meta name=\"twitter:site\" content=\"@AGRADOracing\" \/>\n<meta name=\"twitter:label1\" content=\"Escrito por\" \/>\n\t<meta name=\"twitter:data1\" content=\"Miguel Redondo\" \/>\n\t<meta name=\"twitter:label2\" content=\"Tiempo de lectura\" \/>\n\t<meta name=\"twitter:data2\" content=\"3 minutos\" \/>\n<script type=\"application\/ld+json\" class=\"yoast-schema-graph\">{\"@context\":\"https:\\\/\\\/schema.org\",\"@graph\":[{\"@type\":\"Article\",\"@id\":\"https:\\\/\\\/cuadra-agrado.es\\\/?p=3920#article\",\"isPartOf\":{\"@id\":\"https:\\\/\\\/cuadra-agrado.es\\\/?p=3920\"},\"author\":{\"name\":\"Miguel Redondo\",\"@id\":\"https:\\\/\\\/cuadra-agrado.es\\\/#\\\/schema\\\/person\\\/3aa4f8d2373cf756d93a5526bc72f31b\"},\"headline\":\"Barbarigo reaparece en su primer GP del a\u00f1o&#8230;.\",\"datePublished\":\"2018-02-19T15:32:37+00:00\",\"dateModified\":\"2024-02-27T09:30:12+00:00\",\"mainEntityOfPage\":{\"@id\":\"https:\\\/\\\/cuadra-agrado.es\\\/?p=3920\"},\"wordCount\":663,\"image\":{\"@id\":\"https:\\\/\\\/cuadra-agrado.es\\\/?p=3920#primaryimage\"},\"thumbnailUrl\":\"\",\"articleSection\":[\"Actualidad\"],\"inLanguage\":\"es\"},{\"@type\":\"WebPage\",\"@id\":\"https:\\\/\\\/cuadra-agrado.es\\\/?p=3920\",\"url\":\"https:\\\/\\\/cuadra-agrado.es\\\/?p=3920\",\"name\":\"Barbarigo reaparece en su primer GP del a\u00f1o.... - Cuadra Agrado\",\"isPartOf\":{\"@id\":\"https:\\\/\\\/cuadra-agrado.es\\\/#website\"},\"primaryImageOfPage\":{\"@id\":\"https:\\\/\\\/cuadra-agrado.es\\\/?p=3920#primaryimage\"},\"image\":{\"@id\":\"https:\\\/\\\/cuadra-agrado.es\\\/?p=3920#primaryimage\"},\"thumbnailUrl\":\"\",\"datePublished\":\"2018-02-19T15:32:37+00:00\",\"dateModified\":\"2024-02-27T09:30:12+00:00\",\"author\":{\"@id\":\"https:\\\/\\\/cuadra-agrado.es\\\/#\\\/schema\\\/person\\\/3aa4f8d2373cf756d93a5526bc72f31b\"},\"breadcrumb\":{\"@id\":\"https:\\\/\\\/cuadra-agrado.es\\\/?p=3920#breadcrumb\"},\"inLanguage\":\"es\",\"potentialAction\":[{\"@type\":\"ReadAction\",\"target\":[\"https:\\\/\\\/cuadra-agrado.es\\\/?p=3920\"]}]},{\"@type\":\"ImageObject\",\"inLanguage\":\"es\",\"@id\":\"https:\\\/\\\/cuadra-agrado.es\\\/?p=3920#primaryimage\",\"url\":\"\",\"contentUrl\":\"\"},{\"@type\":\"BreadcrumbList\",\"@id\":\"https:\\\/\\\/cuadra-agrado.es\\\/?p=3920#breadcrumb\",\"itemListElement\":[{\"@type\":\"ListItem\",\"position\":1,\"name\":\"Portada\",\"item\":\"https:\\\/\\\/cuadra-agrado.es\\\/\"},{\"@type\":\"ListItem\",\"position\":2,\"name\":\"Barbarigo reaparece en su primer GP del a\u00f1o&#8230;.\"}]},{\"@type\":\"WebSite\",\"@id\":\"https:\\\/\\\/cuadra-agrado.es\\\/#website\",\"url\":\"https:\\\/\\\/cuadra-agrado.es\\\/\",\"name\":\"Cuadra Agrado\",\"description\":\"En el mundo del Turf desde 2008\",\"potentialAction\":[{\"@type\":\"SearchAction\",\"target\":{\"@type\":\"EntryPoint\",\"urlTemplate\":\"https:\\\/\\\/cuadra-agrado.es\\\/?s={search_term_string}\"},\"query-input\":{\"@type\":\"PropertyValueSpecification\",\"valueRequired\":true,\"valueName\":\"search_term_string\"}}],\"inLanguage\":\"es\"},{\"@type\":\"Person\",\"@id\":\"https:\\\/\\\/cuadra-agrado.es\\\/#\\\/schema\\\/person\\\/3aa4f8d2373cf756d93a5526bc72f31b\",\"name\":\"Miguel Redondo\",\"image\":{\"@type\":\"ImageObject\",\"inLanguage\":\"es\",\"@id\":\"https:\\\/\\\/secure.gravatar.com\\\/avatar\\\/85704fceb4fa34017e3c1344d182da00dbf772fb8856ba2b7726a2df926415b4?s=96&d=mm&r=g\",\"url\":\"https:\\\/\\\/secure.gravatar.com\\\/avatar\\\/85704fceb4fa34017e3c1344d182da00dbf772fb8856ba2b7726a2df926415b4?s=96&d=mm&r=g\",\"contentUrl\":\"https:\\\/\\\/secure.gravatar.com\\\/avatar\\\/85704fceb4fa34017e3c1344d182da00dbf772fb8856ba2b7726a2df926415b4?s=96&d=mm&r=g\",\"caption\":\"Miguel Redondo\"},\"sameAs\":[\"https:\\\/\\\/cuadra-agrado.es\"],\"url\":\"https:\\\/\\\/cuadra-agrado.es\\\/?author=5\"}]}<\/script>\n<!-- \/ Yoast SEO plugin. -->","yoast_head_json":{"title":"Barbarigo reaparece en su primer GP del a\u00f1o.... - Cuadra Agrado","robots":{"index":"index","follow":"follow","max-snippet":"max-snippet:-1","max-image-preview":"max-image-preview:large","max-video-preview":"max-video-preview:-1"},"canonical":"https:\/\/cuadra-agrado.es\/?p=3920","og_locale":"es_ES","og_type":"article","og_title":"Barbarigo reaparece en su primer GP del a\u00f1o.... - Cuadra Agrado","og_description":"Barbarigo reaparece este pr\u00f3ximo domingo en la jornada de clausura de la temporada de invierno del Gran Hip\u00f3dromo de Andaluc\u00eda (Ciudad de Dos Hermanas), 105 d\u00edas despu\u00e9s de su \u00faltima disputada en Madrid. Ser\u00e1 el Gran Premio de la milla nazarena para caballos de cuatro a\u00f1os en adelante sobre distancia de 1.600 metros con una [&hellip;]","og_url":"https:\/\/cuadra-agrado.es\/?p=3920","og_site_name":"Cuadra Agrado","article_published_time":"2018-02-19T15:32:37+00:00","article_modified_time":"2024-02-27T09:30:12+00:00","author":"Miguel Redondo","twitter_card":"summary_large_image","twitter_creator":"@AGRADOracing","twitter_site":"@AGRADOracing","twitter_misc":{"Escrito por":"Miguel Redondo","Tiempo de lectura":"3 minutos"},"schema":{"@context":"https:\/\/schema.org","@graph":[{"@type":"Article","@id":"https:\/\/cuadra-agrado.es\/?p=3920#article","isPartOf":{"@id":"https:\/\/cuadra-agrado.es\/?p=3920"},"author":{"name":"Miguel Redondo","@id":"https:\/\/cuadra-agrado.es\/#\/schema\/person\/3aa4f8d2373cf756d93a5526bc72f31b"},"headline":"Barbarigo reaparece en su primer GP del a\u00f1o&#8230;.","datePublished":"2018-02-19T15:32:37+00:00","dateModified":"2024-02-27T09:30:12+00:00","mainEntityOfPage":{"@id":"https:\/\/cuadra-agrado.es\/?p=3920"},"wordCount":663,"image":{"@id":"https:\/\/cuadra-agrado.es\/?p=3920#primaryimage"},"thumbnailUrl":"","articleSection":["Actualidad"],"inLanguage":"es"},{"@type":"WebPage","@id":"https:\/\/cuadra-agrado.es\/?p=3920","url":"https:\/\/cuadra-agrado.es\/?p=3920","name":"Barbarigo reaparece en su primer GP del a\u00f1o.... - Cuadra Agrado","isPartOf":{"@id":"https:\/\/cuadra-agrado.es\/#website"},"primaryImageOfPage":{"@id":"https:\/\/cuadra-agrado.es\/?p=3920#primaryimage"},"image":{"@id":"https:\/\/cuadra-agrado.es\/?p=3920#primaryimage"},"thumbnailUrl":"","datePublished":"2018-02-19T15:32:37+00:00","dateModified":"2024-02-27T09:30:12+00:00","author":{"@id":"https:\/\/cuadra-agrado.es\/#\/schema\/person\/3aa4f8d2373cf756d93a5526bc72f31b"},"breadcrumb":{"@id":"https:\/\/cuadra-agrado.es\/?p=3920#breadcrumb"},"inLanguage":"es","potentialAction":[{"@type":"ReadAction","target":["https:\/\/cuadra-agrado.es\/?p=3920"]}]},{"@type":"ImageObject","inLanguage":"es","@id":"https:\/\/cuadra-agrado.es\/?p=3920#primaryimage","url":"","contentUrl":""},{"@type":"BreadcrumbList","@id":"https:\/\/cuadra-agrado.es\/?p=3920#breadcrumb","itemListElement":[{"@type":"ListItem","position":1,"name":"Portada","item":"https:\/\/cuadra-agrado.es\/"},{"@type":"ListItem","position":2,"name":"Barbarigo reaparece en su primer GP del a\u00f1o&#8230;."}]},{"@type":"WebSite","@id":"https:\/\/cuadra-agrado.es\/#website","url":"https:\/\/cuadra-agrado.es\/","name":"Cuadra Agrado","description":"En el mundo del Turf desde 2008","potentialAction":[{"@type":"SearchAction","target":{"@type":"EntryPoint","urlTemplate":"https:\/\/cuadra-agrado.es\/?s={search_term_string}"},"query-input":{"@type":"PropertyValueSpecification","valueRequired":true,"valueName":"search_term_string"}}],"inLanguage":"es"},{"@type":"Person","@id":"https:\/\/cuadra-agrado.es\/#\/schema\/person\/3aa4f8d2373cf756d93a5526bc72f31b","name":"Miguel Redondo","image":{"@type":"ImageObject","inLanguage":"es","@id":"https:\/\/secure.gravatar.com\/avatar\/85704fceb4fa34017e3c1344d182da00dbf772fb8856ba2b7726a2df926415b4?s=96&d=mm&r=g","url":"https:\/\/secure.gravatar.com\/avatar\/85704fceb4fa34017e3c1344d182da00dbf772fb8856ba2b7726a2df926415b4?s=96&d=mm&r=g","contentUrl":"https:\/\/secure.gravatar.com\/avatar\/85704fceb4fa34017e3c1344d182da00dbf772fb8856ba2b7726a2df926415b4?s=96&d=mm&r=g","caption":"Miguel Redondo"},"sameAs":["https:\/\/cuadra-agrado.es"],"url":"https:\/\/cuadra-agrado.es\/?author=5"}]}},"_links":{"self":[{"href":"https:\/\/cuadra-agrado.es\/index.php?rest_route=\/wp\/v2\/posts\/3920","targetHints":{"allow":["GET"]}}],"collection":[{"href":"https:\/\/cuadra-agrado.es\/index.php?rest_route=\/wp\/v2\/posts"}],"about":[{"href":"https:\/\/cuadra-agrado.es\/index.php?rest_route=\/wp\/v2\/types\/post"}],"author":[{"embeddable":true,"href":"https:\/\/cuadra-agrado.es\/index.php?rest_route=\/wp\/v2\/users\/5"}],"replies":[{"embeddable":true,"href":"https:\/\/cuadra-agrado.es\/index.php?rest_route=%2Fwp%2Fv2%2Fcomments&post=3920"}],"version-history":[{"count":0,"href":"https:\/\/cuadra-agrado.es\/index.php?rest_route=\/wp\/v2\/posts\/3920\/revisions"}],"wp:featuredmedia":[{"embeddable":true,"href":"https:\/\/cuadra-agrado.es\/index.php?rest_route=\/"}],"wp:attachment":[{"href":"https:\/\/cuadra-agrado.es\/index.php?rest_route=%2Fwp%2Fv2%2Fmedia&parent=3920"}],"wp:term":[{"taxonomy":"category","embeddable":true,"href":"https:\/\/cuadra-agrado.es\/index.php?rest_route=%2Fwp%2Fv2%2Fcategories&post=3920"},{"taxonomy":"post_tag","embeddable":true,"href":"https:\/\/cuadra-agrado.es\/index.php?rest_route=%2Fwp%2Fv2%2Ftags&post=3920"}],"curies":[{"name":"wp","href":"https:\/\/api.w.org\/{rel}","templated":true}]}}