{"id":389,"date":"2013-02-18T13:24:58","date_gmt":"2013-02-18T13:24:58","guid":{"rendered":"http:\/\/s465126685.mialojamiento.es\/?p=389"},"modified":"2024-02-27T09:22:47","modified_gmt":"2024-02-27T09:22:47","slug":"389-2","status":"publish","type":"post","link":"https:\/\/cuadra-agrado.es\/?p=389","title":{"rendered":"Comienza la temporada 2013 en HZ"},"content":{"rendered":"<p><span style=\"color: #800080; font-size: medium;\"><strong><a href=\"http:\/\/s465126685.mialojamiento.es\/sabias-que\/373\/attachment\/hz\/\" rel=\"attachment wp-att-374\"><img loading=\"lazy\" decoding=\"async\" class=\" wp-image-374 alignleft\" style=\"margin-right: 10px; margin-left: 10px;\" alt=\"HZ\" src=\"http:\/\/s465126685.mialojamiento.es\/wp-content\/uploads\/2013\/04\/HZ.jpg\" width=\"260\" height=\"150\" \/><\/a>Comienza la Temporada de Primavera en HZ<\/strong><\/span><\/p>\n<p><span style=\"color: #800080;\">\u00a0<\/span><em><strong>18.02.13.<\/strong><\/em>\u00a0\u00a0Despu\u00e9s del aperitivo de las tres jornadas sobre la nueva fibra madrile\u00f1a, comienza el primer plato fuerte este domingo 24 con la primera jornada de esta temporada de Primavera.<\/p>\n<p>De las 103 matr\u00edculas iniciales, los forfaits han hecho su trabajo y finalmente ser\u00e1n 70 los participantes que tengan el honor de inaugurar la verdadera temporada. Entre estos participantes, menci\u00f3n especial a los nuestros donde siguen su curso y medir\u00e1n su estado de forma con los dem\u00e1s.<\/p>\n<p>Comenzaremos con la primera prueba &#8216;Premio Nembutal&#8217; para potros de 3 a\u00f1os sin debutar, 11 participantes finalmente donde nuestro &#8216;DAYKIRO&#8217; nos sacar\u00e1 finalmente de dudas, y nos ofrecer\u00e1 su valor. Mucho tiempo ha pasado desde que estaba previsto su debut all\u00e1 por Junio pasado, y aunque con alg\u00fan problema de &#8216;menudillos&#8217; necesitamos saber donde estamos, y su pr\u00f3ximo futuro.<\/p>\n<p>Por nuestra parte, seguiremos con el regreso de nuestro grande &#8216;RANY\u00c1N&#8217; que termin\u00f3 el a\u00f1o con un segundo en el &#8216;Villamejor 2012&#8217; despu\u00e9s de sus cinco victorias, y que despu\u00e9s de su ganado descanso invernal vuelve a pista para disputar este &#8216;Premio FERNAN NU\u00d1EZ&#8217; sobre distancia de 2.200 metros. 15 son los participantes definitivos, y aunque cede mucho peso con casi todos ellos, confiamos es su valor actual de 118 para que nos ofrezca la primera alegria de 2013. Nuestra intenci\u00f3n en esta primera es que vuelva a coger ritmo de competici\u00f3n, y tenerle al 100% para el pr\u00f3ximo &#8216;Premio BANNABY&#8217; que era nuestra primera cita inicial.<\/p>\n<p>Y para terminar nuestra participaci\u00f3n, las vallas&#8230;&#8230;.. Esa prueba que a priori parece la m\u00e1s espectacular con 8 caballos finalmente en la prueba, y que hemos querido ser tambi\u00e9n protagonistas y part\u00edcipes con &#8216;ORLOV&#8217;. Desconocemos el papel que har\u00e1 ya que como debutante en esta prueba, a\u00fan tenemos serias dudas, m\u00e1s si cabe cuando finalmente se matricularon varios caballos for\u00e1neos que deben estar mucho m\u00e1s trabajados y curtidos en esto de las vallas, pero que de igual forma, confiamos en su trabajo pr\u00e9vio y en una monta extranjera que traemos para \u00e9l &#8216;Josef Vana&#8217;, hijo de un m\u00edtico de vallas de la Rep\u00fablica Checa que esperemos le de una buena lecci\u00f3n de lo que son las vallas.<\/p>\n<p>Y ya que hablamos de montas, las de &#8216;DAYKIRO&#8217; y &#8216;RANYAN&#8217; nuestra confianza plena para &#8216;Francisco Jimenez&#8217;. Encantados con su trabajo diario, y con sus ganas de meterse entre los grandes este a\u00f1o. Desde este momento, le deseamos todo lo mejor para los nuestros, y para todo su gran a\u00f1o que est\u00e1 por venir.<\/p>\n<!-- AddThis Advanced Settings generic via filter on the_content --><!-- AddThis Share Buttons generic via filter on the_content -->","protected":false},"excerpt":{"rendered":"<p>Comienza la Temporada de Primavera en HZ \u00a018.02.13.\u00a0\u00a0Despu\u00e9s del aperitivo de las tres jornadas sobre la nueva fibra madrile\u00f1a, comienza el primer plato fuerte este domingo 24 con la primera jornada de esta temporada de Primavera. De las 103 matr\u00edculas iniciales, los forfaits han hecho su trabajo y finalmente ser\u00e1n 70 los participantes que tengan [&hellip;]<!-- AddThis Advanced Settings generic via filter on get_the_excerpt --><!-- AddThis Share Buttons generic via filter on get_the_excerpt --><\/p>\n","protected":false},"author":5,"featured_media":374,"comment_status":"closed","ping_status":"closed","sticky":false,"template":"","format":"gallery","meta":{"_acf_changed":false,"_et_pb_use_builder":"","_et_pb_old_content":"","_et_gb_content_width":"","footnotes":""},"categories":[3],"tags":[],"class_list":["post-389","post","type-post","status-publish","format-gallery","has-post-thumbnail","hentry","category-noticias-cuadra-agrado","post_format-post-format-gallery"],"acf":[],"yoast_head":"<!-- This site is optimized with the Yoast SEO plugin v27.4 - https:\/\/yoast.com\/product\/yoast-seo-wordpress\/ -->\n<title>Comienza la temporada 2013 en HZ - Cuadra Agrado<\/title>\n<meta name=\"robots\" content=\"index, follow, max-snippet:-1, max-image-preview:large, max-video-preview:-1\" \/>\n<link rel=\"canonical\" href=\"https:\/\/cuadra-agrado.es\/?p=389\" \/>\n<meta property=\"og:locale\" content=\"es_ES\" \/>\n<meta property=\"og:type\" content=\"article\" \/>\n<meta property=\"og:title\" content=\"Comienza la temporada 2013 en HZ - Cuadra Agrado\" \/>\n<meta property=\"og:description\" content=\"Comienza la Temporada de Primavera en HZ \u00a018.02.13.\u00a0\u00a0Despu\u00e9s del aperitivo de las tres jornadas sobre la nueva fibra madrile\u00f1a, comienza el primer plato fuerte este domingo 24 con la primera jornada de esta temporada de Primavera. De las 103 matr\u00edculas iniciales, los forfaits han hecho su trabajo y finalmente ser\u00e1n 70 los participantes que tengan [&hellip;]\" \/>\n<meta property=\"og:url\" content=\"https:\/\/cuadra-agrado.es\/?p=389\" \/>\n<meta property=\"og:site_name\" content=\"Cuadra Agrado\" \/>\n<meta property=\"article:published_time\" content=\"2013-02-18T13:24:58+00:00\" \/>\n<meta property=\"article:modified_time\" content=\"2024-02-27T09:22:47+00:00\" \/>\n<meta name=\"author\" content=\"Miguel Redondo\" \/>\n<meta name=\"twitter:card\" content=\"summary_large_image\" \/>\n<meta name=\"twitter:creator\" content=\"@AGRADOracing\" \/>\n<meta name=\"twitter:site\" content=\"@AGRADOracing\" \/>\n<meta name=\"twitter:label1\" content=\"Escrito por\" \/>\n\t<meta name=\"twitter:data1\" content=\"Miguel Redondo\" \/>\n\t<meta name=\"twitter:label2\" content=\"Tiempo de lectura\" \/>\n\t<meta name=\"twitter:data2\" content=\"2 minutos\" \/>\n<script type=\"application\/ld+json\" class=\"yoast-schema-graph\">{\"@context\":\"https:\\\/\\\/schema.org\",\"@graph\":[{\"@type\":\"Article\",\"@id\":\"https:\\\/\\\/cuadra-agrado.es\\\/?p=389#article\",\"isPartOf\":{\"@id\":\"https:\\\/\\\/cuadra-agrado.es\\\/?p=389\"},\"author\":{\"name\":\"Miguel Redondo\",\"@id\":\"https:\\\/\\\/cuadra-agrado.es\\\/#\\\/schema\\\/person\\\/3aa4f8d2373cf756d93a5526bc72f31b\"},\"headline\":\"Comienza la temporada 2013 en HZ\",\"datePublished\":\"2013-02-18T13:24:58+00:00\",\"dateModified\":\"2024-02-27T09:22:47+00:00\",\"mainEntityOfPage\":{\"@id\":\"https:\\\/\\\/cuadra-agrado.es\\\/?p=389\"},\"wordCount\":445,\"image\":{\"@id\":\"https:\\\/\\\/cuadra-agrado.es\\\/?p=389#primaryimage\"},\"thumbnailUrl\":\"\",\"articleSection\":[\"Actualidad\"],\"inLanguage\":\"es\"},{\"@type\":\"WebPage\",\"@id\":\"https:\\\/\\\/cuadra-agrado.es\\\/?p=389\",\"url\":\"https:\\\/\\\/cuadra-agrado.es\\\/?p=389\",\"name\":\"Comienza la temporada 2013 en HZ - Cuadra Agrado\",\"isPartOf\":{\"@id\":\"https:\\\/\\\/cuadra-agrado.es\\\/#website\"},\"primaryImageOfPage\":{\"@id\":\"https:\\\/\\\/cuadra-agrado.es\\\/?p=389#primaryimage\"},\"image\":{\"@id\":\"https:\\\/\\\/cuadra-agrado.es\\\/?p=389#primaryimage\"},\"thumbnailUrl\":\"\",\"datePublished\":\"2013-02-18T13:24:58+00:00\",\"dateModified\":\"2024-02-27T09:22:47+00:00\",\"author\":{\"@id\":\"https:\\\/\\\/cuadra-agrado.es\\\/#\\\/schema\\\/person\\\/3aa4f8d2373cf756d93a5526bc72f31b\"},\"breadcrumb\":{\"@id\":\"https:\\\/\\\/cuadra-agrado.es\\\/?p=389#breadcrumb\"},\"inLanguage\":\"es\",\"potentialAction\":[{\"@type\":\"ReadAction\",\"target\":[\"https:\\\/\\\/cuadra-agrado.es\\\/?p=389\"]}]},{\"@type\":\"ImageObject\",\"inLanguage\":\"es\",\"@id\":\"https:\\\/\\\/cuadra-agrado.es\\\/?p=389#primaryimage\",\"url\":\"\",\"contentUrl\":\"\"},{\"@type\":\"BreadcrumbList\",\"@id\":\"https:\\\/\\\/cuadra-agrado.es\\\/?p=389#breadcrumb\",\"itemListElement\":[{\"@type\":\"ListItem\",\"position\":1,\"name\":\"Portada\",\"item\":\"https:\\\/\\\/cuadra-agrado.es\\\/\"},{\"@type\":\"ListItem\",\"position\":2,\"name\":\"Comienza la temporada 2013 en HZ\"}]},{\"@type\":\"WebSite\",\"@id\":\"https:\\\/\\\/cuadra-agrado.es\\\/#website\",\"url\":\"https:\\\/\\\/cuadra-agrado.es\\\/\",\"name\":\"Cuadra Agrado\",\"description\":\"En el mundo del Turf desde 2008\",\"potentialAction\":[{\"@type\":\"SearchAction\",\"target\":{\"@type\":\"EntryPoint\",\"urlTemplate\":\"https:\\\/\\\/cuadra-agrado.es\\\/?s={search_term_string}\"},\"query-input\":{\"@type\":\"PropertyValueSpecification\",\"valueRequired\":true,\"valueName\":\"search_term_string\"}}],\"inLanguage\":\"es\"},{\"@type\":\"Person\",\"@id\":\"https:\\\/\\\/cuadra-agrado.es\\\/#\\\/schema\\\/person\\\/3aa4f8d2373cf756d93a5526bc72f31b\",\"name\":\"Miguel Redondo\",\"image\":{\"@type\":\"ImageObject\",\"inLanguage\":\"es\",\"@id\":\"https:\\\/\\\/secure.gravatar.com\\\/avatar\\\/85704fceb4fa34017e3c1344d182da00dbf772fb8856ba2b7726a2df926415b4?s=96&d=mm&r=g\",\"url\":\"https:\\\/\\\/secure.gravatar.com\\\/avatar\\\/85704fceb4fa34017e3c1344d182da00dbf772fb8856ba2b7726a2df926415b4?s=96&d=mm&r=g\",\"contentUrl\":\"https:\\\/\\\/secure.gravatar.com\\\/avatar\\\/85704fceb4fa34017e3c1344d182da00dbf772fb8856ba2b7726a2df926415b4?s=96&d=mm&r=g\",\"caption\":\"Miguel Redondo\"},\"sameAs\":[\"https:\\\/\\\/cuadra-agrado.es\"],\"url\":\"https:\\\/\\\/cuadra-agrado.es\\\/?author=5\"}]}<\/script>\n<!-- \/ Yoast SEO plugin. -->","yoast_head_json":{"title":"Comienza la temporada 2013 en HZ - Cuadra Agrado","robots":{"index":"index","follow":"follow","max-snippet":"max-snippet:-1","max-image-preview":"max-image-preview:large","max-video-preview":"max-video-preview:-1"},"canonical":"https:\/\/cuadra-agrado.es\/?p=389","og_locale":"es_ES","og_type":"article","og_title":"Comienza la temporada 2013 en HZ - Cuadra Agrado","og_description":"Comienza la Temporada de Primavera en HZ \u00a018.02.13.\u00a0\u00a0Despu\u00e9s del aperitivo de las tres jornadas sobre la nueva fibra madrile\u00f1a, comienza el primer plato fuerte este domingo 24 con la primera jornada de esta temporada de Primavera. De las 103 matr\u00edculas iniciales, los forfaits han hecho su trabajo y finalmente ser\u00e1n 70 los participantes que tengan [&hellip;]","og_url":"https:\/\/cuadra-agrado.es\/?p=389","og_site_name":"Cuadra Agrado","article_published_time":"2013-02-18T13:24:58+00:00","article_modified_time":"2024-02-27T09:22:47+00:00","author":"Miguel Redondo","twitter_card":"summary_large_image","twitter_creator":"@AGRADOracing","twitter_site":"@AGRADOracing","twitter_misc":{"Escrito por":"Miguel Redondo","Tiempo de lectura":"2 minutos"},"schema":{"@context":"https:\/\/schema.org","@graph":[{"@type":"Article","@id":"https:\/\/cuadra-agrado.es\/?p=389#article","isPartOf":{"@id":"https:\/\/cuadra-agrado.es\/?p=389"},"author":{"name":"Miguel Redondo","@id":"https:\/\/cuadra-agrado.es\/#\/schema\/person\/3aa4f8d2373cf756d93a5526bc72f31b"},"headline":"Comienza la temporada 2013 en HZ","datePublished":"2013-02-18T13:24:58+00:00","dateModified":"2024-02-27T09:22:47+00:00","mainEntityOfPage":{"@id":"https:\/\/cuadra-agrado.es\/?p=389"},"wordCount":445,"image":{"@id":"https:\/\/cuadra-agrado.es\/?p=389#primaryimage"},"thumbnailUrl":"","articleSection":["Actualidad"],"inLanguage":"es"},{"@type":"WebPage","@id":"https:\/\/cuadra-agrado.es\/?p=389","url":"https:\/\/cuadra-agrado.es\/?p=389","name":"Comienza la temporada 2013 en HZ - Cuadra Agrado","isPartOf":{"@id":"https:\/\/cuadra-agrado.es\/#website"},"primaryImageOfPage":{"@id":"https:\/\/cuadra-agrado.es\/?p=389#primaryimage"},"image":{"@id":"https:\/\/cuadra-agrado.es\/?p=389#primaryimage"},"thumbnailUrl":"","datePublished":"2013-02-18T13:24:58+00:00","dateModified":"2024-02-27T09:22:47+00:00","author":{"@id":"https:\/\/cuadra-agrado.es\/#\/schema\/person\/3aa4f8d2373cf756d93a5526bc72f31b"},"breadcrumb":{"@id":"https:\/\/cuadra-agrado.es\/?p=389#breadcrumb"},"inLanguage":"es","potentialAction":[{"@type":"ReadAction","target":["https:\/\/cuadra-agrado.es\/?p=389"]}]},{"@type":"ImageObject","inLanguage":"es","@id":"https:\/\/cuadra-agrado.es\/?p=389#primaryimage","url":"","contentUrl":""},{"@type":"BreadcrumbList","@id":"https:\/\/cuadra-agrado.es\/?p=389#breadcrumb","itemListElement":[{"@type":"ListItem","position":1,"name":"Portada","item":"https:\/\/cuadra-agrado.es\/"},{"@type":"ListItem","position":2,"name":"Comienza la temporada 2013 en HZ"}]},{"@type":"WebSite","@id":"https:\/\/cuadra-agrado.es\/#website","url":"https:\/\/cuadra-agrado.es\/","name":"Cuadra Agrado","description":"En el mundo del Turf desde 2008","potentialAction":[{"@type":"SearchAction","target":{"@type":"EntryPoint","urlTemplate":"https:\/\/cuadra-agrado.es\/?s={search_term_string}"},"query-input":{"@type":"PropertyValueSpecification","valueRequired":true,"valueName":"search_term_string"}}],"inLanguage":"es"},{"@type":"Person","@id":"https:\/\/cuadra-agrado.es\/#\/schema\/person\/3aa4f8d2373cf756d93a5526bc72f31b","name":"Miguel Redondo","image":{"@type":"ImageObject","inLanguage":"es","@id":"https:\/\/secure.gravatar.com\/avatar\/85704fceb4fa34017e3c1344d182da00dbf772fb8856ba2b7726a2df926415b4?s=96&d=mm&r=g","url":"https:\/\/secure.gravatar.com\/avatar\/85704fceb4fa34017e3c1344d182da00dbf772fb8856ba2b7726a2df926415b4?s=96&d=mm&r=g","contentUrl":"https:\/\/secure.gravatar.com\/avatar\/85704fceb4fa34017e3c1344d182da00dbf772fb8856ba2b7726a2df926415b4?s=96&d=mm&r=g","caption":"Miguel Redondo"},"sameAs":["https:\/\/cuadra-agrado.es"],"url":"https:\/\/cuadra-agrado.es\/?author=5"}]}},"_links":{"self":[{"href":"https:\/\/cuadra-agrado.es\/index.php?rest_route=\/wp\/v2\/posts\/389","targetHints":{"allow":["GET"]}}],"collection":[{"href":"https:\/\/cuadra-agrado.es\/index.php?rest_route=\/wp\/v2\/posts"}],"about":[{"href":"https:\/\/cuadra-agrado.es\/index.php?rest_route=\/wp\/v2\/types\/post"}],"author":[{"embeddable":true,"href":"https:\/\/cuadra-agrado.es\/index.php?rest_route=\/wp\/v2\/users\/5"}],"replies":[{"embeddable":true,"href":"https:\/\/cuadra-agrado.es\/index.php?rest_route=%2Fwp%2Fv2%2Fcomments&post=389"}],"version-history":[{"count":0,"href":"https:\/\/cuadra-agrado.es\/index.php?rest_route=\/wp\/v2\/posts\/389\/revisions"}],"wp:featuredmedia":[{"embeddable":true,"href":"https:\/\/cuadra-agrado.es\/index.php?rest_route=\/"}],"wp:attachment":[{"href":"https:\/\/cuadra-agrado.es\/index.php?rest_route=%2Fwp%2Fv2%2Fmedia&parent=389"}],"wp:term":[{"taxonomy":"category","embeddable":true,"href":"https:\/\/cuadra-agrado.es\/index.php?rest_route=%2Fwp%2Fv2%2Fcategories&post=389"},{"taxonomy":"post_tag","embeddable":true,"href":"https:\/\/cuadra-agrado.es\/index.php?rest_route=%2Fwp%2Fv2%2Ftags&post=389"}],"curies":[{"name":"wp","href":"https:\/\/api.w.org\/{rel}","templated":true}]}}