{"id":3839,"date":"2018-02-06T13:06:30","date_gmt":"2018-02-06T12:06:30","guid":{"rendered":"https:\/\/cuadra-agrado.es\/?p=3839"},"modified":"2024-02-27T09:30:13","modified_gmt":"2024-02-27T09:30:13","slug":"parisien-blue-reaparece-competicion","status":"publish","type":"post","link":"https:\/\/cuadra-agrado.es\/?p=3839","title":{"rendered":"Parisien Blue reaparece en competici\u00f3n"},"content":{"rendered":"<p style=\"text-align: justify;\"><a href=\"http:\/\/cuadra-agrado.es\/wp-content\/uploads\/2017\/01\/Parisien-Blue-DH.jpg\" target=\"_blank\" rel=\"noopener noreferrer\"><img loading=\"lazy\" decoding=\"async\" class=\"alignleft wp-image-2848 \" src=\"http:\/\/cuadra-agrado.es\/wp-content\/uploads\/2017\/01\/Parisien-Blue-DH-300x218.jpg\" alt=\"\" width=\"423\" height=\"306\"><\/a>Comenzamos nuestra andadura en este 2018 con<strong> \u201cParisien Blue\u201d<\/strong>, que vuelve a la competici\u00f3n este pr\u00f3ximo domingo en Dos Hermanas, casi nueve meses despu\u00e9s de su grave lesi\u00f3n de ligamentos en su pie derecho, que le dejara sin poder competir durante gran parte de su edad cl\u00e1sica. Ha sido un largo periodo de recuperaci\u00f3n, en una primera parte desde las instalaciones de \u201c Alberto Remolina\u201d en Laredo, donde estuvo los primeros cinco meses de rehabilitaci\u00f3n, y desde octubre en una segunda fase de trabajos ascendentes, ya en Madrid, bajo las \u00f3rdenes de nuestro preparador Juan Luis Maroto. Sin apretar demasiado en los trabajos, por temor a que la lesi\u00f3n volviera a resurgir, no llega en la mejor forma para afrontar esta reaparici\u00f3n, pero sus dos \u00faltimos trabajos serios nos han hecho confiar en que, esa m\u00ednima forma para competir, le sea suficiente para luchar en un lote asequible con valores de h\u00e1ndicap por debajo de 27.<\/p>\n<p style=\"text-align: justify;\">Estamos convencidos que su valoraci\u00f3n en condiciones normales est\u00e1 muy por encima de su actual 27, y esta primera salida sobre la arena nazarena, donde obtuvo su mejor resultado el pasado a\u00f1o, y que se asemeja a una segunda parte de h\u00e1ndicap, es un buen punto de partida para ir incrementando su valor de cara a la primavera. Quiz\u00e1s la distancia de los 1.900 metros no sea la m\u00e1s id\u00f3nea para su condici\u00f3n y origen, pero hemos preferido que en esta reaparici\u00f3n el incremento de distancia le ayude a lleva un recorrido m\u00e1s tranquilo y podamos verlo luchar en los \u00faltimos hect\u00f3metros. Es cierto que es una puesta en marcha despu\u00e9s de muchos meses alejado de la competici\u00f3n, pero nadie ha demostrado hasta la fecha que no se pueda ganar en las reapariciones\u2026. Con menos probabilidades que en otras ocasiones, nuestra primera intenci\u00f3n es que tenga una reaparici\u00f3n digna y que volvamos a casa sin ning\u00fan problema de salud a\u00f1adido, pero siempre con la idea de tratar de luchar victoria y poder salir de \u201cmaiden\u201d con \u00e9l. Si es en esta, perfecto, y si no, que nos sirva para ir carburando para la siguiente\u2026.<\/p>\n<p style=\"text-align: justify;\">Nueve contrincantes en pista despu\u00e9s de los reenganches nos dan un lote de 10 participantes provisionales que tratar\u00e1n de buscar su mejor opci\u00f3n en un referenciado muy abierto, tan abierto que son muchos los que podr\u00edan pasar por ganadores. Para nosotros, estos son los que tratar\u00e1n de poner m\u00e1s dif\u00edcil la reaparici\u00f3n a nuestro \u201cParisien Blue\u201d;<\/p>\n<p style=\"text-align: justify;\">OURANYS, vuelve a aumentar la distancia a los 1.900 despu\u00e9s de disputar dos sobre la milla en diciembre. Deber\u00eda sentirse m\u00e1s a gusto en la arena, como as\u00ed lo demostrara en Pineda, y en su \u00faltima victoria en las nocturnas de Madrid el pasado verano. Para nosotros, posiblemente sea el rival m\u00e1s serio y con m\u00e1s opciones\u2026 El reenganchado MANOLETE con casi tres kilos menos que los top de la escala, si no fuera porque apenas le va a dar tiempo a recuperar gl\u00f3bulos rojos despu\u00e9s de vencer en la semana pasada, ser\u00eda un claro ganador de la prueba. No deber\u00eda repetir en tan solo una semana, pero la forma aqu\u00ed es un grado y un reenganche no se hace por capricho . Otro reenganchado como ASCANIO reapareci\u00f3 en diciembre y viene de estar en la gemela en su \u00faltima en la hierba ante un lote similar por lo que a buen seguro podr\u00eda estar en la llegada. FAST ROCI, sali\u00f3 de \u201cmaiden\u201d el pasado &nbsp;diciembre sobre la milla en un lote tambi\u00e9n muy similar, y despu\u00e9s, en un lote superior sobre la misma pista y aumentando la distancia, qued\u00f3 muy lejos. Vuelve a enfrentarse a los de su nivel y aprovechar\u00e1 su h\u00e1ndicap para estar en la llegada. BARONESA VOLADORA, reaparece nueve meses despu\u00e9s de una severa lesi\u00f3n, y la del domingo, la toma como puesta en marcha con vistas a la primavera de Madrid. Aunque nos encantar\u00eda verla delante, como miembros que somos del CDE El Paddock, no creemos que pueda luchar por la victoria tan pronto, pero igual que \u201cParisien\u201d, no est\u00e1 prohibido reaparecer ganando y el descargo de Melgarejo le har\u00e1 m\u00e1s f\u00e1cil el recorrido\u2026. No olvidar la posible sorpresa de ARRUZA que viene de progresar en sus dos \u00faltimas de DH, y esto, junto con un peso muy a su favor, es s\u00edntoma de que podr\u00eda estar tambi\u00e9n en la llegada\u2026..<\/p>\n<p style=\"text-align: justify;\">Para terminar nuestra previa, monta para nuestro Jockey 2018 \u201cBorja Fayos\u201d, que estrena contrato de primeras montas con nosotros este a\u00f1o, y al que le deseamos tenga un buen debut con nuestros colores en esta nueva etapa. Llevar\u00e1 el top de la escala con 62 kilos, pero sus ganas de empezar con buen pie con nosotros, su empuje, y la buena racha que lleva en estos inicios de temporada en Dos Hermanas, son alicientes m\u00e1s que suficientes para que nos pueda aportar en pista lo que muy posiblemente le pueda faltar a Parisien.<\/p>\n<p style=\"text-align: justify;\">Dicho esto, afrontamos esta primera prueba del a\u00f1o con las l\u00f3gicas dudas de una reaparici\u00f3n, pero con el optimismo y la ilusi\u00f3n de volver a tener de vuelta a este hijo de \u201cGatz\u201d que debe comenzar a demostrar lo que lleva dentro. A favor tenemos un lote asequible y una monta de garant\u00edas, y en contra, el considerado h\u00e1ndicap de la reaparici\u00f3n de un caballo que lleva casi nueve meses sin competir.<br \/>\nEl domingo veremos el desenlace. Mucha suerte para todos y que gane el que m\u00e1s lo merezca\u2026<\/p>\n<!-- AddThis Advanced Settings generic via filter on the_content --><!-- AddThis Share Buttons generic via filter on the_content -->","protected":false},"excerpt":{"rendered":"<p>Comenzamos nuestra andadura en este 2018 con \u201cParisien Blue\u201d, que vuelve a la competici\u00f3n este pr\u00f3ximo domingo en Dos Hermanas, casi nueve meses despu\u00e9s de su grave lesi\u00f3n de ligamentos en su pie derecho, que le dejara sin poder competir durante gran parte de su edad cl\u00e1sica. Ha sido un largo periodo de recuperaci\u00f3n, en [&hellip;]<!-- AddThis Advanced Settings generic via filter on get_the_excerpt --><!-- AddThis Share Buttons generic via filter on get_the_excerpt --><\/p>\n","protected":false},"author":5,"featured_media":2848,"comment_status":"closed","ping_status":"closed","sticky":false,"template":"","format":"standard","meta":{"_acf_changed":false,"_et_pb_use_builder":"","_et_pb_old_content":"","_et_gb_content_width":"","footnotes":""},"categories":[3],"tags":[],"class_list":["post-3839","post","type-post","status-publish","format-standard","has-post-thumbnail","hentry","category-noticias-cuadra-agrado"],"acf":[],"yoast_head":"<!-- This site is optimized with the Yoast SEO plugin v27.4 - https:\/\/yoast.com\/product\/yoast-seo-wordpress\/ -->\n<title>Parisien Blue reaparece en competici\u00f3n - Cuadra Agrado<\/title>\n<meta name=\"robots\" content=\"index, follow, max-snippet:-1, max-image-preview:large, max-video-preview:-1\" \/>\n<link rel=\"canonical\" href=\"https:\/\/cuadra-agrado.es\/?p=3839\" \/>\n<meta property=\"og:locale\" content=\"es_ES\" \/>\n<meta property=\"og:type\" content=\"article\" \/>\n<meta property=\"og:title\" content=\"Parisien Blue reaparece en competici\u00f3n - Cuadra Agrado\" \/>\n<meta property=\"og:description\" content=\"Comenzamos nuestra andadura en este 2018 con \u201cParisien Blue\u201d, que vuelve a la competici\u00f3n este pr\u00f3ximo domingo en Dos Hermanas, casi nueve meses despu\u00e9s de su grave lesi\u00f3n de ligamentos en su pie derecho, que le dejara sin poder competir durante gran parte de su edad cl\u00e1sica. Ha sido un largo periodo de recuperaci\u00f3n, en [&hellip;]\" \/>\n<meta property=\"og:url\" content=\"https:\/\/cuadra-agrado.es\/?p=3839\" \/>\n<meta property=\"og:site_name\" content=\"Cuadra Agrado\" \/>\n<meta property=\"article:published_time\" content=\"2018-02-06T12:06:30+00:00\" \/>\n<meta property=\"article:modified_time\" content=\"2024-02-27T09:30:13+00:00\" \/>\n<meta name=\"author\" content=\"Miguel Redondo\" \/>\n<meta name=\"twitter:card\" content=\"summary_large_image\" \/>\n<meta name=\"twitter:creator\" content=\"@AGRADOracing\" \/>\n<meta name=\"twitter:site\" content=\"@AGRADOracing\" \/>\n<meta name=\"twitter:label1\" content=\"Escrito por\" \/>\n\t<meta name=\"twitter:data1\" content=\"Miguel Redondo\" \/>\n\t<meta name=\"twitter:label2\" content=\"Tiempo de lectura\" \/>\n\t<meta name=\"twitter:data2\" content=\"5 minutos\" \/>\n<script type=\"application\/ld+json\" class=\"yoast-schema-graph\">{\"@context\":\"https:\\\/\\\/schema.org\",\"@graph\":[{\"@type\":\"Article\",\"@id\":\"https:\\\/\\\/cuadra-agrado.es\\\/?p=3839#article\",\"isPartOf\":{\"@id\":\"https:\\\/\\\/cuadra-agrado.es\\\/?p=3839\"},\"author\":{\"name\":\"Miguel Redondo\",\"@id\":\"https:\\\/\\\/cuadra-agrado.es\\\/#\\\/schema\\\/person\\\/3aa4f8d2373cf756d93a5526bc72f31b\"},\"headline\":\"Parisien Blue reaparece en competici\u00f3n\",\"datePublished\":\"2018-02-06T12:06:30+00:00\",\"dateModified\":\"2024-02-27T09:30:13+00:00\",\"mainEntityOfPage\":{\"@id\":\"https:\\\/\\\/cuadra-agrado.es\\\/?p=3839\"},\"wordCount\":967,\"image\":{\"@id\":\"https:\\\/\\\/cuadra-agrado.es\\\/?p=3839#primaryimage\"},\"thumbnailUrl\":\"\",\"articleSection\":[\"Actualidad\"],\"inLanguage\":\"es\"},{\"@type\":\"WebPage\",\"@id\":\"https:\\\/\\\/cuadra-agrado.es\\\/?p=3839\",\"url\":\"https:\\\/\\\/cuadra-agrado.es\\\/?p=3839\",\"name\":\"Parisien Blue reaparece en competici\u00f3n - Cuadra Agrado\",\"isPartOf\":{\"@id\":\"https:\\\/\\\/cuadra-agrado.es\\\/#website\"},\"primaryImageOfPage\":{\"@id\":\"https:\\\/\\\/cuadra-agrado.es\\\/?p=3839#primaryimage\"},\"image\":{\"@id\":\"https:\\\/\\\/cuadra-agrado.es\\\/?p=3839#primaryimage\"},\"thumbnailUrl\":\"\",\"datePublished\":\"2018-02-06T12:06:30+00:00\",\"dateModified\":\"2024-02-27T09:30:13+00:00\",\"author\":{\"@id\":\"https:\\\/\\\/cuadra-agrado.es\\\/#\\\/schema\\\/person\\\/3aa4f8d2373cf756d93a5526bc72f31b\"},\"breadcrumb\":{\"@id\":\"https:\\\/\\\/cuadra-agrado.es\\\/?p=3839#breadcrumb\"},\"inLanguage\":\"es\",\"potentialAction\":[{\"@type\":\"ReadAction\",\"target\":[\"https:\\\/\\\/cuadra-agrado.es\\\/?p=3839\"]}]},{\"@type\":\"ImageObject\",\"inLanguage\":\"es\",\"@id\":\"https:\\\/\\\/cuadra-agrado.es\\\/?p=3839#primaryimage\",\"url\":\"\",\"contentUrl\":\"\"},{\"@type\":\"BreadcrumbList\",\"@id\":\"https:\\\/\\\/cuadra-agrado.es\\\/?p=3839#breadcrumb\",\"itemListElement\":[{\"@type\":\"ListItem\",\"position\":1,\"name\":\"Portada\",\"item\":\"https:\\\/\\\/cuadra-agrado.es\\\/\"},{\"@type\":\"ListItem\",\"position\":2,\"name\":\"Parisien Blue reaparece en competici\u00f3n\"}]},{\"@type\":\"WebSite\",\"@id\":\"https:\\\/\\\/cuadra-agrado.es\\\/#website\",\"url\":\"https:\\\/\\\/cuadra-agrado.es\\\/\",\"name\":\"Cuadra Agrado\",\"description\":\"En el mundo del Turf desde 2008\",\"potentialAction\":[{\"@type\":\"SearchAction\",\"target\":{\"@type\":\"EntryPoint\",\"urlTemplate\":\"https:\\\/\\\/cuadra-agrado.es\\\/?s={search_term_string}\"},\"query-input\":{\"@type\":\"PropertyValueSpecification\",\"valueRequired\":true,\"valueName\":\"search_term_string\"}}],\"inLanguage\":\"es\"},{\"@type\":\"Person\",\"@id\":\"https:\\\/\\\/cuadra-agrado.es\\\/#\\\/schema\\\/person\\\/3aa4f8d2373cf756d93a5526bc72f31b\",\"name\":\"Miguel Redondo\",\"image\":{\"@type\":\"ImageObject\",\"inLanguage\":\"es\",\"@id\":\"https:\\\/\\\/secure.gravatar.com\\\/avatar\\\/85704fceb4fa34017e3c1344d182da00dbf772fb8856ba2b7726a2df926415b4?s=96&d=mm&r=g\",\"url\":\"https:\\\/\\\/secure.gravatar.com\\\/avatar\\\/85704fceb4fa34017e3c1344d182da00dbf772fb8856ba2b7726a2df926415b4?s=96&d=mm&r=g\",\"contentUrl\":\"https:\\\/\\\/secure.gravatar.com\\\/avatar\\\/85704fceb4fa34017e3c1344d182da00dbf772fb8856ba2b7726a2df926415b4?s=96&d=mm&r=g\",\"caption\":\"Miguel Redondo\"},\"sameAs\":[\"https:\\\/\\\/cuadra-agrado.es\"],\"url\":\"https:\\\/\\\/cuadra-agrado.es\\\/?author=5\"}]}<\/script>\n<!-- \/ Yoast SEO plugin. -->","yoast_head_json":{"title":"Parisien Blue reaparece en competici\u00f3n - Cuadra Agrado","robots":{"index":"index","follow":"follow","max-snippet":"max-snippet:-1","max-image-preview":"max-image-preview:large","max-video-preview":"max-video-preview:-1"},"canonical":"https:\/\/cuadra-agrado.es\/?p=3839","og_locale":"es_ES","og_type":"article","og_title":"Parisien Blue reaparece en competici\u00f3n - Cuadra Agrado","og_description":"Comenzamos nuestra andadura en este 2018 con \u201cParisien Blue\u201d, que vuelve a la competici\u00f3n este pr\u00f3ximo domingo en Dos Hermanas, casi nueve meses despu\u00e9s de su grave lesi\u00f3n de ligamentos en su pie derecho, que le dejara sin poder competir durante gran parte de su edad cl\u00e1sica. Ha sido un largo periodo de recuperaci\u00f3n, en [&hellip;]","og_url":"https:\/\/cuadra-agrado.es\/?p=3839","og_site_name":"Cuadra Agrado","article_published_time":"2018-02-06T12:06:30+00:00","article_modified_time":"2024-02-27T09:30:13+00:00","author":"Miguel Redondo","twitter_card":"summary_large_image","twitter_creator":"@AGRADOracing","twitter_site":"@AGRADOracing","twitter_misc":{"Escrito por":"Miguel Redondo","Tiempo de lectura":"5 minutos"},"schema":{"@context":"https:\/\/schema.org","@graph":[{"@type":"Article","@id":"https:\/\/cuadra-agrado.es\/?p=3839#article","isPartOf":{"@id":"https:\/\/cuadra-agrado.es\/?p=3839"},"author":{"name":"Miguel Redondo","@id":"https:\/\/cuadra-agrado.es\/#\/schema\/person\/3aa4f8d2373cf756d93a5526bc72f31b"},"headline":"Parisien Blue reaparece en competici\u00f3n","datePublished":"2018-02-06T12:06:30+00:00","dateModified":"2024-02-27T09:30:13+00:00","mainEntityOfPage":{"@id":"https:\/\/cuadra-agrado.es\/?p=3839"},"wordCount":967,"image":{"@id":"https:\/\/cuadra-agrado.es\/?p=3839#primaryimage"},"thumbnailUrl":"","articleSection":["Actualidad"],"inLanguage":"es"},{"@type":"WebPage","@id":"https:\/\/cuadra-agrado.es\/?p=3839","url":"https:\/\/cuadra-agrado.es\/?p=3839","name":"Parisien Blue reaparece en competici\u00f3n - Cuadra Agrado","isPartOf":{"@id":"https:\/\/cuadra-agrado.es\/#website"},"primaryImageOfPage":{"@id":"https:\/\/cuadra-agrado.es\/?p=3839#primaryimage"},"image":{"@id":"https:\/\/cuadra-agrado.es\/?p=3839#primaryimage"},"thumbnailUrl":"","datePublished":"2018-02-06T12:06:30+00:00","dateModified":"2024-02-27T09:30:13+00:00","author":{"@id":"https:\/\/cuadra-agrado.es\/#\/schema\/person\/3aa4f8d2373cf756d93a5526bc72f31b"},"breadcrumb":{"@id":"https:\/\/cuadra-agrado.es\/?p=3839#breadcrumb"},"inLanguage":"es","potentialAction":[{"@type":"ReadAction","target":["https:\/\/cuadra-agrado.es\/?p=3839"]}]},{"@type":"ImageObject","inLanguage":"es","@id":"https:\/\/cuadra-agrado.es\/?p=3839#primaryimage","url":"","contentUrl":""},{"@type":"BreadcrumbList","@id":"https:\/\/cuadra-agrado.es\/?p=3839#breadcrumb","itemListElement":[{"@type":"ListItem","position":1,"name":"Portada","item":"https:\/\/cuadra-agrado.es\/"},{"@type":"ListItem","position":2,"name":"Parisien Blue reaparece en competici\u00f3n"}]},{"@type":"WebSite","@id":"https:\/\/cuadra-agrado.es\/#website","url":"https:\/\/cuadra-agrado.es\/","name":"Cuadra Agrado","description":"En el mundo del Turf desde 2008","potentialAction":[{"@type":"SearchAction","target":{"@type":"EntryPoint","urlTemplate":"https:\/\/cuadra-agrado.es\/?s={search_term_string}"},"query-input":{"@type":"PropertyValueSpecification","valueRequired":true,"valueName":"search_term_string"}}],"inLanguage":"es"},{"@type":"Person","@id":"https:\/\/cuadra-agrado.es\/#\/schema\/person\/3aa4f8d2373cf756d93a5526bc72f31b","name":"Miguel Redondo","image":{"@type":"ImageObject","inLanguage":"es","@id":"https:\/\/secure.gravatar.com\/avatar\/85704fceb4fa34017e3c1344d182da00dbf772fb8856ba2b7726a2df926415b4?s=96&d=mm&r=g","url":"https:\/\/secure.gravatar.com\/avatar\/85704fceb4fa34017e3c1344d182da00dbf772fb8856ba2b7726a2df926415b4?s=96&d=mm&r=g","contentUrl":"https:\/\/secure.gravatar.com\/avatar\/85704fceb4fa34017e3c1344d182da00dbf772fb8856ba2b7726a2df926415b4?s=96&d=mm&r=g","caption":"Miguel Redondo"},"sameAs":["https:\/\/cuadra-agrado.es"],"url":"https:\/\/cuadra-agrado.es\/?author=5"}]}},"_links":{"self":[{"href":"https:\/\/cuadra-agrado.es\/index.php?rest_route=\/wp\/v2\/posts\/3839","targetHints":{"allow":["GET"]}}],"collection":[{"href":"https:\/\/cuadra-agrado.es\/index.php?rest_route=\/wp\/v2\/posts"}],"about":[{"href":"https:\/\/cuadra-agrado.es\/index.php?rest_route=\/wp\/v2\/types\/post"}],"author":[{"embeddable":true,"href":"https:\/\/cuadra-agrado.es\/index.php?rest_route=\/wp\/v2\/users\/5"}],"replies":[{"embeddable":true,"href":"https:\/\/cuadra-agrado.es\/index.php?rest_route=%2Fwp%2Fv2%2Fcomments&post=3839"}],"version-history":[{"count":0,"href":"https:\/\/cuadra-agrado.es\/index.php?rest_route=\/wp\/v2\/posts\/3839\/revisions"}],"wp:featuredmedia":[{"embeddable":true,"href":"https:\/\/cuadra-agrado.es\/index.php?rest_route=\/"}],"wp:attachment":[{"href":"https:\/\/cuadra-agrado.es\/index.php?rest_route=%2Fwp%2Fv2%2Fmedia&parent=3839"}],"wp:term":[{"taxonomy":"category","embeddable":true,"href":"https:\/\/cuadra-agrado.es\/index.php?rest_route=%2Fwp%2Fv2%2Fcategories&post=3839"},{"taxonomy":"post_tag","embeddable":true,"href":"https:\/\/cuadra-agrado.es\/index.php?rest_route=%2Fwp%2Fv2%2Ftags&post=3839"}],"curies":[{"name":"wp","href":"https:\/\/api.w.org\/{rel}","templated":true}]}}