{"id":379,"date":"2012-12-14T13:15:15","date_gmt":"2012-12-14T13:15:15","guid":{"rendered":"http:\/\/s465126685.mialojamiento.es\/?p=379"},"modified":"2024-02-27T09:22:48","modified_gmt":"2024-02-27T09:22:48","slug":"379-2","status":"publish","type":"post","link":"https:\/\/cuadra-agrado.es\/?p=379","title":{"rendered":"Donaci\u00f3n al busto de Carudel"},"content":{"rendered":"<p><span style=\"color: #800080;\"><strong><a href=\"http:\/\/s465126685.mialojamiento.es\/sabias-que\/379\/attachment\/carudel\/\" rel=\"attachment wp-att-380\"><img loading=\"lazy\" decoding=\"async\" class=\" wp-image-380 alignleft\" style=\"margin-right: 10px; margin-left: 10px;\" alt=\"carudel\" src=\"http:\/\/s465126685.mialojamiento.es\/wp-content\/uploads\/2013\/04\/carudel.jpg\" width=\"250\" height=\"160\" \/><\/a><\/strong><\/span><\/p>\n<p style=\"text-align: justify;\">Nuestra &#8216;Cuadra Agrado&#8217; acaba de realizar ingreso de 500,00 euros a la cuenta de la <a href=\"http:\/\/www.aacce.es\/\" target=\"_blank\" rel=\"noopener noreferrer\">A.A.C.C.E.<\/a> como donativo para la participaci\u00f3n en la obra del busto escult\u00f3rico del entra\u00f1able &#8216;Claudio Carudel&#8217;, que ser\u00e1 expuesto en lugar preferente del Hip\u00f3dromo de la Zarzuela de Madrid el pr\u00f3ximo a\u00f1o.<\/p>\n<p style=\"text-align: justify;\">Con esta donaci\u00f3n desinteresada, queremos formar parte del grupo de asociaciones, profesionales, cuadras, y dem\u00e1s relacionados con el mundo del turf, para contribuir a que el &#8216;Rubio de Oro&#8217; permanezca en el recuerdo de nuestro mundo eternamente.<\/p>\n<!-- AddThis Advanced Settings generic via filter on the_content --><!-- AddThis Share Buttons generic via filter on the_content -->","protected":false},"excerpt":{"rendered":"<p>Nuestra &#8216;Cuadra Agrado&#8217; acaba de realizar ingreso de 500,00 euros a la cuenta de la A.A.C.C.E. como donativo para la participaci\u00f3n en la obra del busto escult\u00f3rico del entra\u00f1able &#8216;Claudio Carudel&#8217;, que ser\u00e1 expuesto en lugar preferente del Hip\u00f3dromo de la Zarzuela de Madrid el pr\u00f3ximo a\u00f1o. Con esta donaci\u00f3n desinteresada, queremos formar parte del [&hellip;]<!-- AddThis Advanced Settings generic via filter on get_the_excerpt --><!-- AddThis Share Buttons generic via filter on get_the_excerpt --><\/p>\n","protected":false},"author":5,"featured_media":0,"comment_status":"closed","ping_status":"closed","sticky":false,"template":"","format":"gallery","meta":{"_acf_changed":false,"_et_pb_use_builder":"","_et_pb_old_content":"","_et_gb_content_width":"","footnotes":""},"categories":[3],"tags":[],"class_list":["post-379","post","type-post","status-publish","format-gallery","hentry","category-noticias-cuadra-agrado","post_format-post-format-gallery"],"acf":[],"yoast_head":"<!-- This site is optimized with the Yoast SEO plugin v27.4 - https:\/\/yoast.com\/product\/yoast-seo-wordpress\/ -->\n<title>Donaci\u00f3n al busto de Carudel - Cuadra Agrado<\/title>\n<meta name=\"robots\" content=\"index, follow, max-snippet:-1, max-image-preview:large, max-video-preview:-1\" \/>\n<link rel=\"canonical\" href=\"https:\/\/cuadra-agrado.es\/?p=379\" \/>\n<meta property=\"og:locale\" content=\"es_ES\" \/>\n<meta property=\"og:type\" content=\"article\" \/>\n<meta property=\"og:title\" content=\"Donaci\u00f3n al busto de Carudel - Cuadra Agrado\" \/>\n<meta property=\"og:description\" content=\"Nuestra &#8216;Cuadra Agrado&#8217; acaba de realizar ingreso de 500,00 euros a la cuenta de la A.A.C.C.E. como donativo para la participaci\u00f3n en la obra del busto escult\u00f3rico del entra\u00f1able &#8216;Claudio Carudel&#8217;, que ser\u00e1 expuesto en lugar preferente del Hip\u00f3dromo de la Zarzuela de Madrid el pr\u00f3ximo a\u00f1o. Con esta donaci\u00f3n desinteresada, queremos formar parte del [&hellip;]\" \/>\n<meta property=\"og:url\" content=\"https:\/\/cuadra-agrado.es\/?p=379\" \/>\n<meta property=\"og:site_name\" content=\"Cuadra Agrado\" \/>\n<meta property=\"article:published_time\" content=\"2012-12-14T13:15:15+00:00\" \/>\n<meta property=\"article:modified_time\" content=\"2024-02-27T09:22:48+00:00\" \/>\n<meta property=\"og:image\" content=\"http:\/\/s465126685.mialojamiento.es\/wp-content\/uploads\/2013\/04\/carudel.jpg\" \/>\n<meta name=\"author\" content=\"Miguel Redondo\" \/>\n<meta name=\"twitter:card\" content=\"summary_large_image\" \/>\n<meta name=\"twitter:creator\" content=\"@AGRADOracing\" \/>\n<meta name=\"twitter:site\" content=\"@AGRADOracing\" \/>\n<meta name=\"twitter:label1\" content=\"Escrito por\" \/>\n\t<meta name=\"twitter:data1\" content=\"Miguel Redondo\" \/>\n<script type=\"application\/ld+json\" class=\"yoast-schema-graph\">{\"@context\":\"https:\\\/\\\/schema.org\",\"@graph\":[{\"@type\":\"Article\",\"@id\":\"https:\\\/\\\/cuadra-agrado.es\\\/?p=379#article\",\"isPartOf\":{\"@id\":\"https:\\\/\\\/cuadra-agrado.es\\\/?p=379\"},\"author\":{\"name\":\"Miguel Redondo\",\"@id\":\"https:\\\/\\\/cuadra-agrado.es\\\/#\\\/schema\\\/person\\\/3aa4f8d2373cf756d93a5526bc72f31b\"},\"headline\":\"Donaci\u00f3n al busto de Carudel\",\"datePublished\":\"2012-12-14T13:15:15+00:00\",\"dateModified\":\"2024-02-27T09:22:48+00:00\",\"mainEntityOfPage\":{\"@id\":\"https:\\\/\\\/cuadra-agrado.es\\\/?p=379\"},\"wordCount\":101,\"image\":{\"@id\":\"https:\\\/\\\/cuadra-agrado.es\\\/?p=379#primaryimage\"},\"thumbnailUrl\":\"http:\\\/\\\/s465126685.mialojamiento.es\\\/wp-content\\\/uploads\\\/2013\\\/04\\\/carudel.jpg\",\"articleSection\":[\"Actualidad\"],\"inLanguage\":\"es\"},{\"@type\":\"WebPage\",\"@id\":\"https:\\\/\\\/cuadra-agrado.es\\\/?p=379\",\"url\":\"https:\\\/\\\/cuadra-agrado.es\\\/?p=379\",\"name\":\"Donaci\u00f3n al busto de Carudel - Cuadra Agrado\",\"isPartOf\":{\"@id\":\"https:\\\/\\\/cuadra-agrado.es\\\/#website\"},\"primaryImageOfPage\":{\"@id\":\"https:\\\/\\\/cuadra-agrado.es\\\/?p=379#primaryimage\"},\"image\":{\"@id\":\"https:\\\/\\\/cuadra-agrado.es\\\/?p=379#primaryimage\"},\"thumbnailUrl\":\"http:\\\/\\\/s465126685.mialojamiento.es\\\/wp-content\\\/uploads\\\/2013\\\/04\\\/carudel.jpg\",\"datePublished\":\"2012-12-14T13:15:15+00:00\",\"dateModified\":\"2024-02-27T09:22:48+00:00\",\"author\":{\"@id\":\"https:\\\/\\\/cuadra-agrado.es\\\/#\\\/schema\\\/person\\\/3aa4f8d2373cf756d93a5526bc72f31b\"},\"breadcrumb\":{\"@id\":\"https:\\\/\\\/cuadra-agrado.es\\\/?p=379#breadcrumb\"},\"inLanguage\":\"es\",\"potentialAction\":[{\"@type\":\"ReadAction\",\"target\":[\"https:\\\/\\\/cuadra-agrado.es\\\/?p=379\"]}]},{\"@type\":\"ImageObject\",\"inLanguage\":\"es\",\"@id\":\"https:\\\/\\\/cuadra-agrado.es\\\/?p=379#primaryimage\",\"url\":\"http:\\\/\\\/s465126685.mialojamiento.es\\\/wp-content\\\/uploads\\\/2013\\\/04\\\/carudel.jpg\",\"contentUrl\":\"http:\\\/\\\/s465126685.mialojamiento.es\\\/wp-content\\\/uploads\\\/2013\\\/04\\\/carudel.jpg\"},{\"@type\":\"BreadcrumbList\",\"@id\":\"https:\\\/\\\/cuadra-agrado.es\\\/?p=379#breadcrumb\",\"itemListElement\":[{\"@type\":\"ListItem\",\"position\":1,\"name\":\"Portada\",\"item\":\"https:\\\/\\\/cuadra-agrado.es\\\/\"},{\"@type\":\"ListItem\",\"position\":2,\"name\":\"Donaci\u00f3n al busto de Carudel\"}]},{\"@type\":\"WebSite\",\"@id\":\"https:\\\/\\\/cuadra-agrado.es\\\/#website\",\"url\":\"https:\\\/\\\/cuadra-agrado.es\\\/\",\"name\":\"Cuadra Agrado\",\"description\":\"En el mundo del Turf desde 2008\",\"potentialAction\":[{\"@type\":\"SearchAction\",\"target\":{\"@type\":\"EntryPoint\",\"urlTemplate\":\"https:\\\/\\\/cuadra-agrado.es\\\/?s={search_term_string}\"},\"query-input\":{\"@type\":\"PropertyValueSpecification\",\"valueRequired\":true,\"valueName\":\"search_term_string\"}}],\"inLanguage\":\"es\"},{\"@type\":\"Person\",\"@id\":\"https:\\\/\\\/cuadra-agrado.es\\\/#\\\/schema\\\/person\\\/3aa4f8d2373cf756d93a5526bc72f31b\",\"name\":\"Miguel Redondo\",\"image\":{\"@type\":\"ImageObject\",\"inLanguage\":\"es\",\"@id\":\"https:\\\/\\\/secure.gravatar.com\\\/avatar\\\/85704fceb4fa34017e3c1344d182da00dbf772fb8856ba2b7726a2df926415b4?s=96&d=mm&r=g\",\"url\":\"https:\\\/\\\/secure.gravatar.com\\\/avatar\\\/85704fceb4fa34017e3c1344d182da00dbf772fb8856ba2b7726a2df926415b4?s=96&d=mm&r=g\",\"contentUrl\":\"https:\\\/\\\/secure.gravatar.com\\\/avatar\\\/85704fceb4fa34017e3c1344d182da00dbf772fb8856ba2b7726a2df926415b4?s=96&d=mm&r=g\",\"caption\":\"Miguel Redondo\"},\"sameAs\":[\"https:\\\/\\\/cuadra-agrado.es\"],\"url\":\"https:\\\/\\\/cuadra-agrado.es\\\/?author=5\"}]}<\/script>\n<!-- \/ Yoast SEO plugin. -->","yoast_head_json":{"title":"Donaci\u00f3n al busto de Carudel - Cuadra Agrado","robots":{"index":"index","follow":"follow","max-snippet":"max-snippet:-1","max-image-preview":"max-image-preview:large","max-video-preview":"max-video-preview:-1"},"canonical":"https:\/\/cuadra-agrado.es\/?p=379","og_locale":"es_ES","og_type":"article","og_title":"Donaci\u00f3n al busto de Carudel - Cuadra Agrado","og_description":"Nuestra &#8216;Cuadra Agrado&#8217; acaba de realizar ingreso de 500,00 euros a la cuenta de la A.A.C.C.E. como donativo para la participaci\u00f3n en la obra del busto escult\u00f3rico del entra\u00f1able &#8216;Claudio Carudel&#8217;, que ser\u00e1 expuesto en lugar preferente del Hip\u00f3dromo de la Zarzuela de Madrid el pr\u00f3ximo a\u00f1o. Con esta donaci\u00f3n desinteresada, queremos formar parte del [&hellip;]","og_url":"https:\/\/cuadra-agrado.es\/?p=379","og_site_name":"Cuadra Agrado","article_published_time":"2012-12-14T13:15:15+00:00","article_modified_time":"2024-02-27T09:22:48+00:00","og_image":[{"url":"http:\/\/s465126685.mialojamiento.es\/wp-content\/uploads\/2013\/04\/carudel.jpg","type":"","width":"","height":""}],"author":"Miguel Redondo","twitter_card":"summary_large_image","twitter_creator":"@AGRADOracing","twitter_site":"@AGRADOracing","twitter_misc":{"Escrito por":"Miguel Redondo"},"schema":{"@context":"https:\/\/schema.org","@graph":[{"@type":"Article","@id":"https:\/\/cuadra-agrado.es\/?p=379#article","isPartOf":{"@id":"https:\/\/cuadra-agrado.es\/?p=379"},"author":{"name":"Miguel Redondo","@id":"https:\/\/cuadra-agrado.es\/#\/schema\/person\/3aa4f8d2373cf756d93a5526bc72f31b"},"headline":"Donaci\u00f3n al busto de Carudel","datePublished":"2012-12-14T13:15:15+00:00","dateModified":"2024-02-27T09:22:48+00:00","mainEntityOfPage":{"@id":"https:\/\/cuadra-agrado.es\/?p=379"},"wordCount":101,"image":{"@id":"https:\/\/cuadra-agrado.es\/?p=379#primaryimage"},"thumbnailUrl":"http:\/\/s465126685.mialojamiento.es\/wp-content\/uploads\/2013\/04\/carudel.jpg","articleSection":["Actualidad"],"inLanguage":"es"},{"@type":"WebPage","@id":"https:\/\/cuadra-agrado.es\/?p=379","url":"https:\/\/cuadra-agrado.es\/?p=379","name":"Donaci\u00f3n al busto de Carudel - Cuadra Agrado","isPartOf":{"@id":"https:\/\/cuadra-agrado.es\/#website"},"primaryImageOfPage":{"@id":"https:\/\/cuadra-agrado.es\/?p=379#primaryimage"},"image":{"@id":"https:\/\/cuadra-agrado.es\/?p=379#primaryimage"},"thumbnailUrl":"http:\/\/s465126685.mialojamiento.es\/wp-content\/uploads\/2013\/04\/carudel.jpg","datePublished":"2012-12-14T13:15:15+00:00","dateModified":"2024-02-27T09:22:48+00:00","author":{"@id":"https:\/\/cuadra-agrado.es\/#\/schema\/person\/3aa4f8d2373cf756d93a5526bc72f31b"},"breadcrumb":{"@id":"https:\/\/cuadra-agrado.es\/?p=379#breadcrumb"},"inLanguage":"es","potentialAction":[{"@type":"ReadAction","target":["https:\/\/cuadra-agrado.es\/?p=379"]}]},{"@type":"ImageObject","inLanguage":"es","@id":"https:\/\/cuadra-agrado.es\/?p=379#primaryimage","url":"http:\/\/s465126685.mialojamiento.es\/wp-content\/uploads\/2013\/04\/carudel.jpg","contentUrl":"http:\/\/s465126685.mialojamiento.es\/wp-content\/uploads\/2013\/04\/carudel.jpg"},{"@type":"BreadcrumbList","@id":"https:\/\/cuadra-agrado.es\/?p=379#breadcrumb","itemListElement":[{"@type":"ListItem","position":1,"name":"Portada","item":"https:\/\/cuadra-agrado.es\/"},{"@type":"ListItem","position":2,"name":"Donaci\u00f3n al busto de Carudel"}]},{"@type":"WebSite","@id":"https:\/\/cuadra-agrado.es\/#website","url":"https:\/\/cuadra-agrado.es\/","name":"Cuadra Agrado","description":"En el mundo del Turf desde 2008","potentialAction":[{"@type":"SearchAction","target":{"@type":"EntryPoint","urlTemplate":"https:\/\/cuadra-agrado.es\/?s={search_term_string}"},"query-input":{"@type":"PropertyValueSpecification","valueRequired":true,"valueName":"search_term_string"}}],"inLanguage":"es"},{"@type":"Person","@id":"https:\/\/cuadra-agrado.es\/#\/schema\/person\/3aa4f8d2373cf756d93a5526bc72f31b","name":"Miguel Redondo","image":{"@type":"ImageObject","inLanguage":"es","@id":"https:\/\/secure.gravatar.com\/avatar\/85704fceb4fa34017e3c1344d182da00dbf772fb8856ba2b7726a2df926415b4?s=96&d=mm&r=g","url":"https:\/\/secure.gravatar.com\/avatar\/85704fceb4fa34017e3c1344d182da00dbf772fb8856ba2b7726a2df926415b4?s=96&d=mm&r=g","contentUrl":"https:\/\/secure.gravatar.com\/avatar\/85704fceb4fa34017e3c1344d182da00dbf772fb8856ba2b7726a2df926415b4?s=96&d=mm&r=g","caption":"Miguel Redondo"},"sameAs":["https:\/\/cuadra-agrado.es"],"url":"https:\/\/cuadra-agrado.es\/?author=5"}]}},"_links":{"self":[{"href":"https:\/\/cuadra-agrado.es\/index.php?rest_route=\/wp\/v2\/posts\/379","targetHints":{"allow":["GET"]}}],"collection":[{"href":"https:\/\/cuadra-agrado.es\/index.php?rest_route=\/wp\/v2\/posts"}],"about":[{"href":"https:\/\/cuadra-agrado.es\/index.php?rest_route=\/wp\/v2\/types\/post"}],"author":[{"embeddable":true,"href":"https:\/\/cuadra-agrado.es\/index.php?rest_route=\/wp\/v2\/users\/5"}],"replies":[{"embeddable":true,"href":"https:\/\/cuadra-agrado.es\/index.php?rest_route=%2Fwp%2Fv2%2Fcomments&post=379"}],"version-history":[{"count":0,"href":"https:\/\/cuadra-agrado.es\/index.php?rest_route=\/wp\/v2\/posts\/379\/revisions"}],"wp:attachment":[{"href":"https:\/\/cuadra-agrado.es\/index.php?rest_route=%2Fwp%2Fv2%2Fmedia&parent=379"}],"wp:term":[{"taxonomy":"category","embeddable":true,"href":"https:\/\/cuadra-agrado.es\/index.php?rest_route=%2Fwp%2Fv2%2Fcategories&post=379"},{"taxonomy":"post_tag","embeddable":true,"href":"https:\/\/cuadra-agrado.es\/index.php?rest_route=%2Fwp%2Fv2%2Ftags&post=379"}],"curies":[{"name":"wp","href":"https:\/\/api.w.org\/{rel}","templated":true}]}}