{"id":3745,"date":"2018-01-23T21:31:32","date_gmt":"2018-01-23T20:31:32","guid":{"rendered":"https:\/\/cuadra-agrado.es\/?p=3745"},"modified":"2024-02-27T09:30:14","modified_gmt":"2024-02-27T09:30:14","slug":"diez-anos-galopando-turf","status":"publish","type":"post","link":"https:\/\/cuadra-agrado.es\/?p=3745","title":{"rendered":"Diez a\u00f1os galopando en el turf!!!"},"content":{"rendered":"<p style=\"text-align: justify;\"><a href=\"http:\/\/cuadra-agrado.es\/wp-content\/uploads\/2017\/11\/sase.jpg\" target=\"_blank\" rel=\"noopener noreferrer\"><img loading=\"lazy\" decoding=\"async\" class=\"alignleft wp-image-3685 size-medium\" src=\"http:\/\/cuadra-agrado.es\/wp-content\/uploads\/2017\/11\/sase-300x169.jpg\" alt=\"\" width=\"300\" height=\"169\"><\/a>Esta temporada 2018 vendr\u00e1 marcada para nuestros colores granate y azul como un a\u00f1o especial ligado a nuestro d\u00e9cimo aniversario en el turf. El 11 de noviembre de 2008 naci\u00f3 nuestra cuadra con la compra de nuestro primer efectivo \u201cOrlov\u201d. Casi diez a\u00f1os despu\u00e9s, seguimos con la misma ilusi\u00f3n de aquel primer d\u00eda y con el orgullo de haber conseguido hacernos un peque\u00f1o hueco en este apasionante mundo donde hemos vivido innumerables e imborrables momentos que recordaremos toda la vida, y que queremos seguir viviendo los pr\u00f3ximos diez a\u00f1os.<\/p>\n<p style=\"text-align: justify;\">Comenzamos as\u00ed la d\u00e9cima temporada con los efectivos que a continuaci\u00f3n presentamos, aunque muchos de ellos ya sean conocidos de temporadas pasadas por todos los aficionados. Este a\u00f1o de celebraci\u00f3n, hemos querido que fuera un poco m\u00e1s especial, y por ello, hemos realizado el mayor esfuerzo de todos los a\u00f1os en cuanto a n\u00famero de efectivos en entrenamiento, al mismo tiempo de asegurarnos todas sus montas con un contrato al mejor jockey nacional del momento como es<em> Borja Fayos<\/em> por todo el 2018. Afrontamos este a\u00f1o el nuevo reto de la competici\u00f3n con una cuadra muy compensada entre nuestros efectivos con dos potros de dos a\u00f1os, una potra para la edad cl\u00e1sica, dos cuatro a\u00f1os, y un viejo de 9 que no tiene nada que envidiar al resto.<\/p>\n<p style=\"text-align: justify;\">De mayor a menor, comenzamos la presentaci\u00f3n con el que otro a\u00f1o m\u00e1s liderar\u00e1 nuestra cuadra, y no puede ser otro que el incombustible <strong>RANYAN<\/strong>. Viejo General con galones siempre visibles en la pista que ha sido, es y ser\u00e1, nuestro <em>\u00abojito<\/em>\u00bb derecho desde que era un potro. Ten\u00edamos ya ultimando su despedida en oto\u00f1o del pasado a\u00f1o, cuando debi\u00f3 barruntar nuestra intenci\u00f3n y se sac\u00f3 de la chistera tres victorias consecutivas en su hip\u00f3dromo talism\u00e1n de Lasarte. Evidentemente, ante esa tremenda actuaci\u00f3n de poder\u00edo tit\u00e1nico, valent\u00eda y honradez, no pudimos enviarle al prado nada m\u00e1s que a descansar un mesecito y retornarle&nbsp; despu\u00e9s a competici\u00f3n con vistas a este a\u00f1o. Su entrada en 9 a\u00f1os y su alto valor en h\u00e1ndicap ser\u00e1n un serio obst\u00e1culo para su devenir en esta su \u00ab<em>\u00faltima<\/em>\u00bb temporada de competici\u00f3n, pero a este viejo gladiador no hay que subestimarle porque es capaz de volver a luchar un Gran Premio de distancia como se encuentre bien de salud y forma. Esperemos que las escasas lluvias del pasado a\u00f1o se tornen en este nuevo en pistas de barro para que el honrado hijo de \u00abGold Away\u00bb galope en su mejor condici\u00f3n, y pueda seguir sumando victorias un a\u00f1o m\u00e1s\u2026.<br \/>\nSuerte para tu \u00faltimo a\u00f1o, General !!!<\/p>\n<p style=\"text-align: justify;\">Toca el turno a los que despu\u00e9s de pasar por su edad cl\u00e1sica, se convierten en los nuevos \u201cviejos\u201d de la competici\u00f3n con cuatro a\u00f1os. <strong>BARBARIGO<\/strong> demostr\u00f3 el pasado a\u00f1o ser un caballo serio y con muchas posibilidades de entrar en la \u00e9lite de los grandes. Con valor 40 se ha posicionado como uno de los mejores milleros de la edad cl\u00e1sica con un abanico grande en la versatilidad de la distancia, pudiendo llegar a ganar pruebas incluso sobre los 1.800 metros. Este a\u00f1o toca ya enfrentarse a los viejos de una manera mucho m\u00e1s seria y esperamos mucho de este hijo de \u00abCanford Cliffs\u00bb con el que tenemos muchas esperanzas de competir en los Grandes Premios de la temporada, si podemos progresar un poquito m\u00e1s con \u00e9l, y la salud nos acompa\u00f1a.<strong> PARISIEN BLUE<\/strong> es el otro cuatro a\u00f1os en plantilla y, despu\u00e9s de 8 meses luchando contra una fat\u00eddica lesi\u00f3n de ligamentos, esperamos la vida le sonr\u00eda y pueda disfrutar de la competici\u00f3n, y nosotros con \u00e9l despu\u00e9s de su maltrecha edad cl\u00e1sica que ha pasado sombr\u00eda. Ha sido mucho el esfuerzo el que hemos tenido que hacer con \u00e9l durante ocho largos meses, y tambi\u00e9n mucho el esfuerzo por su parte, por lo que confiamos en una merecida recompensa a ese empe\u00f1o. &nbsp;Apenas pudo demostrarnos nada el pasado a\u00f1o antes de esta lesi\u00f3n y, desde hace 3 meses, est\u00e1 ya en entrenamiento con vistas a reaparecer el pr\u00f3ximo febrero en Sevilla. Debe partir desde el fondo del pozo, pero creemos le ser\u00e1 relativamente f\u00e1cil subir escalones carrera a carrera durante la primavera, si la salud se lo permite y no recae en la misma lesi\u00f3n, hecho este que le impedir\u00eda definitivamente continuar en competici\u00f3n.<\/p>\n<p style=\"text-align: justify;\">En la edad cl\u00e1sica contamos con&nbsp;<strong>CARIBEAN BLUE<\/strong>, una hija de \u00abPour Moi\u00bb que por or\u00edgenes ya conoc\u00edamos de su poca precocidad. Le dimos un debut suave al final de sus dos a\u00f1os para ir viendo atributos, y la dejamos descansar y seguir creciendo durante todo el pasado invierno. A sus tres a\u00f1os lleg\u00f3 la hora de apostar por ella y confirmar si la clase y origen que atesora, lo pone verdaderamente en pista. Le vendr\u00e1 muy bien incrementar la distancia a dos curvas, y seg\u00fan informes, con este \u00fanico cambio ganar\u00eda 6\/8 kilos de valor con respecto a sus dos a\u00f1os. Vamos a ver si son suficientes para posicionarnos en alguna gran prueba de distancia de la edad cl\u00e1sica y tenemos una buena yegua de fondo que nos permita seguir apostando por ella en el futuro.&nbsp;<\/p>\n<p style=\"text-align: justify;\">Los potros de dos a\u00f1os pasan este a\u00f1o pasan por un macho y una hembra. <strong>AMERICAN BLUE<\/strong> es el macho alaz\u00e1n y nacional adquirido en la \u00faltima subasta ACPSIE procedente de la Yeguada HV. Es un potro con un f\u00edsico espectacular, fiel reflejo del poder\u00edo alem\u00e1n que ten\u00eda su padre, \u201cManduro\u201d, pero quiz\u00e1s demasiado beb\u00e9 de cabeza en estos primeros meses de trabajo. Va a costar tiempo verle partir de cajones este mismo a\u00f1o, pero a\u00fan es muy pronto para poder afirmar si podr\u00e1 o no debutar a una edad demasiada temprana para su cabeza y origen. Lo importante es que est\u00e1 en entrenamiento desde el pasado mes de enero y ya se est\u00e1 formando a las \u00f3rdenes de un experimentado entrenador que seguro le har\u00e1 debutar cuando est\u00e9 preparado para ello. Poco a poco le iremos viendo crecer en sus trabajos y pensamos que a mediados de a\u00f1o podremos valorar si es posible su debut en este mismo a\u00f1o o se retraso para 2019. La hembra se bautiz\u00f3 como <strong>DANUBIAN BLUE<\/strong>, una potra francesa que present\u00f3 nuestra propia yeguada en la pasada subasta ACPSIE y que tristemente qued\u00f3 sin puja. Hija de \u00abCanford Cliffs\u00bb y primer producto de su madre por \u00abHigh Chaparral\u00bb , volvi\u00f3 de nuevo a nuestra yeguada despu\u00e9s de la subasta, y all\u00ed pudimos ver d\u00eda a d\u00eda lo r\u00e1pido que aprend\u00eda en el proceso de doma y posterior en sus primeros trabajos de picadero. Su nacimiento y su f\u00edsico no se\u00f1alaban demasiada precocidad y nuestra primera intenci\u00f3n era dejarla tranquila hasta verano a la espera de un posible comprador, pero su forma de asumir trabajos, su seriedad y su r\u00e1pido crecimiento f\u00edsico nos hizo ingresarla en competici\u00f3n el pasado mes de enero y de paso, cumplir una antigua promesa con JC Cerqueira que nombramos como su instructor y compa\u00f1ero de viaje en competici\u00f3n.<\/p>\n<p style=\"text-align: justify;\">Seis efectivos que ser\u00e1n nuestras seis ilusiones para nuestro d\u00e9cimo aniversario que reci\u00e9n comenzamos el pr\u00f3ximo mes en el Gran Hip\u00f3dromo de Andaluc\u00eda con la reaparici\u00f3n de \u201cParisien Blue\u201d. Esperamos disfrutar como los otros nueve a\u00f1os anteriores y seguir aportando ese grano de arena a nuestro turf para que aficionados y profesionales tambi\u00e9n sigan disfrutando de este maravilloso espect\u00e1culo con nosotros.<\/p>\n<hr>\n<p style=\"text-align: justify;\">&nbsp;<\/p>\n<p>&nbsp;<\/p>\n<!-- AddThis Advanced Settings generic via filter on the_content --><!-- AddThis Share Buttons generic via filter on the_content -->","protected":false},"excerpt":{"rendered":"<p>Esta temporada 2018 vendr\u00e1 marcada para nuestros colores granate y azul como un a\u00f1o especial ligado a nuestro d\u00e9cimo aniversario en el turf. El 11 de noviembre de 2008 naci\u00f3 nuestra cuadra con la compra de nuestro primer efectivo \u201cOrlov\u201d. Casi diez a\u00f1os despu\u00e9s, seguimos con la misma ilusi\u00f3n de aquel primer d\u00eda y con [&hellip;]<!-- AddThis Advanced Settings generic via filter on get_the_excerpt --><!-- AddThis Share Buttons generic via filter on get_the_excerpt --><\/p>\n","protected":false},"author":5,"featured_media":3685,"comment_status":"closed","ping_status":"closed","sticky":false,"template":"","format":"standard","meta":{"_acf_changed":false,"_et_pb_use_builder":"","_et_pb_old_content":"","_et_gb_content_width":"","footnotes":""},"categories":[3],"tags":[],"class_list":["post-3745","post","type-post","status-publish","format-standard","has-post-thumbnail","hentry","category-noticias-cuadra-agrado"],"acf":[],"yoast_head":"<!-- This site is optimized with the Yoast SEO plugin v27.4 - https:\/\/yoast.com\/product\/yoast-seo-wordpress\/ -->\n<title>Diez a\u00f1os galopando en el turf!!! - Cuadra Agrado<\/title>\n<meta name=\"robots\" content=\"index, follow, max-snippet:-1, max-image-preview:large, max-video-preview:-1\" \/>\n<link rel=\"canonical\" href=\"https:\/\/cuadra-agrado.es\/?p=3745\" \/>\n<meta property=\"og:locale\" content=\"es_ES\" \/>\n<meta property=\"og:type\" content=\"article\" \/>\n<meta property=\"og:title\" content=\"Diez a\u00f1os galopando en el turf!!! - Cuadra Agrado\" \/>\n<meta property=\"og:description\" content=\"Esta temporada 2018 vendr\u00e1 marcada para nuestros colores granate y azul como un a\u00f1o especial ligado a nuestro d\u00e9cimo aniversario en el turf. El 11 de noviembre de 2008 naci\u00f3 nuestra cuadra con la compra de nuestro primer efectivo \u201cOrlov\u201d. Casi diez a\u00f1os despu\u00e9s, seguimos con la misma ilusi\u00f3n de aquel primer d\u00eda y con [&hellip;]\" \/>\n<meta property=\"og:url\" content=\"https:\/\/cuadra-agrado.es\/?p=3745\" \/>\n<meta property=\"og:site_name\" content=\"Cuadra Agrado\" \/>\n<meta property=\"article:published_time\" content=\"2018-01-23T20:31:32+00:00\" \/>\n<meta property=\"article:modified_time\" content=\"2024-02-27T09:30:14+00:00\" \/>\n<meta name=\"author\" content=\"Miguel Redondo\" \/>\n<meta name=\"twitter:card\" content=\"summary_large_image\" \/>\n<meta name=\"twitter:creator\" content=\"@AGRADOracing\" \/>\n<meta name=\"twitter:site\" content=\"@AGRADOracing\" \/>\n<meta name=\"twitter:label1\" content=\"Escrito por\" \/>\n\t<meta name=\"twitter:data1\" content=\"Miguel Redondo\" \/>\n\t<meta name=\"twitter:label2\" content=\"Tiempo de lectura\" \/>\n\t<meta name=\"twitter:data2\" content=\"7 minutos\" \/>\n<script type=\"application\/ld+json\" class=\"yoast-schema-graph\">{\"@context\":\"https:\\\/\\\/schema.org\",\"@graph\":[{\"@type\":\"Article\",\"@id\":\"https:\\\/\\\/cuadra-agrado.es\\\/?p=3745#article\",\"isPartOf\":{\"@id\":\"https:\\\/\\\/cuadra-agrado.es\\\/?p=3745\"},\"author\":{\"name\":\"Miguel Redondo\",\"@id\":\"https:\\\/\\\/cuadra-agrado.es\\\/#\\\/schema\\\/person\\\/3aa4f8d2373cf756d93a5526bc72f31b\"},\"headline\":\"Diez a\u00f1os galopando en el turf!!!\",\"datePublished\":\"2018-01-23T20:31:32+00:00\",\"dateModified\":\"2024-02-27T09:30:14+00:00\",\"mainEntityOfPage\":{\"@id\":\"https:\\\/\\\/cuadra-agrado.es\\\/?p=3745\"},\"wordCount\":1339,\"image\":{\"@id\":\"https:\\\/\\\/cuadra-agrado.es\\\/?p=3745#primaryimage\"},\"thumbnailUrl\":\"\",\"articleSection\":[\"Actualidad\"],\"inLanguage\":\"es\"},{\"@type\":\"WebPage\",\"@id\":\"https:\\\/\\\/cuadra-agrado.es\\\/?p=3745\",\"url\":\"https:\\\/\\\/cuadra-agrado.es\\\/?p=3745\",\"name\":\"Diez a\u00f1os galopando en el turf!!! - Cuadra Agrado\",\"isPartOf\":{\"@id\":\"https:\\\/\\\/cuadra-agrado.es\\\/#website\"},\"primaryImageOfPage\":{\"@id\":\"https:\\\/\\\/cuadra-agrado.es\\\/?p=3745#primaryimage\"},\"image\":{\"@id\":\"https:\\\/\\\/cuadra-agrado.es\\\/?p=3745#primaryimage\"},\"thumbnailUrl\":\"\",\"datePublished\":\"2018-01-23T20:31:32+00:00\",\"dateModified\":\"2024-02-27T09:30:14+00:00\",\"author\":{\"@id\":\"https:\\\/\\\/cuadra-agrado.es\\\/#\\\/schema\\\/person\\\/3aa4f8d2373cf756d93a5526bc72f31b\"},\"breadcrumb\":{\"@id\":\"https:\\\/\\\/cuadra-agrado.es\\\/?p=3745#breadcrumb\"},\"inLanguage\":\"es\",\"potentialAction\":[{\"@type\":\"ReadAction\",\"target\":[\"https:\\\/\\\/cuadra-agrado.es\\\/?p=3745\"]}]},{\"@type\":\"ImageObject\",\"inLanguage\":\"es\",\"@id\":\"https:\\\/\\\/cuadra-agrado.es\\\/?p=3745#primaryimage\",\"url\":\"\",\"contentUrl\":\"\"},{\"@type\":\"BreadcrumbList\",\"@id\":\"https:\\\/\\\/cuadra-agrado.es\\\/?p=3745#breadcrumb\",\"itemListElement\":[{\"@type\":\"ListItem\",\"position\":1,\"name\":\"Portada\",\"item\":\"https:\\\/\\\/cuadra-agrado.es\\\/\"},{\"@type\":\"ListItem\",\"position\":2,\"name\":\"Diez a\u00f1os galopando en el turf!!!\"}]},{\"@type\":\"WebSite\",\"@id\":\"https:\\\/\\\/cuadra-agrado.es\\\/#website\",\"url\":\"https:\\\/\\\/cuadra-agrado.es\\\/\",\"name\":\"Cuadra Agrado\",\"description\":\"En el mundo del Turf desde 2008\",\"potentialAction\":[{\"@type\":\"SearchAction\",\"target\":{\"@type\":\"EntryPoint\",\"urlTemplate\":\"https:\\\/\\\/cuadra-agrado.es\\\/?s={search_term_string}\"},\"query-input\":{\"@type\":\"PropertyValueSpecification\",\"valueRequired\":true,\"valueName\":\"search_term_string\"}}],\"inLanguage\":\"es\"},{\"@type\":\"Person\",\"@id\":\"https:\\\/\\\/cuadra-agrado.es\\\/#\\\/schema\\\/person\\\/3aa4f8d2373cf756d93a5526bc72f31b\",\"name\":\"Miguel Redondo\",\"image\":{\"@type\":\"ImageObject\",\"inLanguage\":\"es\",\"@id\":\"https:\\\/\\\/secure.gravatar.com\\\/avatar\\\/85704fceb4fa34017e3c1344d182da00dbf772fb8856ba2b7726a2df926415b4?s=96&d=mm&r=g\",\"url\":\"https:\\\/\\\/secure.gravatar.com\\\/avatar\\\/85704fceb4fa34017e3c1344d182da00dbf772fb8856ba2b7726a2df926415b4?s=96&d=mm&r=g\",\"contentUrl\":\"https:\\\/\\\/secure.gravatar.com\\\/avatar\\\/85704fceb4fa34017e3c1344d182da00dbf772fb8856ba2b7726a2df926415b4?s=96&d=mm&r=g\",\"caption\":\"Miguel Redondo\"},\"sameAs\":[\"https:\\\/\\\/cuadra-agrado.es\"],\"url\":\"https:\\\/\\\/cuadra-agrado.es\\\/?author=5\"}]}<\/script>\n<!-- \/ Yoast SEO plugin. -->","yoast_head_json":{"title":"Diez a\u00f1os galopando en el turf!!! - Cuadra Agrado","robots":{"index":"index","follow":"follow","max-snippet":"max-snippet:-1","max-image-preview":"max-image-preview:large","max-video-preview":"max-video-preview:-1"},"canonical":"https:\/\/cuadra-agrado.es\/?p=3745","og_locale":"es_ES","og_type":"article","og_title":"Diez a\u00f1os galopando en el turf!!! - Cuadra Agrado","og_description":"Esta temporada 2018 vendr\u00e1 marcada para nuestros colores granate y azul como un a\u00f1o especial ligado a nuestro d\u00e9cimo aniversario en el turf. El 11 de noviembre de 2008 naci\u00f3 nuestra cuadra con la compra de nuestro primer efectivo \u201cOrlov\u201d. Casi diez a\u00f1os despu\u00e9s, seguimos con la misma ilusi\u00f3n de aquel primer d\u00eda y con [&hellip;]","og_url":"https:\/\/cuadra-agrado.es\/?p=3745","og_site_name":"Cuadra Agrado","article_published_time":"2018-01-23T20:31:32+00:00","article_modified_time":"2024-02-27T09:30:14+00:00","author":"Miguel Redondo","twitter_card":"summary_large_image","twitter_creator":"@AGRADOracing","twitter_site":"@AGRADOracing","twitter_misc":{"Escrito por":"Miguel Redondo","Tiempo de lectura":"7 minutos"},"schema":{"@context":"https:\/\/schema.org","@graph":[{"@type":"Article","@id":"https:\/\/cuadra-agrado.es\/?p=3745#article","isPartOf":{"@id":"https:\/\/cuadra-agrado.es\/?p=3745"},"author":{"name":"Miguel Redondo","@id":"https:\/\/cuadra-agrado.es\/#\/schema\/person\/3aa4f8d2373cf756d93a5526bc72f31b"},"headline":"Diez a\u00f1os galopando en el turf!!!","datePublished":"2018-01-23T20:31:32+00:00","dateModified":"2024-02-27T09:30:14+00:00","mainEntityOfPage":{"@id":"https:\/\/cuadra-agrado.es\/?p=3745"},"wordCount":1339,"image":{"@id":"https:\/\/cuadra-agrado.es\/?p=3745#primaryimage"},"thumbnailUrl":"","articleSection":["Actualidad"],"inLanguage":"es"},{"@type":"WebPage","@id":"https:\/\/cuadra-agrado.es\/?p=3745","url":"https:\/\/cuadra-agrado.es\/?p=3745","name":"Diez a\u00f1os galopando en el turf!!! - Cuadra Agrado","isPartOf":{"@id":"https:\/\/cuadra-agrado.es\/#website"},"primaryImageOfPage":{"@id":"https:\/\/cuadra-agrado.es\/?p=3745#primaryimage"},"image":{"@id":"https:\/\/cuadra-agrado.es\/?p=3745#primaryimage"},"thumbnailUrl":"","datePublished":"2018-01-23T20:31:32+00:00","dateModified":"2024-02-27T09:30:14+00:00","author":{"@id":"https:\/\/cuadra-agrado.es\/#\/schema\/person\/3aa4f8d2373cf756d93a5526bc72f31b"},"breadcrumb":{"@id":"https:\/\/cuadra-agrado.es\/?p=3745#breadcrumb"},"inLanguage":"es","potentialAction":[{"@type":"ReadAction","target":["https:\/\/cuadra-agrado.es\/?p=3745"]}]},{"@type":"ImageObject","inLanguage":"es","@id":"https:\/\/cuadra-agrado.es\/?p=3745#primaryimage","url":"","contentUrl":""},{"@type":"BreadcrumbList","@id":"https:\/\/cuadra-agrado.es\/?p=3745#breadcrumb","itemListElement":[{"@type":"ListItem","position":1,"name":"Portada","item":"https:\/\/cuadra-agrado.es\/"},{"@type":"ListItem","position":2,"name":"Diez a\u00f1os galopando en el turf!!!"}]},{"@type":"WebSite","@id":"https:\/\/cuadra-agrado.es\/#website","url":"https:\/\/cuadra-agrado.es\/","name":"Cuadra Agrado","description":"En el mundo del Turf desde 2008","potentialAction":[{"@type":"SearchAction","target":{"@type":"EntryPoint","urlTemplate":"https:\/\/cuadra-agrado.es\/?s={search_term_string}"},"query-input":{"@type":"PropertyValueSpecification","valueRequired":true,"valueName":"search_term_string"}}],"inLanguage":"es"},{"@type":"Person","@id":"https:\/\/cuadra-agrado.es\/#\/schema\/person\/3aa4f8d2373cf756d93a5526bc72f31b","name":"Miguel Redondo","image":{"@type":"ImageObject","inLanguage":"es","@id":"https:\/\/secure.gravatar.com\/avatar\/85704fceb4fa34017e3c1344d182da00dbf772fb8856ba2b7726a2df926415b4?s=96&d=mm&r=g","url":"https:\/\/secure.gravatar.com\/avatar\/85704fceb4fa34017e3c1344d182da00dbf772fb8856ba2b7726a2df926415b4?s=96&d=mm&r=g","contentUrl":"https:\/\/secure.gravatar.com\/avatar\/85704fceb4fa34017e3c1344d182da00dbf772fb8856ba2b7726a2df926415b4?s=96&d=mm&r=g","caption":"Miguel Redondo"},"sameAs":["https:\/\/cuadra-agrado.es"],"url":"https:\/\/cuadra-agrado.es\/?author=5"}]}},"_links":{"self":[{"href":"https:\/\/cuadra-agrado.es\/index.php?rest_route=\/wp\/v2\/posts\/3745","targetHints":{"allow":["GET"]}}],"collection":[{"href":"https:\/\/cuadra-agrado.es\/index.php?rest_route=\/wp\/v2\/posts"}],"about":[{"href":"https:\/\/cuadra-agrado.es\/index.php?rest_route=\/wp\/v2\/types\/post"}],"author":[{"embeddable":true,"href":"https:\/\/cuadra-agrado.es\/index.php?rest_route=\/wp\/v2\/users\/5"}],"replies":[{"embeddable":true,"href":"https:\/\/cuadra-agrado.es\/index.php?rest_route=%2Fwp%2Fv2%2Fcomments&post=3745"}],"version-history":[{"count":0,"href":"https:\/\/cuadra-agrado.es\/index.php?rest_route=\/wp\/v2\/posts\/3745\/revisions"}],"wp:featuredmedia":[{"embeddable":true,"href":"https:\/\/cuadra-agrado.es\/index.php?rest_route=\/"}],"wp:attachment":[{"href":"https:\/\/cuadra-agrado.es\/index.php?rest_route=%2Fwp%2Fv2%2Fmedia&parent=3745"}],"wp:term":[{"taxonomy":"category","embeddable":true,"href":"https:\/\/cuadra-agrado.es\/index.php?rest_route=%2Fwp%2Fv2%2Fcategories&post=3745"},{"taxonomy":"post_tag","embeddable":true,"href":"https:\/\/cuadra-agrado.es\/index.php?rest_route=%2Fwp%2Fv2%2Ftags&post=3745"}],"curies":[{"name":"wp","href":"https:\/\/api.w.org\/{rel}","templated":true}]}}