{"id":373,"date":"2013-03-06T13:07:36","date_gmt":"2013-03-06T13:07:36","guid":{"rendered":"http:\/\/s465126685.mialojamiento.es\/?p=373"},"modified":"2024-02-27T09:22:46","modified_gmt":"2024-02-27T09:22:46","slug":"373-2","status":"publish","type":"post","link":"https:\/\/cuadra-agrado.es\/?p=373","title":{"rendered":"Grandes Premios de Primavera"},"content":{"rendered":"<p><span style=\"color: #800080; font-size: medium;\"><strong><a href=\"http:\/\/s465126685.mialojamiento.es\/sabias-que\/373\/attachment\/hz\/\" rel=\"attachment wp-att-374\"><img loading=\"lazy\" decoding=\"async\" class=\" wp-image-374 alignleft\" style=\"margin-right: 10px; margin-left: 10px;\" alt=\"HZ\" src=\"http:\/\/s465126685.mialojamiento.es\/wp-content\/uploads\/2013\/04\/HZ.jpg\" width=\"250\" height=\"160\" \/><\/a>RANYAN, VALIANT BLUE y DAYKIRO matriculados para los grandes premios de Primavera<\/strong><\/span><\/p>\n<p style=\"text-align: justify;\"><span style=\"color: #800080;\"><strong>06.03.13<\/strong>\u00a0<\/span> Hoy hemos conocido las matriculas para los Grandes Premios de Primavera 2013 y entre ellas tenemos el honor de incluir a tres de los nuestros que luchar\u00e1n por conseguir uno de esos premios que hacen grandes a propietarios y preparadores.<\/p>\n<p style=\"text-align: justify;\">RANYAN, est\u00e1 matriculado para disputar el GRAN PREMIO CIUDAD DE MADRID, el premio econ\u00f3micamente m\u00e1s grande del a\u00f1o con dotaci\u00f3n de 50.000 euros al ganador y en el que se deber\u00eda medir a los m\u00e1s grandes fondistas del momento sobre distancia de 2.500 metros. 45 son las matriculas iniciales y entre ellas los cl\u00e1sicos desde hace tiempo como ENTRE COPAS, KARLUV MOST o PAZIFIKSTURM. La participaci\u00f3n de RANYAN estar\u00e1 supeditada al estado de forma para entonces. Este es nuestro primer reto del primer semestre del a\u00f1o y lo prepararemos a conciencia para hacer algo grande.<\/p>\n<p style=\"text-align: justify;\">VALIANT BLUE, volver\u00e1 a disputar este a\u00f1o el GRAN PREMIO CLAUDIO CARUDEL sobre distancia de 1.600 donde estar\u00e1n tambi\u00e9n los mejores milleros del momento. Hemos empezado este a\u00f1o por poner punta de velocidad corriendo distancias cortas, pero creemos que este hijo de Moss Vale est\u00e1 mucho m\u00e1s sentado a cuatro que a tres a\u00f1os, y seguro habr\u00e1 aprendido a gestionar sus pulmones en la milla. 45 son tambi\u00e9n los matriculados y muchos ser\u00e1n los descartes finales, pero seguimos confiando en su calidad y con una puesta a punto que ya hemos comenzado, estaremos en condiciones de disputar esta prueba de catalogaci\u00f3n Listed en este a\u00f1o 2013.<\/p>\n<p style=\"text-align: justify;\">DAYKIRO, el potro que apenas hace 3 semanas debut\u00f3 en Madrid, est\u00e1 tambi\u00e9n matriculado para uno de esos grandes de medio fondo para tres a\u00f1os. EL DERBY ESPA\u00d1OL o GRAN PREMIO VILLAPADIERNA es uno de los mejores dotados econ\u00f3micamente con 36.000 euros al ganador, y por el que pasan los mejores tres a\u00f1os fondistas del momento, y con previsi\u00f3n futura. En su debut pudimos apreciar que la distancia de 1.400 se le qued\u00f3 muy corta, y en vistas a este grande, vamos a prepararle en esta distancia de medio-fondo en el premio &#8216;Teddy&#8217; del pr\u00f3ximo mes de Abril para ver si definitivamente es su metraje. En funci\u00f3n de esta confirmaremos su presencia en este Gran Premio.<\/p>\n<p style=\"text-align: justify;\">Pues las cartas est\u00e1n echadas y la suerte repartida&#8230;.. a falta de alg\u00fan que otro rezagado que seguro deber\u00e1 pagar reenganche futuro, estos son las matr\u00edculas de estos Grandes Premios de Primavera 2013 que seguro deparar\u00e1n los mejores momentos y sensaciones.<\/p>\n<p style=\"text-align: justify;\">SUERTE PARA TODOS<\/p>\n<!-- AddThis Advanced Settings generic via filter on the_content --><!-- AddThis Share Buttons generic via filter on the_content -->","protected":false},"excerpt":{"rendered":"<p>RANYAN, VALIANT BLUE y DAYKIRO matriculados para los grandes premios de Primavera 06.03.13\u00a0 Hoy hemos conocido las matriculas para los Grandes Premios de Primavera 2013 y entre ellas tenemos el honor de incluir a tres de los nuestros que luchar\u00e1n por conseguir uno de esos premios que hacen grandes a propietarios y preparadores. RANYAN, est\u00e1 [&hellip;]<!-- AddThis Advanced Settings generic via filter on get_the_excerpt --><!-- AddThis Share Buttons generic via filter on get_the_excerpt --><\/p>\n","protected":false},"author":5,"featured_media":374,"comment_status":"closed","ping_status":"closed","sticky":false,"template":"","format":"gallery","meta":{"_acf_changed":false,"_et_pb_use_builder":"","_et_pb_old_content":"","_et_gb_content_width":"","footnotes":""},"categories":[3],"tags":[],"class_list":["post-373","post","type-post","status-publish","format-gallery","has-post-thumbnail","hentry","category-noticias-cuadra-agrado","post_format-post-format-gallery"],"acf":[],"yoast_head":"<!-- This site is optimized with the Yoast SEO plugin v27.4 - https:\/\/yoast.com\/product\/yoast-seo-wordpress\/ -->\n<title>Grandes Premios de Primavera - Cuadra Agrado<\/title>\n<meta name=\"robots\" content=\"index, follow, max-snippet:-1, max-image-preview:large, max-video-preview:-1\" \/>\n<link rel=\"canonical\" href=\"https:\/\/cuadra-agrado.es\/?p=373\" \/>\n<meta property=\"og:locale\" content=\"es_ES\" \/>\n<meta property=\"og:type\" content=\"article\" \/>\n<meta property=\"og:title\" content=\"Grandes Premios de Primavera - Cuadra Agrado\" \/>\n<meta property=\"og:description\" content=\"RANYAN, VALIANT BLUE y DAYKIRO matriculados para los grandes premios de Primavera 06.03.13\u00a0 Hoy hemos conocido las matriculas para los Grandes Premios de Primavera 2013 y entre ellas tenemos el honor de incluir a tres de los nuestros que luchar\u00e1n por conseguir uno de esos premios que hacen grandes a propietarios y preparadores. RANYAN, est\u00e1 [&hellip;]\" \/>\n<meta property=\"og:url\" content=\"https:\/\/cuadra-agrado.es\/?p=373\" \/>\n<meta property=\"og:site_name\" content=\"Cuadra Agrado\" \/>\n<meta property=\"article:published_time\" content=\"2013-03-06T13:07:36+00:00\" \/>\n<meta property=\"article:modified_time\" content=\"2024-02-27T09:22:46+00:00\" \/>\n<meta name=\"author\" content=\"Miguel Redondo\" \/>\n<meta name=\"twitter:card\" content=\"summary_large_image\" \/>\n<meta name=\"twitter:creator\" content=\"@AGRADOracing\" \/>\n<meta name=\"twitter:site\" content=\"@AGRADOracing\" \/>\n<meta name=\"twitter:label1\" content=\"Escrito por\" \/>\n\t<meta name=\"twitter:data1\" content=\"Miguel Redondo\" \/>\n\t<meta name=\"twitter:label2\" content=\"Tiempo de lectura\" \/>\n\t<meta name=\"twitter:data2\" content=\"2 minutos\" \/>\n<script type=\"application\/ld+json\" class=\"yoast-schema-graph\">{\"@context\":\"https:\\\/\\\/schema.org\",\"@graph\":[{\"@type\":\"Article\",\"@id\":\"https:\\\/\\\/cuadra-agrado.es\\\/?p=373#article\",\"isPartOf\":{\"@id\":\"https:\\\/\\\/cuadra-agrado.es\\\/?p=373\"},\"author\":{\"name\":\"Miguel Redondo\",\"@id\":\"https:\\\/\\\/cuadra-agrado.es\\\/#\\\/schema\\\/person\\\/3aa4f8d2373cf756d93a5526bc72f31b\"},\"headline\":\"Grandes Premios de Primavera\",\"datePublished\":\"2013-03-06T13:07:36+00:00\",\"dateModified\":\"2024-02-27T09:22:46+00:00\",\"mainEntityOfPage\":{\"@id\":\"https:\\\/\\\/cuadra-agrado.es\\\/?p=373\"},\"wordCount\":438,\"image\":{\"@id\":\"https:\\\/\\\/cuadra-agrado.es\\\/?p=373#primaryimage\"},\"thumbnailUrl\":\"\",\"articleSection\":[\"Actualidad\"],\"inLanguage\":\"es\"},{\"@type\":\"WebPage\",\"@id\":\"https:\\\/\\\/cuadra-agrado.es\\\/?p=373\",\"url\":\"https:\\\/\\\/cuadra-agrado.es\\\/?p=373\",\"name\":\"Grandes Premios de Primavera - Cuadra Agrado\",\"isPartOf\":{\"@id\":\"https:\\\/\\\/cuadra-agrado.es\\\/#website\"},\"primaryImageOfPage\":{\"@id\":\"https:\\\/\\\/cuadra-agrado.es\\\/?p=373#primaryimage\"},\"image\":{\"@id\":\"https:\\\/\\\/cuadra-agrado.es\\\/?p=373#primaryimage\"},\"thumbnailUrl\":\"\",\"datePublished\":\"2013-03-06T13:07:36+00:00\",\"dateModified\":\"2024-02-27T09:22:46+00:00\",\"author\":{\"@id\":\"https:\\\/\\\/cuadra-agrado.es\\\/#\\\/schema\\\/person\\\/3aa4f8d2373cf756d93a5526bc72f31b\"},\"breadcrumb\":{\"@id\":\"https:\\\/\\\/cuadra-agrado.es\\\/?p=373#breadcrumb\"},\"inLanguage\":\"es\",\"potentialAction\":[{\"@type\":\"ReadAction\",\"target\":[\"https:\\\/\\\/cuadra-agrado.es\\\/?p=373\"]}]},{\"@type\":\"ImageObject\",\"inLanguage\":\"es\",\"@id\":\"https:\\\/\\\/cuadra-agrado.es\\\/?p=373#primaryimage\",\"url\":\"\",\"contentUrl\":\"\"},{\"@type\":\"BreadcrumbList\",\"@id\":\"https:\\\/\\\/cuadra-agrado.es\\\/?p=373#breadcrumb\",\"itemListElement\":[{\"@type\":\"ListItem\",\"position\":1,\"name\":\"Portada\",\"item\":\"https:\\\/\\\/cuadra-agrado.es\\\/\"},{\"@type\":\"ListItem\",\"position\":2,\"name\":\"Grandes Premios de Primavera\"}]},{\"@type\":\"WebSite\",\"@id\":\"https:\\\/\\\/cuadra-agrado.es\\\/#website\",\"url\":\"https:\\\/\\\/cuadra-agrado.es\\\/\",\"name\":\"Cuadra Agrado\",\"description\":\"En el mundo del Turf desde 2008\",\"potentialAction\":[{\"@type\":\"SearchAction\",\"target\":{\"@type\":\"EntryPoint\",\"urlTemplate\":\"https:\\\/\\\/cuadra-agrado.es\\\/?s={search_term_string}\"},\"query-input\":{\"@type\":\"PropertyValueSpecification\",\"valueRequired\":true,\"valueName\":\"search_term_string\"}}],\"inLanguage\":\"es\"},{\"@type\":\"Person\",\"@id\":\"https:\\\/\\\/cuadra-agrado.es\\\/#\\\/schema\\\/person\\\/3aa4f8d2373cf756d93a5526bc72f31b\",\"name\":\"Miguel Redondo\",\"image\":{\"@type\":\"ImageObject\",\"inLanguage\":\"es\",\"@id\":\"https:\\\/\\\/secure.gravatar.com\\\/avatar\\\/85704fceb4fa34017e3c1344d182da00dbf772fb8856ba2b7726a2df926415b4?s=96&d=mm&r=g\",\"url\":\"https:\\\/\\\/secure.gravatar.com\\\/avatar\\\/85704fceb4fa34017e3c1344d182da00dbf772fb8856ba2b7726a2df926415b4?s=96&d=mm&r=g\",\"contentUrl\":\"https:\\\/\\\/secure.gravatar.com\\\/avatar\\\/85704fceb4fa34017e3c1344d182da00dbf772fb8856ba2b7726a2df926415b4?s=96&d=mm&r=g\",\"caption\":\"Miguel Redondo\"},\"sameAs\":[\"https:\\\/\\\/cuadra-agrado.es\"],\"url\":\"https:\\\/\\\/cuadra-agrado.es\\\/?author=5\"}]}<\/script>\n<!-- \/ Yoast SEO plugin. -->","yoast_head_json":{"title":"Grandes Premios de Primavera - Cuadra Agrado","robots":{"index":"index","follow":"follow","max-snippet":"max-snippet:-1","max-image-preview":"max-image-preview:large","max-video-preview":"max-video-preview:-1"},"canonical":"https:\/\/cuadra-agrado.es\/?p=373","og_locale":"es_ES","og_type":"article","og_title":"Grandes Premios de Primavera - Cuadra Agrado","og_description":"RANYAN, VALIANT BLUE y DAYKIRO matriculados para los grandes premios de Primavera 06.03.13\u00a0 Hoy hemos conocido las matriculas para los Grandes Premios de Primavera 2013 y entre ellas tenemos el honor de incluir a tres de los nuestros que luchar\u00e1n por conseguir uno de esos premios que hacen grandes a propietarios y preparadores. RANYAN, est\u00e1 [&hellip;]","og_url":"https:\/\/cuadra-agrado.es\/?p=373","og_site_name":"Cuadra Agrado","article_published_time":"2013-03-06T13:07:36+00:00","article_modified_time":"2024-02-27T09:22:46+00:00","author":"Miguel Redondo","twitter_card":"summary_large_image","twitter_creator":"@AGRADOracing","twitter_site":"@AGRADOracing","twitter_misc":{"Escrito por":"Miguel Redondo","Tiempo de lectura":"2 minutos"},"schema":{"@context":"https:\/\/schema.org","@graph":[{"@type":"Article","@id":"https:\/\/cuadra-agrado.es\/?p=373#article","isPartOf":{"@id":"https:\/\/cuadra-agrado.es\/?p=373"},"author":{"name":"Miguel Redondo","@id":"https:\/\/cuadra-agrado.es\/#\/schema\/person\/3aa4f8d2373cf756d93a5526bc72f31b"},"headline":"Grandes Premios de Primavera","datePublished":"2013-03-06T13:07:36+00:00","dateModified":"2024-02-27T09:22:46+00:00","mainEntityOfPage":{"@id":"https:\/\/cuadra-agrado.es\/?p=373"},"wordCount":438,"image":{"@id":"https:\/\/cuadra-agrado.es\/?p=373#primaryimage"},"thumbnailUrl":"","articleSection":["Actualidad"],"inLanguage":"es"},{"@type":"WebPage","@id":"https:\/\/cuadra-agrado.es\/?p=373","url":"https:\/\/cuadra-agrado.es\/?p=373","name":"Grandes Premios de Primavera - Cuadra Agrado","isPartOf":{"@id":"https:\/\/cuadra-agrado.es\/#website"},"primaryImageOfPage":{"@id":"https:\/\/cuadra-agrado.es\/?p=373#primaryimage"},"image":{"@id":"https:\/\/cuadra-agrado.es\/?p=373#primaryimage"},"thumbnailUrl":"","datePublished":"2013-03-06T13:07:36+00:00","dateModified":"2024-02-27T09:22:46+00:00","author":{"@id":"https:\/\/cuadra-agrado.es\/#\/schema\/person\/3aa4f8d2373cf756d93a5526bc72f31b"},"breadcrumb":{"@id":"https:\/\/cuadra-agrado.es\/?p=373#breadcrumb"},"inLanguage":"es","potentialAction":[{"@type":"ReadAction","target":["https:\/\/cuadra-agrado.es\/?p=373"]}]},{"@type":"ImageObject","inLanguage":"es","@id":"https:\/\/cuadra-agrado.es\/?p=373#primaryimage","url":"","contentUrl":""},{"@type":"BreadcrumbList","@id":"https:\/\/cuadra-agrado.es\/?p=373#breadcrumb","itemListElement":[{"@type":"ListItem","position":1,"name":"Portada","item":"https:\/\/cuadra-agrado.es\/"},{"@type":"ListItem","position":2,"name":"Grandes Premios de Primavera"}]},{"@type":"WebSite","@id":"https:\/\/cuadra-agrado.es\/#website","url":"https:\/\/cuadra-agrado.es\/","name":"Cuadra Agrado","description":"En el mundo del Turf desde 2008","potentialAction":[{"@type":"SearchAction","target":{"@type":"EntryPoint","urlTemplate":"https:\/\/cuadra-agrado.es\/?s={search_term_string}"},"query-input":{"@type":"PropertyValueSpecification","valueRequired":true,"valueName":"search_term_string"}}],"inLanguage":"es"},{"@type":"Person","@id":"https:\/\/cuadra-agrado.es\/#\/schema\/person\/3aa4f8d2373cf756d93a5526bc72f31b","name":"Miguel Redondo","image":{"@type":"ImageObject","inLanguage":"es","@id":"https:\/\/secure.gravatar.com\/avatar\/85704fceb4fa34017e3c1344d182da00dbf772fb8856ba2b7726a2df926415b4?s=96&d=mm&r=g","url":"https:\/\/secure.gravatar.com\/avatar\/85704fceb4fa34017e3c1344d182da00dbf772fb8856ba2b7726a2df926415b4?s=96&d=mm&r=g","contentUrl":"https:\/\/secure.gravatar.com\/avatar\/85704fceb4fa34017e3c1344d182da00dbf772fb8856ba2b7726a2df926415b4?s=96&d=mm&r=g","caption":"Miguel Redondo"},"sameAs":["https:\/\/cuadra-agrado.es"],"url":"https:\/\/cuadra-agrado.es\/?author=5"}]}},"_links":{"self":[{"href":"https:\/\/cuadra-agrado.es\/index.php?rest_route=\/wp\/v2\/posts\/373","targetHints":{"allow":["GET"]}}],"collection":[{"href":"https:\/\/cuadra-agrado.es\/index.php?rest_route=\/wp\/v2\/posts"}],"about":[{"href":"https:\/\/cuadra-agrado.es\/index.php?rest_route=\/wp\/v2\/types\/post"}],"author":[{"embeddable":true,"href":"https:\/\/cuadra-agrado.es\/index.php?rest_route=\/wp\/v2\/users\/5"}],"replies":[{"embeddable":true,"href":"https:\/\/cuadra-agrado.es\/index.php?rest_route=%2Fwp%2Fv2%2Fcomments&post=373"}],"version-history":[{"count":0,"href":"https:\/\/cuadra-agrado.es\/index.php?rest_route=\/wp\/v2\/posts\/373\/revisions"}],"wp:featuredmedia":[{"embeddable":true,"href":"https:\/\/cuadra-agrado.es\/index.php?rest_route=\/"}],"wp:attachment":[{"href":"https:\/\/cuadra-agrado.es\/index.php?rest_route=%2Fwp%2Fv2%2Fmedia&parent=373"}],"wp:term":[{"taxonomy":"category","embeddable":true,"href":"https:\/\/cuadra-agrado.es\/index.php?rest_route=%2Fwp%2Fv2%2Fcategories&post=373"},{"taxonomy":"post_tag","embeddable":true,"href":"https:\/\/cuadra-agrado.es\/index.php?rest_route=%2Fwp%2Fv2%2Ftags&post=373"}],"curies":[{"name":"wp","href":"https:\/\/api.w.org\/{rel}","templated":true}]}}