{"id":3671,"date":"2017-11-07T12:18:29","date_gmt":"2017-11-07T11:18:29","guid":{"rendered":"https:\/\/cuadra-agrado.es\/?p=3671"},"modified":"2024-02-27T09:27:22","modified_gmt":"2024-02-27T09:27:22","slug":"ultima-milla-la-temporada-barbarigo","status":"publish","type":"post","link":"https:\/\/cuadra-agrado.es\/?p=3671","title":{"rendered":"\u00daltima milla de la temporada para Barbarigo"},"content":{"rendered":"<p style=\"text-align: justify;\"><a href=\"http:\/\/cuadra-agrado.es\/wp-content\/uploads\/2017\/10\/barbarigo-victoria-eugenia-e1508251086885.jpg\" target=\"_blank\" rel=\"noopener noreferrer\"><img loading=\"lazy\" decoding=\"async\" class=\"alignleft wp-image-3598 \" src=\"http:\/\/cuadra-agrado.es\/wp-content\/uploads\/2017\/10\/barbarigo-victoria-eugenia-e1508251086885-1024x780.jpg\" alt=\"\" width=\"318\" height=\"243\"><\/a>Nuestro tres a\u00f1os, <strong>\u201cBargarigo\u201d<\/strong>, bajar\u00e1 el tel\u00f3n de la temporada para nuestros colores este pr\u00f3ximo domingo en el <em>Premio Infanta Beatriz<\/em>. Un h\u00e1ndicap referenciado valor 41 sobre la distancia de 1.600 metros, que servir\u00e1 como soporte a la lototurf en la 4\u00aa carrera del d\u00eda y, donde se enfrentar\u00e1 por primera vez a los de curso superior. Hasta la fecha, este hijo de <strong>\u201cCanford Cliffs\u201d<\/strong> ha demostrado mucha calidad y constancia ganando 3 carreras a dos a\u00f1os y otras 2 a tres a\u00f1os con un montante en premios en sus quince salidas a pista de casi 70.000 euros, habiendo demostrado ser muy vers\u00e1til en distancias entre 1.400 y 1.800 metros en estos dos primeros a\u00f1os de competici\u00f3n.<br \/>\nQuiz\u00e1s junto con la \u201cPoule\u201d disputada el pasado abril, esta sea una de sus salidas m\u00e1s complicadas al tenerse que enfrentar por primera vez a viejos milleros contrastados, llevando adem\u00e1s el top de la escala. Su actual valor 39,5 le hace cargar con 62 kilos siendo este el mayor h\u00e1ndicap en contra que trataremos de compensar en plenitud de forma, como as\u00ed lo demostrara en su \u00faltima, ganando con autoridad de punta a punta a un buen lote llevando tambi\u00e9n esa mantilla n\u00famero 1 como top de escala. Un gran h\u00e1ndicap con referencia alta, muy igualado y, con un partant definitivo de 12 efectivos donde solo cinco valientes de tres a\u00f1os competir\u00e1n contra viejos, con el beneficio de solo 1 kilo a estas alturas de a\u00f1o. En cuanto al dif\u00edcil pron\u00f3stico, \u201c<strong>Son Bou\u201d<\/strong>&nbsp;y <strong>\u00abSpeedrider\u00bb<\/strong> creemos ser\u00e1n a priori los primeros rivales en forma que viene de ganar sendos h\u00e1ndicaps de 1\u00aa parte. Por otro lado, <strong>\u201cBank Guarantee\u201d<\/strong> y <strong>\u201cKalinda\u201d<\/strong> con mucho progreso en sus \u00faltimas de oto\u00f1o, y &nbsp;en un segundo plano no olvidar a un especialista en la milla como \u201c<strong>Piquio\u201d<\/strong> y <strong>\u201cMr Hoobs\u201d,<\/strong> que junto al reenganchado \u201c<strong>Highland Lotus\u201d<\/strong> tendr\u00e1n tambi\u00e9n su opci\u00f3n. Carrera por tanto muy abierta y con pron\u00f3stico incierto que trataremos de llevar a nuestro lado.<\/p>\n<p style=\"text-align: justify;\">Al igual que pasara con <strong>\u201cRany\u00e1n\u201d<\/strong>, el pienso est\u00e1 pagado con creces este a\u00f1o con<strong> \u201cBarbarigo\u201d<\/strong> y se trata de poner la guinda a un buen a\u00f1o donde hemos podido disfrutar de su edad cl\u00e1sica con una digna participaci\u00f3n en la Poule, un buen segundo en su reaparici\u00f3n y dos buenas victorias en el N<em>ouvel An y Victoria Eugenia<\/em>, todas ellas con los de su mismo curso. Llegamos todav\u00eda muy frescos con solo dos salidas en la temporada de verano-oto\u00f1o, y con la mejor forma posible a estas alturas de a\u00f1o. El estado de la pista tampoco ser\u00e1 un h\u00e1ndicap en contra, ya que ha demostrado no afectarle ni el terreno blando, ni una pista firme como parece volver\u00e1 a estar este pr\u00f3ximo domingo sin lluvias a la vista. Para compensar los mayores &nbsp;h\u00e1ndicaps en contra de plomo y enfrentamiento a viejos, nuestra opci\u00f3n pasaba tambi\u00e9n por tener una monta de garant\u00edas y, tras una larga semana en busca de esa monta con los top nacionales y con compromisos personales ineludibles, finalmente decidimos optar por monta extranjera con el franc\u00e9s <em>\u201cJulien Aug\u00e9<\/em>\u201d que, aprovechando que viene a montar a \u201c<strong>Almorox\u201d<\/strong> en el Gran Premio, no dud\u00f3 en subirse al nuestro para tratar de buscar ese doblete del d\u00eda. <strong>\u201cBarbarigo\u201d<\/strong> nunca ha ganado repitiendo monta y esto es otro aliciente\u2026..<\/p>\n<p style=\"text-align: justify;\">Nuestras opciones siguen pasando por llevar un recorrido en posiciones de vanguardia desde el mismo golpe de cajones sin temor incluso a coger la punta, si nadie la quiere, &nbsp;y poner ritmo selectivo en los primeros 1.000 metros de la recta de enfrente. La mala fortuna del sorteo en el caj\u00f3n 11 nos obliga a salir muy brillantes para tratar de posicionarnos poco a poco en la recta. Es un caballo f\u00e1cil de manejo en ese aspecto y el franc\u00e9s no tendr\u00e1 ning\u00fan problema en mantener el ritmo que sea m\u00e1s c\u00f3modo para el caballo y, tratar de llegar a los \u00faltimos 400 en las mejores condiciones de lucha. Lo que deparen los \u00faltimos furlones ser\u00e1 algo que solamente lo veremos en el momento de su esperado y habitual cambio de ritmo. Si el recorrido ha sido c\u00f3modo hasta la salida de la curva, y la forma es la que ha demostrado en sus trabajos previos, veremos pronto la posibilidad e ilusi\u00f3n de luchar una tercera victoria en su \u00faltima carrera del a\u00f1o.<\/p>\n<p style=\"text-align: justify;\">Mucha suerte equipo!!! Vamos a por la \u00faltima\u2026.<\/p>\n<!-- AddThis Advanced Settings generic via filter on the_content --><!-- AddThis Share Buttons generic via filter on the_content -->","protected":false},"excerpt":{"rendered":"<p>Nuestro tres a\u00f1os, \u201cBargarigo\u201d, bajar\u00e1 el tel\u00f3n de la temporada para nuestros colores este pr\u00f3ximo domingo en el Premio Infanta Beatriz. Un h\u00e1ndicap referenciado valor 41 sobre la distancia de 1.600 metros, que servir\u00e1 como soporte a la lototurf en la 4\u00aa carrera del d\u00eda y, donde se enfrentar\u00e1 por primera vez a los de [&hellip;]<!-- AddThis Advanced Settings generic via filter on get_the_excerpt --><!-- AddThis Share Buttons generic via filter on get_the_excerpt --><\/p>\n","protected":false},"author":5,"featured_media":3598,"comment_status":"closed","ping_status":"closed","sticky":false,"template":"","format":"standard","meta":{"_acf_changed":false,"_et_pb_use_builder":"","_et_pb_old_content":"","_et_gb_content_width":"","footnotes":""},"categories":[3],"tags":[],"class_list":["post-3671","post","type-post","status-publish","format-standard","has-post-thumbnail","hentry","category-noticias-cuadra-agrado"],"acf":[],"yoast_head":"<!-- This site is optimized with the Yoast SEO plugin v27.4 - https:\/\/yoast.com\/product\/yoast-seo-wordpress\/ -->\n<title>\u00daltima milla de la temporada para Barbarigo - Cuadra Agrado<\/title>\n<meta name=\"robots\" content=\"index, follow, max-snippet:-1, max-image-preview:large, max-video-preview:-1\" \/>\n<link rel=\"canonical\" href=\"https:\/\/cuadra-agrado.es\/?p=3671\" \/>\n<meta property=\"og:locale\" content=\"es_ES\" \/>\n<meta property=\"og:type\" content=\"article\" \/>\n<meta property=\"og:title\" content=\"\u00daltima milla de la temporada para Barbarigo - Cuadra Agrado\" \/>\n<meta property=\"og:description\" content=\"Nuestro tres a\u00f1os, \u201cBargarigo\u201d, bajar\u00e1 el tel\u00f3n de la temporada para nuestros colores este pr\u00f3ximo domingo en el Premio Infanta Beatriz. Un h\u00e1ndicap referenciado valor 41 sobre la distancia de 1.600 metros, que servir\u00e1 como soporte a la lototurf en la 4\u00aa carrera del d\u00eda y, donde se enfrentar\u00e1 por primera vez a los de [&hellip;]\" \/>\n<meta property=\"og:url\" content=\"https:\/\/cuadra-agrado.es\/?p=3671\" \/>\n<meta property=\"og:site_name\" content=\"Cuadra Agrado\" \/>\n<meta property=\"article:published_time\" content=\"2017-11-07T11:18:29+00:00\" \/>\n<meta property=\"article:modified_time\" content=\"2024-02-27T09:27:22+00:00\" \/>\n<meta name=\"author\" content=\"Miguel Redondo\" \/>\n<meta name=\"twitter:card\" content=\"summary_large_image\" \/>\n<meta name=\"twitter:creator\" content=\"@AGRADOracing\" \/>\n<meta name=\"twitter:site\" content=\"@AGRADOracing\" \/>\n<meta name=\"twitter:label1\" content=\"Escrito por\" \/>\n\t<meta name=\"twitter:data1\" content=\"Miguel Redondo\" \/>\n\t<meta name=\"twitter:label2\" content=\"Tiempo de lectura\" \/>\n\t<meta name=\"twitter:data2\" content=\"4 minutos\" \/>\n<script type=\"application\/ld+json\" class=\"yoast-schema-graph\">{\"@context\":\"https:\\\/\\\/schema.org\",\"@graph\":[{\"@type\":\"Article\",\"@id\":\"https:\\\/\\\/cuadra-agrado.es\\\/?p=3671#article\",\"isPartOf\":{\"@id\":\"https:\\\/\\\/cuadra-agrado.es\\\/?p=3671\"},\"author\":{\"name\":\"Miguel Redondo\",\"@id\":\"https:\\\/\\\/cuadra-agrado.es\\\/#\\\/schema\\\/person\\\/3aa4f8d2373cf756d93a5526bc72f31b\"},\"headline\":\"\u00daltima milla de la temporada para Barbarigo\",\"datePublished\":\"2017-11-07T11:18:29+00:00\",\"dateModified\":\"2024-02-27T09:27:22+00:00\",\"mainEntityOfPage\":{\"@id\":\"https:\\\/\\\/cuadra-agrado.es\\\/?p=3671\"},\"wordCount\":778,\"image\":{\"@id\":\"https:\\\/\\\/cuadra-agrado.es\\\/?p=3671#primaryimage\"},\"thumbnailUrl\":\"\",\"articleSection\":[\"Actualidad\"],\"inLanguage\":\"es\"},{\"@type\":\"WebPage\",\"@id\":\"https:\\\/\\\/cuadra-agrado.es\\\/?p=3671\",\"url\":\"https:\\\/\\\/cuadra-agrado.es\\\/?p=3671\",\"name\":\"\u00daltima milla de la temporada para Barbarigo - Cuadra Agrado\",\"isPartOf\":{\"@id\":\"https:\\\/\\\/cuadra-agrado.es\\\/#website\"},\"primaryImageOfPage\":{\"@id\":\"https:\\\/\\\/cuadra-agrado.es\\\/?p=3671#primaryimage\"},\"image\":{\"@id\":\"https:\\\/\\\/cuadra-agrado.es\\\/?p=3671#primaryimage\"},\"thumbnailUrl\":\"\",\"datePublished\":\"2017-11-07T11:18:29+00:00\",\"dateModified\":\"2024-02-27T09:27:22+00:00\",\"author\":{\"@id\":\"https:\\\/\\\/cuadra-agrado.es\\\/#\\\/schema\\\/person\\\/3aa4f8d2373cf756d93a5526bc72f31b\"},\"breadcrumb\":{\"@id\":\"https:\\\/\\\/cuadra-agrado.es\\\/?p=3671#breadcrumb\"},\"inLanguage\":\"es\",\"potentialAction\":[{\"@type\":\"ReadAction\",\"target\":[\"https:\\\/\\\/cuadra-agrado.es\\\/?p=3671\"]}]},{\"@type\":\"ImageObject\",\"inLanguage\":\"es\",\"@id\":\"https:\\\/\\\/cuadra-agrado.es\\\/?p=3671#primaryimage\",\"url\":\"\",\"contentUrl\":\"\"},{\"@type\":\"BreadcrumbList\",\"@id\":\"https:\\\/\\\/cuadra-agrado.es\\\/?p=3671#breadcrumb\",\"itemListElement\":[{\"@type\":\"ListItem\",\"position\":1,\"name\":\"Portada\",\"item\":\"https:\\\/\\\/cuadra-agrado.es\\\/\"},{\"@type\":\"ListItem\",\"position\":2,\"name\":\"\u00daltima milla de la temporada para Barbarigo\"}]},{\"@type\":\"WebSite\",\"@id\":\"https:\\\/\\\/cuadra-agrado.es\\\/#website\",\"url\":\"https:\\\/\\\/cuadra-agrado.es\\\/\",\"name\":\"Cuadra Agrado\",\"description\":\"En el mundo del Turf desde 2008\",\"potentialAction\":[{\"@type\":\"SearchAction\",\"target\":{\"@type\":\"EntryPoint\",\"urlTemplate\":\"https:\\\/\\\/cuadra-agrado.es\\\/?s={search_term_string}\"},\"query-input\":{\"@type\":\"PropertyValueSpecification\",\"valueRequired\":true,\"valueName\":\"search_term_string\"}}],\"inLanguage\":\"es\"},{\"@type\":\"Person\",\"@id\":\"https:\\\/\\\/cuadra-agrado.es\\\/#\\\/schema\\\/person\\\/3aa4f8d2373cf756d93a5526bc72f31b\",\"name\":\"Miguel Redondo\",\"image\":{\"@type\":\"ImageObject\",\"inLanguage\":\"es\",\"@id\":\"https:\\\/\\\/secure.gravatar.com\\\/avatar\\\/85704fceb4fa34017e3c1344d182da00dbf772fb8856ba2b7726a2df926415b4?s=96&d=mm&r=g\",\"url\":\"https:\\\/\\\/secure.gravatar.com\\\/avatar\\\/85704fceb4fa34017e3c1344d182da00dbf772fb8856ba2b7726a2df926415b4?s=96&d=mm&r=g\",\"contentUrl\":\"https:\\\/\\\/secure.gravatar.com\\\/avatar\\\/85704fceb4fa34017e3c1344d182da00dbf772fb8856ba2b7726a2df926415b4?s=96&d=mm&r=g\",\"caption\":\"Miguel Redondo\"},\"sameAs\":[\"https:\\\/\\\/cuadra-agrado.es\"],\"url\":\"https:\\\/\\\/cuadra-agrado.es\\\/?author=5\"}]}<\/script>\n<!-- \/ Yoast SEO plugin. -->","yoast_head_json":{"title":"\u00daltima milla de la temporada para Barbarigo - Cuadra Agrado","robots":{"index":"index","follow":"follow","max-snippet":"max-snippet:-1","max-image-preview":"max-image-preview:large","max-video-preview":"max-video-preview:-1"},"canonical":"https:\/\/cuadra-agrado.es\/?p=3671","og_locale":"es_ES","og_type":"article","og_title":"\u00daltima milla de la temporada para Barbarigo - Cuadra Agrado","og_description":"Nuestro tres a\u00f1os, \u201cBargarigo\u201d, bajar\u00e1 el tel\u00f3n de la temporada para nuestros colores este pr\u00f3ximo domingo en el Premio Infanta Beatriz. Un h\u00e1ndicap referenciado valor 41 sobre la distancia de 1.600 metros, que servir\u00e1 como soporte a la lototurf en la 4\u00aa carrera del d\u00eda y, donde se enfrentar\u00e1 por primera vez a los de [&hellip;]","og_url":"https:\/\/cuadra-agrado.es\/?p=3671","og_site_name":"Cuadra Agrado","article_published_time":"2017-11-07T11:18:29+00:00","article_modified_time":"2024-02-27T09:27:22+00:00","author":"Miguel Redondo","twitter_card":"summary_large_image","twitter_creator":"@AGRADOracing","twitter_site":"@AGRADOracing","twitter_misc":{"Escrito por":"Miguel Redondo","Tiempo de lectura":"4 minutos"},"schema":{"@context":"https:\/\/schema.org","@graph":[{"@type":"Article","@id":"https:\/\/cuadra-agrado.es\/?p=3671#article","isPartOf":{"@id":"https:\/\/cuadra-agrado.es\/?p=3671"},"author":{"name":"Miguel Redondo","@id":"https:\/\/cuadra-agrado.es\/#\/schema\/person\/3aa4f8d2373cf756d93a5526bc72f31b"},"headline":"\u00daltima milla de la temporada para Barbarigo","datePublished":"2017-11-07T11:18:29+00:00","dateModified":"2024-02-27T09:27:22+00:00","mainEntityOfPage":{"@id":"https:\/\/cuadra-agrado.es\/?p=3671"},"wordCount":778,"image":{"@id":"https:\/\/cuadra-agrado.es\/?p=3671#primaryimage"},"thumbnailUrl":"","articleSection":["Actualidad"],"inLanguage":"es"},{"@type":"WebPage","@id":"https:\/\/cuadra-agrado.es\/?p=3671","url":"https:\/\/cuadra-agrado.es\/?p=3671","name":"\u00daltima milla de la temporada para Barbarigo - Cuadra Agrado","isPartOf":{"@id":"https:\/\/cuadra-agrado.es\/#website"},"primaryImageOfPage":{"@id":"https:\/\/cuadra-agrado.es\/?p=3671#primaryimage"},"image":{"@id":"https:\/\/cuadra-agrado.es\/?p=3671#primaryimage"},"thumbnailUrl":"","datePublished":"2017-11-07T11:18:29+00:00","dateModified":"2024-02-27T09:27:22+00:00","author":{"@id":"https:\/\/cuadra-agrado.es\/#\/schema\/person\/3aa4f8d2373cf756d93a5526bc72f31b"},"breadcrumb":{"@id":"https:\/\/cuadra-agrado.es\/?p=3671#breadcrumb"},"inLanguage":"es","potentialAction":[{"@type":"ReadAction","target":["https:\/\/cuadra-agrado.es\/?p=3671"]}]},{"@type":"ImageObject","inLanguage":"es","@id":"https:\/\/cuadra-agrado.es\/?p=3671#primaryimage","url":"","contentUrl":""},{"@type":"BreadcrumbList","@id":"https:\/\/cuadra-agrado.es\/?p=3671#breadcrumb","itemListElement":[{"@type":"ListItem","position":1,"name":"Portada","item":"https:\/\/cuadra-agrado.es\/"},{"@type":"ListItem","position":2,"name":"\u00daltima milla de la temporada para Barbarigo"}]},{"@type":"WebSite","@id":"https:\/\/cuadra-agrado.es\/#website","url":"https:\/\/cuadra-agrado.es\/","name":"Cuadra Agrado","description":"En el mundo del Turf desde 2008","potentialAction":[{"@type":"SearchAction","target":{"@type":"EntryPoint","urlTemplate":"https:\/\/cuadra-agrado.es\/?s={search_term_string}"},"query-input":{"@type":"PropertyValueSpecification","valueRequired":true,"valueName":"search_term_string"}}],"inLanguage":"es"},{"@type":"Person","@id":"https:\/\/cuadra-agrado.es\/#\/schema\/person\/3aa4f8d2373cf756d93a5526bc72f31b","name":"Miguel Redondo","image":{"@type":"ImageObject","inLanguage":"es","@id":"https:\/\/secure.gravatar.com\/avatar\/85704fceb4fa34017e3c1344d182da00dbf772fb8856ba2b7726a2df926415b4?s=96&d=mm&r=g","url":"https:\/\/secure.gravatar.com\/avatar\/85704fceb4fa34017e3c1344d182da00dbf772fb8856ba2b7726a2df926415b4?s=96&d=mm&r=g","contentUrl":"https:\/\/secure.gravatar.com\/avatar\/85704fceb4fa34017e3c1344d182da00dbf772fb8856ba2b7726a2df926415b4?s=96&d=mm&r=g","caption":"Miguel Redondo"},"sameAs":["https:\/\/cuadra-agrado.es"],"url":"https:\/\/cuadra-agrado.es\/?author=5"}]}},"_links":{"self":[{"href":"https:\/\/cuadra-agrado.es\/index.php?rest_route=\/wp\/v2\/posts\/3671","targetHints":{"allow":["GET"]}}],"collection":[{"href":"https:\/\/cuadra-agrado.es\/index.php?rest_route=\/wp\/v2\/posts"}],"about":[{"href":"https:\/\/cuadra-agrado.es\/index.php?rest_route=\/wp\/v2\/types\/post"}],"author":[{"embeddable":true,"href":"https:\/\/cuadra-agrado.es\/index.php?rest_route=\/wp\/v2\/users\/5"}],"replies":[{"embeddable":true,"href":"https:\/\/cuadra-agrado.es\/index.php?rest_route=%2Fwp%2Fv2%2Fcomments&post=3671"}],"version-history":[{"count":0,"href":"https:\/\/cuadra-agrado.es\/index.php?rest_route=\/wp\/v2\/posts\/3671\/revisions"}],"wp:featuredmedia":[{"embeddable":true,"href":"https:\/\/cuadra-agrado.es\/index.php?rest_route=\/"}],"wp:attachment":[{"href":"https:\/\/cuadra-agrado.es\/index.php?rest_route=%2Fwp%2Fv2%2Fmedia&parent=3671"}],"wp:term":[{"taxonomy":"category","embeddable":true,"href":"https:\/\/cuadra-agrado.es\/index.php?rest_route=%2Fwp%2Fv2%2Fcategories&post=3671"},{"taxonomy":"post_tag","embeddable":true,"href":"https:\/\/cuadra-agrado.es\/index.php?rest_route=%2Fwp%2Fv2%2Ftags&post=3671"}],"curies":[{"name":"wp","href":"https:\/\/api.w.org\/{rel}","templated":true}]}}