{"id":3657,"date":"2017-10-30T11:34:11","date_gmt":"2017-10-30T10:34:11","guid":{"rendered":"https:\/\/cuadra-agrado.es\/?p=3657"},"modified":"2024-02-27T09:27:23","modified_gmt":"2024-02-27T09:27:23","slug":"ranyan-se-despide-proximo-ano","status":"publish","type":"post","link":"https:\/\/cuadra-agrado.es\/?p=3657","title":{"rendered":"Rany\u00e1n se despide hasta el pr\u00f3ximo a\u00f1o &#8230;.."},"content":{"rendered":"<p style=\"text-align: justify;\"><a href=\"http:\/\/cuadra-agrado.es\/wp-content\/uploads\/2014\/02\/ranyan-Luis-Goyeneche-23-2-14-14.jpg\" target=\"_blank\" rel=\"noopener noreferrer\"><img loading=\"lazy\" decoding=\"async\" class=\"alignleft wp-image-1072 \" src=\"http:\/\/cuadra-agrado.es\/wp-content\/uploads\/2014\/02\/ranyan-Luis-Goyeneche-23-2-14-14-150x150.jpg\" alt=\"\" width=\"278\" height=\"279\"><\/a>Anticip\u00e1bamos en la previa que las claves para las posibilidades de <strong>\u201cRany\u00e1n\u201d<\/strong> ser\u00edan tener una pista c\u00f3moda y un buen recorrido y, lamentablemente ninguna de las dos circunstancias se dieron cita en el H\u00e1ndicap referenciado del premio \u201cVictoria Eugenia\u201d disputado en el d\u00eda de ayer.<br \/>\nYa pudimos confirmar en la primera del d\u00eda que la pista, desgraciadamente para el \u201cviejo\u201d, &nbsp;no estaba en el mejor estado para su condici\u00f3n con un terreno firme debido a la falta de lluvias en un oto\u00f1o at\u00edpico. &nbsp;Aun as\u00ed, confi\u00e1bamos, al menos, estar en lucha, pero adicional a esto, un recorrido a contra-estilo y un peque\u00f1o corte en un pie durante el recorrido, terminaron por condenar todas las opciones.<\/p>\n<p style=\"text-align: justify;\">El golpe de cajones no fue lo brillante que esper\u00e1bamos y, ya a la salida de la primera curva, yendo muy retrasado con respecto a la cabeza de carrera, las opciones se comenzaban a alejar. El bueno de Urbina trat\u00f3 de corregir la situaci\u00f3n al comienzo de la \u00faltima curva tratando de posicionarse con los de cabeza por carril exterior, y llegar a posiciones de vanguardia a la entrada de la recta para comenzar a luchar el sprint final en abanico, pero el desgaste de ese esfuerzo hizo demasiada mella en el honrado \u201c<strong>Rany\u00e1n\u201d<\/strong> y en el poste de los 300, jockey y caballo bajaron definitivamente las manos ante la imposibilidad de lucha. Para nada estamos acostumbrados a ver a nuestro <em>\u00abojito derecho\u00bb<\/em><span style=\"color: #000000;\"><b>&nbsp;<\/b>tirar tan pronto la toalla<\/span>&nbsp;y entrar \u00faltimo en el poste de meta, pero hay que aceptarlo aunque nos duela en el alma.<\/p>\n<p style=\"text-align: justify;\">Ha sido un duro octavo a\u00f1o de competici\u00f3n donde el \u201cviejo\u201d ha vuelto a demostrar su coraje y val\u00eda con una temporada m\u00e1s que decente con tres victorias y un segundo y, aunque no han sido muchas sus salidas a pista y sus lesiones pasadas le han respetado, creemos que mentalmente est\u00e1 ya muy saturado de competici\u00f3n con una de las m\u00e1s largas temporadas en continuo que ha tenido en su vida desde que retomara la competici\u00f3n el pasado a\u00f1o. Ante un resto de programa de oto\u00f1o sin demasiadas opciones, esta misma ma\u00f1ana hemos hablado con el \u201cprepa\u201d para informarle de nuestro deseo de darle un peque\u00f1o y merecido descanso alejado de las pistas, que seguro le vendr\u00e1 mentalmente muy bien de cara a la pr\u00f3xima, y esta vez s\u00ed, \u00faltima temporada en competici\u00f3n. Este pr\u00f3ximo mi\u00e9rcoles saldr\u00e1 del hip\u00f3dromo con destino a nuestra yeguada para pasar un placentero mes de vacaciones en el prado y devolverlo a competici\u00f3n en el pr\u00f3ximo mes de diciembre donde comenzar\u00e1 a preparar con tiempo su pr\u00f3xima temporada de primavera que, esperemos en esta ocasi\u00f3n, venga acompa\u00f1ada con muchas m\u00e1s lluvias que la pasada.<\/p>\n<p style=\"text-align: justify;\">La tristeza de la mala carrera de<strong> \u201cRany\u00e1n\u201d<\/strong> se enjuaga un poco con la ilusi\u00f3n de tener de vuelta a nuestro tres a\u00f1os <strong>\u201cParisien Blue\u201d<\/strong>, que el pasado s\u00e1bado se reencontr\u00f3 nuevamente con su casa en el Hip\u00f3dromo de la Zarzuela bajo las ordenes de nuestro preparador. Han sido seis largos meses de recuperaci\u00f3n en las playas de Laredo para tratar de dejar atr\u00e1s una grave lesi\u00f3n de ligamentos que se produjera a comienzos de su edad cl\u00e1sica. Primero de todo, quer\u00edamos agradecer p\u00fablicamente el gran &nbsp;trabajo y dedicaci\u00f3n de <em>Alberto Remolina<\/em> y todo su equipo en esta larga convalecencia. El caballo viene ya muy trabajado en trabajos de trote con muy buen aspecto f\u00edsico y, aunque a\u00fan queda una \u00faltima etapa crucial para seguir su progresi\u00f3n, por nuestra parte hemos hecho todo lo posible para que podamos verle competir a su m\u00e1ximo nivel el pr\u00f3ximo a\u00f1o. Confiamos que ese esfuerzo por parte de todos tenga finalmente esa merecida recompensa.<\/p>\n<!-- AddThis Advanced Settings generic via filter on the_content --><!-- AddThis Share Buttons generic via filter on the_content -->","protected":false},"excerpt":{"rendered":"<p>Anticip\u00e1bamos en la previa que las claves para las posibilidades de \u201cRany\u00e1n\u201d ser\u00edan tener una pista c\u00f3moda y un buen recorrido y, lamentablemente ninguna de las dos circunstancias se dieron cita en el H\u00e1ndicap referenciado del premio \u201cVictoria Eugenia\u201d disputado en el d\u00eda de ayer. Ya pudimos confirmar en la primera del d\u00eda que la [&hellip;]<!-- AddThis Advanced Settings generic via filter on get_the_excerpt --><!-- AddThis Share Buttons generic via filter on get_the_excerpt --><\/p>\n","protected":false},"author":5,"featured_media":1072,"comment_status":"closed","ping_status":"closed","sticky":false,"template":"","format":"standard","meta":{"_acf_changed":false,"_et_pb_use_builder":"","_et_pb_old_content":"","_et_gb_content_width":"","footnotes":""},"categories":[3],"tags":[],"class_list":["post-3657","post","type-post","status-publish","format-standard","has-post-thumbnail","hentry","category-noticias-cuadra-agrado"],"acf":[],"yoast_head":"<!-- This site is optimized with the Yoast SEO plugin v27.4 - https:\/\/yoast.com\/product\/yoast-seo-wordpress\/ -->\n<title>Rany\u00e1n se despide hasta el pr\u00f3ximo a\u00f1o ..... - Cuadra Agrado<\/title>\n<meta name=\"robots\" content=\"index, follow, max-snippet:-1, max-image-preview:large, max-video-preview:-1\" \/>\n<link rel=\"canonical\" href=\"https:\/\/cuadra-agrado.es\/?p=3657\" \/>\n<meta property=\"og:locale\" content=\"es_ES\" \/>\n<meta property=\"og:type\" content=\"article\" \/>\n<meta property=\"og:title\" content=\"Rany\u00e1n se despide hasta el pr\u00f3ximo a\u00f1o ..... - Cuadra Agrado\" \/>\n<meta property=\"og:description\" content=\"Anticip\u00e1bamos en la previa que las claves para las posibilidades de \u201cRany\u00e1n\u201d ser\u00edan tener una pista c\u00f3moda y un buen recorrido y, lamentablemente ninguna de las dos circunstancias se dieron cita en el H\u00e1ndicap referenciado del premio \u201cVictoria Eugenia\u201d disputado en el d\u00eda de ayer. Ya pudimos confirmar en la primera del d\u00eda que la [&hellip;]\" \/>\n<meta property=\"og:url\" content=\"https:\/\/cuadra-agrado.es\/?p=3657\" \/>\n<meta property=\"og:site_name\" content=\"Cuadra Agrado\" \/>\n<meta property=\"article:published_time\" content=\"2017-10-30T10:34:11+00:00\" \/>\n<meta property=\"article:modified_time\" content=\"2024-02-27T09:27:23+00:00\" \/>\n<meta property=\"og:image\" content=\"https:\/\/cuadra-agrado.es\/wp-content\/uploads\/2014\/02\/ranyan-Luis-Goyeneche-23-2-14-14-1-1.jpg\" \/>\n\t<meta property=\"og:image:width\" content=\"1010\" \/>\n\t<meta property=\"og:image:height\" content=\"659\" \/>\n\t<meta property=\"og:image:type\" content=\"image\/jpeg\" \/>\n<meta name=\"author\" content=\"Miguel Redondo\" \/>\n<meta name=\"twitter:card\" content=\"summary_large_image\" \/>\n<meta name=\"twitter:creator\" content=\"@AGRADOracing\" \/>\n<meta name=\"twitter:site\" content=\"@AGRADOracing\" \/>\n<meta name=\"twitter:label1\" content=\"Escrito por\" \/>\n\t<meta name=\"twitter:data1\" content=\"Miguel Redondo\" \/>\n\t<meta name=\"twitter:label2\" content=\"Tiempo de lectura\" \/>\n\t<meta name=\"twitter:data2\" content=\"3 minutos\" \/>\n<script type=\"application\/ld+json\" class=\"yoast-schema-graph\">{\"@context\":\"https:\\\/\\\/schema.org\",\"@graph\":[{\"@type\":\"Article\",\"@id\":\"https:\\\/\\\/cuadra-agrado.es\\\/?p=3657#article\",\"isPartOf\":{\"@id\":\"https:\\\/\\\/cuadra-agrado.es\\\/?p=3657\"},\"author\":{\"name\":\"Miguel Redondo\",\"@id\":\"https:\\\/\\\/cuadra-agrado.es\\\/#\\\/schema\\\/person\\\/3aa4f8d2373cf756d93a5526bc72f31b\"},\"headline\":\"Rany\u00e1n se despide hasta el pr\u00f3ximo a\u00f1o &#8230;..\",\"datePublished\":\"2017-10-30T10:34:11+00:00\",\"dateModified\":\"2024-02-27T09:27:23+00:00\",\"mainEntityOfPage\":{\"@id\":\"https:\\\/\\\/cuadra-agrado.es\\\/?p=3657\"},\"wordCount\":680,\"image\":{\"@id\":\"https:\\\/\\\/cuadra-agrado.es\\\/?p=3657#primaryimage\"},\"thumbnailUrl\":\"https:\\\/\\\/cuadra-agrado.es\\\/wp-content\\\/uploads\\\/2014\\\/02\\\/ranyan-Luis-Goyeneche-23-2-14-14-1-1.jpg\",\"articleSection\":[\"Actualidad\"],\"inLanguage\":\"es\"},{\"@type\":\"WebPage\",\"@id\":\"https:\\\/\\\/cuadra-agrado.es\\\/?p=3657\",\"url\":\"https:\\\/\\\/cuadra-agrado.es\\\/?p=3657\",\"name\":\"Rany\u00e1n se despide hasta el pr\u00f3ximo a\u00f1o ..... - Cuadra Agrado\",\"isPartOf\":{\"@id\":\"https:\\\/\\\/cuadra-agrado.es\\\/#website\"},\"primaryImageOfPage\":{\"@id\":\"https:\\\/\\\/cuadra-agrado.es\\\/?p=3657#primaryimage\"},\"image\":{\"@id\":\"https:\\\/\\\/cuadra-agrado.es\\\/?p=3657#primaryimage\"},\"thumbnailUrl\":\"https:\\\/\\\/cuadra-agrado.es\\\/wp-content\\\/uploads\\\/2014\\\/02\\\/ranyan-Luis-Goyeneche-23-2-14-14-1-1.jpg\",\"datePublished\":\"2017-10-30T10:34:11+00:00\",\"dateModified\":\"2024-02-27T09:27:23+00:00\",\"author\":{\"@id\":\"https:\\\/\\\/cuadra-agrado.es\\\/#\\\/schema\\\/person\\\/3aa4f8d2373cf756d93a5526bc72f31b\"},\"breadcrumb\":{\"@id\":\"https:\\\/\\\/cuadra-agrado.es\\\/?p=3657#breadcrumb\"},\"inLanguage\":\"es\",\"potentialAction\":[{\"@type\":\"ReadAction\",\"target\":[\"https:\\\/\\\/cuadra-agrado.es\\\/?p=3657\"]}]},{\"@type\":\"ImageObject\",\"inLanguage\":\"es\",\"@id\":\"https:\\\/\\\/cuadra-agrado.es\\\/?p=3657#primaryimage\",\"url\":\"https:\\\/\\\/cuadra-agrado.es\\\/wp-content\\\/uploads\\\/2014\\\/02\\\/ranyan-Luis-Goyeneche-23-2-14-14-1-1.jpg\",\"contentUrl\":\"https:\\\/\\\/cuadra-agrado.es\\\/wp-content\\\/uploads\\\/2014\\\/02\\\/ranyan-Luis-Goyeneche-23-2-14-14-1-1.jpg\",\"width\":1010,\"height\":659},{\"@type\":\"BreadcrumbList\",\"@id\":\"https:\\\/\\\/cuadra-agrado.es\\\/?p=3657#breadcrumb\",\"itemListElement\":[{\"@type\":\"ListItem\",\"position\":1,\"name\":\"Portada\",\"item\":\"https:\\\/\\\/cuadra-agrado.es\\\/\"},{\"@type\":\"ListItem\",\"position\":2,\"name\":\"Rany\u00e1n se despide hasta el pr\u00f3ximo a\u00f1o &#8230;..\"}]},{\"@type\":\"WebSite\",\"@id\":\"https:\\\/\\\/cuadra-agrado.es\\\/#website\",\"url\":\"https:\\\/\\\/cuadra-agrado.es\\\/\",\"name\":\"Cuadra Agrado\",\"description\":\"En el mundo del Turf desde 2008\",\"potentialAction\":[{\"@type\":\"SearchAction\",\"target\":{\"@type\":\"EntryPoint\",\"urlTemplate\":\"https:\\\/\\\/cuadra-agrado.es\\\/?s={search_term_string}\"},\"query-input\":{\"@type\":\"PropertyValueSpecification\",\"valueRequired\":true,\"valueName\":\"search_term_string\"}}],\"inLanguage\":\"es\"},{\"@type\":\"Person\",\"@id\":\"https:\\\/\\\/cuadra-agrado.es\\\/#\\\/schema\\\/person\\\/3aa4f8d2373cf756d93a5526bc72f31b\",\"name\":\"Miguel Redondo\",\"image\":{\"@type\":\"ImageObject\",\"inLanguage\":\"es\",\"@id\":\"https:\\\/\\\/secure.gravatar.com\\\/avatar\\\/85704fceb4fa34017e3c1344d182da00dbf772fb8856ba2b7726a2df926415b4?s=96&d=mm&r=g\",\"url\":\"https:\\\/\\\/secure.gravatar.com\\\/avatar\\\/85704fceb4fa34017e3c1344d182da00dbf772fb8856ba2b7726a2df926415b4?s=96&d=mm&r=g\",\"contentUrl\":\"https:\\\/\\\/secure.gravatar.com\\\/avatar\\\/85704fceb4fa34017e3c1344d182da00dbf772fb8856ba2b7726a2df926415b4?s=96&d=mm&r=g\",\"caption\":\"Miguel Redondo\"},\"sameAs\":[\"https:\\\/\\\/cuadra-agrado.es\"],\"url\":\"https:\\\/\\\/cuadra-agrado.es\\\/?author=5\"}]}<\/script>\n<!-- \/ Yoast SEO plugin. -->","yoast_head_json":{"title":"Rany\u00e1n se despide hasta el pr\u00f3ximo a\u00f1o ..... - Cuadra Agrado","robots":{"index":"index","follow":"follow","max-snippet":"max-snippet:-1","max-image-preview":"max-image-preview:large","max-video-preview":"max-video-preview:-1"},"canonical":"https:\/\/cuadra-agrado.es\/?p=3657","og_locale":"es_ES","og_type":"article","og_title":"Rany\u00e1n se despide hasta el pr\u00f3ximo a\u00f1o ..... - Cuadra Agrado","og_description":"Anticip\u00e1bamos en la previa que las claves para las posibilidades de \u201cRany\u00e1n\u201d ser\u00edan tener una pista c\u00f3moda y un buen recorrido y, lamentablemente ninguna de las dos circunstancias se dieron cita en el H\u00e1ndicap referenciado del premio \u201cVictoria Eugenia\u201d disputado en el d\u00eda de ayer. Ya pudimos confirmar en la primera del d\u00eda que la [&hellip;]","og_url":"https:\/\/cuadra-agrado.es\/?p=3657","og_site_name":"Cuadra Agrado","article_published_time":"2017-10-30T10:34:11+00:00","article_modified_time":"2024-02-27T09:27:23+00:00","og_image":[{"width":1010,"height":659,"url":"https:\/\/cuadra-agrado.es\/wp-content\/uploads\/2014\/02\/ranyan-Luis-Goyeneche-23-2-14-14-1-1.jpg","type":"image\/jpeg"}],"author":"Miguel Redondo","twitter_card":"summary_large_image","twitter_creator":"@AGRADOracing","twitter_site":"@AGRADOracing","twitter_misc":{"Escrito por":"Miguel Redondo","Tiempo de lectura":"3 minutos"},"schema":{"@context":"https:\/\/schema.org","@graph":[{"@type":"Article","@id":"https:\/\/cuadra-agrado.es\/?p=3657#article","isPartOf":{"@id":"https:\/\/cuadra-agrado.es\/?p=3657"},"author":{"name":"Miguel Redondo","@id":"https:\/\/cuadra-agrado.es\/#\/schema\/person\/3aa4f8d2373cf756d93a5526bc72f31b"},"headline":"Rany\u00e1n se despide hasta el pr\u00f3ximo a\u00f1o &#8230;..","datePublished":"2017-10-30T10:34:11+00:00","dateModified":"2024-02-27T09:27:23+00:00","mainEntityOfPage":{"@id":"https:\/\/cuadra-agrado.es\/?p=3657"},"wordCount":680,"image":{"@id":"https:\/\/cuadra-agrado.es\/?p=3657#primaryimage"},"thumbnailUrl":"https:\/\/cuadra-agrado.es\/wp-content\/uploads\/2014\/02\/ranyan-Luis-Goyeneche-23-2-14-14-1-1.jpg","articleSection":["Actualidad"],"inLanguage":"es"},{"@type":"WebPage","@id":"https:\/\/cuadra-agrado.es\/?p=3657","url":"https:\/\/cuadra-agrado.es\/?p=3657","name":"Rany\u00e1n se despide hasta el pr\u00f3ximo a\u00f1o ..... - Cuadra Agrado","isPartOf":{"@id":"https:\/\/cuadra-agrado.es\/#website"},"primaryImageOfPage":{"@id":"https:\/\/cuadra-agrado.es\/?p=3657#primaryimage"},"image":{"@id":"https:\/\/cuadra-agrado.es\/?p=3657#primaryimage"},"thumbnailUrl":"https:\/\/cuadra-agrado.es\/wp-content\/uploads\/2014\/02\/ranyan-Luis-Goyeneche-23-2-14-14-1-1.jpg","datePublished":"2017-10-30T10:34:11+00:00","dateModified":"2024-02-27T09:27:23+00:00","author":{"@id":"https:\/\/cuadra-agrado.es\/#\/schema\/person\/3aa4f8d2373cf756d93a5526bc72f31b"},"breadcrumb":{"@id":"https:\/\/cuadra-agrado.es\/?p=3657#breadcrumb"},"inLanguage":"es","potentialAction":[{"@type":"ReadAction","target":["https:\/\/cuadra-agrado.es\/?p=3657"]}]},{"@type":"ImageObject","inLanguage":"es","@id":"https:\/\/cuadra-agrado.es\/?p=3657#primaryimage","url":"https:\/\/cuadra-agrado.es\/wp-content\/uploads\/2014\/02\/ranyan-Luis-Goyeneche-23-2-14-14-1-1.jpg","contentUrl":"https:\/\/cuadra-agrado.es\/wp-content\/uploads\/2014\/02\/ranyan-Luis-Goyeneche-23-2-14-14-1-1.jpg","width":1010,"height":659},{"@type":"BreadcrumbList","@id":"https:\/\/cuadra-agrado.es\/?p=3657#breadcrumb","itemListElement":[{"@type":"ListItem","position":1,"name":"Portada","item":"https:\/\/cuadra-agrado.es\/"},{"@type":"ListItem","position":2,"name":"Rany\u00e1n se despide hasta el pr\u00f3ximo a\u00f1o &#8230;.."}]},{"@type":"WebSite","@id":"https:\/\/cuadra-agrado.es\/#website","url":"https:\/\/cuadra-agrado.es\/","name":"Cuadra Agrado","description":"En el mundo del Turf desde 2008","potentialAction":[{"@type":"SearchAction","target":{"@type":"EntryPoint","urlTemplate":"https:\/\/cuadra-agrado.es\/?s={search_term_string}"},"query-input":{"@type":"PropertyValueSpecification","valueRequired":true,"valueName":"search_term_string"}}],"inLanguage":"es"},{"@type":"Person","@id":"https:\/\/cuadra-agrado.es\/#\/schema\/person\/3aa4f8d2373cf756d93a5526bc72f31b","name":"Miguel Redondo","image":{"@type":"ImageObject","inLanguage":"es","@id":"https:\/\/secure.gravatar.com\/avatar\/85704fceb4fa34017e3c1344d182da00dbf772fb8856ba2b7726a2df926415b4?s=96&d=mm&r=g","url":"https:\/\/secure.gravatar.com\/avatar\/85704fceb4fa34017e3c1344d182da00dbf772fb8856ba2b7726a2df926415b4?s=96&d=mm&r=g","contentUrl":"https:\/\/secure.gravatar.com\/avatar\/85704fceb4fa34017e3c1344d182da00dbf772fb8856ba2b7726a2df926415b4?s=96&d=mm&r=g","caption":"Miguel Redondo"},"sameAs":["https:\/\/cuadra-agrado.es"],"url":"https:\/\/cuadra-agrado.es\/?author=5"}]}},"_links":{"self":[{"href":"https:\/\/cuadra-agrado.es\/index.php?rest_route=\/wp\/v2\/posts\/3657","targetHints":{"allow":["GET"]}}],"collection":[{"href":"https:\/\/cuadra-agrado.es\/index.php?rest_route=\/wp\/v2\/posts"}],"about":[{"href":"https:\/\/cuadra-agrado.es\/index.php?rest_route=\/wp\/v2\/types\/post"}],"author":[{"embeddable":true,"href":"https:\/\/cuadra-agrado.es\/index.php?rest_route=\/wp\/v2\/users\/5"}],"replies":[{"embeddable":true,"href":"https:\/\/cuadra-agrado.es\/index.php?rest_route=%2Fwp%2Fv2%2Fcomments&post=3657"}],"version-history":[{"count":0,"href":"https:\/\/cuadra-agrado.es\/index.php?rest_route=\/wp\/v2\/posts\/3657\/revisions"}],"wp:featuredmedia":[{"embeddable":true,"href":"https:\/\/cuadra-agrado.es\/index.php?rest_route=\/wp\/v2\/media\/1072"}],"wp:attachment":[{"href":"https:\/\/cuadra-agrado.es\/index.php?rest_route=%2Fwp%2Fv2%2Fmedia&parent=3657"}],"wp:term":[{"taxonomy":"category","embeddable":true,"href":"https:\/\/cuadra-agrado.es\/index.php?rest_route=%2Fwp%2Fv2%2Fcategories&post=3657"},{"taxonomy":"post_tag","embeddable":true,"href":"https:\/\/cuadra-agrado.es\/index.php?rest_route=%2Fwp%2Fv2%2Ftags&post=3657"}],"curies":[{"name":"wp","href":"https:\/\/api.w.org\/{rel}","templated":true}]}}