{"id":3597,"date":"2017-10-15T16:06:04","date_gmt":"2017-10-15T15:06:04","guid":{"rendered":"https:\/\/cuadra-agrado.es\/?p=3597"},"modified":"2024-02-27T09:27:24","modified_gmt":"2024-02-27T09:27:24","slug":"barbarigo-rey-los-1-800-metros","status":"publish","type":"post","link":"https:\/\/cuadra-agrado.es\/?p=3597","title":{"rendered":"Barbarigo, el rey sobre los 1.800 metros"},"content":{"rendered":"<p style=\"text-align: justify;\"><a href=\"http:\/\/cuadra-agrado.es\/wp-content\/uploads\/2017\/10\/barbarigo-victoria-eugenia.jpg\" target=\"_blank\" rel=\"noopener noreferrer\"><img loading=\"lazy\" decoding=\"async\" class=\"alignleft wp-image-3598\" title=\"Foto publicada por &quot;Ocio y Caballo&quot;\" src=\"http:\/\/cuadra-agrado.es\/wp-content\/uploads\/2017\/10\/barbarigo-victoria-eugenia-300x260.jpg\" alt=\"\" width=\"277\" height=\"240\"><\/a><strong>\u201cBarbarigo\u201d<\/strong> llegaba al rescate de la cuadra en una semana que hab\u00eda deca\u00eddo en \u00e1nimos con la mala actuaci\u00f3n de \u201c<strong>Caribean Blue<\/strong>\u201d el pasado jueves. Muy puesto para llegar a esta nueva cita y, en la misma distancia donde hab\u00eda logrado su \u00faltima victoria en el pasado <em>Nouvel An<\/em>, solo era cuesti\u00f3n de que la suerte, en un dif\u00edcil h\u00e1ndicap referenciado, estuviera de nuestro lado\u2026. Tras perder la monta de Jos\u00e9 Luis Mart\u00ednez (ganador con \u00e9l en el pasado Nouvel An), que prefiri\u00f3 a <strong>\u201cKarlsburg\u201d<\/strong>en esta ocasi\u00f3n, y Borja Fayos que evidentemente se decant\u00f3 por <strong>\u201cGibralwar\u201d<\/strong> despu\u00e9s de dos victorias consecutivas con \u00e9l, aceptamos gustosos al cuarto de la estad\u00edstica que se subi\u00f3 al nuestro convencido de las buenas opciones de victoria. Enorme monta nos brind\u00f3 al final <em>Ricardo Sousa<\/em>&nbsp;que, sin conocer al caballo y sin que nadie se atreviera a liderar el grupo, asumi\u00f3 la valent\u00eda de coger la punta ya desde el golpe de cajones y poner el ritmo que intuy\u00f3 fuera el m\u00e1s beneficioso. Lo pasamos mal viendo el desgaste del caballo durante todo el recorrido y comenzar la recta definitiva sin un solo respiro desde cajones, pero el portugu\u00e9s sab\u00eda que llevaba todav\u00eda mucho caballo debajo y, con total confianza, no se arrug\u00f3 para esperarle a las manos hasta el mismo poste de los 400. Fue entonces cuando comenz\u00f3 a ponerlo en marcha poco a poco en los \u00faltimos furlones, para con un par de palos en los 200, encontrar ese cambio de ritmo y ganar de punta a punta a un muy escogido ramillete de grandes ejemplares de su mismo curso. Se lo puso dif\u00edcil la ganadora del <em>Nacional<\/em>&nbsp;<strong>\u00abQueenrose\u00bb<\/strong> por el interior, pero \u00abBarbarigo\u00bb la supo controlar en todo momento a su grupa. Un buen y largo sprint desde ultimas plazas de<strong> \u00abKarlsburg\u00bb<\/strong> por el exterior completo un tr\u00edo que pag\u00f3 a 102\/1.<\/p>\n<p style=\"text-align: justify;\">Anunci\u00e1bamos en la previa que quiz\u00e1s no fuera el favorito para la c\u00e1tedra, pero s\u00ed para nosotros. Su reaparici\u00f3n despu\u00e9s de un complicado verano, le supuso una enorme progresi\u00f3n en los \u00faltimos trabajos que hemos ido viendo desde las dos \u00faltimas semanas. Ya en la primera carrera del d\u00eda nos asust\u00f3 una pista demasiado firme, que no era precisamente lo que mejor le pod\u00eda venir, pero al final, los grandes caballos en plenitud de forma desaf\u00edan a la pista y la distancia, como as\u00ed lo hicieron hoy la dupla ganadora \u201cSousa-Barbarigo\u201d.<br \/>\nNos pareci\u00f3 en un primer momento que la carrera tuvo un ritmo lento marcado por el nuestro, pero el crono final estuvo incluso muy cerca de batir el r\u00e9cord de la distancia con un gran tiempo de 1\u00b450\u00b4\u00b425, a tan solo 20 cent\u00e9simas del r\u00e9cord que desde 2012 ostenta \u201cJakemate\u201d.<\/p>\n<p style=\"text-align: justify;\">Nuestras felicitaciones y agradecimientos al \u201cprepa\u201d Juan Luis Maroto, que nos ha vuelto a brindar otra gran victoria m\u00e1s con \u201cBarbarigo\u201d y a todo el gran equipo con menci\u00f3n especial a <em>\u201cIsabel Vaquero\u201d<\/em> que, hace quince d\u00edas, tuvo un peque\u00f1o percance en un trabajo matinal con \u00e9l, y vivi\u00f3 en primera persona la fuerza y ganas que atesoraba este hijo de \u201cCanford Cliffs\u201d. Queremos tambi\u00e9n agradecer a todo el equipo veterinario el gran trabajo realizado durante todo el verano para solucionar y dejar sin efecto esos complejos problemas de dorso que tantos quebraderos de cabeza dieron. Hoy lleg\u00f3 la recompensa para todos, y eso engrandece el esfuerzo. Gran parte de esta bonita victoria es m\u00e9rito vuestro\u2026. Felicidades y gracias!!!<\/p>\n<!-- AddThis Advanced Settings generic via filter on the_content --><!-- AddThis Share Buttons generic via filter on the_content -->","protected":false},"excerpt":{"rendered":"<p>\u201cBarbarigo\u201d llegaba al rescate de la cuadra en una semana que hab\u00eda deca\u00eddo en \u00e1nimos con la mala actuaci\u00f3n de \u201cCaribean Blue\u201d el pasado jueves. Muy puesto para llegar a esta nueva cita y, en la misma distancia donde hab\u00eda logrado su \u00faltima victoria en el pasado Nouvel An, solo era cuesti\u00f3n de que la [&hellip;]<!-- AddThis Advanced Settings generic via filter on get_the_excerpt --><!-- AddThis Share Buttons generic via filter on get_the_excerpt --><\/p>\n","protected":false},"author":5,"featured_media":3598,"comment_status":"closed","ping_status":"closed","sticky":false,"template":"","format":"standard","meta":{"_acf_changed":false,"_et_pb_use_builder":"","_et_pb_old_content":"","_et_gb_content_width":"","footnotes":""},"categories":[3],"tags":[],"class_list":["post-3597","post","type-post","status-publish","format-standard","has-post-thumbnail","hentry","category-noticias-cuadra-agrado"],"acf":[],"yoast_head":"<!-- This site is optimized with the Yoast SEO plugin v27.4 - https:\/\/yoast.com\/product\/yoast-seo-wordpress\/ -->\n<title>Barbarigo, el rey sobre los 1.800 metros - Cuadra Agrado<\/title>\n<meta name=\"robots\" content=\"index, follow, max-snippet:-1, max-image-preview:large, max-video-preview:-1\" \/>\n<link rel=\"canonical\" href=\"https:\/\/cuadra-agrado.es\/?p=3597\" \/>\n<meta property=\"og:locale\" content=\"es_ES\" \/>\n<meta property=\"og:type\" content=\"article\" \/>\n<meta property=\"og:title\" content=\"Barbarigo, el rey sobre los 1.800 metros - Cuadra Agrado\" \/>\n<meta property=\"og:description\" content=\"\u201cBarbarigo\u201d llegaba al rescate de la cuadra en una semana que hab\u00eda deca\u00eddo en \u00e1nimos con la mala actuaci\u00f3n de \u201cCaribean Blue\u201d el pasado jueves. Muy puesto para llegar a esta nueva cita y, en la misma distancia donde hab\u00eda logrado su \u00faltima victoria en el pasado Nouvel An, solo era cuesti\u00f3n de que la [&hellip;]\" \/>\n<meta property=\"og:url\" content=\"https:\/\/cuadra-agrado.es\/?p=3597\" \/>\n<meta property=\"og:site_name\" content=\"Cuadra Agrado\" \/>\n<meta property=\"article:published_time\" content=\"2017-10-15T15:06:04+00:00\" \/>\n<meta property=\"article:modified_time\" content=\"2024-02-27T09:27:24+00:00\" \/>\n<meta name=\"author\" content=\"Miguel Redondo\" \/>\n<meta name=\"twitter:card\" content=\"summary_large_image\" \/>\n<meta name=\"twitter:creator\" content=\"@AGRADOracing\" \/>\n<meta name=\"twitter:site\" content=\"@AGRADOracing\" \/>\n<meta name=\"twitter:label1\" content=\"Escrito por\" \/>\n\t<meta name=\"twitter:data1\" content=\"Miguel Redondo\" \/>\n\t<meta name=\"twitter:label2\" content=\"Tiempo de lectura\" \/>\n\t<meta name=\"twitter:data2\" content=\"3 minutos\" \/>\n<script type=\"application\/ld+json\" class=\"yoast-schema-graph\">{\"@context\":\"https:\\\/\\\/schema.org\",\"@graph\":[{\"@type\":\"Article\",\"@id\":\"https:\\\/\\\/cuadra-agrado.es\\\/?p=3597#article\",\"isPartOf\":{\"@id\":\"https:\\\/\\\/cuadra-agrado.es\\\/?p=3597\"},\"author\":{\"name\":\"Miguel Redondo\",\"@id\":\"https:\\\/\\\/cuadra-agrado.es\\\/#\\\/schema\\\/person\\\/3aa4f8d2373cf756d93a5526bc72f31b\"},\"headline\":\"Barbarigo, el rey sobre los 1.800 metros\",\"datePublished\":\"2017-10-15T15:06:04+00:00\",\"dateModified\":\"2024-02-27T09:27:24+00:00\",\"mainEntityOfPage\":{\"@id\":\"https:\\\/\\\/cuadra-agrado.es\\\/?p=3597\"},\"wordCount\":609,\"image\":{\"@id\":\"https:\\\/\\\/cuadra-agrado.es\\\/?p=3597#primaryimage\"},\"thumbnailUrl\":\"\",\"articleSection\":[\"Actualidad\"],\"inLanguage\":\"es\"},{\"@type\":\"WebPage\",\"@id\":\"https:\\\/\\\/cuadra-agrado.es\\\/?p=3597\",\"url\":\"https:\\\/\\\/cuadra-agrado.es\\\/?p=3597\",\"name\":\"Barbarigo, el rey sobre los 1.800 metros - Cuadra Agrado\",\"isPartOf\":{\"@id\":\"https:\\\/\\\/cuadra-agrado.es\\\/#website\"},\"primaryImageOfPage\":{\"@id\":\"https:\\\/\\\/cuadra-agrado.es\\\/?p=3597#primaryimage\"},\"image\":{\"@id\":\"https:\\\/\\\/cuadra-agrado.es\\\/?p=3597#primaryimage\"},\"thumbnailUrl\":\"\",\"datePublished\":\"2017-10-15T15:06:04+00:00\",\"dateModified\":\"2024-02-27T09:27:24+00:00\",\"author\":{\"@id\":\"https:\\\/\\\/cuadra-agrado.es\\\/#\\\/schema\\\/person\\\/3aa4f8d2373cf756d93a5526bc72f31b\"},\"breadcrumb\":{\"@id\":\"https:\\\/\\\/cuadra-agrado.es\\\/?p=3597#breadcrumb\"},\"inLanguage\":\"es\",\"potentialAction\":[{\"@type\":\"ReadAction\",\"target\":[\"https:\\\/\\\/cuadra-agrado.es\\\/?p=3597\"]}]},{\"@type\":\"ImageObject\",\"inLanguage\":\"es\",\"@id\":\"https:\\\/\\\/cuadra-agrado.es\\\/?p=3597#primaryimage\",\"url\":\"\",\"contentUrl\":\"\"},{\"@type\":\"BreadcrumbList\",\"@id\":\"https:\\\/\\\/cuadra-agrado.es\\\/?p=3597#breadcrumb\",\"itemListElement\":[{\"@type\":\"ListItem\",\"position\":1,\"name\":\"Portada\",\"item\":\"https:\\\/\\\/cuadra-agrado.es\\\/\"},{\"@type\":\"ListItem\",\"position\":2,\"name\":\"Barbarigo, el rey sobre los 1.800 metros\"}]},{\"@type\":\"WebSite\",\"@id\":\"https:\\\/\\\/cuadra-agrado.es\\\/#website\",\"url\":\"https:\\\/\\\/cuadra-agrado.es\\\/\",\"name\":\"Cuadra Agrado\",\"description\":\"En el mundo del Turf desde 2008\",\"potentialAction\":[{\"@type\":\"SearchAction\",\"target\":{\"@type\":\"EntryPoint\",\"urlTemplate\":\"https:\\\/\\\/cuadra-agrado.es\\\/?s={search_term_string}\"},\"query-input\":{\"@type\":\"PropertyValueSpecification\",\"valueRequired\":true,\"valueName\":\"search_term_string\"}}],\"inLanguage\":\"es\"},{\"@type\":\"Person\",\"@id\":\"https:\\\/\\\/cuadra-agrado.es\\\/#\\\/schema\\\/person\\\/3aa4f8d2373cf756d93a5526bc72f31b\",\"name\":\"Miguel Redondo\",\"image\":{\"@type\":\"ImageObject\",\"inLanguage\":\"es\",\"@id\":\"https:\\\/\\\/secure.gravatar.com\\\/avatar\\\/85704fceb4fa34017e3c1344d182da00dbf772fb8856ba2b7726a2df926415b4?s=96&d=mm&r=g\",\"url\":\"https:\\\/\\\/secure.gravatar.com\\\/avatar\\\/85704fceb4fa34017e3c1344d182da00dbf772fb8856ba2b7726a2df926415b4?s=96&d=mm&r=g\",\"contentUrl\":\"https:\\\/\\\/secure.gravatar.com\\\/avatar\\\/85704fceb4fa34017e3c1344d182da00dbf772fb8856ba2b7726a2df926415b4?s=96&d=mm&r=g\",\"caption\":\"Miguel Redondo\"},\"sameAs\":[\"https:\\\/\\\/cuadra-agrado.es\"],\"url\":\"https:\\\/\\\/cuadra-agrado.es\\\/?author=5\"}]}<\/script>\n<!-- \/ Yoast SEO plugin. -->","yoast_head_json":{"title":"Barbarigo, el rey sobre los 1.800 metros - Cuadra Agrado","robots":{"index":"index","follow":"follow","max-snippet":"max-snippet:-1","max-image-preview":"max-image-preview:large","max-video-preview":"max-video-preview:-1"},"canonical":"https:\/\/cuadra-agrado.es\/?p=3597","og_locale":"es_ES","og_type":"article","og_title":"Barbarigo, el rey sobre los 1.800 metros - Cuadra Agrado","og_description":"\u201cBarbarigo\u201d llegaba al rescate de la cuadra en una semana que hab\u00eda deca\u00eddo en \u00e1nimos con la mala actuaci\u00f3n de \u201cCaribean Blue\u201d el pasado jueves. Muy puesto para llegar a esta nueva cita y, en la misma distancia donde hab\u00eda logrado su \u00faltima victoria en el pasado Nouvel An, solo era cuesti\u00f3n de que la [&hellip;]","og_url":"https:\/\/cuadra-agrado.es\/?p=3597","og_site_name":"Cuadra Agrado","article_published_time":"2017-10-15T15:06:04+00:00","article_modified_time":"2024-02-27T09:27:24+00:00","author":"Miguel Redondo","twitter_card":"summary_large_image","twitter_creator":"@AGRADOracing","twitter_site":"@AGRADOracing","twitter_misc":{"Escrito por":"Miguel Redondo","Tiempo de lectura":"3 minutos"},"schema":{"@context":"https:\/\/schema.org","@graph":[{"@type":"Article","@id":"https:\/\/cuadra-agrado.es\/?p=3597#article","isPartOf":{"@id":"https:\/\/cuadra-agrado.es\/?p=3597"},"author":{"name":"Miguel Redondo","@id":"https:\/\/cuadra-agrado.es\/#\/schema\/person\/3aa4f8d2373cf756d93a5526bc72f31b"},"headline":"Barbarigo, el rey sobre los 1.800 metros","datePublished":"2017-10-15T15:06:04+00:00","dateModified":"2024-02-27T09:27:24+00:00","mainEntityOfPage":{"@id":"https:\/\/cuadra-agrado.es\/?p=3597"},"wordCount":609,"image":{"@id":"https:\/\/cuadra-agrado.es\/?p=3597#primaryimage"},"thumbnailUrl":"","articleSection":["Actualidad"],"inLanguage":"es"},{"@type":"WebPage","@id":"https:\/\/cuadra-agrado.es\/?p=3597","url":"https:\/\/cuadra-agrado.es\/?p=3597","name":"Barbarigo, el rey sobre los 1.800 metros - Cuadra Agrado","isPartOf":{"@id":"https:\/\/cuadra-agrado.es\/#website"},"primaryImageOfPage":{"@id":"https:\/\/cuadra-agrado.es\/?p=3597#primaryimage"},"image":{"@id":"https:\/\/cuadra-agrado.es\/?p=3597#primaryimage"},"thumbnailUrl":"","datePublished":"2017-10-15T15:06:04+00:00","dateModified":"2024-02-27T09:27:24+00:00","author":{"@id":"https:\/\/cuadra-agrado.es\/#\/schema\/person\/3aa4f8d2373cf756d93a5526bc72f31b"},"breadcrumb":{"@id":"https:\/\/cuadra-agrado.es\/?p=3597#breadcrumb"},"inLanguage":"es","potentialAction":[{"@type":"ReadAction","target":["https:\/\/cuadra-agrado.es\/?p=3597"]}]},{"@type":"ImageObject","inLanguage":"es","@id":"https:\/\/cuadra-agrado.es\/?p=3597#primaryimage","url":"","contentUrl":""},{"@type":"BreadcrumbList","@id":"https:\/\/cuadra-agrado.es\/?p=3597#breadcrumb","itemListElement":[{"@type":"ListItem","position":1,"name":"Portada","item":"https:\/\/cuadra-agrado.es\/"},{"@type":"ListItem","position":2,"name":"Barbarigo, el rey sobre los 1.800 metros"}]},{"@type":"WebSite","@id":"https:\/\/cuadra-agrado.es\/#website","url":"https:\/\/cuadra-agrado.es\/","name":"Cuadra Agrado","description":"En el mundo del Turf desde 2008","potentialAction":[{"@type":"SearchAction","target":{"@type":"EntryPoint","urlTemplate":"https:\/\/cuadra-agrado.es\/?s={search_term_string}"},"query-input":{"@type":"PropertyValueSpecification","valueRequired":true,"valueName":"search_term_string"}}],"inLanguage":"es"},{"@type":"Person","@id":"https:\/\/cuadra-agrado.es\/#\/schema\/person\/3aa4f8d2373cf756d93a5526bc72f31b","name":"Miguel Redondo","image":{"@type":"ImageObject","inLanguage":"es","@id":"https:\/\/secure.gravatar.com\/avatar\/85704fceb4fa34017e3c1344d182da00dbf772fb8856ba2b7726a2df926415b4?s=96&d=mm&r=g","url":"https:\/\/secure.gravatar.com\/avatar\/85704fceb4fa34017e3c1344d182da00dbf772fb8856ba2b7726a2df926415b4?s=96&d=mm&r=g","contentUrl":"https:\/\/secure.gravatar.com\/avatar\/85704fceb4fa34017e3c1344d182da00dbf772fb8856ba2b7726a2df926415b4?s=96&d=mm&r=g","caption":"Miguel Redondo"},"sameAs":["https:\/\/cuadra-agrado.es"],"url":"https:\/\/cuadra-agrado.es\/?author=5"}]}},"_links":{"self":[{"href":"https:\/\/cuadra-agrado.es\/index.php?rest_route=\/wp\/v2\/posts\/3597","targetHints":{"allow":["GET"]}}],"collection":[{"href":"https:\/\/cuadra-agrado.es\/index.php?rest_route=\/wp\/v2\/posts"}],"about":[{"href":"https:\/\/cuadra-agrado.es\/index.php?rest_route=\/wp\/v2\/types\/post"}],"author":[{"embeddable":true,"href":"https:\/\/cuadra-agrado.es\/index.php?rest_route=\/wp\/v2\/users\/5"}],"replies":[{"embeddable":true,"href":"https:\/\/cuadra-agrado.es\/index.php?rest_route=%2Fwp%2Fv2%2Fcomments&post=3597"}],"version-history":[{"count":0,"href":"https:\/\/cuadra-agrado.es\/index.php?rest_route=\/wp\/v2\/posts\/3597\/revisions"}],"wp:featuredmedia":[{"embeddable":true,"href":"https:\/\/cuadra-agrado.es\/index.php?rest_route=\/"}],"wp:attachment":[{"href":"https:\/\/cuadra-agrado.es\/index.php?rest_route=%2Fwp%2Fv2%2Fmedia&parent=3597"}],"wp:term":[{"taxonomy":"category","embeddable":true,"href":"https:\/\/cuadra-agrado.es\/index.php?rest_route=%2Fwp%2Fv2%2Fcategories&post=3597"},{"taxonomy":"post_tag","embeddable":true,"href":"https:\/\/cuadra-agrado.es\/index.php?rest_route=%2Fwp%2Fv2%2Ftags&post=3597"}],"curies":[{"name":"wp","href":"https:\/\/api.w.org\/{rel}","templated":true}]}}