{"id":3589,"date":"2017-10-12T22:04:42","date_gmt":"2017-10-12T21:04:42","guid":{"rendered":"https:\/\/cuadra-agrado.es\/?p=3589"},"modified":"2024-02-27T09:27:24","modified_gmt":"2024-02-27T09:27:24","slug":"barbarigo-al-rescate-la-semana","status":"publish","type":"post","link":"https:\/\/cuadra-agrado.es\/?p=3589","title":{"rendered":"Barbarigo al rescate de la semana&#8230;."},"content":{"rendered":"<p style=\"text-align: justify;\"><a href=\"http:\/\/cuadra-agrado.es\/wp-content\/uploads\/2017\/05\/barbarigo.jpg\" target=\"_blank\" rel=\"noopener noreferrer\"><img loading=\"lazy\" decoding=\"async\" class=\"alignleft wp-image-3136 size-medium\" src=\"http:\/\/cuadra-agrado.es\/wp-content\/uploads\/2017\/05\/barbarigo-300x169.jpg\" alt=\"\" width=\"300\" height=\"169\" \/><\/a>No fue ni mucho menos la carrera que esper\u00e1bamos hoy de <strong>\u00abCaribean Blue\u00bb<\/strong>. \u00a0Adelant\u00e1bamos en nuestra previa que \u00e9ramos conscientes de que no estaba para ganar, pero s\u00ed esper\u00e1bamos un importante progreso para confirmar su evoluci\u00f3n, que desafortunadamente en absoluto hemos visto.<br \/>\nUna primera parte del recorrido muy c\u00f3moda y seria en el lote, pero sin ning\u00fan ofrecimiento en la parte final de la carrera donde se lucha por ser grande. Fayos empez\u00f3 a pedir algo a la salida de la curva consciente que la potra segu\u00eda demasiado relajada, pero ni su en\u00e9rgico braceo al principio de la recta, ni cuatro fustazos despu\u00e9s, fueron suficientes para hacer reaccionar a una potra que no ofreci\u00f3 nada y que volvi\u00f3 a dejar ir en los \u00faltimos 200 metros. Cada vez m\u00e1s convencidos que ni la corta distancia, ni la pista r\u00e1pida, ni la edad son condiciones a su favor, por lo que igual que, el bueno de Fayos baj\u00f3 las manos en sus dos salidas, nosotros las bajaremos tambi\u00e9n para esperarla a su edad cl\u00e1sica, y con aumento considerable de distancia, como as\u00ed marcan sus or\u00edgenes, volver a encontrar esa ilusi\u00f3n, que de alguna forma hoy, hemos perdido&#8230;.<\/p>\n<p style=\"text-align: justify;\">Tras esta desilusi\u00f3n, salimos al rescate de la semana este pr\u00f3ximo domingo con uno de nuestros efectivos m\u00e1s consolidados y cumplidores con nuestros colores. <strong>\u201cBarbarigo\u201d<\/strong> regresa a pista con una ya en el cuerpo, despu\u00e9s de su temporada veraniega en dique seco, y con muy buenos entrenos en estas dos \u00faltimas semanas que nos dan much\u00edsima confianza, aunque no sea favorito de la prueba. No es para nada una carrera f\u00e1cil este h\u00e1ndicap referenciado del premio <em>Victoria Eugenia<\/em>, y en contra tendr\u00e1, al menos, tres rivales de entidad como son <strong>\u201cGibralwar\u201d<\/strong>, ejemplar del mismo patio y que solo conoce la victoria en sus dos salidas, <strong>\u00abQueenrose\u00bb<\/strong> vigente ganadora del nacional y que viene de hacer un buen papel en el <em>Benitez de Lugo<\/em>, y como tercer contrincante de entidad,<strong> \u00abKalsburg\u00bb<\/strong>, que aunque ya hemos batido en la misma distancia, viene por parte de su entorno unos ecos de magn\u00edfica progresi\u00f3n y forma para luchar este gran h\u00e1ndicap. Adicional a estos, el lote lo componen contrastados ejemplares como \u201cGetaria\u201d que gan\u00f3 con solvencia su \u00faltima y que un peque\u00f1o problema de salud la ha tenido tambi\u00e9n en dique seco desde junio, \u201cDandy Place\u201d que ha tenido un magn\u00edfico a\u00f1o cl\u00e1sico engranando tres victorias consecutivas para rematar con una gran victoria en el pasado Velayos, y \u201cC\u00e1ntabra\u201d doble ganadora en el a\u00f1o y que viene muy puesta para la lucha tambi\u00e9n.<\/p>\n<p style=\"text-align: justify;\">Dif\u00edcil, bonita y muy disputada carrera por tanto la que podremos vivir en la quinta del d\u00eda donde pondremos nuestro punto de mira en un <strong>\u201cBarbarigo\u201d<\/strong> del que esperamos y confiamos tanto como para repetir triunfo sobre la misma distancia que consiguiera en el pasado <em>Nouvel An<\/em>. \u00a0Jos\u00e9 Luis Mart\u00ednez ha preferido subirse a <strong>\u201cKalsburg\u201d<\/strong> y en esta ocasi\u00f3n ser\u00e1 Ricardo Sousa el encargado de dirigir al nuestro con unas previsibles \u00f3rdenes de ir en puestos de vanguardia durante el recorrido y esperar a poner en marcha ese cambio de ritmo que no tuvo en su reaparici\u00f3n anterior en el poste de los 300 metros. Vamos por tanto con esa convicci\u00f3n de luchar primero la carrera y, si la suerte se pone de cara, volver a pasar por ganadores con un caballo que, una vez resueltos sus problemas de salud, est\u00e1 en condiciones inmejorables de poder hacerlo incluso en un dif\u00edcil h\u00e1ndicap como este.<\/p>\n<p style=\"text-align: justify;\">Mucha suerte equipo y vamos a por ella!!!<\/p>\n<p style=\"text-align: justify;\">Para finalizar la cr\u00f3nica, nuestra sincera enhorabuena a todos los ganadores del d\u00eda grande de Espa\u00f1a hoy, con menci\u00f3n especial para todos los responsables de\u00a0<strong>\u201cAlmorox\u201d<\/strong>\u00a0como ganador del <em>Gran Premio de la Hispanidad 2017<\/em>. Qu\u00e9 gran caballo y qu\u00e9 privilegio poder verle por nuestro hip\u00f3dromo de nuevo con todo un valor franc\u00e9s 48. En taquilla se pagaba 1,40\/1, y nos parec\u00eda incluso mucho para las enormes opciones que ten\u00eda de pasar nuevamente por ganadores en este Hispanidad. Perdimos la categor\u00eda internacional \u201cListed\u201d de este Gran Premio precisamente por no tener caballos de este nivel, y solamente es posible recuperarla con caballos de este calado. Solo queda agradecer a su propietario \u201cAntonio Caro\u201d su inter\u00e9s y la ayuda que nuestro turf recibe de \u00e9l por participar en nuestros grandes premios. \u00a0Chapeau y gracias!!!<\/p>\n<!-- AddThis Advanced Settings generic via filter on the_content --><!-- AddThis Share Buttons generic via filter on the_content -->","protected":false},"excerpt":{"rendered":"<p>No fue ni mucho menos la carrera que esper\u00e1bamos hoy de \u00abCaribean Blue\u00bb. \u00a0Adelant\u00e1bamos en nuestra previa que \u00e9ramos conscientes de que no estaba para ganar, pero s\u00ed esper\u00e1bamos un importante progreso para confirmar su evoluci\u00f3n, que desafortunadamente en absoluto hemos visto. Una primera parte del recorrido muy c\u00f3moda y seria en el lote, pero [&hellip;]<!-- AddThis Advanced Settings generic via filter on get_the_excerpt --><!-- AddThis Share Buttons generic via filter on get_the_excerpt --><\/p>\n","protected":false},"author":5,"featured_media":0,"comment_status":"closed","ping_status":"closed","sticky":false,"template":"","format":"standard","meta":{"_acf_changed":false,"_et_pb_use_builder":"","_et_pb_old_content":"","_et_gb_content_width":"","footnotes":""},"categories":[3],"tags":[],"class_list":["post-3589","post","type-post","status-publish","format-standard","hentry","category-noticias-cuadra-agrado"],"acf":[],"yoast_head":"<!-- This site is optimized with the Yoast SEO plugin v27.4 - https:\/\/yoast.com\/product\/yoast-seo-wordpress\/ -->\n<title>Barbarigo al rescate de la semana.... - Cuadra Agrado<\/title>\n<meta name=\"robots\" content=\"index, follow, max-snippet:-1, max-image-preview:large, max-video-preview:-1\" \/>\n<link rel=\"canonical\" href=\"https:\/\/cuadra-agrado.es\/?p=3589\" \/>\n<meta property=\"og:locale\" content=\"es_ES\" \/>\n<meta property=\"og:type\" content=\"article\" \/>\n<meta property=\"og:title\" content=\"Barbarigo al rescate de la semana.... - Cuadra Agrado\" \/>\n<meta property=\"og:description\" content=\"No fue ni mucho menos la carrera que esper\u00e1bamos hoy de \u00abCaribean Blue\u00bb. \u00a0Adelant\u00e1bamos en nuestra previa que \u00e9ramos conscientes de que no estaba para ganar, pero s\u00ed esper\u00e1bamos un importante progreso para confirmar su evoluci\u00f3n, que desafortunadamente en absoluto hemos visto. Una primera parte del recorrido muy c\u00f3moda y seria en el lote, pero [&hellip;]\" \/>\n<meta property=\"og:url\" content=\"https:\/\/cuadra-agrado.es\/?p=3589\" \/>\n<meta property=\"og:site_name\" content=\"Cuadra Agrado\" \/>\n<meta property=\"article:published_time\" content=\"2017-10-12T21:04:42+00:00\" \/>\n<meta property=\"article:modified_time\" content=\"2024-02-27T09:27:24+00:00\" \/>\n<meta property=\"og:image\" content=\"http:\/\/cuadra-agrado.es\/wp-content\/uploads\/2017\/05\/barbarigo-300x169.jpg\" \/>\n<meta name=\"author\" content=\"Miguel Redondo\" \/>\n<meta name=\"twitter:card\" content=\"summary_large_image\" \/>\n<meta name=\"twitter:creator\" content=\"@AGRADOracing\" \/>\n<meta name=\"twitter:site\" content=\"@AGRADOracing\" \/>\n<meta name=\"twitter:label1\" content=\"Escrito por\" \/>\n\t<meta name=\"twitter:data1\" content=\"Miguel Redondo\" \/>\n\t<meta name=\"twitter:label2\" content=\"Tiempo de lectura\" \/>\n\t<meta name=\"twitter:data2\" content=\"4 minutos\" \/>\n<script type=\"application\/ld+json\" class=\"yoast-schema-graph\">{\"@context\":\"https:\\\/\\\/schema.org\",\"@graph\":[{\"@type\":\"Article\",\"@id\":\"https:\\\/\\\/cuadra-agrado.es\\\/?p=3589#article\",\"isPartOf\":{\"@id\":\"https:\\\/\\\/cuadra-agrado.es\\\/?p=3589\"},\"author\":{\"name\":\"Miguel Redondo\",\"@id\":\"https:\\\/\\\/cuadra-agrado.es\\\/#\\\/schema\\\/person\\\/3aa4f8d2373cf756d93a5526bc72f31b\"},\"headline\":\"Barbarigo al rescate de la semana&#8230;.\",\"datePublished\":\"2017-10-12T21:04:42+00:00\",\"dateModified\":\"2024-02-27T09:27:24+00:00\",\"mainEntityOfPage\":{\"@id\":\"https:\\\/\\\/cuadra-agrado.es\\\/?p=3589\"},\"wordCount\":772,\"image\":{\"@id\":\"https:\\\/\\\/cuadra-agrado.es\\\/?p=3589#primaryimage\"},\"thumbnailUrl\":\"http:\\\/\\\/cuadra-agrado.es\\\/wp-content\\\/uploads\\\/2017\\\/05\\\/barbarigo-300x169.jpg\",\"articleSection\":[\"Actualidad\"],\"inLanguage\":\"es\"},{\"@type\":\"WebPage\",\"@id\":\"https:\\\/\\\/cuadra-agrado.es\\\/?p=3589\",\"url\":\"https:\\\/\\\/cuadra-agrado.es\\\/?p=3589\",\"name\":\"Barbarigo al rescate de la semana.... - Cuadra Agrado\",\"isPartOf\":{\"@id\":\"https:\\\/\\\/cuadra-agrado.es\\\/#website\"},\"primaryImageOfPage\":{\"@id\":\"https:\\\/\\\/cuadra-agrado.es\\\/?p=3589#primaryimage\"},\"image\":{\"@id\":\"https:\\\/\\\/cuadra-agrado.es\\\/?p=3589#primaryimage\"},\"thumbnailUrl\":\"http:\\\/\\\/cuadra-agrado.es\\\/wp-content\\\/uploads\\\/2017\\\/05\\\/barbarigo-300x169.jpg\",\"datePublished\":\"2017-10-12T21:04:42+00:00\",\"dateModified\":\"2024-02-27T09:27:24+00:00\",\"author\":{\"@id\":\"https:\\\/\\\/cuadra-agrado.es\\\/#\\\/schema\\\/person\\\/3aa4f8d2373cf756d93a5526bc72f31b\"},\"breadcrumb\":{\"@id\":\"https:\\\/\\\/cuadra-agrado.es\\\/?p=3589#breadcrumb\"},\"inLanguage\":\"es\",\"potentialAction\":[{\"@type\":\"ReadAction\",\"target\":[\"https:\\\/\\\/cuadra-agrado.es\\\/?p=3589\"]}]},{\"@type\":\"ImageObject\",\"inLanguage\":\"es\",\"@id\":\"https:\\\/\\\/cuadra-agrado.es\\\/?p=3589#primaryimage\",\"url\":\"http:\\\/\\\/cuadra-agrado.es\\\/wp-content\\\/uploads\\\/2017\\\/05\\\/barbarigo-300x169.jpg\",\"contentUrl\":\"http:\\\/\\\/cuadra-agrado.es\\\/wp-content\\\/uploads\\\/2017\\\/05\\\/barbarigo-300x169.jpg\"},{\"@type\":\"BreadcrumbList\",\"@id\":\"https:\\\/\\\/cuadra-agrado.es\\\/?p=3589#breadcrumb\",\"itemListElement\":[{\"@type\":\"ListItem\",\"position\":1,\"name\":\"Portada\",\"item\":\"https:\\\/\\\/cuadra-agrado.es\\\/\"},{\"@type\":\"ListItem\",\"position\":2,\"name\":\"Barbarigo al rescate de la semana&#8230;.\"}]},{\"@type\":\"WebSite\",\"@id\":\"https:\\\/\\\/cuadra-agrado.es\\\/#website\",\"url\":\"https:\\\/\\\/cuadra-agrado.es\\\/\",\"name\":\"Cuadra Agrado\",\"description\":\"En el mundo del Turf desde 2008\",\"potentialAction\":[{\"@type\":\"SearchAction\",\"target\":{\"@type\":\"EntryPoint\",\"urlTemplate\":\"https:\\\/\\\/cuadra-agrado.es\\\/?s={search_term_string}\"},\"query-input\":{\"@type\":\"PropertyValueSpecification\",\"valueRequired\":true,\"valueName\":\"search_term_string\"}}],\"inLanguage\":\"es\"},{\"@type\":\"Person\",\"@id\":\"https:\\\/\\\/cuadra-agrado.es\\\/#\\\/schema\\\/person\\\/3aa4f8d2373cf756d93a5526bc72f31b\",\"name\":\"Miguel Redondo\",\"image\":{\"@type\":\"ImageObject\",\"inLanguage\":\"es\",\"@id\":\"https:\\\/\\\/secure.gravatar.com\\\/avatar\\\/85704fceb4fa34017e3c1344d182da00dbf772fb8856ba2b7726a2df926415b4?s=96&d=mm&r=g\",\"url\":\"https:\\\/\\\/secure.gravatar.com\\\/avatar\\\/85704fceb4fa34017e3c1344d182da00dbf772fb8856ba2b7726a2df926415b4?s=96&d=mm&r=g\",\"contentUrl\":\"https:\\\/\\\/secure.gravatar.com\\\/avatar\\\/85704fceb4fa34017e3c1344d182da00dbf772fb8856ba2b7726a2df926415b4?s=96&d=mm&r=g\",\"caption\":\"Miguel Redondo\"},\"sameAs\":[\"https:\\\/\\\/cuadra-agrado.es\"],\"url\":\"https:\\\/\\\/cuadra-agrado.es\\\/?author=5\"}]}<\/script>\n<!-- \/ Yoast SEO plugin. -->","yoast_head_json":{"title":"Barbarigo al rescate de la semana.... - Cuadra Agrado","robots":{"index":"index","follow":"follow","max-snippet":"max-snippet:-1","max-image-preview":"max-image-preview:large","max-video-preview":"max-video-preview:-1"},"canonical":"https:\/\/cuadra-agrado.es\/?p=3589","og_locale":"es_ES","og_type":"article","og_title":"Barbarigo al rescate de la semana.... - Cuadra Agrado","og_description":"No fue ni mucho menos la carrera que esper\u00e1bamos hoy de \u00abCaribean Blue\u00bb. \u00a0Adelant\u00e1bamos en nuestra previa que \u00e9ramos conscientes de que no estaba para ganar, pero s\u00ed esper\u00e1bamos un importante progreso para confirmar su evoluci\u00f3n, que desafortunadamente en absoluto hemos visto. Una primera parte del recorrido muy c\u00f3moda y seria en el lote, pero [&hellip;]","og_url":"https:\/\/cuadra-agrado.es\/?p=3589","og_site_name":"Cuadra Agrado","article_published_time":"2017-10-12T21:04:42+00:00","article_modified_time":"2024-02-27T09:27:24+00:00","og_image":[{"url":"http:\/\/cuadra-agrado.es\/wp-content\/uploads\/2017\/05\/barbarigo-300x169.jpg","type":"","width":"","height":""}],"author":"Miguel Redondo","twitter_card":"summary_large_image","twitter_creator":"@AGRADOracing","twitter_site":"@AGRADOracing","twitter_misc":{"Escrito por":"Miguel Redondo","Tiempo de lectura":"4 minutos"},"schema":{"@context":"https:\/\/schema.org","@graph":[{"@type":"Article","@id":"https:\/\/cuadra-agrado.es\/?p=3589#article","isPartOf":{"@id":"https:\/\/cuadra-agrado.es\/?p=3589"},"author":{"name":"Miguel Redondo","@id":"https:\/\/cuadra-agrado.es\/#\/schema\/person\/3aa4f8d2373cf756d93a5526bc72f31b"},"headline":"Barbarigo al rescate de la semana&#8230;.","datePublished":"2017-10-12T21:04:42+00:00","dateModified":"2024-02-27T09:27:24+00:00","mainEntityOfPage":{"@id":"https:\/\/cuadra-agrado.es\/?p=3589"},"wordCount":772,"image":{"@id":"https:\/\/cuadra-agrado.es\/?p=3589#primaryimage"},"thumbnailUrl":"http:\/\/cuadra-agrado.es\/wp-content\/uploads\/2017\/05\/barbarigo-300x169.jpg","articleSection":["Actualidad"],"inLanguage":"es"},{"@type":"WebPage","@id":"https:\/\/cuadra-agrado.es\/?p=3589","url":"https:\/\/cuadra-agrado.es\/?p=3589","name":"Barbarigo al rescate de la semana.... - Cuadra Agrado","isPartOf":{"@id":"https:\/\/cuadra-agrado.es\/#website"},"primaryImageOfPage":{"@id":"https:\/\/cuadra-agrado.es\/?p=3589#primaryimage"},"image":{"@id":"https:\/\/cuadra-agrado.es\/?p=3589#primaryimage"},"thumbnailUrl":"http:\/\/cuadra-agrado.es\/wp-content\/uploads\/2017\/05\/barbarigo-300x169.jpg","datePublished":"2017-10-12T21:04:42+00:00","dateModified":"2024-02-27T09:27:24+00:00","author":{"@id":"https:\/\/cuadra-agrado.es\/#\/schema\/person\/3aa4f8d2373cf756d93a5526bc72f31b"},"breadcrumb":{"@id":"https:\/\/cuadra-agrado.es\/?p=3589#breadcrumb"},"inLanguage":"es","potentialAction":[{"@type":"ReadAction","target":["https:\/\/cuadra-agrado.es\/?p=3589"]}]},{"@type":"ImageObject","inLanguage":"es","@id":"https:\/\/cuadra-agrado.es\/?p=3589#primaryimage","url":"http:\/\/cuadra-agrado.es\/wp-content\/uploads\/2017\/05\/barbarigo-300x169.jpg","contentUrl":"http:\/\/cuadra-agrado.es\/wp-content\/uploads\/2017\/05\/barbarigo-300x169.jpg"},{"@type":"BreadcrumbList","@id":"https:\/\/cuadra-agrado.es\/?p=3589#breadcrumb","itemListElement":[{"@type":"ListItem","position":1,"name":"Portada","item":"https:\/\/cuadra-agrado.es\/"},{"@type":"ListItem","position":2,"name":"Barbarigo al rescate de la semana&#8230;."}]},{"@type":"WebSite","@id":"https:\/\/cuadra-agrado.es\/#website","url":"https:\/\/cuadra-agrado.es\/","name":"Cuadra Agrado","description":"En el mundo del Turf desde 2008","potentialAction":[{"@type":"SearchAction","target":{"@type":"EntryPoint","urlTemplate":"https:\/\/cuadra-agrado.es\/?s={search_term_string}"},"query-input":{"@type":"PropertyValueSpecification","valueRequired":true,"valueName":"search_term_string"}}],"inLanguage":"es"},{"@type":"Person","@id":"https:\/\/cuadra-agrado.es\/#\/schema\/person\/3aa4f8d2373cf756d93a5526bc72f31b","name":"Miguel Redondo","image":{"@type":"ImageObject","inLanguage":"es","@id":"https:\/\/secure.gravatar.com\/avatar\/85704fceb4fa34017e3c1344d182da00dbf772fb8856ba2b7726a2df926415b4?s=96&d=mm&r=g","url":"https:\/\/secure.gravatar.com\/avatar\/85704fceb4fa34017e3c1344d182da00dbf772fb8856ba2b7726a2df926415b4?s=96&d=mm&r=g","contentUrl":"https:\/\/secure.gravatar.com\/avatar\/85704fceb4fa34017e3c1344d182da00dbf772fb8856ba2b7726a2df926415b4?s=96&d=mm&r=g","caption":"Miguel Redondo"},"sameAs":["https:\/\/cuadra-agrado.es"],"url":"https:\/\/cuadra-agrado.es\/?author=5"}]}},"_links":{"self":[{"href":"https:\/\/cuadra-agrado.es\/index.php?rest_route=\/wp\/v2\/posts\/3589","targetHints":{"allow":["GET"]}}],"collection":[{"href":"https:\/\/cuadra-agrado.es\/index.php?rest_route=\/wp\/v2\/posts"}],"about":[{"href":"https:\/\/cuadra-agrado.es\/index.php?rest_route=\/wp\/v2\/types\/post"}],"author":[{"embeddable":true,"href":"https:\/\/cuadra-agrado.es\/index.php?rest_route=\/wp\/v2\/users\/5"}],"replies":[{"embeddable":true,"href":"https:\/\/cuadra-agrado.es\/index.php?rest_route=%2Fwp%2Fv2%2Fcomments&post=3589"}],"version-history":[{"count":0,"href":"https:\/\/cuadra-agrado.es\/index.php?rest_route=\/wp\/v2\/posts\/3589\/revisions"}],"wp:attachment":[{"href":"https:\/\/cuadra-agrado.es\/index.php?rest_route=%2Fwp%2Fv2%2Fmedia&parent=3589"}],"wp:term":[{"taxonomy":"category","embeddable":true,"href":"https:\/\/cuadra-agrado.es\/index.php?rest_route=%2Fwp%2Fv2%2Fcategories&post=3589"},{"taxonomy":"post_tag","embeddable":true,"href":"https:\/\/cuadra-agrado.es\/index.php?rest_route=%2Fwp%2Fv2%2Ftags&post=3589"}],"curies":[{"name":"wp","href":"https:\/\/api.w.org\/{rel}","templated":true}]}}