{"id":3582,"date":"2017-10-09T09:08:11","date_gmt":"2017-10-09T08:08:11","guid":{"rendered":"https:\/\/cuadra-agrado.es\/?p=3582"},"modified":"2024-02-27T09:27:24","modified_gmt":"2024-02-27T09:27:24","slug":"caribean-blue-confirmar-evolucion","status":"publish","type":"post","link":"https:\/\/cuadra-agrado.es\/?p=3582","title":{"rendered":"Caribean Blue&#8230;. a confirmar su evoluci\u00f3n."},"content":{"rendered":"<p style=\"text-align: justify;\"><a href=\"http:\/\/cuadra-agrado.es\/wp-content\/uploads\/2017\/09\/caribean-Blue-debut.jpg\" target=\"_blank\" rel=\"noopener noreferrer\"><img loading=\"lazy\" decoding=\"async\" class=\"alignleft wp-image-3536 size-medium\" src=\"http:\/\/cuadra-agrado.es\/wp-content\/uploads\/2017\/09\/caribean-Blue-debut-300x213.jpg\" alt=\"\" width=\"300\" height=\"213\" \/><\/a>Diez ser\u00e1n los participantes definitivos este pr\u00f3ximo jueves, (coincidiendo con la jornada de la Hispanidad) en la segunda carrera de la jornada reservada a potrancas de dos a\u00f1os no ganadoras entre las que se encuentra nuestra <strong>\u201cCaribean Blue<\/strong>\u201d que saldr\u00e1 a disputar su segunda carrera en competici\u00f3n. <em>Premio Robertiya\u00a0<\/em>sobre distancia de 1.400 metros, con una dotaci\u00f3n a repartir de 11.900 euros y con solamente dos debutantes en pista.<\/p>\n<p style=\"text-align: justify;\">Desde el primer momento de nuestra adquisici\u00f3n en Subasta ACPSIE \u00b416 sab\u00edamos que sus or\u00edgenes indicaban una puesta en competici\u00f3n a tres a\u00f1os, y que la espera era casi obligada hasta esa edad cl\u00e1sica. Reci\u00e9n cumplidos sus dos a\u00f1os, un estudio espec\u00edfico encargado a la \u00abAgencia Canter\u00bb de su l\u00ednea completa materna y cruce, nos ofreci\u00f3 una base fundada para que, siempre y cuando en sus trabajos aflorara calidad y seriedad como hasta entonces hab\u00eda sido el caso, pudiera ser incluso conveniente anticipar un debut a dos a\u00f1os, como as\u00ed decidimos darle en la primera jornada de oto\u00f1o en Madrid. Despu\u00e9s de ese debut, donde ofreci\u00f3 muestras de calidad desde el mismo golpe de cajones, pero del mismo modo rodeado de un halo de impericia, hab\u00edamos asumido como propietarios la paciente espera y vuelta a competici\u00f3n en su edad cl\u00e1sica con un correcto bautizo, pero lejos de que aquel debut provocara una l\u00f3gica reca\u00edda en su rendimiento con acuse de recibo, la potra aumento de forma natural su obsesi\u00f3n por entregarse en el galope y mejorar sus trabajos diarios con una seriedad pasmosa. Hace 15 d\u00edas recib\u00edamos una inesperada noticia por parte del \u201cprepa\u201d de querer volver a pista con ella para darle una nueva salida y confirmar su mejora, y viniendo por parte de un profesional tan experimentado como \u201cJuan Luis Maroto\u201d, era evidente no poner ni un solo pero a su ilusionante propuesta que, por supuesto aceptamos.<\/p>\n<p style=\"text-align: justify;\">Salimos a pista este pr\u00f3ximo jueves conscientes de que ser\u00e1 muy complicado luchar una victoria contra yeguas que ya pusieron cuerpos de por medio en el debut y, que de igual forma tambi\u00e9n habr\u00e1n progresado en mayor o menor medida, y otras mucho m\u00e1s rodadas y con mucha m\u00e1s experiencia a dos a\u00f1os, pero con el convencimiento de estar mucho m\u00e1s cerca de la lucha y, sobretodo, de constatar la evoluci\u00f3n que ha demostrado esta hija de \u201c<strong>Pour Moi<\/strong>\u201d en estos \u00faltimos trabajos. Nos cuesta enormemente aceptar que las probabilidades de victoria no est\u00e1n en los valores habituales de nuestras salidas, y aunque en ning\u00fan caso descartamos pasar por ganadores, estar en puestos remunerados luchando victoria a estas alturas de a\u00f1o y con todav\u00eda un buen margen de mejora, nos sabr\u00eda casi como una victoria de cara al futuro&#8230;.<\/p>\n<p style=\"text-align: justify;\">Borja Fayos se baj\u00f3 en su debut con una sonrisa y el convencimiento de que la potra ten\u00eda mucha calidad, por lo que no ha sido dif\u00edcil volver a contar con \u00e9l para estar conduciendo a \u201cCaribien\u201d en esta segunda salida. Nos sorprendi\u00f3 a todos su puesta en marcha desde cajones en su primera y, en este sentido, debemos estar atentos para tratar de llevar un recorrido con menos desgaste y ver qu\u00e9 pulm\u00f3n y coraz\u00f3n tiene en los \u00faltimos 200 que desgraciadamente no pudimos apreciar en el debut.<\/p>\n<p style=\"text-align: justify;\">Vamos por tanto tranquilos y con el convencimiento de mejora de actuaci\u00f3n con respecto a su anterior. Somos conscientes de que estamos muy lejos a\u00fan de su mejor valor que comenzar\u00e1 a obtenerlo con el tiempo y con el incremento de distancia tal y como marca su pedigree, pero es evidente que necesitamos partir de un valor actual considerado para conocer un valor aproximado futuro, que seg\u00fan estudio pudiera ser mejorado en 4 kilos a tres a\u00f1os con el aumento de la experiencia y la distancia. Posiblemente, despu\u00e9s de esta y, sea cual sea el resultado, bajaremos revoluciones de trabajo y esperaremos con sosiego a la primavera donde tenemos todas las ilusiones puestas\u2026.<\/p>\n<p style=\"text-align: justify;\">Mucha suerte equipo!!!<\/p>\n<p>Por otra parte, anticipamos el partant definitivo de <strong>\u00abBarbarigo\u00bb<\/strong> el pr\u00f3ximo domingo en el handicap referenciado del premio <em>Victoria Eugenia<\/em>\u00a0sobre distancia de 1.800 metros y con la monta de Ricardo Sousa. En breve publicaremos nuestra previa y nuestras opciones.<\/p>\n<!-- AddThis Advanced Settings generic via filter on the_content --><!-- AddThis Share Buttons generic via filter on the_content -->","protected":false},"excerpt":{"rendered":"<p>Diez ser\u00e1n los participantes definitivos este pr\u00f3ximo jueves, (coincidiendo con la jornada de la Hispanidad) en la segunda carrera de la jornada reservada a potrancas de dos a\u00f1os no ganadoras entre las que se encuentra nuestra \u201cCaribean Blue\u201d que saldr\u00e1 a disputar su segunda carrera en competici\u00f3n. Premio Robertiya\u00a0sobre distancia de 1.400 metros, con una [&hellip;]<!-- AddThis Advanced Settings generic via filter on get_the_excerpt --><!-- AddThis Share Buttons generic via filter on get_the_excerpt --><\/p>\n","protected":false},"author":5,"featured_media":0,"comment_status":"closed","ping_status":"closed","sticky":false,"template":"","format":"gallery","meta":{"_acf_changed":false,"_et_pb_use_builder":"","_et_pb_old_content":"","_et_gb_content_width":"","footnotes":""},"categories":[3],"tags":[],"class_list":["post-3582","post","type-post","status-publish","format-gallery","hentry","category-noticias-cuadra-agrado","post_format-post-format-gallery"],"acf":[],"yoast_head":"<!-- This site is optimized with the Yoast SEO plugin v27.4 - https:\/\/yoast.com\/product\/yoast-seo-wordpress\/ -->\n<title>Caribean Blue.... a confirmar su evoluci\u00f3n. - Cuadra Agrado<\/title>\n<meta name=\"robots\" content=\"index, follow, max-snippet:-1, max-image-preview:large, max-video-preview:-1\" \/>\n<link rel=\"canonical\" href=\"https:\/\/cuadra-agrado.es\/?p=3582\" \/>\n<meta property=\"og:locale\" content=\"es_ES\" \/>\n<meta property=\"og:type\" content=\"article\" \/>\n<meta property=\"og:title\" content=\"Caribean Blue.... a confirmar su evoluci\u00f3n. - Cuadra Agrado\" \/>\n<meta property=\"og:description\" content=\"Diez ser\u00e1n los participantes definitivos este pr\u00f3ximo jueves, (coincidiendo con la jornada de la Hispanidad) en la segunda carrera de la jornada reservada a potrancas de dos a\u00f1os no ganadoras entre las que se encuentra nuestra \u201cCaribean Blue\u201d que saldr\u00e1 a disputar su segunda carrera en competici\u00f3n. Premio Robertiya\u00a0sobre distancia de 1.400 metros, con una [&hellip;]\" \/>\n<meta property=\"og:url\" content=\"https:\/\/cuadra-agrado.es\/?p=3582\" \/>\n<meta property=\"og:site_name\" content=\"Cuadra Agrado\" \/>\n<meta property=\"article:published_time\" content=\"2017-10-09T08:08:11+00:00\" \/>\n<meta property=\"article:modified_time\" content=\"2024-02-27T09:27:24+00:00\" \/>\n<meta property=\"og:image\" content=\"http:\/\/cuadra-agrado.es\/wp-content\/uploads\/2017\/09\/caribean-Blue-debut-300x213.jpg\" \/>\n<meta name=\"author\" content=\"Miguel Redondo\" \/>\n<meta name=\"twitter:card\" content=\"summary_large_image\" \/>\n<meta name=\"twitter:creator\" content=\"@AGRADOracing\" \/>\n<meta name=\"twitter:site\" content=\"@AGRADOracing\" \/>\n<meta name=\"twitter:label1\" content=\"Escrito por\" \/>\n\t<meta name=\"twitter:data1\" content=\"Miguel Redondo\" \/>\n\t<meta name=\"twitter:label2\" content=\"Tiempo de lectura\" \/>\n\t<meta name=\"twitter:data2\" content=\"4 minutos\" \/>\n<script type=\"application\/ld+json\" class=\"yoast-schema-graph\">{\"@context\":\"https:\\\/\\\/schema.org\",\"@graph\":[{\"@type\":\"Article\",\"@id\":\"https:\\\/\\\/cuadra-agrado.es\\\/?p=3582#article\",\"isPartOf\":{\"@id\":\"https:\\\/\\\/cuadra-agrado.es\\\/?p=3582\"},\"author\":{\"name\":\"Miguel Redondo\",\"@id\":\"https:\\\/\\\/cuadra-agrado.es\\\/#\\\/schema\\\/person\\\/3aa4f8d2373cf756d93a5526bc72f31b\"},\"headline\":\"Caribean Blue&#8230;. a confirmar su evoluci\u00f3n.\",\"datePublished\":\"2017-10-09T08:08:11+00:00\",\"dateModified\":\"2024-02-27T09:27:24+00:00\",\"mainEntityOfPage\":{\"@id\":\"https:\\\/\\\/cuadra-agrado.es\\\/?p=3582\"},\"wordCount\":742,\"image\":{\"@id\":\"https:\\\/\\\/cuadra-agrado.es\\\/?p=3582#primaryimage\"},\"thumbnailUrl\":\"http:\\\/\\\/cuadra-agrado.es\\\/wp-content\\\/uploads\\\/2017\\\/09\\\/caribean-Blue-debut-300x213.jpg\",\"articleSection\":[\"Actualidad\"],\"inLanguage\":\"es\"},{\"@type\":\"WebPage\",\"@id\":\"https:\\\/\\\/cuadra-agrado.es\\\/?p=3582\",\"url\":\"https:\\\/\\\/cuadra-agrado.es\\\/?p=3582\",\"name\":\"Caribean Blue.... a confirmar su evoluci\u00f3n. - Cuadra Agrado\",\"isPartOf\":{\"@id\":\"https:\\\/\\\/cuadra-agrado.es\\\/#website\"},\"primaryImageOfPage\":{\"@id\":\"https:\\\/\\\/cuadra-agrado.es\\\/?p=3582#primaryimage\"},\"image\":{\"@id\":\"https:\\\/\\\/cuadra-agrado.es\\\/?p=3582#primaryimage\"},\"thumbnailUrl\":\"http:\\\/\\\/cuadra-agrado.es\\\/wp-content\\\/uploads\\\/2017\\\/09\\\/caribean-Blue-debut-300x213.jpg\",\"datePublished\":\"2017-10-09T08:08:11+00:00\",\"dateModified\":\"2024-02-27T09:27:24+00:00\",\"author\":{\"@id\":\"https:\\\/\\\/cuadra-agrado.es\\\/#\\\/schema\\\/person\\\/3aa4f8d2373cf756d93a5526bc72f31b\"},\"breadcrumb\":{\"@id\":\"https:\\\/\\\/cuadra-agrado.es\\\/?p=3582#breadcrumb\"},\"inLanguage\":\"es\",\"potentialAction\":[{\"@type\":\"ReadAction\",\"target\":[\"https:\\\/\\\/cuadra-agrado.es\\\/?p=3582\"]}]},{\"@type\":\"ImageObject\",\"inLanguage\":\"es\",\"@id\":\"https:\\\/\\\/cuadra-agrado.es\\\/?p=3582#primaryimage\",\"url\":\"http:\\\/\\\/cuadra-agrado.es\\\/wp-content\\\/uploads\\\/2017\\\/09\\\/caribean-Blue-debut-300x213.jpg\",\"contentUrl\":\"http:\\\/\\\/cuadra-agrado.es\\\/wp-content\\\/uploads\\\/2017\\\/09\\\/caribean-Blue-debut-300x213.jpg\"},{\"@type\":\"BreadcrumbList\",\"@id\":\"https:\\\/\\\/cuadra-agrado.es\\\/?p=3582#breadcrumb\",\"itemListElement\":[{\"@type\":\"ListItem\",\"position\":1,\"name\":\"Portada\",\"item\":\"https:\\\/\\\/cuadra-agrado.es\\\/\"},{\"@type\":\"ListItem\",\"position\":2,\"name\":\"Caribean Blue&#8230;. a confirmar su evoluci\u00f3n.\"}]},{\"@type\":\"WebSite\",\"@id\":\"https:\\\/\\\/cuadra-agrado.es\\\/#website\",\"url\":\"https:\\\/\\\/cuadra-agrado.es\\\/\",\"name\":\"Cuadra Agrado\",\"description\":\"En el mundo del Turf desde 2008\",\"potentialAction\":[{\"@type\":\"SearchAction\",\"target\":{\"@type\":\"EntryPoint\",\"urlTemplate\":\"https:\\\/\\\/cuadra-agrado.es\\\/?s={search_term_string}\"},\"query-input\":{\"@type\":\"PropertyValueSpecification\",\"valueRequired\":true,\"valueName\":\"search_term_string\"}}],\"inLanguage\":\"es\"},{\"@type\":\"Person\",\"@id\":\"https:\\\/\\\/cuadra-agrado.es\\\/#\\\/schema\\\/person\\\/3aa4f8d2373cf756d93a5526bc72f31b\",\"name\":\"Miguel Redondo\",\"image\":{\"@type\":\"ImageObject\",\"inLanguage\":\"es\",\"@id\":\"https:\\\/\\\/secure.gravatar.com\\\/avatar\\\/85704fceb4fa34017e3c1344d182da00dbf772fb8856ba2b7726a2df926415b4?s=96&d=mm&r=g\",\"url\":\"https:\\\/\\\/secure.gravatar.com\\\/avatar\\\/85704fceb4fa34017e3c1344d182da00dbf772fb8856ba2b7726a2df926415b4?s=96&d=mm&r=g\",\"contentUrl\":\"https:\\\/\\\/secure.gravatar.com\\\/avatar\\\/85704fceb4fa34017e3c1344d182da00dbf772fb8856ba2b7726a2df926415b4?s=96&d=mm&r=g\",\"caption\":\"Miguel Redondo\"},\"sameAs\":[\"https:\\\/\\\/cuadra-agrado.es\"],\"url\":\"https:\\\/\\\/cuadra-agrado.es\\\/?author=5\"}]}<\/script>\n<!-- \/ Yoast SEO plugin. -->","yoast_head_json":{"title":"Caribean Blue.... a confirmar su evoluci\u00f3n. - Cuadra Agrado","robots":{"index":"index","follow":"follow","max-snippet":"max-snippet:-1","max-image-preview":"max-image-preview:large","max-video-preview":"max-video-preview:-1"},"canonical":"https:\/\/cuadra-agrado.es\/?p=3582","og_locale":"es_ES","og_type":"article","og_title":"Caribean Blue.... a confirmar su evoluci\u00f3n. - Cuadra Agrado","og_description":"Diez ser\u00e1n los participantes definitivos este pr\u00f3ximo jueves, (coincidiendo con la jornada de la Hispanidad) en la segunda carrera de la jornada reservada a potrancas de dos a\u00f1os no ganadoras entre las que se encuentra nuestra \u201cCaribean Blue\u201d que saldr\u00e1 a disputar su segunda carrera en competici\u00f3n. Premio Robertiya\u00a0sobre distancia de 1.400 metros, con una [&hellip;]","og_url":"https:\/\/cuadra-agrado.es\/?p=3582","og_site_name":"Cuadra Agrado","article_published_time":"2017-10-09T08:08:11+00:00","article_modified_time":"2024-02-27T09:27:24+00:00","og_image":[{"url":"http:\/\/cuadra-agrado.es\/wp-content\/uploads\/2017\/09\/caribean-Blue-debut-300x213.jpg","type":"","width":"","height":""}],"author":"Miguel Redondo","twitter_card":"summary_large_image","twitter_creator":"@AGRADOracing","twitter_site":"@AGRADOracing","twitter_misc":{"Escrito por":"Miguel Redondo","Tiempo de lectura":"4 minutos"},"schema":{"@context":"https:\/\/schema.org","@graph":[{"@type":"Article","@id":"https:\/\/cuadra-agrado.es\/?p=3582#article","isPartOf":{"@id":"https:\/\/cuadra-agrado.es\/?p=3582"},"author":{"name":"Miguel Redondo","@id":"https:\/\/cuadra-agrado.es\/#\/schema\/person\/3aa4f8d2373cf756d93a5526bc72f31b"},"headline":"Caribean Blue&#8230;. a confirmar su evoluci\u00f3n.","datePublished":"2017-10-09T08:08:11+00:00","dateModified":"2024-02-27T09:27:24+00:00","mainEntityOfPage":{"@id":"https:\/\/cuadra-agrado.es\/?p=3582"},"wordCount":742,"image":{"@id":"https:\/\/cuadra-agrado.es\/?p=3582#primaryimage"},"thumbnailUrl":"http:\/\/cuadra-agrado.es\/wp-content\/uploads\/2017\/09\/caribean-Blue-debut-300x213.jpg","articleSection":["Actualidad"],"inLanguage":"es"},{"@type":"WebPage","@id":"https:\/\/cuadra-agrado.es\/?p=3582","url":"https:\/\/cuadra-agrado.es\/?p=3582","name":"Caribean Blue.... a confirmar su evoluci\u00f3n. - Cuadra Agrado","isPartOf":{"@id":"https:\/\/cuadra-agrado.es\/#website"},"primaryImageOfPage":{"@id":"https:\/\/cuadra-agrado.es\/?p=3582#primaryimage"},"image":{"@id":"https:\/\/cuadra-agrado.es\/?p=3582#primaryimage"},"thumbnailUrl":"http:\/\/cuadra-agrado.es\/wp-content\/uploads\/2017\/09\/caribean-Blue-debut-300x213.jpg","datePublished":"2017-10-09T08:08:11+00:00","dateModified":"2024-02-27T09:27:24+00:00","author":{"@id":"https:\/\/cuadra-agrado.es\/#\/schema\/person\/3aa4f8d2373cf756d93a5526bc72f31b"},"breadcrumb":{"@id":"https:\/\/cuadra-agrado.es\/?p=3582#breadcrumb"},"inLanguage":"es","potentialAction":[{"@type":"ReadAction","target":["https:\/\/cuadra-agrado.es\/?p=3582"]}]},{"@type":"ImageObject","inLanguage":"es","@id":"https:\/\/cuadra-agrado.es\/?p=3582#primaryimage","url":"http:\/\/cuadra-agrado.es\/wp-content\/uploads\/2017\/09\/caribean-Blue-debut-300x213.jpg","contentUrl":"http:\/\/cuadra-agrado.es\/wp-content\/uploads\/2017\/09\/caribean-Blue-debut-300x213.jpg"},{"@type":"BreadcrumbList","@id":"https:\/\/cuadra-agrado.es\/?p=3582#breadcrumb","itemListElement":[{"@type":"ListItem","position":1,"name":"Portada","item":"https:\/\/cuadra-agrado.es\/"},{"@type":"ListItem","position":2,"name":"Caribean Blue&#8230;. a confirmar su evoluci\u00f3n."}]},{"@type":"WebSite","@id":"https:\/\/cuadra-agrado.es\/#website","url":"https:\/\/cuadra-agrado.es\/","name":"Cuadra Agrado","description":"En el mundo del Turf desde 2008","potentialAction":[{"@type":"SearchAction","target":{"@type":"EntryPoint","urlTemplate":"https:\/\/cuadra-agrado.es\/?s={search_term_string}"},"query-input":{"@type":"PropertyValueSpecification","valueRequired":true,"valueName":"search_term_string"}}],"inLanguage":"es"},{"@type":"Person","@id":"https:\/\/cuadra-agrado.es\/#\/schema\/person\/3aa4f8d2373cf756d93a5526bc72f31b","name":"Miguel Redondo","image":{"@type":"ImageObject","inLanguage":"es","@id":"https:\/\/secure.gravatar.com\/avatar\/85704fceb4fa34017e3c1344d182da00dbf772fb8856ba2b7726a2df926415b4?s=96&d=mm&r=g","url":"https:\/\/secure.gravatar.com\/avatar\/85704fceb4fa34017e3c1344d182da00dbf772fb8856ba2b7726a2df926415b4?s=96&d=mm&r=g","contentUrl":"https:\/\/secure.gravatar.com\/avatar\/85704fceb4fa34017e3c1344d182da00dbf772fb8856ba2b7726a2df926415b4?s=96&d=mm&r=g","caption":"Miguel Redondo"},"sameAs":["https:\/\/cuadra-agrado.es"],"url":"https:\/\/cuadra-agrado.es\/?author=5"}]}},"_links":{"self":[{"href":"https:\/\/cuadra-agrado.es\/index.php?rest_route=\/wp\/v2\/posts\/3582","targetHints":{"allow":["GET"]}}],"collection":[{"href":"https:\/\/cuadra-agrado.es\/index.php?rest_route=\/wp\/v2\/posts"}],"about":[{"href":"https:\/\/cuadra-agrado.es\/index.php?rest_route=\/wp\/v2\/types\/post"}],"author":[{"embeddable":true,"href":"https:\/\/cuadra-agrado.es\/index.php?rest_route=\/wp\/v2\/users\/5"}],"replies":[{"embeddable":true,"href":"https:\/\/cuadra-agrado.es\/index.php?rest_route=%2Fwp%2Fv2%2Fcomments&post=3582"}],"version-history":[{"count":0,"href":"https:\/\/cuadra-agrado.es\/index.php?rest_route=\/wp\/v2\/posts\/3582\/revisions"}],"wp:attachment":[{"href":"https:\/\/cuadra-agrado.es\/index.php?rest_route=%2Fwp%2Fv2%2Fmedia&parent=3582"}],"wp:term":[{"taxonomy":"category","embeddable":true,"href":"https:\/\/cuadra-agrado.es\/index.php?rest_route=%2Fwp%2Fv2%2Fcategories&post=3582"},{"taxonomy":"post_tag","embeddable":true,"href":"https:\/\/cuadra-agrado.es\/index.php?rest_route=%2Fwp%2Fv2%2Ftags&post=3582"}],"curies":[{"name":"wp","href":"https:\/\/api.w.org\/{rel}","templated":true}]}}