{"id":3535,"date":"2017-09-18T11:32:15","date_gmt":"2017-09-18T10:32:15","guid":{"rendered":"https:\/\/cuadra-agrado.es\/?p=3535"},"modified":"2024-02-27T09:27:25","modified_gmt":"2024-02-27T09:27:25","slug":"debut-una-reaparicion-una-subasta","status":"publish","type":"post","link":"https:\/\/cuadra-agrado.es\/?p=3535","title":{"rendered":"Un debut, una reaparici\u00f3n y una triste subasta&#8230;."},"content":{"rendered":"<p style=\"text-align: justify;\">Un fin de semana cargado de emocionantes acontecimientos el vivido en esta primera jornada de la temporada de oto\u00f1o en el hip\u00f3dromo de la Zarzuela de Madrid. Comenz\u00e1bamos el s\u00e1bado en la tarde con la subasta de yearling 2017 que promueve ACPSIE para finalizar el domingo con la puesta en pista de dos de nuestros efectivos que defend\u00edan nuestros colores en la primera jornada de la temporada oto\u00f1al.<\/p>\n<p style=\"text-align: justify;\"><a href=\"http:\/\/cuadra-agrado.es\/wp-content\/uploads\/2017\/09\/caribean-Blue-debut.jpg\" target=\"_blank\" rel=\"noopener noreferrer\"><img loading=\"lazy\" decoding=\"async\" class=\"alignleft wp-image-3536 size-medium\" src=\"http:\/\/cuadra-agrado.es\/wp-content\/uploads\/2017\/09\/caribean-Blue-debut-300x213.jpg\" alt=\"\" width=\"300\" height=\"213\" \/><\/a>Comenzamos nuestra cr\u00f3nica de lunes con lo acontecido el domingo con los nuestros\u2026<br \/>\n<strong>\u201cCaribean Blue\u201d<\/strong> recib\u00eda su bautizo en la primera de del d\u00eda \u201c<em>Premio Zalduendo\u201d<\/em> reservado para \u00a0debutantes sobre distancia de 1.400 metros. Nuestra intenci\u00f3n era llevar un recorrido tranquilo en mitad del lote y ver su calidad y coraz\u00f3n en la recta definitiva, pero una explosiva salida de cajones, para nada esperada, nos hizo llevar mucho peso en la carrera en posici\u00f3n de vanguardia por detr\u00e1s del puntero <strong>\u201cBahia Canarias<\/strong>\u201d con el desgaste que ello supon\u00eda. Ya exigida al inicio de la recta definitiva, Fayos trat\u00f3 de seguir el alto ritmo de los que ven\u00edan mucho m\u00e1s puestos a esta primera cita y, aunque demostr\u00f3 coraje y voluntad luchando cabeza con cabeza por una colocaci\u00f3n, finalmente la experta monta viendo la imposibilidad de luchar las posiciones remuneradas, le bajo las manos en el \u00faltimo hect\u00f3metro. Por una parte, nos hubiera gustado m\u00e1s verla mucho m\u00e1s relajada en el recorrido y haber tenido un peque\u00f1o respiro en la curva para afrontar la recta, pero por otra parte quedamos contentos con su debut descubriendo que tiene esa condici\u00f3n de calidad y competitividad en sus genes. Al final de la prueba, Fayos nos expres\u00f3 que le hab\u00eda gustado mucho su acci\u00f3n y su voluntad y, eso es mucho m\u00e1s importante que ese s\u00e9ptimo puesto en el poste de meta. A partir de ahora, lo m\u00e1s importante es que le haya sentado bien la carrera, pueda continuar su progresi\u00f3n en distancia m\u00e1s larga y podamos ir ganando valor de cara a su edad cl\u00e1sica del pr\u00f3ximo a\u00f1o donde estamos convencidos podremos disfrutar mucho de ella. Un debut correcto, menos ilusionante quiz\u00e1s de lo que esper\u00e1bamos, pero lo mejor sin duda est\u00e1 por llegar\u2026<\/p>\n<p style=\"text-align: justify;\"><strong><a href=\"http:\/\/cuadra-agrado.es\/wp-content\/uploads\/2016\/11\/hakan3.jpg\" target=\"_blank\" rel=\"noopener noreferrer\"><img loading=\"lazy\" decoding=\"async\" class=\"alignright wp-image-2717 size-medium\" src=\"http:\/\/cuadra-agrado.es\/wp-content\/uploads\/2016\/11\/hakan3-300x200.jpg\" alt=\"\" width=\"300\" height=\"200\" \/><\/a>\u201cBarbarigo\u201d<\/strong> reaparec\u00eda despu\u00e9s de m\u00e1s de tres meses en un magn\u00edfico lote para los tres a\u00f1os como preparatoria del <em>Gran Premio de la Hispanidad<\/em> de los de su curso. Nuestro planning con \u00e9l era haber llegado a esta con una antes en San Sebasti\u00e1n, pero el retraso en encontrar la soluci\u00f3n de su problema de dorso nos dej\u00f3 sin tiempo y, lamentablemente no hubo opci\u00f3n que reaparecer ante un buen lote y con recargo adicional. Sab\u00edamos que <strong>\u201cCupacoffee\u201d<\/strong> pondr\u00eda un alto y selectivo ritmo de carrera en punta que podr\u00eda desgastar al nuestro, pero deb\u00edamos seguir fieles a nuestro estilo en posiciones de vanguardia cerca de cabeza y, tratar de encontrar el cambio de ritmo en los \u00faltimos 200 m. Tuvo un amago en el poste de los 300, pero finalmente no se produjo ese cambio de ritmo esperado y lleg\u00f3 quiz\u00e1s m\u00e1s plano de lo que hab\u00edamos previsto para terminar muy cerca del dinero, pero sin premio. Ya tiene una en el cuerpo y creemos que a partir de ahora podemos contar con \u00e9l para grandes citas venideras. Lo m\u00e1s importante es que esos problemas de salud hayan quedado del todo solucionados y podamos ir incrementando su valor para acercarnos de nuevo al 40, que sin duda tiene en su gen\u00e9tica, a lo largo del oto\u00f1o. Reaparici\u00f3n por tanto muy correcta, que de no ser por el recargo del kilo y medio que llev\u00e1bamos de plomo, podr\u00edamos haber estado compartiendo un tr\u00edo de mucho nivel.<\/p>\n<p style=\"text-align: justify;\"><a href=\"http:\/\/cuadra-agrado.es\/wp-content\/uploads\/2017\/06\/Logo-ACPSIE.jpg\" target=\"_blank\" rel=\"noopener noreferrer\"><img loading=\"lazy\" decoding=\"async\" class=\"alignleft wp-image-3461 size-full\" src=\"http:\/\/cuadra-agrado.es\/wp-content\/uploads\/2017\/06\/Logo-ACPSIE.jpg\" alt=\"\" width=\"255\" height=\"147\" \/><\/a>Y volvemos al s\u00e1bado con la subasta ACPSIE\u2026.. Apenas 48 horas despu\u00e9s de esta subasta, creemos que todav\u00eda es pronto para dar una conclusi\u00f3n objetiva a lo sucedido, pero es evidente que el positivismo previo a la subasta qued\u00f3 del todo desdibujado con los resultados finales. Lleg\u00e1bamos como primer a\u00f1o de criadores con much\u00edsima ilusi\u00f3n a esta subasta y, aunque nuestros resultados no fueron de ninguna forma negativos, si pudimos ir presenciando minuto a minuto el oscuro panorama que se cern\u00eda sobre el ring. Demasiados lotes de calidad sin puja y muchos lotes que no llegaban al precio de reserva establecido hac\u00edan que el nerviosismo de los criadores se fuera acrecentando minuto a minuto. El d\u00eda despu\u00e9s de la subasta eran muchos los corrillos tertulianos alrededor del paddock, hecho este normal despu\u00e9s de una subasta, pero con un contenido en las conversaciones muy diferente al que todos los criadores hubieramos deseado. Aunque lo m\u00e1s importante ahora mismo es abrir una mesa interna con urgencia y valorar todos los datos y aspectos de una subasta demasiado gris antes de pronunciarnos como part\u00edcipes, queremos hacer una primera valoraci\u00f3n personal sobre lo acontecido. Primero de todo, queremos felicitar a todos los criadores y compradores por las ventas efectuadas y agradecer a la ACPSIE por el enorme esfuerzo realizado en la organizaci\u00f3n de esta subasta, que salvo sus n\u00fameros, estuvo a la altura de muchas subastas internacionales. Dicho esto, \u00a0ese enorme esfuerzo de nuestra Asociaci\u00f3n de Criadores no tuvo el reconocimiento esperado por parte de los profesionales y propietarios que todos hubi\u00e9ramos deseado y, esto no es una opini\u00f3n personal, sino un hecho indiscutible. Vistos los resultados de esta nueva edici\u00f3n y de a\u00f1os anteriores, creemos que hay un error en el concepto de nuestra subasta y sobretodo una desconfianza ostensible por parte de los compradores. No es de recibo que por el ring pasaran lotes de indiscutible calidad sin una sola puja y, que otros muchos no llegaran a un moderado precio de reserva establecido por parte del criador. Pero lo m\u00e1s grave no es que no se vendieran en el ring como ser\u00eda lo preceptivo, sino que media hora despu\u00e9s de la subasta, en la penumbra de la noche y con alevos\u00eda, \u00a0hubiera muchos interesados en los boxes tratando de comprar en trato directo esos yearlings que hac\u00eda pocos minutos hab\u00edan sido despreciados en su presentaci\u00f3n, incluso por un precio mayor al que iniciaba la primera puja. Esto tampoco es una opini\u00f3n personal, es un hecho que tristemente presenciamos \u201cin situ\u201d.<\/p>\n<p style=\"text-align: justify;\">Lamentablemente no hay m\u00e1s que una explicaci\u00f3n a este cariacontecido hecho y, creemos sinceramente que todo pasa por la desconfianza del comprador sobre la propia subasta y sobre los productos que en ella se presentan. Creemos que esto es algo que viene rondando desde hace muchos a\u00f1os y que es ineludible afrontar definitivamente\u00a0y encontrar soluci\u00f3n. La m\u00e1xima de una transacci\u00f3n comercial se basa en la confianza entre vendedor y comprador y sin ese principio, no existe la posibilidad del\u00a0acuerdo. Quiz\u00e1s nuestro turf no tenga la base suficiente en estos momentos para estos tipos de transacciones comerciales y, por ello no merezca demasiado la pena el esfuerzo por parte de ACPSIE de poner en marcha este id\u00edlico escenario. Sin duda, habr\u00e1 que sentarse largo y tendido y poner sobre la mesa estos aspectos de suma importancia para tratar de no cometer los mismo errores en el futuro, o buscar nuevas formas de presentaci\u00f3n y venta que eviten esa desconfianza ante un sector muy tocado en ese aspecto.<\/p>\n<p style=\"text-align: justify;\">Por lo que respecta a nosotros, primero de todo queremos agradecer p\u00fablicamente a la cuadra M\u00b4Hammed Karimine y a su representante y preparador de dicha cuadra, Eduardo Buz\u00f3n, que se desplaz\u00f3 a la subasta, la confianza depositada en tres de nuestros productos que se van para el turf marroqu\u00ed. Nos hubiera encantado que estos productos hembra que pon\u00edamos a disposici\u00f3n de compradores de nuestro sector se hubieran quedado en Espa\u00f1a y que hubieran formado nuevas l\u00edneas nacionales en el futuro, pero no pudo ser\u2026. Deseamos toda la suerte que merecen sus nuevos propietarios en competici\u00f3n y,\u00a0como yeguas madres en el futuro. Con relaci\u00f3n a nuestro proyecto de cr\u00eda que\u00a0reci\u00e9n hab\u00edamos comenzado,\u00a0dejaremos pasar un prudencial tiempo para tomar una decisi\u00f3n definitiva sobre la continuidad del proyecto en el futuro.<br \/>\nEn cuanto a nuestras compras, finalmente pudimos hacernos con un ejemplar que ten\u00edamos pre-seleccionado d\u00edas antes, despu\u00e9s de haber luchado por otro m\u00e1s sin resultado. Lote 25 de la subasta, un precioso nacional alaz\u00e1n de la Yeguada HV por \u201cManduro &amp; Funhouse\u201d que ir\u00e1 al patio de nuestro preparador Juan Luis Maroto. En pr\u00f3ximos d\u00edas analizaremos esta nueva adquisici\u00f3n que entra a formar parte de nuestros efectivos con vistas a 2018\u2026<\/p>\n<!-- AddThis Advanced Settings generic via filter on the_content --><!-- AddThis Share Buttons generic via filter on the_content -->","protected":false},"excerpt":{"rendered":"<p>Un fin de semana cargado de emocionantes acontecimientos el vivido en esta primera jornada de la temporada de oto\u00f1o en el hip\u00f3dromo de la Zarzuela de Madrid. Comenz\u00e1bamos el s\u00e1bado en la tarde con la subasta de yearling 2017 que promueve ACPSIE para finalizar el domingo con la puesta en pista de dos de nuestros [&hellip;]<!-- AddThis Advanced Settings generic via filter on get_the_excerpt --><!-- AddThis Share Buttons generic via filter on get_the_excerpt --><\/p>\n","protected":false},"author":5,"featured_media":0,"comment_status":"closed","ping_status":"closed","sticky":false,"template":"","format":"gallery","meta":{"_acf_changed":false,"_et_pb_use_builder":"","_et_pb_old_content":"","_et_gb_content_width":"","footnotes":""},"categories":[3],"tags":[],"class_list":["post-3535","post","type-post","status-publish","format-gallery","hentry","category-noticias-cuadra-agrado","post_format-post-format-gallery"],"acf":[],"yoast_head":"<!-- This site is optimized with the Yoast SEO plugin v27.4 - https:\/\/yoast.com\/product\/yoast-seo-wordpress\/ -->\n<title>Un debut, una reaparici\u00f3n y una triste subasta.... - Cuadra Agrado<\/title>\n<meta name=\"robots\" content=\"index, follow, max-snippet:-1, max-image-preview:large, max-video-preview:-1\" \/>\n<link rel=\"canonical\" href=\"https:\/\/cuadra-agrado.es\/?p=3535\" \/>\n<meta property=\"og:locale\" content=\"es_ES\" \/>\n<meta property=\"og:type\" content=\"article\" \/>\n<meta property=\"og:title\" content=\"Un debut, una reaparici\u00f3n y una triste subasta.... - Cuadra Agrado\" \/>\n<meta property=\"og:description\" content=\"Un fin de semana cargado de emocionantes acontecimientos el vivido en esta primera jornada de la temporada de oto\u00f1o en el hip\u00f3dromo de la Zarzuela de Madrid. Comenz\u00e1bamos el s\u00e1bado en la tarde con la subasta de yearling 2017 que promueve ACPSIE para finalizar el domingo con la puesta en pista de dos de nuestros [&hellip;]\" \/>\n<meta property=\"og:url\" content=\"https:\/\/cuadra-agrado.es\/?p=3535\" \/>\n<meta property=\"og:site_name\" content=\"Cuadra Agrado\" \/>\n<meta property=\"article:published_time\" content=\"2017-09-18T10:32:15+00:00\" \/>\n<meta property=\"article:modified_time\" content=\"2024-02-27T09:27:25+00:00\" \/>\n<meta property=\"og:image\" content=\"http:\/\/cuadra-agrado.es\/wp-content\/uploads\/2017\/09\/caribean-Blue-debut-300x213.jpg\" \/>\n<meta name=\"author\" content=\"Miguel Redondo\" \/>\n<meta name=\"twitter:card\" content=\"summary_large_image\" \/>\n<meta name=\"twitter:creator\" content=\"@AGRADOracing\" \/>\n<meta name=\"twitter:site\" content=\"@AGRADOracing\" \/>\n<meta name=\"twitter:label1\" content=\"Escrito por\" \/>\n\t<meta name=\"twitter:data1\" content=\"Miguel Redondo\" \/>\n\t<meta name=\"twitter:label2\" content=\"Tiempo de lectura\" \/>\n\t<meta name=\"twitter:data2\" content=\"8 minutos\" \/>\n<script type=\"application\/ld+json\" class=\"yoast-schema-graph\">{\"@context\":\"https:\\\/\\\/schema.org\",\"@graph\":[{\"@type\":\"Article\",\"@id\":\"https:\\\/\\\/cuadra-agrado.es\\\/?p=3535#article\",\"isPartOf\":{\"@id\":\"https:\\\/\\\/cuadra-agrado.es\\\/?p=3535\"},\"author\":{\"name\":\"Miguel Redondo\",\"@id\":\"https:\\\/\\\/cuadra-agrado.es\\\/#\\\/schema\\\/person\\\/3aa4f8d2373cf756d93a5526bc72f31b\"},\"headline\":\"Un debut, una reaparici\u00f3n y una triste subasta&#8230;.\",\"datePublished\":\"2017-09-18T10:32:15+00:00\",\"dateModified\":\"2024-02-27T09:27:25+00:00\",\"mainEntityOfPage\":{\"@id\":\"https:\\\/\\\/cuadra-agrado.es\\\/?p=3535\"},\"wordCount\":1512,\"image\":{\"@id\":\"https:\\\/\\\/cuadra-agrado.es\\\/?p=3535#primaryimage\"},\"thumbnailUrl\":\"http:\\\/\\\/cuadra-agrado.es\\\/wp-content\\\/uploads\\\/2017\\\/09\\\/caribean-Blue-debut-300x213.jpg\",\"articleSection\":[\"Actualidad\"],\"inLanguage\":\"es\"},{\"@type\":\"WebPage\",\"@id\":\"https:\\\/\\\/cuadra-agrado.es\\\/?p=3535\",\"url\":\"https:\\\/\\\/cuadra-agrado.es\\\/?p=3535\",\"name\":\"Un debut, una reaparici\u00f3n y una triste subasta.... - Cuadra Agrado\",\"isPartOf\":{\"@id\":\"https:\\\/\\\/cuadra-agrado.es\\\/#website\"},\"primaryImageOfPage\":{\"@id\":\"https:\\\/\\\/cuadra-agrado.es\\\/?p=3535#primaryimage\"},\"image\":{\"@id\":\"https:\\\/\\\/cuadra-agrado.es\\\/?p=3535#primaryimage\"},\"thumbnailUrl\":\"http:\\\/\\\/cuadra-agrado.es\\\/wp-content\\\/uploads\\\/2017\\\/09\\\/caribean-Blue-debut-300x213.jpg\",\"datePublished\":\"2017-09-18T10:32:15+00:00\",\"dateModified\":\"2024-02-27T09:27:25+00:00\",\"author\":{\"@id\":\"https:\\\/\\\/cuadra-agrado.es\\\/#\\\/schema\\\/person\\\/3aa4f8d2373cf756d93a5526bc72f31b\"},\"breadcrumb\":{\"@id\":\"https:\\\/\\\/cuadra-agrado.es\\\/?p=3535#breadcrumb\"},\"inLanguage\":\"es\",\"potentialAction\":[{\"@type\":\"ReadAction\",\"target\":[\"https:\\\/\\\/cuadra-agrado.es\\\/?p=3535\"]}]},{\"@type\":\"ImageObject\",\"inLanguage\":\"es\",\"@id\":\"https:\\\/\\\/cuadra-agrado.es\\\/?p=3535#primaryimage\",\"url\":\"http:\\\/\\\/cuadra-agrado.es\\\/wp-content\\\/uploads\\\/2017\\\/09\\\/caribean-Blue-debut-300x213.jpg\",\"contentUrl\":\"http:\\\/\\\/cuadra-agrado.es\\\/wp-content\\\/uploads\\\/2017\\\/09\\\/caribean-Blue-debut-300x213.jpg\"},{\"@type\":\"BreadcrumbList\",\"@id\":\"https:\\\/\\\/cuadra-agrado.es\\\/?p=3535#breadcrumb\",\"itemListElement\":[{\"@type\":\"ListItem\",\"position\":1,\"name\":\"Portada\",\"item\":\"https:\\\/\\\/cuadra-agrado.es\\\/\"},{\"@type\":\"ListItem\",\"position\":2,\"name\":\"Un debut, una reaparici\u00f3n y una triste subasta&#8230;.\"}]},{\"@type\":\"WebSite\",\"@id\":\"https:\\\/\\\/cuadra-agrado.es\\\/#website\",\"url\":\"https:\\\/\\\/cuadra-agrado.es\\\/\",\"name\":\"Cuadra Agrado\",\"description\":\"En el mundo del Turf desde 2008\",\"potentialAction\":[{\"@type\":\"SearchAction\",\"target\":{\"@type\":\"EntryPoint\",\"urlTemplate\":\"https:\\\/\\\/cuadra-agrado.es\\\/?s={search_term_string}\"},\"query-input\":{\"@type\":\"PropertyValueSpecification\",\"valueRequired\":true,\"valueName\":\"search_term_string\"}}],\"inLanguage\":\"es\"},{\"@type\":\"Person\",\"@id\":\"https:\\\/\\\/cuadra-agrado.es\\\/#\\\/schema\\\/person\\\/3aa4f8d2373cf756d93a5526bc72f31b\",\"name\":\"Miguel Redondo\",\"image\":{\"@type\":\"ImageObject\",\"inLanguage\":\"es\",\"@id\":\"https:\\\/\\\/secure.gravatar.com\\\/avatar\\\/85704fceb4fa34017e3c1344d182da00dbf772fb8856ba2b7726a2df926415b4?s=96&d=mm&r=g\",\"url\":\"https:\\\/\\\/secure.gravatar.com\\\/avatar\\\/85704fceb4fa34017e3c1344d182da00dbf772fb8856ba2b7726a2df926415b4?s=96&d=mm&r=g\",\"contentUrl\":\"https:\\\/\\\/secure.gravatar.com\\\/avatar\\\/85704fceb4fa34017e3c1344d182da00dbf772fb8856ba2b7726a2df926415b4?s=96&d=mm&r=g\",\"caption\":\"Miguel Redondo\"},\"sameAs\":[\"https:\\\/\\\/cuadra-agrado.es\"],\"url\":\"https:\\\/\\\/cuadra-agrado.es\\\/?author=5\"}]}<\/script>\n<!-- \/ Yoast SEO plugin. -->","yoast_head_json":{"title":"Un debut, una reaparici\u00f3n y una triste subasta.... - Cuadra Agrado","robots":{"index":"index","follow":"follow","max-snippet":"max-snippet:-1","max-image-preview":"max-image-preview:large","max-video-preview":"max-video-preview:-1"},"canonical":"https:\/\/cuadra-agrado.es\/?p=3535","og_locale":"es_ES","og_type":"article","og_title":"Un debut, una reaparici\u00f3n y una triste subasta.... - Cuadra Agrado","og_description":"Un fin de semana cargado de emocionantes acontecimientos el vivido en esta primera jornada de la temporada de oto\u00f1o en el hip\u00f3dromo de la Zarzuela de Madrid. Comenz\u00e1bamos el s\u00e1bado en la tarde con la subasta de yearling 2017 que promueve ACPSIE para finalizar el domingo con la puesta en pista de dos de nuestros [&hellip;]","og_url":"https:\/\/cuadra-agrado.es\/?p=3535","og_site_name":"Cuadra Agrado","article_published_time":"2017-09-18T10:32:15+00:00","article_modified_time":"2024-02-27T09:27:25+00:00","og_image":[{"url":"http:\/\/cuadra-agrado.es\/wp-content\/uploads\/2017\/09\/caribean-Blue-debut-300x213.jpg","type":"","width":"","height":""}],"author":"Miguel Redondo","twitter_card":"summary_large_image","twitter_creator":"@AGRADOracing","twitter_site":"@AGRADOracing","twitter_misc":{"Escrito por":"Miguel Redondo","Tiempo de lectura":"8 minutos"},"schema":{"@context":"https:\/\/schema.org","@graph":[{"@type":"Article","@id":"https:\/\/cuadra-agrado.es\/?p=3535#article","isPartOf":{"@id":"https:\/\/cuadra-agrado.es\/?p=3535"},"author":{"name":"Miguel Redondo","@id":"https:\/\/cuadra-agrado.es\/#\/schema\/person\/3aa4f8d2373cf756d93a5526bc72f31b"},"headline":"Un debut, una reaparici\u00f3n y una triste subasta&#8230;.","datePublished":"2017-09-18T10:32:15+00:00","dateModified":"2024-02-27T09:27:25+00:00","mainEntityOfPage":{"@id":"https:\/\/cuadra-agrado.es\/?p=3535"},"wordCount":1512,"image":{"@id":"https:\/\/cuadra-agrado.es\/?p=3535#primaryimage"},"thumbnailUrl":"http:\/\/cuadra-agrado.es\/wp-content\/uploads\/2017\/09\/caribean-Blue-debut-300x213.jpg","articleSection":["Actualidad"],"inLanguage":"es"},{"@type":"WebPage","@id":"https:\/\/cuadra-agrado.es\/?p=3535","url":"https:\/\/cuadra-agrado.es\/?p=3535","name":"Un debut, una reaparici\u00f3n y una triste subasta.... - Cuadra Agrado","isPartOf":{"@id":"https:\/\/cuadra-agrado.es\/#website"},"primaryImageOfPage":{"@id":"https:\/\/cuadra-agrado.es\/?p=3535#primaryimage"},"image":{"@id":"https:\/\/cuadra-agrado.es\/?p=3535#primaryimage"},"thumbnailUrl":"http:\/\/cuadra-agrado.es\/wp-content\/uploads\/2017\/09\/caribean-Blue-debut-300x213.jpg","datePublished":"2017-09-18T10:32:15+00:00","dateModified":"2024-02-27T09:27:25+00:00","author":{"@id":"https:\/\/cuadra-agrado.es\/#\/schema\/person\/3aa4f8d2373cf756d93a5526bc72f31b"},"breadcrumb":{"@id":"https:\/\/cuadra-agrado.es\/?p=3535#breadcrumb"},"inLanguage":"es","potentialAction":[{"@type":"ReadAction","target":["https:\/\/cuadra-agrado.es\/?p=3535"]}]},{"@type":"ImageObject","inLanguage":"es","@id":"https:\/\/cuadra-agrado.es\/?p=3535#primaryimage","url":"http:\/\/cuadra-agrado.es\/wp-content\/uploads\/2017\/09\/caribean-Blue-debut-300x213.jpg","contentUrl":"http:\/\/cuadra-agrado.es\/wp-content\/uploads\/2017\/09\/caribean-Blue-debut-300x213.jpg"},{"@type":"BreadcrumbList","@id":"https:\/\/cuadra-agrado.es\/?p=3535#breadcrumb","itemListElement":[{"@type":"ListItem","position":1,"name":"Portada","item":"https:\/\/cuadra-agrado.es\/"},{"@type":"ListItem","position":2,"name":"Un debut, una reaparici\u00f3n y una triste subasta&#8230;."}]},{"@type":"WebSite","@id":"https:\/\/cuadra-agrado.es\/#website","url":"https:\/\/cuadra-agrado.es\/","name":"Cuadra Agrado","description":"En el mundo del Turf desde 2008","potentialAction":[{"@type":"SearchAction","target":{"@type":"EntryPoint","urlTemplate":"https:\/\/cuadra-agrado.es\/?s={search_term_string}"},"query-input":{"@type":"PropertyValueSpecification","valueRequired":true,"valueName":"search_term_string"}}],"inLanguage":"es"},{"@type":"Person","@id":"https:\/\/cuadra-agrado.es\/#\/schema\/person\/3aa4f8d2373cf756d93a5526bc72f31b","name":"Miguel Redondo","image":{"@type":"ImageObject","inLanguage":"es","@id":"https:\/\/secure.gravatar.com\/avatar\/85704fceb4fa34017e3c1344d182da00dbf772fb8856ba2b7726a2df926415b4?s=96&d=mm&r=g","url":"https:\/\/secure.gravatar.com\/avatar\/85704fceb4fa34017e3c1344d182da00dbf772fb8856ba2b7726a2df926415b4?s=96&d=mm&r=g","contentUrl":"https:\/\/secure.gravatar.com\/avatar\/85704fceb4fa34017e3c1344d182da00dbf772fb8856ba2b7726a2df926415b4?s=96&d=mm&r=g","caption":"Miguel Redondo"},"sameAs":["https:\/\/cuadra-agrado.es"],"url":"https:\/\/cuadra-agrado.es\/?author=5"}]}},"_links":{"self":[{"href":"https:\/\/cuadra-agrado.es\/index.php?rest_route=\/wp\/v2\/posts\/3535","targetHints":{"allow":["GET"]}}],"collection":[{"href":"https:\/\/cuadra-agrado.es\/index.php?rest_route=\/wp\/v2\/posts"}],"about":[{"href":"https:\/\/cuadra-agrado.es\/index.php?rest_route=\/wp\/v2\/types\/post"}],"author":[{"embeddable":true,"href":"https:\/\/cuadra-agrado.es\/index.php?rest_route=\/wp\/v2\/users\/5"}],"replies":[{"embeddable":true,"href":"https:\/\/cuadra-agrado.es\/index.php?rest_route=%2Fwp%2Fv2%2Fcomments&post=3535"}],"version-history":[{"count":0,"href":"https:\/\/cuadra-agrado.es\/index.php?rest_route=\/wp\/v2\/posts\/3535\/revisions"}],"wp:attachment":[{"href":"https:\/\/cuadra-agrado.es\/index.php?rest_route=%2Fwp%2Fv2%2Fmedia&parent=3535"}],"wp:term":[{"taxonomy":"category","embeddable":true,"href":"https:\/\/cuadra-agrado.es\/index.php?rest_route=%2Fwp%2Fv2%2Fcategories&post=3535"},{"taxonomy":"post_tag","embeddable":true,"href":"https:\/\/cuadra-agrado.es\/index.php?rest_route=%2Fwp%2Fv2%2Ftags&post=3535"}],"curies":[{"name":"wp","href":"https:\/\/api.w.org\/{rel}","templated":true}]}}