{"id":3523,"date":"2017-09-11T13:07:11","date_gmt":"2017-09-11T12:07:11","guid":{"rendered":"https:\/\/cuadra-agrado.es\/?p=3523"},"modified":"2024-02-27T09:27:26","modified_gmt":"2024-02-27T09:27:26","slug":"barbarigo-carebean-blue-inauguran-nuestra-temporada-otonal","status":"publish","type":"post","link":"https:\/\/cuadra-agrado.es\/?p=3523","title":{"rendered":"Barbarigo y Caribean Blue inauguran nuestra temporada oto\u00f1al"},"content":{"rendered":"<p style=\"text-align: justify;\"><a href=\"http:\/\/cuadra-agrado.es\/wp-content\/uploads\/2013\/04\/Barbarigo-Nouvel-An.jpg\" target=\"_blank\" rel=\"noopener noreferrer\"><img loading=\"lazy\" decoding=\"async\" class=\"alignleft wp-image-3146 size-medium\" src=\"http:\/\/cuadra-agrado.es\/wp-content\/uploads\/2013\/04\/Barbarigo-Nouvel-An-289x300.jpg\" alt=\"\" width=\"289\" height=\"300\" \/><\/a>Este pr\u00f3ximo domingo regresa la competici\u00f3n al Hip\u00f3dromo de la Zarzuela de Madrid inaugurando as\u00ed la primera jornada del calendario oto\u00f1al. Una temporada de oto\u00f1o que constar\u00e1 de 13 jornadas a disputar todos los domingos desde el 17 de septiembre hasta el pr\u00f3ximo 3 de diciembre, con la salvedad del d\u00eda 12 de octubre (jueves) donde se disputar\u00e1 el Gran Premio de la Hispanidad.<\/p>\n<p style=\"text-align: justify;\">Despu\u00e9s de un fant\u00e1stico verano con el viejo \u201cRany\u00e1n\u201d, comenzamos a perfilar el resto de nuestros efectivos de cara a esta temporada poniendo en pista ya en esta primera jornada a \u201cBarbarigo\u201d y \u201cCaribean Blue\u201d.<\/p>\n<p style=\"text-align: justify;\">Nuestro tres a\u00f1os,<strong> \u201cBarbarigo\u201d,<\/strong> reaparece despu\u00e9s de m\u00e1s de tres meses sin competir debido a un peque\u00f1o problema de dorso que aflor\u00f3 en su \u00faltima disputada en primavera y que nos ha tenido de cabeza pr\u00e1cticamente durante todo el verano. Una vez resueltos estos problemas de salud, est\u00e1 en condiciones de reaparecer en el premio <em>\u201cPartipral\u201d<\/em> sobre distancia de 1.600 metros que sirve como preparatoria al <em>GP de la Hispanidad<\/em> para los de su misma edad, con una dotaci\u00f3n de 15.000 euros al ganador. Es evidente que el caballo no est\u00e1 en su mejor forma y, tomamos esta como una reaparici\u00f3n con vistas a ir ganando forma de cara al oto\u00f1o, pero siempre con el objetivo de estar luchando nuevamente la victoria. Es un caballo que ya ha demostrado un buen valor (ESP38) con un buen quinto en la Poule y una gran victoria en el pasado Nouvel An. Adicional, tambi\u00e9n ha demostrado que reaparece muy bien en sus primeras salidas despu\u00e9s de descanso, como as\u00ed lo demostr\u00f3 en su primera de Madrid donde fue segundo a corta cabeza despu\u00e9s de casi cuatro meses sin competir, por lo que, aunque el lote es fuerte y muchos de ellos est\u00e1n en plenitud de forma, confiamos en poder estar luchando ya en esta primera prueba, aunque ese 1,5 kilos que recargamos es un h\u00e1ndicap en contra que trataremos de alguna forma de asumir una vez dejados atr\u00e1s definitivamente sus problemas de salud. Para ello, contamos nuevamente con la monta ganadora del <em>Nouvel An<\/em> como fue <em>Jose Luis Martine<\/em>z que vuelve a confiar en sus opciones subi\u00e9ndose al nuestro. Nueve ser\u00e1n los partants definitivos donde los principales rivales sobre el papel podr\u00edan venir de potros en forma que vienen de disputar la temporada veraniega donostriarra como <strong>\u201cCuppacoffee\u201d<\/strong>, contrastado valor (ESP39) pero quiz\u00e1s con algo ya de desgaste en la temporada,<strong> \u201cArrigunaga\u201d<\/strong> (ESP39) cuya duda es que vuelve a bajar distancia despu\u00e9s de dos buenas salidas sobre los 2.000 metros que creemos le vienen mejor que estos 1.600, o por otra parte, los que vienen de correr con valor contrastado en Francia como el for\u00e1neo franc\u00e9s\u00a0<strong>Ascot Angel<\/strong> (valor FR41) o la vigente ganadora del Valderas \u201c<strong>Honeymoon Tryp\u201d<\/strong> (valor FR40). Preparatoria por tanto muy atractiva en esta primera jornada donde el ganador tendr\u00e1 que galopar mucho desde cajones en una pista muy r\u00e1pida a estas alturas de a\u00f1o. No es nada descartable que tanto Ascot Angel (con anteojeras) y Cupacoffee, al que le gusta correr en punta, pongan un ritmo alto y selectivo. Por nuestra parte, trataremos de estar detr\u00e1s de ellos sin meternos en su lucha y esperar ese cambio de ritmo en los 200, que esperamos tenga el nuestro.<\/p>\n<p style=\"text-align: justify;\">Despu\u00e9s de un a\u00f1o con nosotros, desde que fuera adquirida en subasta ACPSIE 2016, lleg\u00f3 el momento dulce del debut de <strong>\u201cCaribean Blue<\/strong>\u201d. Una nueva ilusi\u00f3n se pone en marcha incluso antes del tiempo que ten\u00edamos planificado. Esta hija de \u201c<strong>Pour Moi\u201d<\/strong> parec\u00eda sobre papeles y f\u00edsico que iba a ser algo atrasada, pero la calidad que ha ido mostrando durante una primera etapa de trabajos desde primavera nos ofreci\u00f3 esa posibilidad de poder debutarla antes de lo previsto. Con valent\u00eda y confianza damos el paso de poder ver su primer galope en competici\u00f3n despu\u00e9s de muy buenos y serios trabajos en estas dos \u00faltimas semanas, que invitan al optimismo. En el paddock veremos una yegua de f\u00edsico moderado, pero con una acci\u00f3n y unas ganas tremendas para competir. En una prueba para debutantes como es este premio \u201cZalduendo\u201d ser\u00eda una autentica osad\u00eda salir a por victoria desde cajones, por lo que nuestra intenci\u00f3n en este bautizo es confirmar su calidad y coraz\u00f3n de cara a venideras como objetivo principal y tratar de aprovechar sus opciones con un buen recorrido. Sus or\u00edgenes e informes nos dicen que podr\u00eda ser una muy buena yegua de distancia y, esta primera salida, tiene el inconveniente de una corta distancia para ella en el poste de los 1.400 metros. Este podr\u00eda ser nuestro mayor h\u00e1ndicap en contra si el ritmo de carrera es alto y la sacan de paso, pero creemos que la potra est\u00e1 para debutar con las m\u00ednimas garant\u00edas y esto es m\u00e1s que suficiente para poner en marcha esta nueva ilusi\u00f3n. A partir de aqu\u00ed, un buen debut sobre esta distancia nos motivar\u00eda mucho para afrontar su futura vida en competici\u00f3n a partir de los tres a\u00f1os en distancias que se acercan mucho m\u00e1s a su condici\u00f3n por encima de los 2.000 metros. Monta para \u201cBorja Fayos\u201d al que agradecemos su confianza y, que sin duda nos aportar\u00e1 con su experiencia ese importante comentario post-carrera sobre las condiciones de la yegua. Deseamos que el gran partant de la prueba (14 confirmados) no sea determinante para un recorrido limpio que, en caso contrario, nos pudiera impedir ver toda la calidad y seriedad que ha demostrado en trabajos.<\/p>\n<p style=\"text-align: justify;\">Mucha suerte para Jose Luis y Borja y, mucha suerte para todo el equipo que despu\u00e9s de un magn\u00edfico verano con el viejo<strong> Rany\u00e1n<\/strong> tiene muchas ganas de seguir ofreci\u00e9ndonos victorias durante este oto\u00f1o.<\/p>\n<!-- AddThis Advanced Settings generic via filter on the_content --><!-- AddThis Share Buttons generic via filter on the_content -->","protected":false},"excerpt":{"rendered":"<p>Este pr\u00f3ximo domingo regresa la competici\u00f3n al Hip\u00f3dromo de la Zarzuela de Madrid inaugurando as\u00ed la primera jornada del calendario oto\u00f1al. Una temporada de oto\u00f1o que constar\u00e1 de 13 jornadas a disputar todos los domingos desde el 17 de septiembre hasta el pr\u00f3ximo 3 de diciembre, con la salvedad del d\u00eda 12 de octubre (jueves) [&hellip;]<!-- AddThis Advanced Settings generic via filter on get_the_excerpt --><!-- AddThis Share Buttons generic via filter on get_the_excerpt --><\/p>\n","protected":false},"author":5,"featured_media":0,"comment_status":"closed","ping_status":"closed","sticky":false,"template":"","format":"gallery","meta":{"_acf_changed":false,"_et_pb_use_builder":"","_et_pb_old_content":"","_et_gb_content_width":"","footnotes":""},"categories":[3],"tags":[],"class_list":["post-3523","post","type-post","status-publish","format-gallery","hentry","category-noticias-cuadra-agrado","post_format-post-format-gallery"],"acf":[],"yoast_head":"<!-- This site is optimized with the Yoast SEO plugin v27.4 - https:\/\/yoast.com\/product\/yoast-seo-wordpress\/ -->\n<title>Barbarigo y Caribean Blue inauguran nuestra temporada oto\u00f1al - Cuadra Agrado<\/title>\n<meta name=\"robots\" content=\"index, follow, max-snippet:-1, max-image-preview:large, max-video-preview:-1\" \/>\n<link rel=\"canonical\" href=\"https:\/\/cuadra-agrado.es\/?p=3523\" \/>\n<meta property=\"og:locale\" content=\"es_ES\" \/>\n<meta property=\"og:type\" content=\"article\" \/>\n<meta property=\"og:title\" content=\"Barbarigo y Caribean Blue inauguran nuestra temporada oto\u00f1al - Cuadra Agrado\" \/>\n<meta property=\"og:description\" content=\"Este pr\u00f3ximo domingo regresa la competici\u00f3n al Hip\u00f3dromo de la Zarzuela de Madrid inaugurando as\u00ed la primera jornada del calendario oto\u00f1al. Una temporada de oto\u00f1o que constar\u00e1 de 13 jornadas a disputar todos los domingos desde el 17 de septiembre hasta el pr\u00f3ximo 3 de diciembre, con la salvedad del d\u00eda 12 de octubre (jueves) [&hellip;]\" \/>\n<meta property=\"og:url\" content=\"https:\/\/cuadra-agrado.es\/?p=3523\" \/>\n<meta property=\"og:site_name\" content=\"Cuadra Agrado\" \/>\n<meta property=\"article:published_time\" content=\"2017-09-11T12:07:11+00:00\" \/>\n<meta property=\"article:modified_time\" content=\"2024-02-27T09:27:26+00:00\" \/>\n<meta property=\"og:image\" content=\"http:\/\/cuadra-agrado.es\/wp-content\/uploads\/2013\/04\/Barbarigo-Nouvel-An-289x300.jpg\" \/>\n<meta name=\"author\" content=\"Miguel Redondo\" \/>\n<meta name=\"twitter:card\" content=\"summary_large_image\" \/>\n<meta name=\"twitter:creator\" content=\"@AGRADOracing\" \/>\n<meta name=\"twitter:site\" content=\"@AGRADOracing\" \/>\n<meta name=\"twitter:label1\" content=\"Escrito por\" \/>\n\t<meta name=\"twitter:data1\" content=\"Miguel Redondo\" \/>\n\t<meta name=\"twitter:label2\" content=\"Tiempo de lectura\" \/>\n\t<meta name=\"twitter:data2\" content=\"5 minutos\" \/>\n<script type=\"application\/ld+json\" class=\"yoast-schema-graph\">{\"@context\":\"https:\\\/\\\/schema.org\",\"@graph\":[{\"@type\":\"Article\",\"@id\":\"https:\\\/\\\/cuadra-agrado.es\\\/?p=3523#article\",\"isPartOf\":{\"@id\":\"https:\\\/\\\/cuadra-agrado.es\\\/?p=3523\"},\"author\":{\"name\":\"Miguel Redondo\",\"@id\":\"https:\\\/\\\/cuadra-agrado.es\\\/#\\\/schema\\\/person\\\/3aa4f8d2373cf756d93a5526bc72f31b\"},\"headline\":\"Barbarigo y Caribean Blue inauguran nuestra temporada oto\u00f1al\",\"datePublished\":\"2017-09-11T12:07:11+00:00\",\"dateModified\":\"2024-02-27T09:27:26+00:00\",\"mainEntityOfPage\":{\"@id\":\"https:\\\/\\\/cuadra-agrado.es\\\/?p=3523\"},\"wordCount\":1007,\"image\":{\"@id\":\"https:\\\/\\\/cuadra-agrado.es\\\/?p=3523#primaryimage\"},\"thumbnailUrl\":\"http:\\\/\\\/cuadra-agrado.es\\\/wp-content\\\/uploads\\\/2013\\\/04\\\/Barbarigo-Nouvel-An-289x300.jpg\",\"articleSection\":[\"Actualidad\"],\"inLanguage\":\"es\"},{\"@type\":\"WebPage\",\"@id\":\"https:\\\/\\\/cuadra-agrado.es\\\/?p=3523\",\"url\":\"https:\\\/\\\/cuadra-agrado.es\\\/?p=3523\",\"name\":\"Barbarigo y Caribean Blue inauguran nuestra temporada oto\u00f1al - Cuadra Agrado\",\"isPartOf\":{\"@id\":\"https:\\\/\\\/cuadra-agrado.es\\\/#website\"},\"primaryImageOfPage\":{\"@id\":\"https:\\\/\\\/cuadra-agrado.es\\\/?p=3523#primaryimage\"},\"image\":{\"@id\":\"https:\\\/\\\/cuadra-agrado.es\\\/?p=3523#primaryimage\"},\"thumbnailUrl\":\"http:\\\/\\\/cuadra-agrado.es\\\/wp-content\\\/uploads\\\/2013\\\/04\\\/Barbarigo-Nouvel-An-289x300.jpg\",\"datePublished\":\"2017-09-11T12:07:11+00:00\",\"dateModified\":\"2024-02-27T09:27:26+00:00\",\"author\":{\"@id\":\"https:\\\/\\\/cuadra-agrado.es\\\/#\\\/schema\\\/person\\\/3aa4f8d2373cf756d93a5526bc72f31b\"},\"breadcrumb\":{\"@id\":\"https:\\\/\\\/cuadra-agrado.es\\\/?p=3523#breadcrumb\"},\"inLanguage\":\"es\",\"potentialAction\":[{\"@type\":\"ReadAction\",\"target\":[\"https:\\\/\\\/cuadra-agrado.es\\\/?p=3523\"]}]},{\"@type\":\"ImageObject\",\"inLanguage\":\"es\",\"@id\":\"https:\\\/\\\/cuadra-agrado.es\\\/?p=3523#primaryimage\",\"url\":\"http:\\\/\\\/cuadra-agrado.es\\\/wp-content\\\/uploads\\\/2013\\\/04\\\/Barbarigo-Nouvel-An-289x300.jpg\",\"contentUrl\":\"http:\\\/\\\/cuadra-agrado.es\\\/wp-content\\\/uploads\\\/2013\\\/04\\\/Barbarigo-Nouvel-An-289x300.jpg\"},{\"@type\":\"BreadcrumbList\",\"@id\":\"https:\\\/\\\/cuadra-agrado.es\\\/?p=3523#breadcrumb\",\"itemListElement\":[{\"@type\":\"ListItem\",\"position\":1,\"name\":\"Portada\",\"item\":\"https:\\\/\\\/cuadra-agrado.es\\\/\"},{\"@type\":\"ListItem\",\"position\":2,\"name\":\"Barbarigo y Caribean Blue inauguran nuestra temporada oto\u00f1al\"}]},{\"@type\":\"WebSite\",\"@id\":\"https:\\\/\\\/cuadra-agrado.es\\\/#website\",\"url\":\"https:\\\/\\\/cuadra-agrado.es\\\/\",\"name\":\"Cuadra Agrado\",\"description\":\"En el mundo del Turf desde 2008\",\"potentialAction\":[{\"@type\":\"SearchAction\",\"target\":{\"@type\":\"EntryPoint\",\"urlTemplate\":\"https:\\\/\\\/cuadra-agrado.es\\\/?s={search_term_string}\"},\"query-input\":{\"@type\":\"PropertyValueSpecification\",\"valueRequired\":true,\"valueName\":\"search_term_string\"}}],\"inLanguage\":\"es\"},{\"@type\":\"Person\",\"@id\":\"https:\\\/\\\/cuadra-agrado.es\\\/#\\\/schema\\\/person\\\/3aa4f8d2373cf756d93a5526bc72f31b\",\"name\":\"Miguel Redondo\",\"image\":{\"@type\":\"ImageObject\",\"inLanguage\":\"es\",\"@id\":\"https:\\\/\\\/secure.gravatar.com\\\/avatar\\\/85704fceb4fa34017e3c1344d182da00dbf772fb8856ba2b7726a2df926415b4?s=96&d=mm&r=g\",\"url\":\"https:\\\/\\\/secure.gravatar.com\\\/avatar\\\/85704fceb4fa34017e3c1344d182da00dbf772fb8856ba2b7726a2df926415b4?s=96&d=mm&r=g\",\"contentUrl\":\"https:\\\/\\\/secure.gravatar.com\\\/avatar\\\/85704fceb4fa34017e3c1344d182da00dbf772fb8856ba2b7726a2df926415b4?s=96&d=mm&r=g\",\"caption\":\"Miguel Redondo\"},\"sameAs\":[\"https:\\\/\\\/cuadra-agrado.es\"],\"url\":\"https:\\\/\\\/cuadra-agrado.es\\\/?author=5\"}]}<\/script>\n<!-- \/ Yoast SEO plugin. -->","yoast_head_json":{"title":"Barbarigo y Caribean Blue inauguran nuestra temporada oto\u00f1al - Cuadra Agrado","robots":{"index":"index","follow":"follow","max-snippet":"max-snippet:-1","max-image-preview":"max-image-preview:large","max-video-preview":"max-video-preview:-1"},"canonical":"https:\/\/cuadra-agrado.es\/?p=3523","og_locale":"es_ES","og_type":"article","og_title":"Barbarigo y Caribean Blue inauguran nuestra temporada oto\u00f1al - Cuadra Agrado","og_description":"Este pr\u00f3ximo domingo regresa la competici\u00f3n al Hip\u00f3dromo de la Zarzuela de Madrid inaugurando as\u00ed la primera jornada del calendario oto\u00f1al. Una temporada de oto\u00f1o que constar\u00e1 de 13 jornadas a disputar todos los domingos desde el 17 de septiembre hasta el pr\u00f3ximo 3 de diciembre, con la salvedad del d\u00eda 12 de octubre (jueves) [&hellip;]","og_url":"https:\/\/cuadra-agrado.es\/?p=3523","og_site_name":"Cuadra Agrado","article_published_time":"2017-09-11T12:07:11+00:00","article_modified_time":"2024-02-27T09:27:26+00:00","og_image":[{"url":"http:\/\/cuadra-agrado.es\/wp-content\/uploads\/2013\/04\/Barbarigo-Nouvel-An-289x300.jpg","type":"","width":"","height":""}],"author":"Miguel Redondo","twitter_card":"summary_large_image","twitter_creator":"@AGRADOracing","twitter_site":"@AGRADOracing","twitter_misc":{"Escrito por":"Miguel Redondo","Tiempo de lectura":"5 minutos"},"schema":{"@context":"https:\/\/schema.org","@graph":[{"@type":"Article","@id":"https:\/\/cuadra-agrado.es\/?p=3523#article","isPartOf":{"@id":"https:\/\/cuadra-agrado.es\/?p=3523"},"author":{"name":"Miguel Redondo","@id":"https:\/\/cuadra-agrado.es\/#\/schema\/person\/3aa4f8d2373cf756d93a5526bc72f31b"},"headline":"Barbarigo y Caribean Blue inauguran nuestra temporada oto\u00f1al","datePublished":"2017-09-11T12:07:11+00:00","dateModified":"2024-02-27T09:27:26+00:00","mainEntityOfPage":{"@id":"https:\/\/cuadra-agrado.es\/?p=3523"},"wordCount":1007,"image":{"@id":"https:\/\/cuadra-agrado.es\/?p=3523#primaryimage"},"thumbnailUrl":"http:\/\/cuadra-agrado.es\/wp-content\/uploads\/2013\/04\/Barbarigo-Nouvel-An-289x300.jpg","articleSection":["Actualidad"],"inLanguage":"es"},{"@type":"WebPage","@id":"https:\/\/cuadra-agrado.es\/?p=3523","url":"https:\/\/cuadra-agrado.es\/?p=3523","name":"Barbarigo y Caribean Blue inauguran nuestra temporada oto\u00f1al - Cuadra Agrado","isPartOf":{"@id":"https:\/\/cuadra-agrado.es\/#website"},"primaryImageOfPage":{"@id":"https:\/\/cuadra-agrado.es\/?p=3523#primaryimage"},"image":{"@id":"https:\/\/cuadra-agrado.es\/?p=3523#primaryimage"},"thumbnailUrl":"http:\/\/cuadra-agrado.es\/wp-content\/uploads\/2013\/04\/Barbarigo-Nouvel-An-289x300.jpg","datePublished":"2017-09-11T12:07:11+00:00","dateModified":"2024-02-27T09:27:26+00:00","author":{"@id":"https:\/\/cuadra-agrado.es\/#\/schema\/person\/3aa4f8d2373cf756d93a5526bc72f31b"},"breadcrumb":{"@id":"https:\/\/cuadra-agrado.es\/?p=3523#breadcrumb"},"inLanguage":"es","potentialAction":[{"@type":"ReadAction","target":["https:\/\/cuadra-agrado.es\/?p=3523"]}]},{"@type":"ImageObject","inLanguage":"es","@id":"https:\/\/cuadra-agrado.es\/?p=3523#primaryimage","url":"http:\/\/cuadra-agrado.es\/wp-content\/uploads\/2013\/04\/Barbarigo-Nouvel-An-289x300.jpg","contentUrl":"http:\/\/cuadra-agrado.es\/wp-content\/uploads\/2013\/04\/Barbarigo-Nouvel-An-289x300.jpg"},{"@type":"BreadcrumbList","@id":"https:\/\/cuadra-agrado.es\/?p=3523#breadcrumb","itemListElement":[{"@type":"ListItem","position":1,"name":"Portada","item":"https:\/\/cuadra-agrado.es\/"},{"@type":"ListItem","position":2,"name":"Barbarigo y Caribean Blue inauguran nuestra temporada oto\u00f1al"}]},{"@type":"WebSite","@id":"https:\/\/cuadra-agrado.es\/#website","url":"https:\/\/cuadra-agrado.es\/","name":"Cuadra Agrado","description":"En el mundo del Turf desde 2008","potentialAction":[{"@type":"SearchAction","target":{"@type":"EntryPoint","urlTemplate":"https:\/\/cuadra-agrado.es\/?s={search_term_string}"},"query-input":{"@type":"PropertyValueSpecification","valueRequired":true,"valueName":"search_term_string"}}],"inLanguage":"es"},{"@type":"Person","@id":"https:\/\/cuadra-agrado.es\/#\/schema\/person\/3aa4f8d2373cf756d93a5526bc72f31b","name":"Miguel Redondo","image":{"@type":"ImageObject","inLanguage":"es","@id":"https:\/\/secure.gravatar.com\/avatar\/85704fceb4fa34017e3c1344d182da00dbf772fb8856ba2b7726a2df926415b4?s=96&d=mm&r=g","url":"https:\/\/secure.gravatar.com\/avatar\/85704fceb4fa34017e3c1344d182da00dbf772fb8856ba2b7726a2df926415b4?s=96&d=mm&r=g","contentUrl":"https:\/\/secure.gravatar.com\/avatar\/85704fceb4fa34017e3c1344d182da00dbf772fb8856ba2b7726a2df926415b4?s=96&d=mm&r=g","caption":"Miguel Redondo"},"sameAs":["https:\/\/cuadra-agrado.es"],"url":"https:\/\/cuadra-agrado.es\/?author=5"}]}},"_links":{"self":[{"href":"https:\/\/cuadra-agrado.es\/index.php?rest_route=\/wp\/v2\/posts\/3523","targetHints":{"allow":["GET"]}}],"collection":[{"href":"https:\/\/cuadra-agrado.es\/index.php?rest_route=\/wp\/v2\/posts"}],"about":[{"href":"https:\/\/cuadra-agrado.es\/index.php?rest_route=\/wp\/v2\/types\/post"}],"author":[{"embeddable":true,"href":"https:\/\/cuadra-agrado.es\/index.php?rest_route=\/wp\/v2\/users\/5"}],"replies":[{"embeddable":true,"href":"https:\/\/cuadra-agrado.es\/index.php?rest_route=%2Fwp%2Fv2%2Fcomments&post=3523"}],"version-history":[{"count":0,"href":"https:\/\/cuadra-agrado.es\/index.php?rest_route=\/wp\/v2\/posts\/3523\/revisions"}],"wp:attachment":[{"href":"https:\/\/cuadra-agrado.es\/index.php?rest_route=%2Fwp%2Fv2%2Fmedia&parent=3523"}],"wp:term":[{"taxonomy":"category","embeddable":true,"href":"https:\/\/cuadra-agrado.es\/index.php?rest_route=%2Fwp%2Fv2%2Fcategories&post=3523"},{"taxonomy":"post_tag","embeddable":true,"href":"https:\/\/cuadra-agrado.es\/index.php?rest_route=%2Fwp%2Fv2%2Ftags&post=3523"}],"curies":[{"name":"wp","href":"https:\/\/api.w.org\/{rel}","templated":true}]}}