{"id":3432,"date":"2017-08-15T23:51:56","date_gmt":"2017-08-15T22:51:56","guid":{"rendered":"https:\/\/cuadra-agrado.es\/?p=3432"},"modified":"2024-02-27T09:27:26","modified_gmt":"2024-02-27T09:27:26","slug":"10-la-dupla-ranyan-fayos","status":"publish","type":"post","link":"https:\/\/cuadra-agrado.es\/?p=3432","title":{"rendered":"Un 10 para la Dupla Ranyan-Fayos"},"content":{"rendered":"<p style=\"text-align: justify;\"><a href=\"http:\/\/cuadra-agrado.es\/wp-content\/uploads\/2017\/08\/Ranyan-Txapeldun1.jpg\" target=\"_blank\" rel=\"noopener noreferrer\"><img loading=\"lazy\" decoding=\"async\" class=\"alignleft wp-image-3436 size-medium\" src=\"http:\/\/cuadra-agrado.es\/wp-content\/uploads\/2017\/08\/Ranyan-Txapeldun1-300x201.jpg\" alt=\"\" width=\"300\" height=\"201\"><\/a>Despu\u00e9s de vivir otra nueva victoria de <strong>Ranyan,<\/strong> se nos hace dif\u00edcil expresar por tercera vez consecutiva la enorme satisfacci\u00f3n y orgullo que sentimos por este veterano gladiador de las pistas de nuestro turf, que a sus m\u00e1s de ocho a\u00f1os sigue haciendo valer sus enormes galones ganados con mucho sufrimiento y con enorme coraz\u00f3n durante toda su vida en competici\u00f3n.<\/p>\n<p style=\"text-align: justify;\">Hoy era su tercera salida a la pista donostiarra consecutiva despu\u00e9s de sendas victorias anteriores y, hoy era el d\u00eda que se desped\u00eda de su hip\u00f3dromo talism\u00e1n donde en sus siete salidas nunca se cay\u00f3 del tr\u00edo. Cuatro victorias y tres terceros (obviamos la carrera donde se fue al suelo) avalan su gran trayectoria en Lasarte. El nivel de la prueba crec\u00eda en dificultad con respecto a las anteriores, y los \u201cjovencitos\u201d estaban deseosos de mostrar al general sus enormes dotes en el campo de batalla. <strong>Ranyan<\/strong>, impasible en el paddock y forjado en mil y una batallas, les esperaba tranquilo en compa\u00f1\u00eda de su fiel amigo <em>Borja Fayos<\/em>&nbsp;al que ya en el rondo buscaba con la mirada.<br \/>\nPrimer paso por meta con un fuerte ritmo marcado por <strong>\u201cIron Star\u201d<\/strong> y <strong>\u201cErudito\u201d<\/strong> que quisieron poner buen ritmo a la carrera sobre una pista blanda, <strong>Ranyan<\/strong> se limit\u00f3 a seguir el paso y esperar acontecimientos. Se sum\u00f3 a la lucha <strong>\u201cCanciller\u201d<\/strong> en la recta de enfrente como si de una prueba de relevos se tratara, pero<strong> \u201cRanyan\u201d<\/strong> sigui\u00f3 sin meterse en una lucha est\u00e9ril en ese momento, pero sin perderles de vista. Llegaba la \u00faltima curva, esa curva que hace estragos en muchos caballos que visitan Lasarte, y Borja decidi\u00f3 trazarla al estilo <em>\u201cMarc Marquez\u201d<\/em> cogiendo el interior y saliendo casi derrapando para afrontar la recta ya como l\u00edder del lote. Busc\u00f3 la parte exterior atravesando todo el ancho de la pista con en\u00e9rgico braceo y a falta de 300 metros dej\u00f3 que el caballo fuera a ganar con el coraz\u00f3n. Un par de fustazos en los \u00faltimos 100 para afianzar posici\u00f3n y otros dos cuerpos de ventaja al segundo.<\/p>\n<p style=\"text-align: justify;\">Parece f\u00e1cil hacer lo que la en\u00e9rgica dupla Ranyan-Fayos han conseguido hoy, pero viendo la carrera una y otra vez, cada vez me parece m\u00e1s dif\u00edcil. Asumir el riesgo de entrar en la curva como la trazaron, solamente se hace con la confianza que se tienen mutuamente. En conversaci\u00f3n posterior con el protagonista, me dec\u00eda que fue ah\u00ed donde gan\u00f3 la carrera. Textualmente\u2026 \u201cSi no hubiera trazado as\u00ed, se me hubieran echado encima\u201d. <strong>Ranyan<\/strong> confi\u00f3 en la osad\u00eda de su compa\u00f1ero y Borja confi\u00f3 en el viejo para una vez posicionado l\u00edder, llegara al poste de meta en esa misma posici\u00f3n. La confianza en el compa\u00f1ero bien merece recompensa\u2026.<\/p>\n<p style=\"text-align: justify;\">Tercera victoria consecutiva en Lasarte (\u00fanico caballo que lo ha conseguido esta temporada) y, d\u00e9cima en su historial. Hace apenas dos meses este era nuestro objetivo para su digna retirada en competici\u00f3n, pero jam\u00e1s pensamos que esa victoria n\u00famero 10 fuera a venir tan pronto. Toca coger aire, ya con la tranquilidad de tener el objetivo cumplido y, afrontar una ilusionante temporada de oto\u00f1o en Madrid con el mismo objetivo de seguir sumando y poner la vista en el \u201cMemorial Duque de Toledo\u201d que nos har\u00eda especial ilusi\u00f3n correr con \u00e9l nuevamente. &nbsp;<br \/>\nHoy, el m\u00e9rito lo queremos compartir con todos los que hemos estado al lado de este gladiador. Primero \u00e9l mismo porque sigue mostrando unas ganas tremendas por competir y un coraz\u00f3n de hierro a sus ocho a\u00f1os, no sabemos hasta donde pudiera llegar en esta segunda juventud, pero dejaremos que \u00e9l ponga el techo, se divierta y nos diga cuando quiere retirarse. Segundo por la monta de 10 que nos ha ofrecido de nuevo el Gran Borja Fayos. Si hay un Jockey en Espa\u00f1a con el coraje, osad\u00eda y valent\u00eda que ha demostrado hoy, ese sin duda es este valenciano. En tercer lugar al preparador Juan Luis Maroto por el enorme trabajo que est\u00e1 haciendo desde que est\u00e1 en su patio. Ha encontrado la tecla perfecta para devolverle un valor que perdi\u00f3 hace mucho tiempo y eso es impagable. Hablando con \u00e9l esta tarde, me dec\u00eda que era muy f\u00e1cil entrenarle y que pr\u00e1cticamente lo hac\u00eda todo \u00e9l, pero lo siento \u00abprepa\u00bb, no me lo creo. Inmenso trabajo equipo, enhorabuena y gracias!!!. Y en cuarto lugar, hoy si nos queremos sumar tambi\u00e9n como propietarios. Muy de vez en cuando, aunque suene arrogante, nosotros como propietarios tambi\u00e9n tenemos parte de culpa de algunos \u00e9xitos, aunque lamentablemente no tantas veces como culpa de los fracasos. La gente que nos conoce sabe que no somos vanidosos, pero hoy queremos echarnos unas flores por la parte de responsabilidad que nos toca como propietarios. Hemos sufrido tanto o m\u00e1s que Ranyan desde que era un potrillo, le hemos cuidado desde que era un bebe porque ha sido, es y ser\u00e1 eternamente nuestro \u201cojito derecho\u201d. Despu\u00e9s de su intervenci\u00f3n quir\u00fargica de rodilla a sus cuatro a\u00f1os, decidimos a\u00f1o tras a\u00f1o pararle y darle largos descansos en el prado para tratar de recuperarlo poco a poco de su lesi\u00f3n. Hicimos una inversi\u00f3n en una finca de descanso solamente para que se pudiera aliviar de su maltrecha rodilla y gozara libre por el prado. Los diferentes entrenadores que ha tenido no llegaban a entender nuestra postura tan conservadora y diligente, pero as\u00ed quisimos que fuera desde el principio, y as\u00ed lo hicimos. Volv\u00eda a competici\u00f3n y apenas ten\u00eda tiempo de ponerse en forma cuando de nuevo le regres\u00e1bamos al prado. Cost\u00f3 mucho tiempo y, econ\u00f3micamente por supuesto no fue nada rentable, pero hoy estamos orgullosos de haber conseguido que el caballo galope sin dolor, sin problemas y sin ninguna preocupaci\u00f3n sabiendo que cuando deje de disfrutar de la pista, tendr\u00e1 su recompensa en el campo. Hoy ha vuelto a demostrar que es un aut\u00e9ntico <em>\u201ccaballo de carreras\u201d<\/em> y por eso la gran victoria de hoy se reparte entre las cuatro partes de un verdadero equipo de competici\u00f3n: caballo, jockey, preparaci\u00f3n y propietario.<\/p>\n<p style=\"text-align: justify;\">Seguiremos disfrutando a su lado&#8230;.<\/p>\n<!-- AddThis Advanced Settings generic via filter on the_content --><!-- AddThis Share Buttons generic via filter on the_content -->","protected":false},"excerpt":{"rendered":"<p>Despu\u00e9s de vivir otra nueva victoria de Ranyan, se nos hace dif\u00edcil expresar por tercera vez consecutiva la enorme satisfacci\u00f3n y orgullo que sentimos por este veterano gladiador de las pistas de nuestro turf, que a sus m\u00e1s de ocho a\u00f1os sigue haciendo valer sus enormes galones ganados con mucho sufrimiento y con enorme coraz\u00f3n [&hellip;]<!-- AddThis Advanced Settings generic via filter on get_the_excerpt --><!-- AddThis Share Buttons generic via filter on get_the_excerpt --><\/p>\n","protected":false},"author":5,"featured_media":0,"comment_status":"closed","ping_status":"closed","sticky":false,"template":"","format":"gallery","meta":{"_acf_changed":false,"_et_pb_use_builder":"","_et_pb_old_content":"","_et_gb_content_width":"","footnotes":""},"categories":[3],"tags":[],"class_list":["post-3432","post","type-post","status-publish","format-gallery","hentry","category-noticias-cuadra-agrado","post_format-post-format-gallery"],"acf":[],"yoast_head":"<!-- This site is optimized with the Yoast SEO plugin v27.4 - https:\/\/yoast.com\/product\/yoast-seo-wordpress\/ -->\n<title>Un 10 para la Dupla Ranyan-Fayos - Cuadra Agrado<\/title>\n<meta name=\"robots\" content=\"index, follow, max-snippet:-1, max-image-preview:large, max-video-preview:-1\" \/>\n<link rel=\"canonical\" href=\"https:\/\/cuadra-agrado.es\/?p=3432\" \/>\n<meta property=\"og:locale\" content=\"es_ES\" \/>\n<meta property=\"og:type\" content=\"article\" \/>\n<meta property=\"og:title\" content=\"Un 10 para la Dupla Ranyan-Fayos - Cuadra Agrado\" \/>\n<meta property=\"og:description\" content=\"Despu\u00e9s de vivir otra nueva victoria de Ranyan, se nos hace dif\u00edcil expresar por tercera vez consecutiva la enorme satisfacci\u00f3n y orgullo que sentimos por este veterano gladiador de las pistas de nuestro turf, que a sus m\u00e1s de ocho a\u00f1os sigue haciendo valer sus enormes galones ganados con mucho sufrimiento y con enorme coraz\u00f3n [&hellip;]\" \/>\n<meta property=\"og:url\" content=\"https:\/\/cuadra-agrado.es\/?p=3432\" \/>\n<meta property=\"og:site_name\" content=\"Cuadra Agrado\" \/>\n<meta property=\"article:published_time\" content=\"2017-08-15T22:51:56+00:00\" \/>\n<meta property=\"article:modified_time\" content=\"2024-02-27T09:27:26+00:00\" \/>\n<meta property=\"og:image\" content=\"http:\/\/cuadra-agrado.es\/wp-content\/uploads\/2017\/08\/Ranyan-Txapeldun1-300x201.jpg\" \/>\n<meta name=\"author\" content=\"Miguel Redondo\" \/>\n<meta name=\"twitter:card\" content=\"summary_large_image\" \/>\n<meta name=\"twitter:creator\" content=\"@AGRADOracing\" \/>\n<meta name=\"twitter:site\" content=\"@AGRADOracing\" \/>\n<meta name=\"twitter:label1\" content=\"Escrito por\" \/>\n\t<meta name=\"twitter:data1\" content=\"Miguel Redondo\" \/>\n\t<meta name=\"twitter:label2\" content=\"Tiempo de lectura\" \/>\n\t<meta name=\"twitter:data2\" content=\"5 minutos\" \/>\n<script type=\"application\/ld+json\" class=\"yoast-schema-graph\">{\"@context\":\"https:\\\/\\\/schema.org\",\"@graph\":[{\"@type\":\"Article\",\"@id\":\"https:\\\/\\\/cuadra-agrado.es\\\/?p=3432#article\",\"isPartOf\":{\"@id\":\"https:\\\/\\\/cuadra-agrado.es\\\/?p=3432\"},\"author\":{\"name\":\"Miguel Redondo\",\"@id\":\"https:\\\/\\\/cuadra-agrado.es\\\/#\\\/schema\\\/person\\\/3aa4f8d2373cf756d93a5526bc72f31b\"},\"headline\":\"Un 10 para la Dupla Ranyan-Fayos\",\"datePublished\":\"2017-08-15T22:51:56+00:00\",\"dateModified\":\"2024-02-27T09:27:26+00:00\",\"mainEntityOfPage\":{\"@id\":\"https:\\\/\\\/cuadra-agrado.es\\\/?p=3432\"},\"wordCount\":1072,\"image\":{\"@id\":\"https:\\\/\\\/cuadra-agrado.es\\\/?p=3432#primaryimage\"},\"thumbnailUrl\":\"http:\\\/\\\/cuadra-agrado.es\\\/wp-content\\\/uploads\\\/2017\\\/08\\\/Ranyan-Txapeldun1-300x201.jpg\",\"articleSection\":[\"Actualidad\"],\"inLanguage\":\"es\"},{\"@type\":\"WebPage\",\"@id\":\"https:\\\/\\\/cuadra-agrado.es\\\/?p=3432\",\"url\":\"https:\\\/\\\/cuadra-agrado.es\\\/?p=3432\",\"name\":\"Un 10 para la Dupla Ranyan-Fayos - Cuadra Agrado\",\"isPartOf\":{\"@id\":\"https:\\\/\\\/cuadra-agrado.es\\\/#website\"},\"primaryImageOfPage\":{\"@id\":\"https:\\\/\\\/cuadra-agrado.es\\\/?p=3432#primaryimage\"},\"image\":{\"@id\":\"https:\\\/\\\/cuadra-agrado.es\\\/?p=3432#primaryimage\"},\"thumbnailUrl\":\"http:\\\/\\\/cuadra-agrado.es\\\/wp-content\\\/uploads\\\/2017\\\/08\\\/Ranyan-Txapeldun1-300x201.jpg\",\"datePublished\":\"2017-08-15T22:51:56+00:00\",\"dateModified\":\"2024-02-27T09:27:26+00:00\",\"author\":{\"@id\":\"https:\\\/\\\/cuadra-agrado.es\\\/#\\\/schema\\\/person\\\/3aa4f8d2373cf756d93a5526bc72f31b\"},\"breadcrumb\":{\"@id\":\"https:\\\/\\\/cuadra-agrado.es\\\/?p=3432#breadcrumb\"},\"inLanguage\":\"es\",\"potentialAction\":[{\"@type\":\"ReadAction\",\"target\":[\"https:\\\/\\\/cuadra-agrado.es\\\/?p=3432\"]}]},{\"@type\":\"ImageObject\",\"inLanguage\":\"es\",\"@id\":\"https:\\\/\\\/cuadra-agrado.es\\\/?p=3432#primaryimage\",\"url\":\"http:\\\/\\\/cuadra-agrado.es\\\/wp-content\\\/uploads\\\/2017\\\/08\\\/Ranyan-Txapeldun1-300x201.jpg\",\"contentUrl\":\"http:\\\/\\\/cuadra-agrado.es\\\/wp-content\\\/uploads\\\/2017\\\/08\\\/Ranyan-Txapeldun1-300x201.jpg\"},{\"@type\":\"BreadcrumbList\",\"@id\":\"https:\\\/\\\/cuadra-agrado.es\\\/?p=3432#breadcrumb\",\"itemListElement\":[{\"@type\":\"ListItem\",\"position\":1,\"name\":\"Portada\",\"item\":\"https:\\\/\\\/cuadra-agrado.es\\\/\"},{\"@type\":\"ListItem\",\"position\":2,\"name\":\"Un 10 para la Dupla Ranyan-Fayos\"}]},{\"@type\":\"WebSite\",\"@id\":\"https:\\\/\\\/cuadra-agrado.es\\\/#website\",\"url\":\"https:\\\/\\\/cuadra-agrado.es\\\/\",\"name\":\"Cuadra Agrado\",\"description\":\"En el mundo del Turf desde 2008\",\"potentialAction\":[{\"@type\":\"SearchAction\",\"target\":{\"@type\":\"EntryPoint\",\"urlTemplate\":\"https:\\\/\\\/cuadra-agrado.es\\\/?s={search_term_string}\"},\"query-input\":{\"@type\":\"PropertyValueSpecification\",\"valueRequired\":true,\"valueName\":\"search_term_string\"}}],\"inLanguage\":\"es\"},{\"@type\":\"Person\",\"@id\":\"https:\\\/\\\/cuadra-agrado.es\\\/#\\\/schema\\\/person\\\/3aa4f8d2373cf756d93a5526bc72f31b\",\"name\":\"Miguel Redondo\",\"image\":{\"@type\":\"ImageObject\",\"inLanguage\":\"es\",\"@id\":\"https:\\\/\\\/secure.gravatar.com\\\/avatar\\\/85704fceb4fa34017e3c1344d182da00dbf772fb8856ba2b7726a2df926415b4?s=96&d=mm&r=g\",\"url\":\"https:\\\/\\\/secure.gravatar.com\\\/avatar\\\/85704fceb4fa34017e3c1344d182da00dbf772fb8856ba2b7726a2df926415b4?s=96&d=mm&r=g\",\"contentUrl\":\"https:\\\/\\\/secure.gravatar.com\\\/avatar\\\/85704fceb4fa34017e3c1344d182da00dbf772fb8856ba2b7726a2df926415b4?s=96&d=mm&r=g\",\"caption\":\"Miguel Redondo\"},\"sameAs\":[\"https:\\\/\\\/cuadra-agrado.es\"],\"url\":\"https:\\\/\\\/cuadra-agrado.es\\\/?author=5\"}]}<\/script>\n<!-- \/ Yoast SEO plugin. -->","yoast_head_json":{"title":"Un 10 para la Dupla Ranyan-Fayos - Cuadra Agrado","robots":{"index":"index","follow":"follow","max-snippet":"max-snippet:-1","max-image-preview":"max-image-preview:large","max-video-preview":"max-video-preview:-1"},"canonical":"https:\/\/cuadra-agrado.es\/?p=3432","og_locale":"es_ES","og_type":"article","og_title":"Un 10 para la Dupla Ranyan-Fayos - Cuadra Agrado","og_description":"Despu\u00e9s de vivir otra nueva victoria de Ranyan, se nos hace dif\u00edcil expresar por tercera vez consecutiva la enorme satisfacci\u00f3n y orgullo que sentimos por este veterano gladiador de las pistas de nuestro turf, que a sus m\u00e1s de ocho a\u00f1os sigue haciendo valer sus enormes galones ganados con mucho sufrimiento y con enorme coraz\u00f3n [&hellip;]","og_url":"https:\/\/cuadra-agrado.es\/?p=3432","og_site_name":"Cuadra Agrado","article_published_time":"2017-08-15T22:51:56+00:00","article_modified_time":"2024-02-27T09:27:26+00:00","og_image":[{"url":"http:\/\/cuadra-agrado.es\/wp-content\/uploads\/2017\/08\/Ranyan-Txapeldun1-300x201.jpg","type":"","width":"","height":""}],"author":"Miguel Redondo","twitter_card":"summary_large_image","twitter_creator":"@AGRADOracing","twitter_site":"@AGRADOracing","twitter_misc":{"Escrito por":"Miguel Redondo","Tiempo de lectura":"5 minutos"},"schema":{"@context":"https:\/\/schema.org","@graph":[{"@type":"Article","@id":"https:\/\/cuadra-agrado.es\/?p=3432#article","isPartOf":{"@id":"https:\/\/cuadra-agrado.es\/?p=3432"},"author":{"name":"Miguel Redondo","@id":"https:\/\/cuadra-agrado.es\/#\/schema\/person\/3aa4f8d2373cf756d93a5526bc72f31b"},"headline":"Un 10 para la Dupla Ranyan-Fayos","datePublished":"2017-08-15T22:51:56+00:00","dateModified":"2024-02-27T09:27:26+00:00","mainEntityOfPage":{"@id":"https:\/\/cuadra-agrado.es\/?p=3432"},"wordCount":1072,"image":{"@id":"https:\/\/cuadra-agrado.es\/?p=3432#primaryimage"},"thumbnailUrl":"http:\/\/cuadra-agrado.es\/wp-content\/uploads\/2017\/08\/Ranyan-Txapeldun1-300x201.jpg","articleSection":["Actualidad"],"inLanguage":"es"},{"@type":"WebPage","@id":"https:\/\/cuadra-agrado.es\/?p=3432","url":"https:\/\/cuadra-agrado.es\/?p=3432","name":"Un 10 para la Dupla Ranyan-Fayos - Cuadra Agrado","isPartOf":{"@id":"https:\/\/cuadra-agrado.es\/#website"},"primaryImageOfPage":{"@id":"https:\/\/cuadra-agrado.es\/?p=3432#primaryimage"},"image":{"@id":"https:\/\/cuadra-agrado.es\/?p=3432#primaryimage"},"thumbnailUrl":"http:\/\/cuadra-agrado.es\/wp-content\/uploads\/2017\/08\/Ranyan-Txapeldun1-300x201.jpg","datePublished":"2017-08-15T22:51:56+00:00","dateModified":"2024-02-27T09:27:26+00:00","author":{"@id":"https:\/\/cuadra-agrado.es\/#\/schema\/person\/3aa4f8d2373cf756d93a5526bc72f31b"},"breadcrumb":{"@id":"https:\/\/cuadra-agrado.es\/?p=3432#breadcrumb"},"inLanguage":"es","potentialAction":[{"@type":"ReadAction","target":["https:\/\/cuadra-agrado.es\/?p=3432"]}]},{"@type":"ImageObject","inLanguage":"es","@id":"https:\/\/cuadra-agrado.es\/?p=3432#primaryimage","url":"http:\/\/cuadra-agrado.es\/wp-content\/uploads\/2017\/08\/Ranyan-Txapeldun1-300x201.jpg","contentUrl":"http:\/\/cuadra-agrado.es\/wp-content\/uploads\/2017\/08\/Ranyan-Txapeldun1-300x201.jpg"},{"@type":"BreadcrumbList","@id":"https:\/\/cuadra-agrado.es\/?p=3432#breadcrumb","itemListElement":[{"@type":"ListItem","position":1,"name":"Portada","item":"https:\/\/cuadra-agrado.es\/"},{"@type":"ListItem","position":2,"name":"Un 10 para la Dupla Ranyan-Fayos"}]},{"@type":"WebSite","@id":"https:\/\/cuadra-agrado.es\/#website","url":"https:\/\/cuadra-agrado.es\/","name":"Cuadra Agrado","description":"En el mundo del Turf desde 2008","potentialAction":[{"@type":"SearchAction","target":{"@type":"EntryPoint","urlTemplate":"https:\/\/cuadra-agrado.es\/?s={search_term_string}"},"query-input":{"@type":"PropertyValueSpecification","valueRequired":true,"valueName":"search_term_string"}}],"inLanguage":"es"},{"@type":"Person","@id":"https:\/\/cuadra-agrado.es\/#\/schema\/person\/3aa4f8d2373cf756d93a5526bc72f31b","name":"Miguel Redondo","image":{"@type":"ImageObject","inLanguage":"es","@id":"https:\/\/secure.gravatar.com\/avatar\/85704fceb4fa34017e3c1344d182da00dbf772fb8856ba2b7726a2df926415b4?s=96&d=mm&r=g","url":"https:\/\/secure.gravatar.com\/avatar\/85704fceb4fa34017e3c1344d182da00dbf772fb8856ba2b7726a2df926415b4?s=96&d=mm&r=g","contentUrl":"https:\/\/secure.gravatar.com\/avatar\/85704fceb4fa34017e3c1344d182da00dbf772fb8856ba2b7726a2df926415b4?s=96&d=mm&r=g","caption":"Miguel Redondo"},"sameAs":["https:\/\/cuadra-agrado.es"],"url":"https:\/\/cuadra-agrado.es\/?author=5"}]}},"_links":{"self":[{"href":"https:\/\/cuadra-agrado.es\/index.php?rest_route=\/wp\/v2\/posts\/3432","targetHints":{"allow":["GET"]}}],"collection":[{"href":"https:\/\/cuadra-agrado.es\/index.php?rest_route=\/wp\/v2\/posts"}],"about":[{"href":"https:\/\/cuadra-agrado.es\/index.php?rest_route=\/wp\/v2\/types\/post"}],"author":[{"embeddable":true,"href":"https:\/\/cuadra-agrado.es\/index.php?rest_route=\/wp\/v2\/users\/5"}],"replies":[{"embeddable":true,"href":"https:\/\/cuadra-agrado.es\/index.php?rest_route=%2Fwp%2Fv2%2Fcomments&post=3432"}],"version-history":[{"count":0,"href":"https:\/\/cuadra-agrado.es\/index.php?rest_route=\/wp\/v2\/posts\/3432\/revisions"}],"wp:attachment":[{"href":"https:\/\/cuadra-agrado.es\/index.php?rest_route=%2Fwp%2Fv2%2Fmedia&parent=3432"}],"wp:term":[{"taxonomy":"category","embeddable":true,"href":"https:\/\/cuadra-agrado.es\/index.php?rest_route=%2Fwp%2Fv2%2Fcategories&post=3432"},{"taxonomy":"post_tag","embeddable":true,"href":"https:\/\/cuadra-agrado.es\/index.php?rest_route=%2Fwp%2Fv2%2Ftags&post=3432"}],"curies":[{"name":"wp","href":"https:\/\/api.w.org\/{rel}","templated":true}]}}