{"id":3425,"date":"2017-08-10T15:58:16","date_gmt":"2017-08-10T14:58:16","guid":{"rendered":"https:\/\/cuadra-agrado.es\/?p=3425"},"modified":"2024-02-27T09:27:26","modified_gmt":"2024-02-27T09:27:26","slug":"ranyan-busca-tercera-consecutiva-lasarte","status":"publish","type":"post","link":"https:\/\/cuadra-agrado.es\/?p=3425","title":{"rendered":"Rany\u00e1n busca su tercera consecutiva en Lasarte&#8230;."},"content":{"rendered":"<p style=\"text-align: justify;\"><a href=\"http:\/\/cuadra-agrado.es\/wp-content\/uploads\/2017\/08\/Ranyan-Txapeldun2.jpg\" target=\"_blank\" rel=\"noopener noreferrer\"><img loading=\"lazy\" decoding=\"async\" class=\"alignleft wp-image-3426 size-medium\" src=\"http:\/\/cuadra-agrado.es\/wp-content\/uploads\/2017\/08\/Ranyan-Txapeldun2-201x300.jpg\" alt=\"\" width=\"201\" height=\"300\" \/><\/a>Sin que estuviera previsto en nuestro programa inicial de verano, <strong>\u201cRanyan\u201d<\/strong> regresa a la pista de <em>Lasarte<\/em> por cuarta vez esta temporada para tratar de enganchar su tercera victoria consecutiva en la \u201cconsolatoria\u201d a la Copa de Oro, sobre su mejor distancia de 2.200 metros. Despu\u00e9s de su gran doblete en junio y julio en tierras donostiarras, busc\u00e1bamos un descanso merecido para afrontar su temporada oto\u00f1al en Madrid, pero el viejo sigue cada d\u00eda m\u00e1s en forma y, con muchas ganas de seguir viajando a su hip\u00f3dromo talism\u00e1n donde sigue sin caerse del tr\u00edo en todas sus actuaciones, as\u00ed que, una vez su actual valor 38,5 le cerr\u00f3 las puertas para disputar pruebas de h\u00e1ndicaps, decidimos incrementar su nivel y verle competir en una prueba de mayor envergadura para aprovechar su extraordinario estado de forma, que no ha hecho m\u00e1s que incrementar desde su reaparici\u00f3n en primavera. Su mala fortuna en el inicio del a\u00f1o se torn\u00f3 finalmente desde el pasado mes de junio y, este hecho ahora le beneficia en esta prueba de condici\u00f3n donde recarga solamente un kilo sobre los 57 de la prueba.<\/p>\n<p style=\"text-align: justify;\">El viejo general del lote tendr\u00e1 que salir con los galones bien visibles ante rivales de considerable valor que pondr\u00e1n cara su tercera consecutiva y, que coincidir\u00eda con su 10\u00aa en competici\u00f3n. Pero a estas alturas del a\u00f1o, con el coraje y coraz\u00f3n que ha demostrado en sus \u00faltimas apariciones en Lasarte, con su estado de forma actual, y con un peso mucho m\u00e1s asequible que en sus anteriores, volvemos a tener esa buena opci\u00f3n de pasar nuevamente por ganadores. A favor tiene tambi\u00e9n la monta de su amigo Borja Fayos, un garante que repite con \u00e9l despu\u00e9s de exhibir sus enormes dotes como jockey en la \u00faltima hace apenas quince d\u00edas. Un binomio que vuelve a reencontrarse por la senda de las victorias y que sin duda, incrementa solidez a nuestras opciones.<\/p>\n<p style=\"text-align: justify;\">Siete dignos partants de la prueba B de la Copa de Oro con muy buenos valores y que seguro ofrecer\u00e1n una bonita y cerrada carrera\u2026 Despu\u00e9s de nuestros apuntes con el nuestro, comenzamos nuestra personal previa por los j\u00f3venes del lote que a estas alturas del a\u00f1o se beneficiaran de un peso muy c\u00f3modo con respecto a los viejos; <strong>\u201cLunch\u201d<\/strong> ha demostrado ya su val\u00eda desde que est\u00e1 en Espa\u00f1a y se presenta en esta despu\u00e9s de un buen segundo en la preparatoria a la Copa de Oro de los de su clase, para nosotros, casi es un fijo en el tr\u00edo. El otro valiente de tres a\u00f1os es for\u00e1neo de nuestro turf, el franc\u00e9s <strong>\u201cErudito\u201d<\/strong> que llega reenganchado y que, por supuesto viene a llevarse la plata del sur. Su magn\u00edfica victoria en una clase 2 hace apenas dos semanas, su buen cuarto en el Derby Espa\u00f1ol y su valor franc\u00e9s 37 le dejan tambi\u00e9n muy buenas opciones para estar en el tr\u00edo, pero tambi\u00e9n es aprendiz en esta pista y eso es un h\u00e1ndicap en contra. \u00a0Otro for\u00e1neo a tener en cuenta como rival y que muy posiblemente est\u00e9 en tambi\u00e9n en el dinero es <strong>\u201cIron Star\u201d<\/strong> que se adapt\u00f3 muy bien a nuestro turf desde a vino de la mano del argentino Pablo D\u00edaz en primavera. Viene de desclasar a sus rivales en la arena de Madrid y sale beneficiado tambi\u00e9n en peso, la \u00fanica duda es tambi\u00e9n su debut en una pista muy selectiva y compleja como Lasarte. El mismo problema de pista podr\u00eda tener <strong>\u201cEmbat\u201d<\/strong>, compa\u00f1ero de patio del nuestro, que se estrena en Lasarte despu\u00e9s de haber estado en el tr\u00edo en sus tres \u00faltimas en Madrid. El \u201cprepa\u201d dice que viene a probarle despu\u00e9s de dos meses sin competir, pero seguro que guarda algo m\u00e1s que una simple reaparici\u00f3n. Quiz\u00e1s con algo menos de probabilidades <strong>\u201cCanciller\u201d<\/strong> y<strong> \u201cMr. Axel\u201d<\/strong>, los dos top de la escala con buenas actuaciones y buen valor contrastado, pero perjudicados en plomo en un lote muy igualado. El primero no parece gustarle el terreno blando y fue muy desapercibida su \u00fanica en Lasarte el pasado a\u00f1o. El segundo es in\u00e9dito en la pista, y \u00a0aunque viene de hacer dos buenas actuaciones en la arena de Madrid, \u00a0su valor actual de 37,5 con esos tres kilos adicionales matem\u00e1ticamente se queda por debajo del valor de muchos.<\/p>\n<p style=\"text-align: justify;\">Visto lo visto, creemos que \u201cRanyan\u201d por forma, valor, moral y con una pista muy a su favor puede hacer valer su experiencia ante un lote fuerte, pero con el gran h\u00e1ndicap para muchos de una pista desconocida y compleja. Adicional a esa complejidad, se esperan lluvias para la semana pr\u00f3xima que har\u00e1n acolchar el terreno que tanto gusta al nuestro. Somos conscientes que es muy dif\u00edcil pasar por ganadores tres veces consecutivas en apenas mes y medio, pero no ser\u00eda nada nuevo para \u201cRanyan\u201d, que as\u00ed lo hiciera en su edad cl\u00e1sica\u2026\u2026<\/p>\n<p style=\"text-align: justify;\">Vamos a por ella!!!<br \/>\nMucha suerte equipo.<\/p>\n<!-- AddThis Advanced Settings generic via filter on the_content --><!-- AddThis Share Buttons generic via filter on the_content -->","protected":false},"excerpt":{"rendered":"<p>Sin que estuviera previsto en nuestro programa inicial de verano, \u201cRanyan\u201d regresa a la pista de Lasarte por cuarta vez esta temporada para tratar de enganchar su tercera victoria consecutiva en la \u201cconsolatoria\u201d a la Copa de Oro, sobre su mejor distancia de 2.200 metros. Despu\u00e9s de su gran doblete en junio y julio en [&hellip;]<!-- AddThis Advanced Settings generic via filter on get_the_excerpt --><!-- AddThis Share Buttons generic via filter on get_the_excerpt --><\/p>\n","protected":false},"author":5,"featured_media":0,"comment_status":"closed","ping_status":"closed","sticky":false,"template":"","format":"gallery","meta":{"_acf_changed":false,"_et_pb_use_builder":"","_et_pb_old_content":"","_et_gb_content_width":"","footnotes":""},"categories":[3],"tags":[],"class_list":["post-3425","post","type-post","status-publish","format-gallery","hentry","category-noticias-cuadra-agrado","post_format-post-format-gallery"],"acf":[],"yoast_head":"<!-- This site is optimized with the Yoast SEO plugin v27.4 - https:\/\/yoast.com\/product\/yoast-seo-wordpress\/ -->\n<title>Rany\u00e1n busca su tercera consecutiva en Lasarte.... - Cuadra Agrado<\/title>\n<meta name=\"robots\" content=\"index, follow, max-snippet:-1, max-image-preview:large, max-video-preview:-1\" \/>\n<link rel=\"canonical\" href=\"https:\/\/cuadra-agrado.es\/?p=3425\" \/>\n<meta property=\"og:locale\" content=\"es_ES\" \/>\n<meta property=\"og:type\" content=\"article\" \/>\n<meta property=\"og:title\" content=\"Rany\u00e1n busca su tercera consecutiva en Lasarte.... - Cuadra Agrado\" \/>\n<meta property=\"og:description\" content=\"Sin que estuviera previsto en nuestro programa inicial de verano, \u201cRanyan\u201d regresa a la pista de Lasarte por cuarta vez esta temporada para tratar de enganchar su tercera victoria consecutiva en la \u201cconsolatoria\u201d a la Copa de Oro, sobre su mejor distancia de 2.200 metros. Despu\u00e9s de su gran doblete en junio y julio en [&hellip;]\" \/>\n<meta property=\"og:url\" content=\"https:\/\/cuadra-agrado.es\/?p=3425\" \/>\n<meta property=\"og:site_name\" content=\"Cuadra Agrado\" \/>\n<meta property=\"article:published_time\" content=\"2017-08-10T14:58:16+00:00\" \/>\n<meta property=\"article:modified_time\" content=\"2024-02-27T09:27:26+00:00\" \/>\n<meta property=\"og:image\" content=\"http:\/\/cuadra-agrado.es\/wp-content\/uploads\/2017\/08\/Ranyan-Txapeldun2-201x300.jpg\" \/>\n<meta name=\"author\" content=\"Miguel Redondo\" \/>\n<meta name=\"twitter:card\" content=\"summary_large_image\" \/>\n<meta name=\"twitter:creator\" content=\"@AGRADOracing\" \/>\n<meta name=\"twitter:site\" content=\"@AGRADOracing\" \/>\n<meta name=\"twitter:label1\" content=\"Escrito por\" \/>\n\t<meta name=\"twitter:data1\" content=\"Miguel Redondo\" \/>\n\t<meta name=\"twitter:label2\" content=\"Tiempo de lectura\" \/>\n\t<meta name=\"twitter:data2\" content=\"4 minutos\" \/>\n<script type=\"application\/ld+json\" class=\"yoast-schema-graph\">{\"@context\":\"https:\\\/\\\/schema.org\",\"@graph\":[{\"@type\":\"Article\",\"@id\":\"https:\\\/\\\/cuadra-agrado.es\\\/?p=3425#article\",\"isPartOf\":{\"@id\":\"https:\\\/\\\/cuadra-agrado.es\\\/?p=3425\"},\"author\":{\"name\":\"Miguel Redondo\",\"@id\":\"https:\\\/\\\/cuadra-agrado.es\\\/#\\\/schema\\\/person\\\/3aa4f8d2373cf756d93a5526bc72f31b\"},\"headline\":\"Rany\u00e1n busca su tercera consecutiva en Lasarte&#8230;.\",\"datePublished\":\"2017-08-10T14:58:16+00:00\",\"dateModified\":\"2024-02-27T09:27:26+00:00\",\"mainEntityOfPage\":{\"@id\":\"https:\\\/\\\/cuadra-agrado.es\\\/?p=3425\"},\"wordCount\":880,\"image\":{\"@id\":\"https:\\\/\\\/cuadra-agrado.es\\\/?p=3425#primaryimage\"},\"thumbnailUrl\":\"http:\\\/\\\/cuadra-agrado.es\\\/wp-content\\\/uploads\\\/2017\\\/08\\\/Ranyan-Txapeldun2-201x300.jpg\",\"articleSection\":[\"Actualidad\"],\"inLanguage\":\"es\"},{\"@type\":\"WebPage\",\"@id\":\"https:\\\/\\\/cuadra-agrado.es\\\/?p=3425\",\"url\":\"https:\\\/\\\/cuadra-agrado.es\\\/?p=3425\",\"name\":\"Rany\u00e1n busca su tercera consecutiva en Lasarte.... - Cuadra Agrado\",\"isPartOf\":{\"@id\":\"https:\\\/\\\/cuadra-agrado.es\\\/#website\"},\"primaryImageOfPage\":{\"@id\":\"https:\\\/\\\/cuadra-agrado.es\\\/?p=3425#primaryimage\"},\"image\":{\"@id\":\"https:\\\/\\\/cuadra-agrado.es\\\/?p=3425#primaryimage\"},\"thumbnailUrl\":\"http:\\\/\\\/cuadra-agrado.es\\\/wp-content\\\/uploads\\\/2017\\\/08\\\/Ranyan-Txapeldun2-201x300.jpg\",\"datePublished\":\"2017-08-10T14:58:16+00:00\",\"dateModified\":\"2024-02-27T09:27:26+00:00\",\"author\":{\"@id\":\"https:\\\/\\\/cuadra-agrado.es\\\/#\\\/schema\\\/person\\\/3aa4f8d2373cf756d93a5526bc72f31b\"},\"breadcrumb\":{\"@id\":\"https:\\\/\\\/cuadra-agrado.es\\\/?p=3425#breadcrumb\"},\"inLanguage\":\"es\",\"potentialAction\":[{\"@type\":\"ReadAction\",\"target\":[\"https:\\\/\\\/cuadra-agrado.es\\\/?p=3425\"]}]},{\"@type\":\"ImageObject\",\"inLanguage\":\"es\",\"@id\":\"https:\\\/\\\/cuadra-agrado.es\\\/?p=3425#primaryimage\",\"url\":\"http:\\\/\\\/cuadra-agrado.es\\\/wp-content\\\/uploads\\\/2017\\\/08\\\/Ranyan-Txapeldun2-201x300.jpg\",\"contentUrl\":\"http:\\\/\\\/cuadra-agrado.es\\\/wp-content\\\/uploads\\\/2017\\\/08\\\/Ranyan-Txapeldun2-201x300.jpg\"},{\"@type\":\"BreadcrumbList\",\"@id\":\"https:\\\/\\\/cuadra-agrado.es\\\/?p=3425#breadcrumb\",\"itemListElement\":[{\"@type\":\"ListItem\",\"position\":1,\"name\":\"Portada\",\"item\":\"https:\\\/\\\/cuadra-agrado.es\\\/\"},{\"@type\":\"ListItem\",\"position\":2,\"name\":\"Rany\u00e1n busca su tercera consecutiva en Lasarte&#8230;.\"}]},{\"@type\":\"WebSite\",\"@id\":\"https:\\\/\\\/cuadra-agrado.es\\\/#website\",\"url\":\"https:\\\/\\\/cuadra-agrado.es\\\/\",\"name\":\"Cuadra Agrado\",\"description\":\"En el mundo del Turf desde 2008\",\"potentialAction\":[{\"@type\":\"SearchAction\",\"target\":{\"@type\":\"EntryPoint\",\"urlTemplate\":\"https:\\\/\\\/cuadra-agrado.es\\\/?s={search_term_string}\"},\"query-input\":{\"@type\":\"PropertyValueSpecification\",\"valueRequired\":true,\"valueName\":\"search_term_string\"}}],\"inLanguage\":\"es\"},{\"@type\":\"Person\",\"@id\":\"https:\\\/\\\/cuadra-agrado.es\\\/#\\\/schema\\\/person\\\/3aa4f8d2373cf756d93a5526bc72f31b\",\"name\":\"Miguel Redondo\",\"image\":{\"@type\":\"ImageObject\",\"inLanguage\":\"es\",\"@id\":\"https:\\\/\\\/secure.gravatar.com\\\/avatar\\\/85704fceb4fa34017e3c1344d182da00dbf772fb8856ba2b7726a2df926415b4?s=96&d=mm&r=g\",\"url\":\"https:\\\/\\\/secure.gravatar.com\\\/avatar\\\/85704fceb4fa34017e3c1344d182da00dbf772fb8856ba2b7726a2df926415b4?s=96&d=mm&r=g\",\"contentUrl\":\"https:\\\/\\\/secure.gravatar.com\\\/avatar\\\/85704fceb4fa34017e3c1344d182da00dbf772fb8856ba2b7726a2df926415b4?s=96&d=mm&r=g\",\"caption\":\"Miguel Redondo\"},\"sameAs\":[\"https:\\\/\\\/cuadra-agrado.es\"],\"url\":\"https:\\\/\\\/cuadra-agrado.es\\\/?author=5\"}]}<\/script>\n<!-- \/ Yoast SEO plugin. -->","yoast_head_json":{"title":"Rany\u00e1n busca su tercera consecutiva en Lasarte.... - Cuadra Agrado","robots":{"index":"index","follow":"follow","max-snippet":"max-snippet:-1","max-image-preview":"max-image-preview:large","max-video-preview":"max-video-preview:-1"},"canonical":"https:\/\/cuadra-agrado.es\/?p=3425","og_locale":"es_ES","og_type":"article","og_title":"Rany\u00e1n busca su tercera consecutiva en Lasarte.... - Cuadra Agrado","og_description":"Sin que estuviera previsto en nuestro programa inicial de verano, \u201cRanyan\u201d regresa a la pista de Lasarte por cuarta vez esta temporada para tratar de enganchar su tercera victoria consecutiva en la \u201cconsolatoria\u201d a la Copa de Oro, sobre su mejor distancia de 2.200 metros. Despu\u00e9s de su gran doblete en junio y julio en [&hellip;]","og_url":"https:\/\/cuadra-agrado.es\/?p=3425","og_site_name":"Cuadra Agrado","article_published_time":"2017-08-10T14:58:16+00:00","article_modified_time":"2024-02-27T09:27:26+00:00","og_image":[{"url":"http:\/\/cuadra-agrado.es\/wp-content\/uploads\/2017\/08\/Ranyan-Txapeldun2-201x300.jpg","type":"","width":"","height":""}],"author":"Miguel Redondo","twitter_card":"summary_large_image","twitter_creator":"@AGRADOracing","twitter_site":"@AGRADOracing","twitter_misc":{"Escrito por":"Miguel Redondo","Tiempo de lectura":"4 minutos"},"schema":{"@context":"https:\/\/schema.org","@graph":[{"@type":"Article","@id":"https:\/\/cuadra-agrado.es\/?p=3425#article","isPartOf":{"@id":"https:\/\/cuadra-agrado.es\/?p=3425"},"author":{"name":"Miguel Redondo","@id":"https:\/\/cuadra-agrado.es\/#\/schema\/person\/3aa4f8d2373cf756d93a5526bc72f31b"},"headline":"Rany\u00e1n busca su tercera consecutiva en Lasarte&#8230;.","datePublished":"2017-08-10T14:58:16+00:00","dateModified":"2024-02-27T09:27:26+00:00","mainEntityOfPage":{"@id":"https:\/\/cuadra-agrado.es\/?p=3425"},"wordCount":880,"image":{"@id":"https:\/\/cuadra-agrado.es\/?p=3425#primaryimage"},"thumbnailUrl":"http:\/\/cuadra-agrado.es\/wp-content\/uploads\/2017\/08\/Ranyan-Txapeldun2-201x300.jpg","articleSection":["Actualidad"],"inLanguage":"es"},{"@type":"WebPage","@id":"https:\/\/cuadra-agrado.es\/?p=3425","url":"https:\/\/cuadra-agrado.es\/?p=3425","name":"Rany\u00e1n busca su tercera consecutiva en Lasarte.... - Cuadra Agrado","isPartOf":{"@id":"https:\/\/cuadra-agrado.es\/#website"},"primaryImageOfPage":{"@id":"https:\/\/cuadra-agrado.es\/?p=3425#primaryimage"},"image":{"@id":"https:\/\/cuadra-agrado.es\/?p=3425#primaryimage"},"thumbnailUrl":"http:\/\/cuadra-agrado.es\/wp-content\/uploads\/2017\/08\/Ranyan-Txapeldun2-201x300.jpg","datePublished":"2017-08-10T14:58:16+00:00","dateModified":"2024-02-27T09:27:26+00:00","author":{"@id":"https:\/\/cuadra-agrado.es\/#\/schema\/person\/3aa4f8d2373cf756d93a5526bc72f31b"},"breadcrumb":{"@id":"https:\/\/cuadra-agrado.es\/?p=3425#breadcrumb"},"inLanguage":"es","potentialAction":[{"@type":"ReadAction","target":["https:\/\/cuadra-agrado.es\/?p=3425"]}]},{"@type":"ImageObject","inLanguage":"es","@id":"https:\/\/cuadra-agrado.es\/?p=3425#primaryimage","url":"http:\/\/cuadra-agrado.es\/wp-content\/uploads\/2017\/08\/Ranyan-Txapeldun2-201x300.jpg","contentUrl":"http:\/\/cuadra-agrado.es\/wp-content\/uploads\/2017\/08\/Ranyan-Txapeldun2-201x300.jpg"},{"@type":"BreadcrumbList","@id":"https:\/\/cuadra-agrado.es\/?p=3425#breadcrumb","itemListElement":[{"@type":"ListItem","position":1,"name":"Portada","item":"https:\/\/cuadra-agrado.es\/"},{"@type":"ListItem","position":2,"name":"Rany\u00e1n busca su tercera consecutiva en Lasarte&#8230;."}]},{"@type":"WebSite","@id":"https:\/\/cuadra-agrado.es\/#website","url":"https:\/\/cuadra-agrado.es\/","name":"Cuadra Agrado","description":"En el mundo del Turf desde 2008","potentialAction":[{"@type":"SearchAction","target":{"@type":"EntryPoint","urlTemplate":"https:\/\/cuadra-agrado.es\/?s={search_term_string}"},"query-input":{"@type":"PropertyValueSpecification","valueRequired":true,"valueName":"search_term_string"}}],"inLanguage":"es"},{"@type":"Person","@id":"https:\/\/cuadra-agrado.es\/#\/schema\/person\/3aa4f8d2373cf756d93a5526bc72f31b","name":"Miguel Redondo","image":{"@type":"ImageObject","inLanguage":"es","@id":"https:\/\/secure.gravatar.com\/avatar\/85704fceb4fa34017e3c1344d182da00dbf772fb8856ba2b7726a2df926415b4?s=96&d=mm&r=g","url":"https:\/\/secure.gravatar.com\/avatar\/85704fceb4fa34017e3c1344d182da00dbf772fb8856ba2b7726a2df926415b4?s=96&d=mm&r=g","contentUrl":"https:\/\/secure.gravatar.com\/avatar\/85704fceb4fa34017e3c1344d182da00dbf772fb8856ba2b7726a2df926415b4?s=96&d=mm&r=g","caption":"Miguel Redondo"},"sameAs":["https:\/\/cuadra-agrado.es"],"url":"https:\/\/cuadra-agrado.es\/?author=5"}]}},"_links":{"self":[{"href":"https:\/\/cuadra-agrado.es\/index.php?rest_route=\/wp\/v2\/posts\/3425","targetHints":{"allow":["GET"]}}],"collection":[{"href":"https:\/\/cuadra-agrado.es\/index.php?rest_route=\/wp\/v2\/posts"}],"about":[{"href":"https:\/\/cuadra-agrado.es\/index.php?rest_route=\/wp\/v2\/types\/post"}],"author":[{"embeddable":true,"href":"https:\/\/cuadra-agrado.es\/index.php?rest_route=\/wp\/v2\/users\/5"}],"replies":[{"embeddable":true,"href":"https:\/\/cuadra-agrado.es\/index.php?rest_route=%2Fwp%2Fv2%2Fcomments&post=3425"}],"version-history":[{"count":0,"href":"https:\/\/cuadra-agrado.es\/index.php?rest_route=\/wp\/v2\/posts\/3425\/revisions"}],"wp:attachment":[{"href":"https:\/\/cuadra-agrado.es\/index.php?rest_route=%2Fwp%2Fv2%2Fmedia&parent=3425"}],"wp:term":[{"taxonomy":"category","embeddable":true,"href":"https:\/\/cuadra-agrado.es\/index.php?rest_route=%2Fwp%2Fv2%2Fcategories&post=3425"},{"taxonomy":"post_tag","embeddable":true,"href":"https:\/\/cuadra-agrado.es\/index.php?rest_route=%2Fwp%2Fv2%2Ftags&post=3425"}],"curies":[{"name":"wp","href":"https:\/\/api.w.org\/{rel}","templated":true}]}}