{"id":3391,"date":"2017-07-24T09:43:37","date_gmt":"2017-07-24T08:43:37","guid":{"rendered":"https:\/\/cuadra-agrado.es\/?p=3391"},"modified":"2024-02-27T09:27:27","modified_gmt":"2024-02-27T09:27:27","slug":"ranyan-intratable-san-sebastian","status":"publish","type":"post","link":"https:\/\/cuadra-agrado.es\/?p=3391","title":{"rendered":"Ranyan, intratable en San Sebastian!!!"},"content":{"rendered":"<p style=\"text-align: justify;\"><a href=\"http:\/\/cuadra-agrado.es\/wp-content\/uploads\/2017\/07\/ranyan-txapeldun.jpg\" target=\"_blank\" rel=\"noopener noreferrer\"><img loading=\"lazy\" decoding=\"async\" class=\"alignleft wp-image-3418\" src=\"http:\/\/cuadra-agrado.es\/wp-content\/uploads\/2017\/07\/ranyan-txapeldun-300x201.jpg\" alt=\"\" width=\"270\" height=\"181\"><\/a>C<a href=\"http:\/\/cuadra-agrado.es\/wp-content\/uploads\/2013\/03\/thumb_2433210003bc7a.jpg\" target=\"_blank\" rel=\"noopener noreferrer\"><img loading=\"lazy\" decoding=\"async\" class=\"alignleft wp-image-173\" src=\"http:\/\/cuadra-agrado.es\/wp-content\/uploads\/2013\/03\/thumb_2433210003bc7a.jpg\" alt=\"\" width=\"181\" height=\"181\"><\/a>inco a\u00f1os despu\u00e9s los mismos protagonistas en el mismo recinto de&nbsp;ganadores del Hip\u00f3dromo de San Sebasti\u00e1n con nuestro caballo m\u00e1s querido. Algo hemos cambiado todos, sobretodo esos enanos turferos que irremediablemente se hacen mayores, pero el que no ha cambiado nada es este viejo alaz\u00e1n de ocho a\u00f1itos que sigue brind\u00e1ndonos alegr\u00edas y vivencias para el recuerdo como si de un potro se tratara&#8230; En su primera carrera en tierras vascas (agosto de 2012) nos brindaba su primera victoria en ese maravilloso y legendario hip\u00f3dromo y, casi cinco a\u00f1os despu\u00e9s nos vuelve a reunir a toda la familia en otra foto para nuestra historia. Orlov, Valiant Blue y Rany\u00e1n fueron nuestros tres primeros caballos y, con ellos comenz\u00f3 nuestra aventura. Hoy, el \u00abviejo\u00bb, como cari\u00f1osamente es reconocido en nuestro turf, es el \u00fanico de los tres que sigue peleando cada carrera y demostrando su grandeza&#8230;.&nbsp;<\/p>\n<p style=\"text-align: justify;\">Novena victoria de \u201c<strong>Ranyan\u201d<\/strong> en competici\u00f3n que sabe a gloria y, segunda consecutiva en tierras donostiarras en esta temporada veraniega donde continua intratable. Sab\u00edamos de su coraz\u00f3n y de su coraje, pero aun desconoc\u00edamos sus l\u00edmites\u2026 Ayer pudimos presenciar en vivo, creo que su mayor gesta de esfuerzo y coraz\u00f3n que le hemos visto hasta la fecha. Exhausto lleg\u00f3 el pobre a recinto de ganadores con un soplo casi agonizante que parec\u00eda pedirte por favor, que fuera la \u00faltima en portar tanto peso en un duro h\u00e1ndicap. Con 63 \u201ckilazos\u201d, ya anticip\u00e1bamos en nuestra previa que ten\u00edamos aun buenas opciones para pasar de nuevo por ganadores y, el \u201cviejo\u201d cumpli\u00f3 nuestros mejores pron\u00f3sticos con el coraje de enfrentarse a un buen lote de ganadores y rematar los \u00faltimos 100 metros de la forma que lo hizo. Casi batido en el \u00faltimo furlong, por en el centro de la pista y con rivales&nbsp; a derecha e izquierda acechando como leones, el gran \u201cBorja Fayos\u201d, despu\u00e9s de empujarle con todo durante casi los 500 metros de larga recta, le record\u00f3 a falta de 100 metros con un certero fustazo que ten\u00eda que ganar para demostrar otra vez m\u00e1s quien era, y el \u201cviejo\u201d entendi\u00f3 r\u00e1pidamente su petici\u00f3n subiendo una marcha m\u00e1s y echando el resto para en solo 50 metros sacar un cuerpo de ventaja en el poste de meta a sus fieros rivales del d\u00eda \u201c<strong>Loup Boutin\u201d<\/strong> y \u201c<strong>Nemerina\u201d<\/strong> que ya se relam\u00edan.<\/p>\n<p>Otra nueva gesta de un noble y batallador caballo con cara de bueno y enorme coraz\u00f3n. Un aut\u00e9ntico gladiador de las pistas que sigue a sus ocho a\u00f1os dando lecciones de coraje a j\u00f3venes y viejas promesas.<br \/>\nQu\u00e9 pena que caballos como \u00e9l cumplan irremediablemente a\u00f1os, y pronto dejemos de verles competir\u2026.<br \/>\n<a href=\"http:\/\/cuadra-agrado.es\/wp-content\/uploads\/2017\/07\/totxto-txapeldun.jpg\" target=\"_blank\" rel=\"noopener noreferrer\"><img loading=\"lazy\" decoding=\"async\" class=\"alignright wp-image-3395\" src=\"http:\/\/cuadra-agrado.es\/wp-content\/uploads\/2017\/07\/totxto-txapeldun-300x225.jpg\" alt=\"\" width=\"209\" height=\"157\"><\/a>El premio \u201c<em>Totxo Txapeldun\u201d<\/em> (Totxo el Campe\u00f3n) ya est\u00e1 en nuestras vitrinas!!! Un premio que nos hace especial ilusi\u00f3n por lo que supone como reconocimiento a un caballo que ha sido y sigue siendo uno de nuestros referentes de nuestra generaci\u00f3n. El incombustible, batallador y eterno \u201c<strong>Totxo\u201d<\/strong> es un fiel reflejo de nuestro \u201cRanyan\u201d y de los valores que como ellos aportan a nuestro turf. Este original pedazo de madera grabada con tanto cari\u00f1o por la familia \u201cAvial\u201d permanecer\u00e1 ya en el recuerdo de nuestra historia. Eskerrik Asko!!!<\/p>\n<p style=\"text-align: justify;\">Y como siempre, para despedir la cr\u00f3nica del d\u00eda despu\u00e9s, agradecer primero a otro incombustible gladiador como es <em>\u201cBorja Fayos\u201d<\/em>. Uno de esos Jockeys que echaremos mucho de menos cuando cuelgue las botas, que esperemos sea muy, muy tarde\u2026 Puro coraje de sangre caliente capaz de reconocer cuando se equivoca, y pasar desapercibido cuando hace una monta estratosf\u00e9rica como le hizo ayer a \u201cRanyan\u201d y posterior a \u201cZascandil\u201d. No te preocupes amigo, no hace falta que te cuelgues t\u00fa la medalla, ya te la colgamos nosotros y el resto de la afici\u00f3n \u2026. Chapeau y muchas gracias!!! esperamos poder contar m\u00e1s contigo&#8230;.<\/p>\n<p style=\"text-align: justify;\">Y como no puede ser de otra forma, agradecer al \u201cPrepa\u201d<em> Juan Luis Maroto<\/em> y a todo su gran equipo el enorme trabajo con el \u201cviejo\u201d. Sabemos que se ha ganado en el patio el reconocimiento y afecto de todos, pero todo ha sido gracias a la labor conjunta que han hecho con \u00e9l cuid\u00e1ndole con mucho cari\u00f1o desde el principio.<\/p>\n<p style=\"text-align: justify;\">Novena victoria y nos queda solamente una para cumplir el objetivo marcado con \u00e9l antes de su retirada de competici\u00f3n. <strong>Ranyan<\/strong> es muy probable que con esta victoria se haya despedido definitivamente de un hip\u00f3dromo que ha sido su pista talism\u00e1n durante toda su vida de competici\u00f3n. Un hip\u00f3dromo que se adapt\u00f3 perfectamente a sus condiciones y que de seis salidas, ha conseguido tres victorias y tres terceros puestos, exceptuando su maltrecha ca\u00edda que para nosotros no cuenta. Un Hip\u00f3dromo muy cercano y querido para \u00e9l y tambi\u00e9n para nosotros donde siempre se nos trata de manera excepcional. Ahora toca recuperar fuerzas y tratar de terminar el a\u00f1o en la misma l\u00ednea de victorias por lo que en pr\u00f3ximos d\u00edas programaremos sus \u00faltimas batallas.<\/p>\n<p style=\"text-align: justify;\">GRANDE VIEJO!!!<\/p>\n<!-- AddThis Advanced Settings generic via filter on the_content --><!-- AddThis Share Buttons generic via filter on the_content -->","protected":false},"excerpt":{"rendered":"<p>Cinco a\u00f1os despu\u00e9s los mismos protagonistas en el mismo recinto de&nbsp;ganadores del Hip\u00f3dromo de San Sebasti\u00e1n con nuestro caballo m\u00e1s querido. Algo hemos cambiado todos, sobretodo esos enanos turferos que irremediablemente se hacen mayores, pero el que no ha cambiado nada es este viejo alaz\u00e1n de ocho a\u00f1itos que sigue brind\u00e1ndonos alegr\u00edas y vivencias para [&hellip;]<!-- AddThis Advanced Settings generic via filter on get_the_excerpt --><!-- AddThis Share Buttons generic via filter on get_the_excerpt --><\/p>\n","protected":false},"author":5,"featured_media":0,"comment_status":"closed","ping_status":"closed","sticky":false,"template":"","format":"gallery","meta":{"_acf_changed":false,"_et_pb_use_builder":"","_et_pb_old_content":"","_et_gb_content_width":"","footnotes":""},"categories":[3],"tags":[],"class_list":["post-3391","post","type-post","status-publish","format-gallery","hentry","category-noticias-cuadra-agrado","post_format-post-format-gallery"],"acf":[],"yoast_head":"<!-- This site is optimized with the Yoast SEO plugin v27.4 - https:\/\/yoast.com\/product\/yoast-seo-wordpress\/ -->\n<title>Ranyan, intratable en San Sebastian!!! - Cuadra Agrado<\/title>\n<meta name=\"robots\" content=\"index, follow, max-snippet:-1, max-image-preview:large, max-video-preview:-1\" \/>\n<link rel=\"canonical\" href=\"https:\/\/cuadra-agrado.es\/?p=3391\" \/>\n<meta property=\"og:locale\" content=\"es_ES\" \/>\n<meta property=\"og:type\" content=\"article\" \/>\n<meta property=\"og:title\" content=\"Ranyan, intratable en San Sebastian!!! - Cuadra Agrado\" \/>\n<meta property=\"og:description\" content=\"Cinco a\u00f1os despu\u00e9s los mismos protagonistas en el mismo recinto de&nbsp;ganadores del Hip\u00f3dromo de San Sebasti\u00e1n con nuestro caballo m\u00e1s querido. Algo hemos cambiado todos, sobretodo esos enanos turferos que irremediablemente se hacen mayores, pero el que no ha cambiado nada es este viejo alaz\u00e1n de ocho a\u00f1itos que sigue brind\u00e1ndonos alegr\u00edas y vivencias para [&hellip;]\" \/>\n<meta property=\"og:url\" content=\"https:\/\/cuadra-agrado.es\/?p=3391\" \/>\n<meta property=\"og:site_name\" content=\"Cuadra Agrado\" \/>\n<meta property=\"article:published_time\" content=\"2017-07-24T08:43:37+00:00\" \/>\n<meta property=\"article:modified_time\" content=\"2024-02-27T09:27:27+00:00\" \/>\n<meta property=\"og:image\" content=\"http:\/\/cuadra-agrado.es\/wp-content\/uploads\/2017\/07\/ranyan-txapeldun-300x201.jpg\" \/>\n<meta name=\"author\" content=\"Miguel Redondo\" \/>\n<meta name=\"twitter:card\" content=\"summary_large_image\" \/>\n<meta name=\"twitter:creator\" content=\"@AGRADOracing\" \/>\n<meta name=\"twitter:site\" content=\"@AGRADOracing\" \/>\n<meta name=\"twitter:label1\" content=\"Escrito por\" \/>\n\t<meta name=\"twitter:data1\" content=\"Miguel Redondo\" \/>\n\t<meta name=\"twitter:label2\" content=\"Tiempo de lectura\" \/>\n\t<meta name=\"twitter:data2\" content=\"4 minutos\" \/>\n<script type=\"application\/ld+json\" class=\"yoast-schema-graph\">{\"@context\":\"https:\\\/\\\/schema.org\",\"@graph\":[{\"@type\":\"Article\",\"@id\":\"https:\\\/\\\/cuadra-agrado.es\\\/?p=3391#article\",\"isPartOf\":{\"@id\":\"https:\\\/\\\/cuadra-agrado.es\\\/?p=3391\"},\"author\":{\"name\":\"Miguel Redondo\",\"@id\":\"https:\\\/\\\/cuadra-agrado.es\\\/#\\\/schema\\\/person\\\/3aa4f8d2373cf756d93a5526bc72f31b\"},\"headline\":\"Ranyan, intratable en San Sebastian!!!\",\"datePublished\":\"2017-07-24T08:43:37+00:00\",\"dateModified\":\"2024-02-27T09:27:27+00:00\",\"mainEntityOfPage\":{\"@id\":\"https:\\\/\\\/cuadra-agrado.es\\\/?p=3391\"},\"wordCount\":881,\"image\":{\"@id\":\"https:\\\/\\\/cuadra-agrado.es\\\/?p=3391#primaryimage\"},\"thumbnailUrl\":\"http:\\\/\\\/cuadra-agrado.es\\\/wp-content\\\/uploads\\\/2017\\\/07\\\/ranyan-txapeldun-300x201.jpg\",\"articleSection\":[\"Actualidad\"],\"inLanguage\":\"es\"},{\"@type\":\"WebPage\",\"@id\":\"https:\\\/\\\/cuadra-agrado.es\\\/?p=3391\",\"url\":\"https:\\\/\\\/cuadra-agrado.es\\\/?p=3391\",\"name\":\"Ranyan, intratable en San Sebastian!!! - Cuadra Agrado\",\"isPartOf\":{\"@id\":\"https:\\\/\\\/cuadra-agrado.es\\\/#website\"},\"primaryImageOfPage\":{\"@id\":\"https:\\\/\\\/cuadra-agrado.es\\\/?p=3391#primaryimage\"},\"image\":{\"@id\":\"https:\\\/\\\/cuadra-agrado.es\\\/?p=3391#primaryimage\"},\"thumbnailUrl\":\"http:\\\/\\\/cuadra-agrado.es\\\/wp-content\\\/uploads\\\/2017\\\/07\\\/ranyan-txapeldun-300x201.jpg\",\"datePublished\":\"2017-07-24T08:43:37+00:00\",\"dateModified\":\"2024-02-27T09:27:27+00:00\",\"author\":{\"@id\":\"https:\\\/\\\/cuadra-agrado.es\\\/#\\\/schema\\\/person\\\/3aa4f8d2373cf756d93a5526bc72f31b\"},\"breadcrumb\":{\"@id\":\"https:\\\/\\\/cuadra-agrado.es\\\/?p=3391#breadcrumb\"},\"inLanguage\":\"es\",\"potentialAction\":[{\"@type\":\"ReadAction\",\"target\":[\"https:\\\/\\\/cuadra-agrado.es\\\/?p=3391\"]}]},{\"@type\":\"ImageObject\",\"inLanguage\":\"es\",\"@id\":\"https:\\\/\\\/cuadra-agrado.es\\\/?p=3391#primaryimage\",\"url\":\"http:\\\/\\\/cuadra-agrado.es\\\/wp-content\\\/uploads\\\/2017\\\/07\\\/ranyan-txapeldun-300x201.jpg\",\"contentUrl\":\"http:\\\/\\\/cuadra-agrado.es\\\/wp-content\\\/uploads\\\/2017\\\/07\\\/ranyan-txapeldun-300x201.jpg\"},{\"@type\":\"BreadcrumbList\",\"@id\":\"https:\\\/\\\/cuadra-agrado.es\\\/?p=3391#breadcrumb\",\"itemListElement\":[{\"@type\":\"ListItem\",\"position\":1,\"name\":\"Portada\",\"item\":\"https:\\\/\\\/cuadra-agrado.es\\\/\"},{\"@type\":\"ListItem\",\"position\":2,\"name\":\"Ranyan, intratable en San Sebastian!!!\"}]},{\"@type\":\"WebSite\",\"@id\":\"https:\\\/\\\/cuadra-agrado.es\\\/#website\",\"url\":\"https:\\\/\\\/cuadra-agrado.es\\\/\",\"name\":\"Cuadra Agrado\",\"description\":\"En el mundo del Turf desde 2008\",\"potentialAction\":[{\"@type\":\"SearchAction\",\"target\":{\"@type\":\"EntryPoint\",\"urlTemplate\":\"https:\\\/\\\/cuadra-agrado.es\\\/?s={search_term_string}\"},\"query-input\":{\"@type\":\"PropertyValueSpecification\",\"valueRequired\":true,\"valueName\":\"search_term_string\"}}],\"inLanguage\":\"es\"},{\"@type\":\"Person\",\"@id\":\"https:\\\/\\\/cuadra-agrado.es\\\/#\\\/schema\\\/person\\\/3aa4f8d2373cf756d93a5526bc72f31b\",\"name\":\"Miguel Redondo\",\"image\":{\"@type\":\"ImageObject\",\"inLanguage\":\"es\",\"@id\":\"https:\\\/\\\/secure.gravatar.com\\\/avatar\\\/85704fceb4fa34017e3c1344d182da00dbf772fb8856ba2b7726a2df926415b4?s=96&d=mm&r=g\",\"url\":\"https:\\\/\\\/secure.gravatar.com\\\/avatar\\\/85704fceb4fa34017e3c1344d182da00dbf772fb8856ba2b7726a2df926415b4?s=96&d=mm&r=g\",\"contentUrl\":\"https:\\\/\\\/secure.gravatar.com\\\/avatar\\\/85704fceb4fa34017e3c1344d182da00dbf772fb8856ba2b7726a2df926415b4?s=96&d=mm&r=g\",\"caption\":\"Miguel Redondo\"},\"sameAs\":[\"https:\\\/\\\/cuadra-agrado.es\"],\"url\":\"https:\\\/\\\/cuadra-agrado.es\\\/?author=5\"}]}<\/script>\n<!-- \/ Yoast SEO plugin. -->","yoast_head_json":{"title":"Ranyan, intratable en San Sebastian!!! - Cuadra Agrado","robots":{"index":"index","follow":"follow","max-snippet":"max-snippet:-1","max-image-preview":"max-image-preview:large","max-video-preview":"max-video-preview:-1"},"canonical":"https:\/\/cuadra-agrado.es\/?p=3391","og_locale":"es_ES","og_type":"article","og_title":"Ranyan, intratable en San Sebastian!!! - Cuadra Agrado","og_description":"Cinco a\u00f1os despu\u00e9s los mismos protagonistas en el mismo recinto de&nbsp;ganadores del Hip\u00f3dromo de San Sebasti\u00e1n con nuestro caballo m\u00e1s querido. Algo hemos cambiado todos, sobretodo esos enanos turferos que irremediablemente se hacen mayores, pero el que no ha cambiado nada es este viejo alaz\u00e1n de ocho a\u00f1itos que sigue brind\u00e1ndonos alegr\u00edas y vivencias para [&hellip;]","og_url":"https:\/\/cuadra-agrado.es\/?p=3391","og_site_name":"Cuadra Agrado","article_published_time":"2017-07-24T08:43:37+00:00","article_modified_time":"2024-02-27T09:27:27+00:00","og_image":[{"url":"http:\/\/cuadra-agrado.es\/wp-content\/uploads\/2017\/07\/ranyan-txapeldun-300x201.jpg","type":"","width":"","height":""}],"author":"Miguel Redondo","twitter_card":"summary_large_image","twitter_creator":"@AGRADOracing","twitter_site":"@AGRADOracing","twitter_misc":{"Escrito por":"Miguel Redondo","Tiempo de lectura":"4 minutos"},"schema":{"@context":"https:\/\/schema.org","@graph":[{"@type":"Article","@id":"https:\/\/cuadra-agrado.es\/?p=3391#article","isPartOf":{"@id":"https:\/\/cuadra-agrado.es\/?p=3391"},"author":{"name":"Miguel Redondo","@id":"https:\/\/cuadra-agrado.es\/#\/schema\/person\/3aa4f8d2373cf756d93a5526bc72f31b"},"headline":"Ranyan, intratable en San Sebastian!!!","datePublished":"2017-07-24T08:43:37+00:00","dateModified":"2024-02-27T09:27:27+00:00","mainEntityOfPage":{"@id":"https:\/\/cuadra-agrado.es\/?p=3391"},"wordCount":881,"image":{"@id":"https:\/\/cuadra-agrado.es\/?p=3391#primaryimage"},"thumbnailUrl":"http:\/\/cuadra-agrado.es\/wp-content\/uploads\/2017\/07\/ranyan-txapeldun-300x201.jpg","articleSection":["Actualidad"],"inLanguage":"es"},{"@type":"WebPage","@id":"https:\/\/cuadra-agrado.es\/?p=3391","url":"https:\/\/cuadra-agrado.es\/?p=3391","name":"Ranyan, intratable en San Sebastian!!! - Cuadra Agrado","isPartOf":{"@id":"https:\/\/cuadra-agrado.es\/#website"},"primaryImageOfPage":{"@id":"https:\/\/cuadra-agrado.es\/?p=3391#primaryimage"},"image":{"@id":"https:\/\/cuadra-agrado.es\/?p=3391#primaryimage"},"thumbnailUrl":"http:\/\/cuadra-agrado.es\/wp-content\/uploads\/2017\/07\/ranyan-txapeldun-300x201.jpg","datePublished":"2017-07-24T08:43:37+00:00","dateModified":"2024-02-27T09:27:27+00:00","author":{"@id":"https:\/\/cuadra-agrado.es\/#\/schema\/person\/3aa4f8d2373cf756d93a5526bc72f31b"},"breadcrumb":{"@id":"https:\/\/cuadra-agrado.es\/?p=3391#breadcrumb"},"inLanguage":"es","potentialAction":[{"@type":"ReadAction","target":["https:\/\/cuadra-agrado.es\/?p=3391"]}]},{"@type":"ImageObject","inLanguage":"es","@id":"https:\/\/cuadra-agrado.es\/?p=3391#primaryimage","url":"http:\/\/cuadra-agrado.es\/wp-content\/uploads\/2017\/07\/ranyan-txapeldun-300x201.jpg","contentUrl":"http:\/\/cuadra-agrado.es\/wp-content\/uploads\/2017\/07\/ranyan-txapeldun-300x201.jpg"},{"@type":"BreadcrumbList","@id":"https:\/\/cuadra-agrado.es\/?p=3391#breadcrumb","itemListElement":[{"@type":"ListItem","position":1,"name":"Portada","item":"https:\/\/cuadra-agrado.es\/"},{"@type":"ListItem","position":2,"name":"Ranyan, intratable en San Sebastian!!!"}]},{"@type":"WebSite","@id":"https:\/\/cuadra-agrado.es\/#website","url":"https:\/\/cuadra-agrado.es\/","name":"Cuadra Agrado","description":"En el mundo del Turf desde 2008","potentialAction":[{"@type":"SearchAction","target":{"@type":"EntryPoint","urlTemplate":"https:\/\/cuadra-agrado.es\/?s={search_term_string}"},"query-input":{"@type":"PropertyValueSpecification","valueRequired":true,"valueName":"search_term_string"}}],"inLanguage":"es"},{"@type":"Person","@id":"https:\/\/cuadra-agrado.es\/#\/schema\/person\/3aa4f8d2373cf756d93a5526bc72f31b","name":"Miguel Redondo","image":{"@type":"ImageObject","inLanguage":"es","@id":"https:\/\/secure.gravatar.com\/avatar\/85704fceb4fa34017e3c1344d182da00dbf772fb8856ba2b7726a2df926415b4?s=96&d=mm&r=g","url":"https:\/\/secure.gravatar.com\/avatar\/85704fceb4fa34017e3c1344d182da00dbf772fb8856ba2b7726a2df926415b4?s=96&d=mm&r=g","contentUrl":"https:\/\/secure.gravatar.com\/avatar\/85704fceb4fa34017e3c1344d182da00dbf772fb8856ba2b7726a2df926415b4?s=96&d=mm&r=g","caption":"Miguel Redondo"},"sameAs":["https:\/\/cuadra-agrado.es"],"url":"https:\/\/cuadra-agrado.es\/?author=5"}]}},"_links":{"self":[{"href":"https:\/\/cuadra-agrado.es\/index.php?rest_route=\/wp\/v2\/posts\/3391","targetHints":{"allow":["GET"]}}],"collection":[{"href":"https:\/\/cuadra-agrado.es\/index.php?rest_route=\/wp\/v2\/posts"}],"about":[{"href":"https:\/\/cuadra-agrado.es\/index.php?rest_route=\/wp\/v2\/types\/post"}],"author":[{"embeddable":true,"href":"https:\/\/cuadra-agrado.es\/index.php?rest_route=\/wp\/v2\/users\/5"}],"replies":[{"embeddable":true,"href":"https:\/\/cuadra-agrado.es\/index.php?rest_route=%2Fwp%2Fv2%2Fcomments&post=3391"}],"version-history":[{"count":0,"href":"https:\/\/cuadra-agrado.es\/index.php?rest_route=\/wp\/v2\/posts\/3391\/revisions"}],"wp:attachment":[{"href":"https:\/\/cuadra-agrado.es\/index.php?rest_route=%2Fwp%2Fv2%2Fmedia&parent=3391"}],"wp:term":[{"taxonomy":"category","embeddable":true,"href":"https:\/\/cuadra-agrado.es\/index.php?rest_route=%2Fwp%2Fv2%2Fcategories&post=3391"},{"taxonomy":"post_tag","embeddable":true,"href":"https:\/\/cuadra-agrado.es\/index.php?rest_route=%2Fwp%2Fv2%2Ftags&post=3391"}],"curies":[{"name":"wp","href":"https:\/\/api.w.org\/{rel}","templated":true}]}}