{"id":3336,"date":"2017-06-27T12:30:16","date_gmt":"2017-06-27T11:30:16","guid":{"rendered":"https:\/\/cuadra-agrado.es\/?p=3336"},"modified":"2024-02-27T09:27:28","modified_gmt":"2024-02-27T09:27:28","slug":"81a-edicion-del-gran-premio-madrid","status":"publish","type":"post","link":"https:\/\/cuadra-agrado.es\/?p=3336","title":{"rendered":"81\u00aa Edici\u00f3n del Gran Premio de Madrid"},"content":{"rendered":"<p style=\"text-align: justify;\"><img loading=\"lazy\" decoding=\"async\" class=\"alignleft wp-image-3334 \" src=\"http:\/\/cuadra-agrado.es\/wp-content\/uploads\/2017\/06\/gp-madrid-300x200.jpg\" alt=\"\" width=\"273\" height=\"182\">Este pr\u00f3ximo domingo se clausura la temporada de primavera 2017 en el Hip\u00f3dromo de la Zarzuela con la celebraci\u00f3n de la 81\u00aa edici\u00f3n del Gran Premio de Madrid con categor\u00eda internacional \u00abListed\u00bb y con una dotaci\u00f3n total a repartir en premios de 102.000 euros entre los cuatro primeros y, donde el ganador de la prueba recibir\u00e1 una remuneraci\u00f3n de 60.000 euros coron\u00e1ndose como el mejor fondista de nuestro circuito, con permiso de los for\u00e1neos de la prueba. En total ser\u00e1n 13 los participantes de la prueba con once ejemplares adultos y dos potros de tres a\u00f1os que recibir\u00e1n su respectivo descargo.<\/p>\n<p style=\"text-align: justify;\">Uno por uno y bajo nuestro particular criterio, vamos a detallar sus opciones, no sin antes desearles a todos y cada uno de ellos toda la suerte que merecen, solo por el hecho de participar en la prueba por excelencia de nuestro turf.<br \/>\nA la espera de que alg\u00fan a\u00f1o nuestros colores puedan engalanar tambi\u00e9n este Gran Premio, os presentamos a los 13 participantes de esta edici\u00f3n 2017. Suerte para todos!!!<\/p>\n<hr>\n<p style=\"text-align: justify;\"><span style=\"color: #800000;\">Finalizado el Gran Premio de Madrid 2017, a\u00f1adimos nuestros comentarios post-carrera debajo de cada caballo.<\/span><br \/>\n<span style=\"color: #800000;\">Queremos ofrecer nuestra m\u00e1s sincera enhorabuena a los responsables del flamante ganador del GP Madrid 2017. \u00daltima jornada de la temporada simplemente excepcional e inolvidable con gradas a rebosar, gran colorido y magnifico ambiente que puso fin a la temporada primaveral con un caballo que ya es parte de la historia de nuestro turf&#8230;&nbsp;<\/span><\/p>\n<p style=\"text-align: justify;\"><span style=\"color: #800000;\"> <strong>\u00abTuvalu\u00bb \/Cuadra Santa B\u00e1rbara \/Preparaci\u00f3n de JM Osorio. \/Oscar Ortiz de Urbina<br \/>\nEl buen trabajo, siempre merece una gran recompensa&#8230;.<\/strong><\/span><\/p>\n<p style=\"text-align: justify;\"><span style=\"color: #800000;\">Del mismo modo, queremos tambi\u00e9n felicitar a Cuadra AGF y Cuadra Siempre Fani y a todos sus responsables por el gran segundo y tercer puesto respectivamente en el Gran Premio de Madrid 2017 con dos caballos nacionales como \u00abParsifal\u00bb y \u00abEl Inca\u00bb.<\/span><\/p>\n<hr>\n<p style=\"text-align: justify;\"><strong>&nbsp;<\/strong><\/p>\n<p style=\"text-align: justify;\"><a href=\"http:\/\/cuadra-agrado.es\/wp-content\/uploads\/2017\/06\/martul.gif\"><img loading=\"lazy\" decoding=\"async\" class=\"alignleft wp-image-3329\" src=\"http:\/\/cuadra-agrado.es\/wp-content\/uploads\/2017\/06\/martul.gif\" alt=\"\" width=\"42\" height=\"47\"><\/a><strong>1. ATACAMA (SPA)&nbsp;<\/strong><br \/>\nPropietario: Cuadra Martul \/ Preparaci\u00f3n: Ana Imaz<br \/>\nJockey: S. Saadi<\/p>\n<p style=\"text-align: justify;\">Muy batido en su \u00faltima de San Sebastian ante un lote que no superaba valor 35 nos dice que no debiera tener demasiada opci\u00f3n. Solamente ganador a dos a\u00f1os sobre la fibra de Pau, no deber\u00eda tener demasiados argumentos para figurar en todo un Gran Premio, pero los amigos de la Martul, que de esto saben bastante, han llegado con \u00e9l hasta el final y la encomiable valent\u00eda bien merece al menos disfrutar de un partant en todo un Gran Premio de Madrid con muy pocas posibilidades de \u00e9xito, pero muy tranquilos y sin nada que perder despu\u00e9s de tener ya en el bolsillo un Gran Premio este a\u00f1o.<\/p>\n<p style=\"text-align: justify;\"><span style=\"color: #800000;\">Poco ten\u00eda que perder y mucho que ganar, pero al final el valor inferior al resto de participantes le posicion\u00f3 en su lugar y, aunque estuvo en el lote durante gran parte del recorrido, ya en la \u00faltima curva Saadi tuvo que moverlo mucho para tratar de posicionarlo en la recta. Los \u00faltimos 400 le fueron enviando a posiciones de cola y en el poste de los 200 le baj\u00f3 definitivamente las manos para llegar en la \u00faltima posici\u00f3n.<\/span><\/p>\n<hr>\n<p style=\"text-align: justify;\"><a href=\"http:\/\/cuadra-agrado.es\/wp-content\/uploads\/2017\/06\/popular.gif\"><img loading=\"lazy\" decoding=\"async\" class=\"alignleft wp-image-3328\" src=\"http:\/\/cuadra-agrado.es\/wp-content\/uploads\/2017\/06\/popular.gif\" alt=\"\" width=\"42\" height=\"47\"><\/a><strong>2. CHECO &nbsp;(SPA)<\/strong><br \/>\nPropietario: Cuadra P\u00f4pular \/ Preparaci\u00f3n: Guillermo Arizcorreta<br \/>\nJockey: Jaime Gelabert<\/p>\n<p style=\"text-align: justify;\">Primera opci\u00f3n que presenta el l\u00edder de la estad\u00edstica de preparadores. Doble colocado de \u00abListed\u00bb, una de ellas como segundo de la pasada edici\u00f3n del GP de Madrid. Este a\u00f1o, tres salidas a pista y franca mejor\u00eda y progresi\u00f3n en su \u00faltima con un buen tercero en el \u00abRheffissimo\u00bb por detr\u00e1s de \u00abNatagaima\u00bb. Creemos que su valor actual 41 est\u00e1 incluso infravalorado y quiz\u00e1s pueda tener en esta alg\u00fan kilo m\u00e1s que le permita luchar victoria. En el tr\u00edo es casi uno de los fijos, pero vemos alguno por delante de \u00e9l y el que no se suba el primer fila deja dudas&#8230;..<\/p>\n<p style=\"text-align: justify;\"><span style=\"color: #800000;\">Muy valiente durante todo el recorrido, comand\u00f3 la prueba desde cajones hasta el poste de los 300 metros para sucumbir ante el potente cambio de ritmo de Tuvalu por el exterior, y ya en el \u00faltimo hect\u00f3metro por otros que vinieron guardando fuerzas. Le sobraron 10o metros y, aunque debi\u00f3 y mereci\u00f3 estar en el tr\u00edo, o al menos en el dinero, el desgaste de todo el recorrido pas\u00f3 factura para llegar en ese quinto puesto que sin duda sabr\u00e1 amargo para sus responsables.<\/span><\/p>\n<hr>\n<p style=\"text-align: justify;\"><a href=\"http:\/\/cuadra-agrado.es\/wp-content\/uploads\/2017\/06\/edif.gif\"><img loading=\"lazy\" decoding=\"async\" class=\"alignleft wp-image-3327\" src=\"http:\/\/cuadra-agrado.es\/wp-content\/uploads\/2017\/06\/edif.gif\" alt=\"\" width=\"42\" height=\"47\"><\/a><strong>3. GREEN SOLDIER (FR)<\/strong><br \/>\nPropietario: Cuadra Edif \/ Preparador: Ana Imaz<br \/>\nJockey: Jean Batiste Hamel<\/p>\n<p style=\"text-align: justify;\">Caballo con gran f\u00edsico y muy luchador que siempre estuvo en el dinero a excepci\u00f3n de un prematuro debut. Valor 39 con solo una salida en el a\u00f1o en un duro \u00abCorpa\u00bb despu\u00e9s de algunos problemas de salud. Caballo con mucha distancia que viene muy fresco a disputar este Gran Premio y que podr\u00eda tener cabida para estar de nuevo en el dinero, pero quiz\u00e1s le ha faltado al menos una m\u00e1s este a\u00f1o para coger ese ritmo de competici\u00f3n que en esta prueba es del todo necesario. Nos sale muy cerca del dinero, pero con menos opciones para luchar victoria.<\/p>\n<p style=\"text-align: justify;\"><span style=\"color: #800000;\">No fue malo su recorrido bien metido en carrera, pero su menor valor y sobretodo su falta de ritmo en competici\u00f3n le dejaron en el lugar donde parec\u00eda estar previsto cerca del dinero, pero en una sexta posici\u00f3n que sin ser remunerada seguro les dar\u00e1 esa confianza a la gran familia Fierro para buscar elevar su valor en pr\u00f3ximas.<\/span><\/p>\n<hr>\n<p style=\"text-align: justify;\"><a href=\"http:\/\/cuadra-agrado.es\/wp-content\/uploads\/2017\/06\/girot.png\"><img loading=\"lazy\" decoding=\"async\" class=\"alignleft wp-image-3330\" src=\"http:\/\/cuadra-agrado.es\/wp-content\/uploads\/2017\/06\/girot.png\" alt=\"\" width=\"42\" height=\"50\"><\/a><strong>4. GRIS NOIR (FR)<\/strong><br \/>\nPropietario: Nicolas Girot \/ Preparador: Y. Durepaire<br \/>\nJockey: Roberto Carlos Montenegro<\/p>\n<p style=\"text-align: justify;\">Primer for\u00e1neo del partant con un largo historial en pruebas francesas que debuta en la pista madrile\u00f1a, hecho este que posiblemente sea su mayor h\u00e1ndicap en una pista muy r\u00e1pida y firme. Un reenganche de \u00faltima hora que da miedo con un valor franc\u00e9s 40 m\u00e1s que suficiente para dar la cara y llevarse el premio para Francia, aunque quiz\u00e1s los 2.500 metros se le queden incluso algo cortos con respecto a lo que est\u00e1 acostumbrado en un turf franc\u00e9s con recorridos pausados por encima de los 3.000 metros. Ganador en su \u00faltima francesa en una quint\u00e9 de <em>Maison laffitte<\/em> hace apenas un mes, tiene sin duda su buena opci\u00f3n, pero vemos tambi\u00e9n alg\u00fan otro por delante mucho m\u00e1s curtido en esta pista. Ser\u00eda una osad\u00eda olvidarle en los tr\u00edos&#8230;.<\/p>\n<p style=\"text-align: justify;\"><span style=\"color: #800000;\">Muy valiente tambi\u00e9n en el recorrido siempre en posiciones de vanguardia, jug\u00f3 su mejor opci\u00f3n hasta afrontar la recta donde acostumbrado a un mayor metraje, no tuvo ese cambio de ritmo necesario para afrontar los \u00faltimos 400 metros. Qued\u00f3 relegado en un segundo grupo para bajarle las manos en los 200 y terminar en d\u00e9cima posici\u00f3n muy lejos de la lucha. Se esperaba mucho m\u00e1s despu\u00e9s de su victoria en quint\u00e9, pero su valor real creo que est\u00e1 muy por debajo del 40 franc\u00e9s asignado tras ganar esta.<\/span><\/p>\n<hr>\n<p style=\"text-align: justify;\"><a href=\"http:\/\/cuadra-agrado.es\/wp-content\/uploads\/2017\/06\/agf.gif\"><img loading=\"lazy\" decoding=\"async\" class=\"alignleft wp-image-3326\" src=\"http:\/\/cuadra-agrado.es\/wp-content\/uploads\/2017\/06\/agf.gif\" alt=\"\" width=\"42\" height=\"47\"><\/a><strong>5. PARSIFAL (SPA)<\/strong><br \/>\nPropietario: Yeguada AGF \/ preparaci\u00f3n: Guillermo Arizcorreta<br \/>\nJockey: V. Janacek<\/p>\n<p style=\"text-align: justify;\">Una sola salida en el a\u00f1o y otro de los reenganchados, aunque en el caso de AGF esto es lo habitual en grandes premios si el caballo est\u00e1 en forma y merece el partant. Valor nacional 39,5 se queda algo corto para ponerle alarma, pero <em>Arizcorreta<\/em> en estas grandes citas siempre tiene algo guardado y su reenganche no es para figurar en el paddock, m\u00e1s si cabe cuando el actual l\u00edder de la estad\u00edstica le prefiere antes que a \u00abCheco\u00bb. Viene de ganar con solvencia el \u00abBannaby\u00bb ante un buen lote y esto es para tener tambi\u00e9n muy en cuenta, pero nunca ha corrido por encima de los 2.200 metros y dependiendo del ritmo de carrera pudiera estar en las lineas del dinero o fuera de ella. Le vemos con opciones por forma y monta, pero nos falta algo de valor para ponerle en negrita&#8230;.&nbsp;<\/p>\n<p style=\"text-align: justify;\"><span style=\"color: #800000;\">Ya anticip\u00e1bamos en la previa que que el reenganche de AGF solo era posible si el caballo se lo merec\u00eda y estaba en condiciones de luchar carrera y, ayer volvi\u00f3 a demostrar la dupla &nbsp;Arizcorreta-AGF que hay que tenerle siempre puesto un ojo cuando deciden el suplemento. Muy bien posicionado durante todo el recorrido, Janacek supo aguantar hasta el \u00faltimo momento por los palos y a la grupa de \u00abCheco\u00bb para deshacerse de \u00e9l en el \u00faltimo hect\u00f3metro y disputar casi hasta el poste de meta la victoria a Tuvalu. Grata sorpresa nacional donde el valor que a priori nos faltaba, sali\u00f3 a relucir ayer. A seguirlo muy de cerca para grandes citas en distancia.<\/span><\/p>\n<hr>\n<p style=\"text-align: justify;\"><a href=\"http:\/\/cuadra-agrado.es\/wp-content\/uploads\/2017\/06\/laberinto.gif\"><img loading=\"lazy\" decoding=\"async\" class=\"alignleft wp-image-3332\" src=\"http:\/\/cuadra-agrado.es\/wp-content\/uploads\/2017\/06\/laberinto.gif\" alt=\"\" width=\"42\" height=\"47\"><\/a><strong>6. RIGHT CONNECTION (GB)<\/strong><br \/>\nPropietario: Cuadra Laberinto \/ Preparaci\u00f3n: Iv\u00e1n L\u00f3pez<br \/>\nJockey: J. Jarcovsky<\/p>\n<p style=\"text-align: justify;\">Valor franc\u00e9s 42 muy contrastado en distancia durante su vida en competici\u00f3n. Adquirido por Cuadra Laberinto en reclamar franc\u00e9s hace apenas un mes por 14.500 euros y reenganchado en esta para su presentaci\u00f3n en Madrid como principal objetivo de sus nuevos responsables. Creemos que por valor tiene una magn\u00edfica opci\u00f3n de pelear el gran premio, aunque nos extra\u00f1a que el pillo de \u00abBotti\u00bb le dejara marchar con el menor valor de venta de aquel reclamar (14.000 \u20ac) y, sin defensa alguna. Por valor es un muy digno candidato a la victoria, por salud no lo sabemos&#8230;. Habr\u00e1 que echar un ojo anticipado en el paddock para ver si sus posibles vendajes aclaran sus opciones&#8230;&nbsp;<\/p>\n<p style=\"text-align: justify;\"><span style=\"color: #800000;\">Muy escondido durante todo el recorrido en posiciones intermedias y sin meterse en demasiados problemas siempre por fuera y viendo pista, aguant\u00f3 el ritmo hasta la \u00faltima curva, pero no hab\u00eda m\u00e1s caballo para los \u00faltimos 400 y aunque Jarcovsky trat\u00f3 de despertarlo con tres palos seguidos, enseguida se dio cuenta que no ten\u00eda mucho que hacer ante el cambio de ritmo de muchos de delante. Nuestras dudas de sus posibles problemas de salud creo quedaron despejadas ayer y esperamos que el maestro Ivan L\u00f3pez, como gran recuperador de caballos, pueda devolverle en futuras salidas parte del valor que tuvo anta\u00f1o.<\/span><\/p>\n<hr>\n<p style=\"text-align: justify;\"><a href=\"http:\/\/cuadra-agrado.es\/wp-content\/uploads\/2017\/06\/sehrish.gif\"><img loading=\"lazy\" decoding=\"async\" class=\"alignleft wp-image-3325\" src=\"http:\/\/cuadra-agrado.es\/wp-content\/uploads\/2017\/06\/sehrish.gif\" alt=\"\" width=\"42\" height=\"47\"><\/a><strong>7. SANT\u00b4 ALBERTO (ITA)<\/strong><br \/>\nPropietario: Silver \/ Preparaci\u00f3n: Diogo Texeira<br \/>\nJockey: A. Fiori<\/p>\n<p style=\"text-align: justify;\">Primer representante portugu\u00e9s del partant, asiduo a nuestro circuito nacional. Se mueve mejor en terreno blando que en el firme que presentar\u00e1 la pista el domingo. Muy corrido este a\u00f1o desde su pretemporada en Sevilla y, ya con nueve a\u00f1os, creemos que este ser\u00e1 su mayor h\u00e1ndicap en contra con un \u00abCorpa\u00bb muy duro en su \u00faltima salida. Ninguno de los que participan en todo un Gran Premio merece un descarte anticipado, pero en este caso vemos muchos por delante de \u00e9l y ser\u00e1 dif\u00edcil que a estas alturas del a\u00f1o y toda la tralla que lleva encima, pueda repetir su mejor actuaci\u00f3n del \u00abFern\u00e1n Nu\u00f1ez\u00bb.<\/p>\n<p style=\"text-align: justify;\"><span style=\"color: #800000;\">Muy valiente en el recorrido siempre a la grupa del puntero \u00abCheco\u00bb, fue m\u00e1s valiente a\u00fan en el poste de los 500 para ser el primero en lanzar el cambio de ritmo que le cost\u00f3 al final muchas posiciones en el poste de meta. Quiz\u00e1s si el italiano Fiori hubiera esperado algo m\u00e1s podr\u00eda haber ganado alguna posici\u00f3n, pero su enorme carga de carreras en 2017 pas\u00f3 factura en los \u00faltimos furlones para terminar en el segundo grupo y copar la octava plaza.<\/span><\/p>\n<hr>\n<p style=\"text-align: justify;\"><a href=\"http:\/\/cuadra-agrado.es\/wp-content\/uploads\/2017\/06\/sehrish.gif\"><img loading=\"lazy\" decoding=\"async\" class=\"alignleft wp-image-3325\" src=\"http:\/\/cuadra-agrado.es\/wp-content\/uploads\/2017\/06\/sehrish.gif\" alt=\"\" width=\"42\" height=\"47\"><\/a><strong>8. SEHRISH (FR)<\/strong><br \/>\nPropietario: Silver \/ Preparaci\u00f3n: Diogo Texeira<br \/>\nJockey: D. Ferreira<\/p>\n<p style=\"text-align: justify;\">Segundo representante con colores portugueses en el gran premio. Tuvo el honor de llevar nombre \u00abAga Khan\u00bb en 2015 y eso ya dice mucho de este hijo de High Chaparral, pero tras dos victorias consecutivas en Francia dej\u00f3 de figurar con valor 37 debido a una lesi\u00f3n. En marzo de este a\u00f1o pas\u00f3 a manos de Texeira que lo present\u00f3 en Madrid en el \u00abRheffissimo\u00bb, pero su mala actuaci\u00f3n pesa mucho como para tenerlo en cuenta en esta gran cita. Al igual que su compa\u00f1ero de bandera, creo que no tiene demasiada opci\u00f3n ni para puestos remunerados en condiciones normales de carrera. Si alguien mereciera un descarte, sin duda ser\u00eda este&#8230;<\/p>\n<p style=\"text-align: justify;\"><span style=\"color: #800000;\">No ten\u00eda a priori demasiadas opciones en esta salida y trat\u00f3 de jugar su mejor opci\u00f3n siendo muy conservador en \u00faltimas posiciones del grupo durante todo el recorrido. Al final no hab\u00eda nada que rascar y ya en la \u00faltima curva entr\u00f3 muy descolgado del grupo. Una pen\u00faltima plaza que cumple con los pron\u00f3sticos anticipados.&nbsp;<\/span><\/p>\n<hr>\n<p style=\"text-align: justify;\"><a href=\"http:\/\/cuadra-agrado.es\/wp-content\/uploads\/2017\/06\/1605.gif\"><img loading=\"lazy\" decoding=\"async\" class=\"alignleft wp-image-3324\" src=\"http:\/\/cuadra-agrado.es\/wp-content\/uploads\/2017\/06\/1605.gif\" alt=\"\" width=\"42\" height=\"47\"><\/a><strong>9. TUVALU (GB)<\/strong><br \/>\nPropietario: Cuadra Santa Barbara \/ Preparaci\u00f3n: JM Osorio<br \/>\nJockey: Oscar Ortiz de Urbina<\/p>\n<p style=\"text-align: justify;\">Sin duda, nuestra elecci\u00f3n a este Gran Premio. Caballo de enorme calidad que bien merece ya un grande en su historial. Su particular preparatoria en el \u00abCorpa\u00bb con una m\u00e1s que solvente victoria por delante de \u00abNatagaima\u00bb le hace, para nosotros, ser el referente de la carrera. Su fiel amigo hasta hoy, \u00abBorja Fayos\u00bb se sube en \u00abAvenue Dargent\u00bb y esperemos no se tenga que arrepentir&#8230; Se sube O.O. Urbina que es tambi\u00e9n una monta de garant\u00eda y que tratar\u00e1 de aprovechar su buena opci\u00f3n para sumar otro grande a su historial. Ya en el pasado Gran Premio de Madrid2016, con mayor calidad que en esta edici\u00f3n, tuvo un muy digno bautizo y con un a\u00f1o m\u00e1s de experiencia, en magn\u00edfica forma y con un contrastado valor 42 creemos que son argumentos m\u00e1s que suficientes para ser firme candidato a una gran victoria que le falta en su haber y que sin duda merece.<\/p>\n<p style=\"text-align: justify;\"><span style=\"color: #800000;\">Nuestro firme candidato cumpli\u00f3 pron\u00f3sticos y se hizo con el GP de Madrid 2017!!! Perfecta y medida la monta de Urbina durante todo el recorrido, pero en este caso no fue tanto m\u00e9rito de la monta como del propio caballo que luc\u00eda espl\u00e9ndido en el paddock y que ven\u00eda en la forma id\u00f3nea para llevarse el entorchado. Caballo ganador para nosotros desde su matr\u00edcula y, que lo demostr\u00f3 con un imponente cambio de ritmo en el poste de los 300 que le vali\u00f3 para llegar como flamante ganador de esta 81\u00aa edici\u00f3n del GPMadrid. Enhorabuena a todos sus responsables por un trabajo excepcionalmente bien hecho con este hijo de Shirocco durante un largo a\u00f1o y que ya quedar\u00e1 para la historia de nuestro turf.<\/span><\/p>\n<hr>\n<p style=\"text-align: justify;\"><a href=\"http:\/\/cuadra-agrado.es\/wp-content\/uploads\/2017\/06\/cocheteux.gif\"><img loading=\"lazy\" decoding=\"async\" class=\"alignleft wp-image-3322\" src=\"http:\/\/cuadra-agrado.es\/wp-content\/uploads\/2017\/06\/cocheteux.gif\" alt=\"\" width=\"42\" height=\"47\"><\/a><strong>10. AVENUE DARGENT<\/strong><br \/>\nPropietario: Roberto Cocheteux \/ Preparaci\u00f3n: JM Osorio<br \/>\nJockey: Borja Fayos<\/p>\n<p style=\"text-align: justify;\">Sin ninguna duda, la yegua del Gran Premio. Tras un largo descanso despu\u00e9s de un duro a\u00f1o 2016 donde solo fall\u00f3 en San Sebastian por circunstancias excusables, se present\u00f3 hace poco m\u00e1s de un mes en este 2017 en el premio \u00abTeresa\u00bb. Su incontestable y abrumadora victoria por 10 cuerpos ofrece cinco estrellas para disputar victoria a nuestro candidato \u00abTuvalu\u00bb. El valor 40,5 asignado por JCE se nos queda algo corto para lo que ha demostrado hasta la fecha y este margen de valor le ser\u00e1 muy \u00fatil para disputar esa victoria y emular a Frine en 2014. Es nuestra segunda solida opci\u00f3n para triunfo final, en gemela con \u00abTuvalu\u00bb.<\/p>\n<p style=\"text-align: justify;\"><span style=\"color: #800000;\">Sin duda esper\u00e1bamos algo m\u00e1s m\u00e1s de ella y seguro que Borja Fayos, que se decidi\u00f3 finalmente por su monta, tambi\u00e9n. Primero de todo queremos darle un fuerte abrazo y nuestros mejores \u00e1nimos al bueno de Borja que cambi\u00f3 la opci\u00f3n del ganador, pero as\u00ed son los valientes y las personas con confianza de hierro y, aunque en este caso al final las cosas no salieron como \u00e9l esperaba, estamos seguros que no se arrepiente de ello por mucho que le haya costado su decisi\u00f3n, tanto en lo econ\u00f3mico, como en lo personal. Avenue trat\u00f3 de marcar durante todo el recorrido al a postre ganador, pero el cambio de ritmo de Tuvalu simplemente fue m\u00e1s explosivo y no pudo engancharse a \u00e9l. Al final una cuarta posici\u00f3n remunerada que nos sabe a poco.<\/span><\/p>\n<hr>\n<p style=\"text-align: justify;\"><a href=\"http:\/\/cuadra-agrado.es\/wp-content\/uploads\/2017\/06\/cocheteux.gif\"><img loading=\"lazy\" decoding=\"async\" class=\"alignleft wp-image-3322\" src=\"http:\/\/cuadra-agrado.es\/wp-content\/uploads\/2017\/06\/cocheteux.gif\" alt=\"\" width=\"42\" height=\"47\"><\/a><strong>11. NATAGAIMA (FR)<\/strong><br \/>\nPropietario: Roberto Cocheteux \/ Preparaci\u00f3n: JM Osorio<br \/>\njockey: Jose Luis Borrego<\/p>\n<p style=\"text-align: justify;\">Tercera bala del \u00abDuque\u00bb y segunda de \u00abCocheteux\u00bb que figura en el lote, pero con un valor 37,5 creemos que ser\u00e1 m\u00e1s una fiel escudera a su patio, que una firme candidata. No son nada malas sus cuatro salidas del a\u00f1o en el \u00abCorpa\u00bb, \u00abRheffissimo\u00bb, \u00abIndian Prince\u00bb y \u00abBaratissima\u00bb, todas ellas en el tr\u00edo por lo que se ha ganado con creces estar aqu\u00ed presente, pero no terminamos de verla luchando en estas grandes citas, aunque m\u00e1s quisi\u00e9ramos nosotros tenerla defendiendo nuestros colores&#8230;. No deber\u00eda estar figurando, pero tiene tambi\u00e9n su opci\u00f3n si fallan unos cuantos por delante para colarse en puestos remunerados.<\/p>\n<p style=\"text-align: justify;\"><span style=\"color: #800000;\">La tercera de filas del Duque creemos que estuvo al final en su lugar. Eran buenas sus cuatro salidas anteriores para un justo merecimiento de estar en el Gran Premio, pero ni la ve\u00edamos en la previa, ni la vimos tampoco despu\u00e9s en la carrera. Muy escondida durante todo el recorrido, entr\u00f3 en el segundo lote lejos de la lucha para terminar s\u00e9ptima en el poste de meta. Creemos que es este caso, con un recorrido algo m\u00e1s valiente hubiera ganado alguna posici\u00f3n, pero muy poco m\u00e1s ten\u00eda que hacer&#8230;&nbsp;<\/span><\/p>\n<hr>\n<p style=\"text-align: justify;\"><a href=\"http:\/\/cuadra-agrado.es\/wp-content\/uploads\/2017\/06\/el-inca.gif\"><img loading=\"lazy\" decoding=\"async\" class=\"alignleft wp-image-3321\" src=\"http:\/\/cuadra-agrado.es\/wp-content\/uploads\/2017\/06\/el-inca.gif\" alt=\"\" width=\"42\" height=\"47\"><\/a><strong>12. EL INCA (SPA)<\/strong><br \/>\nPropietario: Cuadra Siempre Fani \/ Preparaci\u00f3n: Tiago Martins<br \/>\nJockey: Ricardo Sousa<\/p>\n<p style=\"text-align: justify;\">Primer valiente de tres a\u00f1os reenganchado que se enfrente contra viejos en todo un Gran Premio de Madrid y, solamente esto merece todos nuestros respetos y admiraciones. Es evidente que a\u00fan siendo un gran potro con mucha proyecci\u00f3n futura, que ha demostrado su enorme val\u00eda con dos sendos terceros en grandes premios como \u00abDerby\u00bb y \u00abNacional\u00bb, esta prueba se le puede quedar lejos de su actual condici\u00f3n. Los amigos de \u00abSiempre Fani\u00bb merecen disfrutar este d\u00eda a\u00fan sabiendo de sus limitaciones, que sin duda conocen, y esto ya merece mucho la pena para estar en este partant. Deseamos haga un m\u00e1s que digno papel, que disfruten de la carrera, y que el duro envite, no le condicione negativamente para un futuro muy prometedor que sin duda le har\u00e1 luchar futuros grandes premios&#8230;<\/p>\n<p style=\"text-align: justify;\"><span style=\"color: #800000;\">Tremenda alegr\u00eda nos dio ver a un potro nacional como \u00abEl Inca\u00bb entrar en el tr\u00edo en todo un Gran Premio de Madrid. No ten\u00eda demasiadas opciones para los que ve\u00edamos los toros desde la barrera y, aunque todos sab\u00edamos que era un potro con mucho futuro, nos quedamos helados al ver como se marcaba un brutal sprint por calle exterior viniendo casi desde el infierno para terminar en un glorioso tercer puesto. Todo un tercero de Listed bien merece un reconocimiento y una enorme felicitaci\u00f3n para los amigos de \u00abSiempre Fani\u00bb y todos sus responsables. A partir de ahora, sin duda caballo de referencia para grandes citas en la distancia en Espa\u00f1a y donde quiera &#8230;.. Chapeau!!!<\/span><\/p>\n<hr>\n<p style=\"text-align: justify;\"><a href=\"http:\/\/cuadra-agrado.es\/wp-content\/uploads\/2017\/06\/saf-saf.gif\"><img loading=\"lazy\" decoding=\"async\" class=\"alignleft wp-image-3323\" src=\"http:\/\/cuadra-agrado.es\/wp-content\/uploads\/2017\/06\/saf-saf.gif\" alt=\"\" width=\"42\" height=\"47\"><\/a><strong>13. MOST EMPOWERED (IRE)<\/strong><br \/>\nPropietario: Saf Saf \/ Preparaci\u00f3n: M. Delcher<br \/>\nJockey: Jose Luis Martinez<\/p>\n<p style=\"text-align: justify;\">Segunda valiente reenganchada en su edad cl\u00e1sica con bandera hispano-francesa. Se present\u00f3 en Espa\u00f1a hace apenas un mes en todo un Oaks para terminar a solo un cuello de la ganadora \u00abWinfola\u00bb. Su valor actual franc\u00e9s 35 no deber\u00eda ser suficiente para estar en posiciones remuneradas, pero el reenganche de todo un maestro del turf como Mauri Delcher acompa\u00f1ado por la cuadra que representa, bien merece un respeto y esperar a ver resultado que podr\u00eda dar buenos dividendos en taquilla. En un principio, no la vemos para figurar, pero puede ser la tapada del lote con un m\u00e1s que liviano peso de 53,5 k frente a los 61 de los viejos&#8230;.<\/p>\n<p style=\"text-align: justify;\"><span style=\"color: #800000;\">Otro de los que esper\u00e1bamos algo m\u00e1s, aunque creemos que su recorrido no fue el m\u00e1s id\u00f3neo para un tres a\u00f1os en estas grandes citas. A diferencia de \u00abEl Inca\u00bb que estuvo guardando la ropa y sin hacer mucho ruido al final del lote, este hijo &nbsp;de Soldier of Fortune dio demasiado la cara contra los viejos desde el principio, y eso posiblemente le cost\u00f3 terminar en una amarga novena posici\u00f3n que es fiel reflejo a su corto valor para este tipo de pruebas.<\/span><\/p>\n<hr>\n<p style=\"text-align: justify;\">&nbsp;<\/p>\n<p style=\"text-align: justify;\">&nbsp;<\/p>\n<!-- AddThis Advanced Settings generic via filter on the_content --><!-- AddThis Share Buttons generic via filter on the_content -->","protected":false},"excerpt":{"rendered":"<p>Este pr\u00f3ximo domingo se clausura la temporada de primavera 2017 en el Hip\u00f3dromo de la Zarzuela con la celebraci\u00f3n de la 81\u00aa edici\u00f3n del Gran Premio de Madrid con categor\u00eda internacional \u00abListed\u00bb y con una dotaci\u00f3n total a repartir en premios de 102.000 euros entre los cuatro primeros y, donde el ganador de la prueba [&hellip;]<!-- AddThis Advanced Settings generic via filter on get_the_excerpt --><!-- AddThis Share Buttons generic via filter on get_the_excerpt --><\/p>\n","protected":false},"author":5,"featured_media":0,"comment_status":"closed","ping_status":"closed","sticky":false,"template":"","format":"gallery","meta":{"_acf_changed":false,"_et_pb_use_builder":"","_et_pb_old_content":"","_et_gb_content_width":"","footnotes":""},"categories":[3],"tags":[],"class_list":["post-3336","post","type-post","status-publish","format-gallery","hentry","category-noticias-cuadra-agrado","post_format-post-format-gallery"],"acf":[],"yoast_head":"<!-- This site is optimized with the Yoast SEO plugin v27.4 - https:\/\/yoast.com\/product\/yoast-seo-wordpress\/ -->\n<title>81\u00aa Edici\u00f3n del Gran Premio de Madrid - Cuadra Agrado<\/title>\n<meta name=\"robots\" content=\"index, follow, max-snippet:-1, max-image-preview:large, max-video-preview:-1\" \/>\n<link rel=\"canonical\" href=\"https:\/\/cuadra-agrado.es\/?p=3336\" \/>\n<meta property=\"og:locale\" content=\"es_ES\" \/>\n<meta property=\"og:type\" content=\"article\" \/>\n<meta property=\"og:title\" content=\"81\u00aa Edici\u00f3n del Gran Premio de Madrid - Cuadra Agrado\" \/>\n<meta property=\"og:description\" content=\"Este pr\u00f3ximo domingo se clausura la temporada de primavera 2017 en el Hip\u00f3dromo de la Zarzuela con la celebraci\u00f3n de la 81\u00aa edici\u00f3n del Gran Premio de Madrid con categor\u00eda internacional \u00abListed\u00bb y con una dotaci\u00f3n total a repartir en premios de 102.000 euros entre los cuatro primeros y, donde el ganador de la prueba [&hellip;]\" \/>\n<meta property=\"og:url\" content=\"https:\/\/cuadra-agrado.es\/?p=3336\" \/>\n<meta property=\"og:site_name\" content=\"Cuadra Agrado\" \/>\n<meta property=\"article:published_time\" content=\"2017-06-27T11:30:16+00:00\" \/>\n<meta property=\"article:modified_time\" content=\"2024-02-27T09:27:28+00:00\" \/>\n<meta property=\"og:image\" content=\"http:\/\/cuadra-agrado.es\/wp-content\/uploads\/2017\/06\/gp-madrid-300x200.jpg\" \/>\n<meta name=\"author\" content=\"Miguel Redondo\" \/>\n<meta name=\"twitter:card\" content=\"summary_large_image\" \/>\n<meta name=\"twitter:creator\" content=\"@AGRADOracing\" \/>\n<meta name=\"twitter:site\" content=\"@AGRADOracing\" \/>\n<meta name=\"twitter:label1\" content=\"Escrito por\" \/>\n\t<meta name=\"twitter:data1\" content=\"Miguel Redondo\" \/>\n\t<meta name=\"twitter:label2\" content=\"Tiempo de lectura\" \/>\n\t<meta name=\"twitter:data2\" content=\"17 minutos\" \/>\n<script type=\"application\/ld+json\" class=\"yoast-schema-graph\">{\"@context\":\"https:\\\/\\\/schema.org\",\"@graph\":[{\"@type\":\"Article\",\"@id\":\"https:\\\/\\\/cuadra-agrado.es\\\/?p=3336#article\",\"isPartOf\":{\"@id\":\"https:\\\/\\\/cuadra-agrado.es\\\/?p=3336\"},\"author\":{\"name\":\"Miguel Redondo\",\"@id\":\"https:\\\/\\\/cuadra-agrado.es\\\/#\\\/schema\\\/person\\\/3aa4f8d2373cf756d93a5526bc72f31b\"},\"headline\":\"81\u00aa Edici\u00f3n del Gran Premio de Madrid\",\"datePublished\":\"2017-06-27T11:30:16+00:00\",\"dateModified\":\"2024-02-27T09:27:28+00:00\",\"mainEntityOfPage\":{\"@id\":\"https:\\\/\\\/cuadra-agrado.es\\\/?p=3336\"},\"wordCount\":3386,\"image\":{\"@id\":\"https:\\\/\\\/cuadra-agrado.es\\\/?p=3336#primaryimage\"},\"thumbnailUrl\":\"http:\\\/\\\/cuadra-agrado.es\\\/wp-content\\\/uploads\\\/2017\\\/06\\\/gp-madrid-300x200.jpg\",\"articleSection\":[\"Actualidad\"],\"inLanguage\":\"es\"},{\"@type\":\"WebPage\",\"@id\":\"https:\\\/\\\/cuadra-agrado.es\\\/?p=3336\",\"url\":\"https:\\\/\\\/cuadra-agrado.es\\\/?p=3336\",\"name\":\"81\u00aa Edici\u00f3n del Gran Premio de Madrid - Cuadra Agrado\",\"isPartOf\":{\"@id\":\"https:\\\/\\\/cuadra-agrado.es\\\/#website\"},\"primaryImageOfPage\":{\"@id\":\"https:\\\/\\\/cuadra-agrado.es\\\/?p=3336#primaryimage\"},\"image\":{\"@id\":\"https:\\\/\\\/cuadra-agrado.es\\\/?p=3336#primaryimage\"},\"thumbnailUrl\":\"http:\\\/\\\/cuadra-agrado.es\\\/wp-content\\\/uploads\\\/2017\\\/06\\\/gp-madrid-300x200.jpg\",\"datePublished\":\"2017-06-27T11:30:16+00:00\",\"dateModified\":\"2024-02-27T09:27:28+00:00\",\"author\":{\"@id\":\"https:\\\/\\\/cuadra-agrado.es\\\/#\\\/schema\\\/person\\\/3aa4f8d2373cf756d93a5526bc72f31b\"},\"breadcrumb\":{\"@id\":\"https:\\\/\\\/cuadra-agrado.es\\\/?p=3336#breadcrumb\"},\"inLanguage\":\"es\",\"potentialAction\":[{\"@type\":\"ReadAction\",\"target\":[\"https:\\\/\\\/cuadra-agrado.es\\\/?p=3336\"]}]},{\"@type\":\"ImageObject\",\"inLanguage\":\"es\",\"@id\":\"https:\\\/\\\/cuadra-agrado.es\\\/?p=3336#primaryimage\",\"url\":\"http:\\\/\\\/cuadra-agrado.es\\\/wp-content\\\/uploads\\\/2017\\\/06\\\/gp-madrid-300x200.jpg\",\"contentUrl\":\"http:\\\/\\\/cuadra-agrado.es\\\/wp-content\\\/uploads\\\/2017\\\/06\\\/gp-madrid-300x200.jpg\"},{\"@type\":\"BreadcrumbList\",\"@id\":\"https:\\\/\\\/cuadra-agrado.es\\\/?p=3336#breadcrumb\",\"itemListElement\":[{\"@type\":\"ListItem\",\"position\":1,\"name\":\"Portada\",\"item\":\"https:\\\/\\\/cuadra-agrado.es\\\/\"},{\"@type\":\"ListItem\",\"position\":2,\"name\":\"81\u00aa Edici\u00f3n del Gran Premio de Madrid\"}]},{\"@type\":\"WebSite\",\"@id\":\"https:\\\/\\\/cuadra-agrado.es\\\/#website\",\"url\":\"https:\\\/\\\/cuadra-agrado.es\\\/\",\"name\":\"Cuadra Agrado\",\"description\":\"En el mundo del Turf desde 2008\",\"potentialAction\":[{\"@type\":\"SearchAction\",\"target\":{\"@type\":\"EntryPoint\",\"urlTemplate\":\"https:\\\/\\\/cuadra-agrado.es\\\/?s={search_term_string}\"},\"query-input\":{\"@type\":\"PropertyValueSpecification\",\"valueRequired\":true,\"valueName\":\"search_term_string\"}}],\"inLanguage\":\"es\"},{\"@type\":\"Person\",\"@id\":\"https:\\\/\\\/cuadra-agrado.es\\\/#\\\/schema\\\/person\\\/3aa4f8d2373cf756d93a5526bc72f31b\",\"name\":\"Miguel Redondo\",\"image\":{\"@type\":\"ImageObject\",\"inLanguage\":\"es\",\"@id\":\"https:\\\/\\\/secure.gravatar.com\\\/avatar\\\/85704fceb4fa34017e3c1344d182da00dbf772fb8856ba2b7726a2df926415b4?s=96&d=mm&r=g\",\"url\":\"https:\\\/\\\/secure.gravatar.com\\\/avatar\\\/85704fceb4fa34017e3c1344d182da00dbf772fb8856ba2b7726a2df926415b4?s=96&d=mm&r=g\",\"contentUrl\":\"https:\\\/\\\/secure.gravatar.com\\\/avatar\\\/85704fceb4fa34017e3c1344d182da00dbf772fb8856ba2b7726a2df926415b4?s=96&d=mm&r=g\",\"caption\":\"Miguel Redondo\"},\"sameAs\":[\"https:\\\/\\\/cuadra-agrado.es\"],\"url\":\"https:\\\/\\\/cuadra-agrado.es\\\/?author=5\"}]}<\/script>\n<!-- \/ Yoast SEO plugin. -->","yoast_head_json":{"title":"81\u00aa Edici\u00f3n del Gran Premio de Madrid - Cuadra Agrado","robots":{"index":"index","follow":"follow","max-snippet":"max-snippet:-1","max-image-preview":"max-image-preview:large","max-video-preview":"max-video-preview:-1"},"canonical":"https:\/\/cuadra-agrado.es\/?p=3336","og_locale":"es_ES","og_type":"article","og_title":"81\u00aa Edici\u00f3n del Gran Premio de Madrid - Cuadra Agrado","og_description":"Este pr\u00f3ximo domingo se clausura la temporada de primavera 2017 en el Hip\u00f3dromo de la Zarzuela con la celebraci\u00f3n de la 81\u00aa edici\u00f3n del Gran Premio de Madrid con categor\u00eda internacional \u00abListed\u00bb y con una dotaci\u00f3n total a repartir en premios de 102.000 euros entre los cuatro primeros y, donde el ganador de la prueba [&hellip;]","og_url":"https:\/\/cuadra-agrado.es\/?p=3336","og_site_name":"Cuadra Agrado","article_published_time":"2017-06-27T11:30:16+00:00","article_modified_time":"2024-02-27T09:27:28+00:00","og_image":[{"url":"http:\/\/cuadra-agrado.es\/wp-content\/uploads\/2017\/06\/gp-madrid-300x200.jpg","type":"","width":"","height":""}],"author":"Miguel Redondo","twitter_card":"summary_large_image","twitter_creator":"@AGRADOracing","twitter_site":"@AGRADOracing","twitter_misc":{"Escrito por":"Miguel Redondo","Tiempo de lectura":"17 minutos"},"schema":{"@context":"https:\/\/schema.org","@graph":[{"@type":"Article","@id":"https:\/\/cuadra-agrado.es\/?p=3336#article","isPartOf":{"@id":"https:\/\/cuadra-agrado.es\/?p=3336"},"author":{"name":"Miguel Redondo","@id":"https:\/\/cuadra-agrado.es\/#\/schema\/person\/3aa4f8d2373cf756d93a5526bc72f31b"},"headline":"81\u00aa Edici\u00f3n del Gran Premio de Madrid","datePublished":"2017-06-27T11:30:16+00:00","dateModified":"2024-02-27T09:27:28+00:00","mainEntityOfPage":{"@id":"https:\/\/cuadra-agrado.es\/?p=3336"},"wordCount":3386,"image":{"@id":"https:\/\/cuadra-agrado.es\/?p=3336#primaryimage"},"thumbnailUrl":"http:\/\/cuadra-agrado.es\/wp-content\/uploads\/2017\/06\/gp-madrid-300x200.jpg","articleSection":["Actualidad"],"inLanguage":"es"},{"@type":"WebPage","@id":"https:\/\/cuadra-agrado.es\/?p=3336","url":"https:\/\/cuadra-agrado.es\/?p=3336","name":"81\u00aa Edici\u00f3n del Gran Premio de Madrid - Cuadra Agrado","isPartOf":{"@id":"https:\/\/cuadra-agrado.es\/#website"},"primaryImageOfPage":{"@id":"https:\/\/cuadra-agrado.es\/?p=3336#primaryimage"},"image":{"@id":"https:\/\/cuadra-agrado.es\/?p=3336#primaryimage"},"thumbnailUrl":"http:\/\/cuadra-agrado.es\/wp-content\/uploads\/2017\/06\/gp-madrid-300x200.jpg","datePublished":"2017-06-27T11:30:16+00:00","dateModified":"2024-02-27T09:27:28+00:00","author":{"@id":"https:\/\/cuadra-agrado.es\/#\/schema\/person\/3aa4f8d2373cf756d93a5526bc72f31b"},"breadcrumb":{"@id":"https:\/\/cuadra-agrado.es\/?p=3336#breadcrumb"},"inLanguage":"es","potentialAction":[{"@type":"ReadAction","target":["https:\/\/cuadra-agrado.es\/?p=3336"]}]},{"@type":"ImageObject","inLanguage":"es","@id":"https:\/\/cuadra-agrado.es\/?p=3336#primaryimage","url":"http:\/\/cuadra-agrado.es\/wp-content\/uploads\/2017\/06\/gp-madrid-300x200.jpg","contentUrl":"http:\/\/cuadra-agrado.es\/wp-content\/uploads\/2017\/06\/gp-madrid-300x200.jpg"},{"@type":"BreadcrumbList","@id":"https:\/\/cuadra-agrado.es\/?p=3336#breadcrumb","itemListElement":[{"@type":"ListItem","position":1,"name":"Portada","item":"https:\/\/cuadra-agrado.es\/"},{"@type":"ListItem","position":2,"name":"81\u00aa Edici\u00f3n del Gran Premio de Madrid"}]},{"@type":"WebSite","@id":"https:\/\/cuadra-agrado.es\/#website","url":"https:\/\/cuadra-agrado.es\/","name":"Cuadra Agrado","description":"En el mundo del Turf desde 2008","potentialAction":[{"@type":"SearchAction","target":{"@type":"EntryPoint","urlTemplate":"https:\/\/cuadra-agrado.es\/?s={search_term_string}"},"query-input":{"@type":"PropertyValueSpecification","valueRequired":true,"valueName":"search_term_string"}}],"inLanguage":"es"},{"@type":"Person","@id":"https:\/\/cuadra-agrado.es\/#\/schema\/person\/3aa4f8d2373cf756d93a5526bc72f31b","name":"Miguel Redondo","image":{"@type":"ImageObject","inLanguage":"es","@id":"https:\/\/secure.gravatar.com\/avatar\/85704fceb4fa34017e3c1344d182da00dbf772fb8856ba2b7726a2df926415b4?s=96&d=mm&r=g","url":"https:\/\/secure.gravatar.com\/avatar\/85704fceb4fa34017e3c1344d182da00dbf772fb8856ba2b7726a2df926415b4?s=96&d=mm&r=g","contentUrl":"https:\/\/secure.gravatar.com\/avatar\/85704fceb4fa34017e3c1344d182da00dbf772fb8856ba2b7726a2df926415b4?s=96&d=mm&r=g","caption":"Miguel Redondo"},"sameAs":["https:\/\/cuadra-agrado.es"],"url":"https:\/\/cuadra-agrado.es\/?author=5"}]}},"_links":{"self":[{"href":"https:\/\/cuadra-agrado.es\/index.php?rest_route=\/wp\/v2\/posts\/3336","targetHints":{"allow":["GET"]}}],"collection":[{"href":"https:\/\/cuadra-agrado.es\/index.php?rest_route=\/wp\/v2\/posts"}],"about":[{"href":"https:\/\/cuadra-agrado.es\/index.php?rest_route=\/wp\/v2\/types\/post"}],"author":[{"embeddable":true,"href":"https:\/\/cuadra-agrado.es\/index.php?rest_route=\/wp\/v2\/users\/5"}],"replies":[{"embeddable":true,"href":"https:\/\/cuadra-agrado.es\/index.php?rest_route=%2Fwp%2Fv2%2Fcomments&post=3336"}],"version-history":[{"count":0,"href":"https:\/\/cuadra-agrado.es\/index.php?rest_route=\/wp\/v2\/posts\/3336\/revisions"}],"wp:attachment":[{"href":"https:\/\/cuadra-agrado.es\/index.php?rest_route=%2Fwp%2Fv2%2Fmedia&parent=3336"}],"wp:term":[{"taxonomy":"category","embeddable":true,"href":"https:\/\/cuadra-agrado.es\/index.php?rest_route=%2Fwp%2Fv2%2Fcategories&post=3336"},{"taxonomy":"post_tag","embeddable":true,"href":"https:\/\/cuadra-agrado.es\/index.php?rest_route=%2Fwp%2Fv2%2Ftags&post=3336"}],"curies":[{"name":"wp","href":"https:\/\/api.w.org\/{rel}","templated":true}]}}