{"id":3292,"date":"2017-06-16T16:45:40","date_gmt":"2017-06-16T15:45:40","guid":{"rendered":"https:\/\/cuadra-agrado.es\/?p=3287"},"modified":"2024-02-27T09:27:28","modified_gmt":"2024-02-27T09:27:28","slug":"ranyan-consigue-fin-merecida-octava-victoria","status":"publish","type":"post","link":"https:\/\/cuadra-agrado.es\/?p=3292","title":{"rendered":"Rany\u00e1n consigue por fin su merecida octava victoria&#8230;"},"content":{"rendered":"<p style=\"text-align: justify;\"><a href=\"http:\/\/cuadra-agrado.es\/wp-content\/uploads\/2017\/06\/IMG_0949.jpg.png\" target=\"_blank\" rel=\"noopener noreferrer\"><img loading=\"lazy\" decoding=\"async\" class=\"alignleft wp-image-3288 size-medium\" src=\"http:\/\/cuadra-agrado.es\/wp-content\/uploads\/2017\/06\/IMG_0949.jpg-300x169.png\" alt=\"\" width=\"300\" height=\"169\"><\/a>Tarde o temprano tendr\u00eda que llegar la victoria del viejo <strong>\u201cRanyan\u201d<\/strong> despu\u00e9s de un mar de desprop\u00f3sitos y verdadera mala fortuna en sus \u00faltimas actuaciones y, por fin, hoy fue el d\u00eda para celebrar su octava victoria en competici\u00f3n. Una carrera en el que part\u00eda como gran favorito de la prueba <strong>\u201cMikeltos\u201d<\/strong> con tres kilos adicionales al nuestro y, con solamente sumar valores, a nosotros nos cuadraba mucho para pasar por ganadores. El \u00fanico factor favorable en sus dos \u00faltimas actuaciones en Madrid fue que bajara dos kilos de valor, que para nosotros eran del todo inexactos, debido a un mal recorrido en una, y p\u00e9rdida de herraje en la otra. Aunque esta prueba no fuera de h\u00e1ndicap, el c\u00e1lculo por valores y la condici\u00f3n de la carrera albergaban buenas posibilidades. Para nosotros segu\u00eda teniendo ese mismo valor 37 de inicio de temporada y era un colch\u00f3n que deb\u00edamos aprovechar\u2026. La mala fortuna de la anterior hace apenas 15 d\u00edas nos hizo reenganchar en esta con pleno convencimiento de que los tres kilos que nos conced\u00eda <strong>\u201cMikeltos\u201d<\/strong> como m\u00e1ximo rival en pista ser\u00edan m\u00e1s que suficientes para poder doblegarle, como as\u00ed fue finalmente poniendo dos cuerpos de ventaja en el poste de meta. Las cuentas al final, cuadraron seg\u00fan nuestra previsi\u00f3n inicial\u2026.<\/p>\n<p style=\"text-align: justify;\">Y todo cuadr\u00f3 porque hoy <em>Jos\u00e9 Luis Mart\u00ednez<\/em> estuvo inmenso en un recorrido perfecto para el estilo de <strong>\u201cRanyan\u201d<\/strong>. Brillante salida por caj\u00f3n 2, un apoyo, un par de braceos y ya estaba en carrera en posiciones de vanguardia\u2026. Sorprendi\u00f3 el ritmo de <strong>\u201cHulcolt\u201d<\/strong> que parec\u00eda tener solamente esa opci\u00f3n de avivar el ritmo y poner metros de por medio, pero Jos\u00e9 Luis le dej\u00f3 ir y permaneci\u00f3 en esa c\u00f3moda segunda plaza hasta la recta de enfrente donde el otro reenganchado <strong>\u201cGael Legacy\u201d<\/strong> puso otra marcha m\u00e1s para ir a cazar al puntero. Nuestra monta de hoy sigui\u00f3 midiendo el recorrido perfecto y tambi\u00e9n le dej\u00f3 ir\u2026 Ya pr\u00f3ximos a la curva de<em> Bugatti<\/em> recort\u00f3 distancias y, no porque \u00e9l pusiera otra marcha, sino porque las fuerzas de los punteros se ven\u00edan ya abajo. Con un fant\u00e1stico movimiento a la salida de la curva, para llevarlo por calle tres y que siguiera viendo pista, le puso ya pr\u00e1cticamente a liderar la prueba con la larga recta por delante. Iba todav\u00eda muy c\u00f3modo y le empez\u00f3 a mover a falta de los 400 para tratar de despegarse con un fant\u00e1stico cambio de ritmo. Un buen amago de \u201cMikeltos\u201d a falta de 200 metros para ir a por el nuestro le hizo tirar de ese gran coraz\u00f3n que tiene y volver a despegarse y, de nuevo, la insistencia del favorito en el poste de los 100 le hizo otra vez volver a tirar de coraje e ir definitivamente a por su merecida victoria con dos cuerpos de ventaja en el poste de meta. Exquisita monta, gran caballo y perfecto trabajo del \u201cprepa\u201d que ten\u00eda esa espina clavada con \u00e9l desde inicios de temporada.<\/p>\n<p style=\"text-align: justify;\">Unas veces las victorias se las merecen los jockeys, otras la preparaci\u00f3n, otras incluso nosotros como propietarios, pero sin duda el que m\u00e1s merece esta victoria hoy es este viejo que nos tiene ganados desde hace ya mucho tiempo. Se merece la victoria porque a sus ocho a\u00f1os sigue teniendo la ilusi\u00f3n de un potro, porque trabaja y se emplea como un gladiador cada d\u00eda, porque ha sufrido mucho en su vida de competici\u00f3n, y porque tiene un coraz\u00f3n que no le cabe en la caja. Octava victoria de su vida con casi 70.000 \u20ac ganados con el coraz\u00f3n con un solo objetivo con \u00e9l a partir de ahora&#8230;. llegar a las 10 antes de pasar a un placentero y merecido retiro que tenemos pensado a final de este a\u00f1o. Vamos a ver si es posible enganchar una m\u00e1s en su hip\u00f3dromo talism\u00e1n en esta temporada de verano y que pueda poner la guinda en la temporada de oto\u00f1o de Madrid.<\/p>\n<p style=\"text-align: justify;\">Enhorabuena equipo, muchas gracias Jos\u00e9 Luis y vamos a por la novena\u2026.<\/p>\n<!-- AddThis Advanced Settings generic via filter on the_content --><!-- AddThis Share Buttons generic via filter on the_content -->","protected":false},"excerpt":{"rendered":"<p>Tarde o temprano tendr\u00eda que llegar la victoria del viejo \u201cRanyan\u201d despu\u00e9s de un mar de desprop\u00f3sitos y verdadera mala fortuna en sus \u00faltimas actuaciones y, por fin, hoy fue el d\u00eda para celebrar su octava victoria en competici\u00f3n. Una carrera en el que part\u00eda como gran favorito de la prueba \u201cMikeltos\u201d con tres kilos [&hellip;]<!-- AddThis Advanced Settings generic via filter on get_the_excerpt --><!-- AddThis Share Buttons generic via filter on get_the_excerpt --><\/p>\n","protected":false},"author":5,"featured_media":0,"comment_status":"closed","ping_status":"closed","sticky":false,"template":"","format":"gallery","meta":{"_acf_changed":false,"_et_pb_use_builder":"","_et_pb_old_content":"","_et_gb_content_width":"","footnotes":""},"categories":[3],"tags":[],"class_list":["post-3292","post","type-post","status-publish","format-gallery","hentry","category-noticias-cuadra-agrado","post_format-post-format-gallery"],"acf":[],"yoast_head":"<!-- This site is optimized with the Yoast SEO plugin v27.4 - https:\/\/yoast.com\/product\/yoast-seo-wordpress\/ -->\n<title>Rany\u00e1n consigue por fin su merecida octava victoria... - Cuadra Agrado<\/title>\n<meta name=\"robots\" content=\"index, follow, max-snippet:-1, max-image-preview:large, max-video-preview:-1\" \/>\n<link rel=\"canonical\" href=\"https:\/\/cuadra-agrado.es\/?p=3292\" \/>\n<meta property=\"og:locale\" content=\"es_ES\" \/>\n<meta property=\"og:type\" content=\"article\" \/>\n<meta property=\"og:title\" content=\"Rany\u00e1n consigue por fin su merecida octava victoria... - Cuadra Agrado\" \/>\n<meta property=\"og:description\" content=\"Tarde o temprano tendr\u00eda que llegar la victoria del viejo \u201cRanyan\u201d despu\u00e9s de un mar de desprop\u00f3sitos y verdadera mala fortuna en sus \u00faltimas actuaciones y, por fin, hoy fue el d\u00eda para celebrar su octava victoria en competici\u00f3n. Una carrera en el que part\u00eda como gran favorito de la prueba \u201cMikeltos\u201d con tres kilos [&hellip;]\" \/>\n<meta property=\"og:url\" content=\"https:\/\/cuadra-agrado.es\/?p=3292\" \/>\n<meta property=\"og:site_name\" content=\"Cuadra Agrado\" \/>\n<meta property=\"article:published_time\" content=\"2017-06-16T15:45:40+00:00\" \/>\n<meta property=\"article:modified_time\" content=\"2024-02-27T09:27:28+00:00\" \/>\n<meta property=\"og:image\" content=\"http:\/\/cuadra-agrado.es\/wp-content\/uploads\/2017\/06\/IMG_0949.jpg-300x169.png\" \/>\n<meta name=\"author\" content=\"Miguel Redondo\" \/>\n<meta name=\"twitter:card\" content=\"summary_large_image\" \/>\n<meta name=\"twitter:creator\" content=\"@AGRADOracing\" \/>\n<meta name=\"twitter:site\" content=\"@AGRADOracing\" \/>\n<meta name=\"twitter:label1\" content=\"Escrito por\" \/>\n\t<meta name=\"twitter:data1\" content=\"Miguel Redondo\" \/>\n\t<meta name=\"twitter:label2\" content=\"Tiempo de lectura\" \/>\n\t<meta name=\"twitter:data2\" content=\"4 minutos\" \/>\n<script type=\"application\/ld+json\" class=\"yoast-schema-graph\">{\"@context\":\"https:\\\/\\\/schema.org\",\"@graph\":[{\"@type\":\"Article\",\"@id\":\"https:\\\/\\\/cuadra-agrado.es\\\/?p=3292#article\",\"isPartOf\":{\"@id\":\"https:\\\/\\\/cuadra-agrado.es\\\/?p=3292\"},\"author\":{\"name\":\"Miguel Redondo\",\"@id\":\"https:\\\/\\\/cuadra-agrado.es\\\/#\\\/schema\\\/person\\\/3aa4f8d2373cf756d93a5526bc72f31b\"},\"headline\":\"Rany\u00e1n consigue por fin su merecida octava victoria&#8230;\",\"datePublished\":\"2017-06-16T15:45:40+00:00\",\"dateModified\":\"2024-02-27T09:27:28+00:00\",\"mainEntityOfPage\":{\"@id\":\"https:\\\/\\\/cuadra-agrado.es\\\/?p=3292\"},\"wordCount\":716,\"image\":{\"@id\":\"https:\\\/\\\/cuadra-agrado.es\\\/?p=3292#primaryimage\"},\"thumbnailUrl\":\"http:\\\/\\\/cuadra-agrado.es\\\/wp-content\\\/uploads\\\/2017\\\/06\\\/IMG_0949.jpg-300x169.png\",\"articleSection\":[\"Actualidad\"],\"inLanguage\":\"es\"},{\"@type\":\"WebPage\",\"@id\":\"https:\\\/\\\/cuadra-agrado.es\\\/?p=3292\",\"url\":\"https:\\\/\\\/cuadra-agrado.es\\\/?p=3292\",\"name\":\"Rany\u00e1n consigue por fin su merecida octava victoria... - Cuadra Agrado\",\"isPartOf\":{\"@id\":\"https:\\\/\\\/cuadra-agrado.es\\\/#website\"},\"primaryImageOfPage\":{\"@id\":\"https:\\\/\\\/cuadra-agrado.es\\\/?p=3292#primaryimage\"},\"image\":{\"@id\":\"https:\\\/\\\/cuadra-agrado.es\\\/?p=3292#primaryimage\"},\"thumbnailUrl\":\"http:\\\/\\\/cuadra-agrado.es\\\/wp-content\\\/uploads\\\/2017\\\/06\\\/IMG_0949.jpg-300x169.png\",\"datePublished\":\"2017-06-16T15:45:40+00:00\",\"dateModified\":\"2024-02-27T09:27:28+00:00\",\"author\":{\"@id\":\"https:\\\/\\\/cuadra-agrado.es\\\/#\\\/schema\\\/person\\\/3aa4f8d2373cf756d93a5526bc72f31b\"},\"breadcrumb\":{\"@id\":\"https:\\\/\\\/cuadra-agrado.es\\\/?p=3292#breadcrumb\"},\"inLanguage\":\"es\",\"potentialAction\":[{\"@type\":\"ReadAction\",\"target\":[\"https:\\\/\\\/cuadra-agrado.es\\\/?p=3292\"]}]},{\"@type\":\"ImageObject\",\"inLanguage\":\"es\",\"@id\":\"https:\\\/\\\/cuadra-agrado.es\\\/?p=3292#primaryimage\",\"url\":\"http:\\\/\\\/cuadra-agrado.es\\\/wp-content\\\/uploads\\\/2017\\\/06\\\/IMG_0949.jpg-300x169.png\",\"contentUrl\":\"http:\\\/\\\/cuadra-agrado.es\\\/wp-content\\\/uploads\\\/2017\\\/06\\\/IMG_0949.jpg-300x169.png\"},{\"@type\":\"BreadcrumbList\",\"@id\":\"https:\\\/\\\/cuadra-agrado.es\\\/?p=3292#breadcrumb\",\"itemListElement\":[{\"@type\":\"ListItem\",\"position\":1,\"name\":\"Portada\",\"item\":\"https:\\\/\\\/cuadra-agrado.es\\\/\"},{\"@type\":\"ListItem\",\"position\":2,\"name\":\"Rany\u00e1n consigue por fin su merecida octava victoria&#8230;\"}]},{\"@type\":\"WebSite\",\"@id\":\"https:\\\/\\\/cuadra-agrado.es\\\/#website\",\"url\":\"https:\\\/\\\/cuadra-agrado.es\\\/\",\"name\":\"Cuadra Agrado\",\"description\":\"En el mundo del Turf desde 2008\",\"potentialAction\":[{\"@type\":\"SearchAction\",\"target\":{\"@type\":\"EntryPoint\",\"urlTemplate\":\"https:\\\/\\\/cuadra-agrado.es\\\/?s={search_term_string}\"},\"query-input\":{\"@type\":\"PropertyValueSpecification\",\"valueRequired\":true,\"valueName\":\"search_term_string\"}}],\"inLanguage\":\"es\"},{\"@type\":\"Person\",\"@id\":\"https:\\\/\\\/cuadra-agrado.es\\\/#\\\/schema\\\/person\\\/3aa4f8d2373cf756d93a5526bc72f31b\",\"name\":\"Miguel Redondo\",\"image\":{\"@type\":\"ImageObject\",\"inLanguage\":\"es\",\"@id\":\"https:\\\/\\\/secure.gravatar.com\\\/avatar\\\/85704fceb4fa34017e3c1344d182da00dbf772fb8856ba2b7726a2df926415b4?s=96&d=mm&r=g\",\"url\":\"https:\\\/\\\/secure.gravatar.com\\\/avatar\\\/85704fceb4fa34017e3c1344d182da00dbf772fb8856ba2b7726a2df926415b4?s=96&d=mm&r=g\",\"contentUrl\":\"https:\\\/\\\/secure.gravatar.com\\\/avatar\\\/85704fceb4fa34017e3c1344d182da00dbf772fb8856ba2b7726a2df926415b4?s=96&d=mm&r=g\",\"caption\":\"Miguel Redondo\"},\"sameAs\":[\"https:\\\/\\\/cuadra-agrado.es\"],\"url\":\"https:\\\/\\\/cuadra-agrado.es\\\/?author=5\"}]}<\/script>\n<!-- \/ Yoast SEO plugin. -->","yoast_head_json":{"title":"Rany\u00e1n consigue por fin su merecida octava victoria... - Cuadra Agrado","robots":{"index":"index","follow":"follow","max-snippet":"max-snippet:-1","max-image-preview":"max-image-preview:large","max-video-preview":"max-video-preview:-1"},"canonical":"https:\/\/cuadra-agrado.es\/?p=3292","og_locale":"es_ES","og_type":"article","og_title":"Rany\u00e1n consigue por fin su merecida octava victoria... - Cuadra Agrado","og_description":"Tarde o temprano tendr\u00eda que llegar la victoria del viejo \u201cRanyan\u201d despu\u00e9s de un mar de desprop\u00f3sitos y verdadera mala fortuna en sus \u00faltimas actuaciones y, por fin, hoy fue el d\u00eda para celebrar su octava victoria en competici\u00f3n. Una carrera en el que part\u00eda como gran favorito de la prueba \u201cMikeltos\u201d con tres kilos [&hellip;]","og_url":"https:\/\/cuadra-agrado.es\/?p=3292","og_site_name":"Cuadra Agrado","article_published_time":"2017-06-16T15:45:40+00:00","article_modified_time":"2024-02-27T09:27:28+00:00","og_image":[{"url":"http:\/\/cuadra-agrado.es\/wp-content\/uploads\/2017\/06\/IMG_0949.jpg-300x169.png","type":"","width":"","height":""}],"author":"Miguel Redondo","twitter_card":"summary_large_image","twitter_creator":"@AGRADOracing","twitter_site":"@AGRADOracing","twitter_misc":{"Escrito por":"Miguel Redondo","Tiempo de lectura":"4 minutos"},"schema":{"@context":"https:\/\/schema.org","@graph":[{"@type":"Article","@id":"https:\/\/cuadra-agrado.es\/?p=3292#article","isPartOf":{"@id":"https:\/\/cuadra-agrado.es\/?p=3292"},"author":{"name":"Miguel Redondo","@id":"https:\/\/cuadra-agrado.es\/#\/schema\/person\/3aa4f8d2373cf756d93a5526bc72f31b"},"headline":"Rany\u00e1n consigue por fin su merecida octava victoria&#8230;","datePublished":"2017-06-16T15:45:40+00:00","dateModified":"2024-02-27T09:27:28+00:00","mainEntityOfPage":{"@id":"https:\/\/cuadra-agrado.es\/?p=3292"},"wordCount":716,"image":{"@id":"https:\/\/cuadra-agrado.es\/?p=3292#primaryimage"},"thumbnailUrl":"http:\/\/cuadra-agrado.es\/wp-content\/uploads\/2017\/06\/IMG_0949.jpg-300x169.png","articleSection":["Actualidad"],"inLanguage":"es"},{"@type":"WebPage","@id":"https:\/\/cuadra-agrado.es\/?p=3292","url":"https:\/\/cuadra-agrado.es\/?p=3292","name":"Rany\u00e1n consigue por fin su merecida octava victoria... - Cuadra Agrado","isPartOf":{"@id":"https:\/\/cuadra-agrado.es\/#website"},"primaryImageOfPage":{"@id":"https:\/\/cuadra-agrado.es\/?p=3292#primaryimage"},"image":{"@id":"https:\/\/cuadra-agrado.es\/?p=3292#primaryimage"},"thumbnailUrl":"http:\/\/cuadra-agrado.es\/wp-content\/uploads\/2017\/06\/IMG_0949.jpg-300x169.png","datePublished":"2017-06-16T15:45:40+00:00","dateModified":"2024-02-27T09:27:28+00:00","author":{"@id":"https:\/\/cuadra-agrado.es\/#\/schema\/person\/3aa4f8d2373cf756d93a5526bc72f31b"},"breadcrumb":{"@id":"https:\/\/cuadra-agrado.es\/?p=3292#breadcrumb"},"inLanguage":"es","potentialAction":[{"@type":"ReadAction","target":["https:\/\/cuadra-agrado.es\/?p=3292"]}]},{"@type":"ImageObject","inLanguage":"es","@id":"https:\/\/cuadra-agrado.es\/?p=3292#primaryimage","url":"http:\/\/cuadra-agrado.es\/wp-content\/uploads\/2017\/06\/IMG_0949.jpg-300x169.png","contentUrl":"http:\/\/cuadra-agrado.es\/wp-content\/uploads\/2017\/06\/IMG_0949.jpg-300x169.png"},{"@type":"BreadcrumbList","@id":"https:\/\/cuadra-agrado.es\/?p=3292#breadcrumb","itemListElement":[{"@type":"ListItem","position":1,"name":"Portada","item":"https:\/\/cuadra-agrado.es\/"},{"@type":"ListItem","position":2,"name":"Rany\u00e1n consigue por fin su merecida octava victoria&#8230;"}]},{"@type":"WebSite","@id":"https:\/\/cuadra-agrado.es\/#website","url":"https:\/\/cuadra-agrado.es\/","name":"Cuadra Agrado","description":"En el mundo del Turf desde 2008","potentialAction":[{"@type":"SearchAction","target":{"@type":"EntryPoint","urlTemplate":"https:\/\/cuadra-agrado.es\/?s={search_term_string}"},"query-input":{"@type":"PropertyValueSpecification","valueRequired":true,"valueName":"search_term_string"}}],"inLanguage":"es"},{"@type":"Person","@id":"https:\/\/cuadra-agrado.es\/#\/schema\/person\/3aa4f8d2373cf756d93a5526bc72f31b","name":"Miguel Redondo","image":{"@type":"ImageObject","inLanguage":"es","@id":"https:\/\/secure.gravatar.com\/avatar\/85704fceb4fa34017e3c1344d182da00dbf772fb8856ba2b7726a2df926415b4?s=96&d=mm&r=g","url":"https:\/\/secure.gravatar.com\/avatar\/85704fceb4fa34017e3c1344d182da00dbf772fb8856ba2b7726a2df926415b4?s=96&d=mm&r=g","contentUrl":"https:\/\/secure.gravatar.com\/avatar\/85704fceb4fa34017e3c1344d182da00dbf772fb8856ba2b7726a2df926415b4?s=96&d=mm&r=g","caption":"Miguel Redondo"},"sameAs":["https:\/\/cuadra-agrado.es"],"url":"https:\/\/cuadra-agrado.es\/?author=5"}]}},"_links":{"self":[{"href":"https:\/\/cuadra-agrado.es\/index.php?rest_route=\/wp\/v2\/posts\/3292","targetHints":{"allow":["GET"]}}],"collection":[{"href":"https:\/\/cuadra-agrado.es\/index.php?rest_route=\/wp\/v2\/posts"}],"about":[{"href":"https:\/\/cuadra-agrado.es\/index.php?rest_route=\/wp\/v2\/types\/post"}],"author":[{"embeddable":true,"href":"https:\/\/cuadra-agrado.es\/index.php?rest_route=\/wp\/v2\/users\/5"}],"replies":[{"embeddable":true,"href":"https:\/\/cuadra-agrado.es\/index.php?rest_route=%2Fwp%2Fv2%2Fcomments&post=3292"}],"version-history":[{"count":0,"href":"https:\/\/cuadra-agrado.es\/index.php?rest_route=\/wp\/v2\/posts\/3292\/revisions"}],"wp:attachment":[{"href":"https:\/\/cuadra-agrado.es\/index.php?rest_route=%2Fwp%2Fv2%2Fmedia&parent=3292"}],"wp:term":[{"taxonomy":"category","embeddable":true,"href":"https:\/\/cuadra-agrado.es\/index.php?rest_route=%2Fwp%2Fv2%2Fcategories&post=3292"},{"taxonomy":"post_tag","embeddable":true,"href":"https:\/\/cuadra-agrado.es\/index.php?rest_route=%2Fwp%2Fv2%2Ftags&post=3292"}],"curies":[{"name":"wp","href":"https:\/\/api.w.org\/{rel}","templated":true}]}}