{"id":3291,"date":"2015-03-23T10:13:48","date_gmt":"2015-03-23T09:13:48","guid":{"rendered":"https:\/\/cuadra-agrado.es\/?p=1697"},"modified":"2024-02-27T09:31:45","modified_gmt":"2024-02-27T09:31:45","slug":"zambeze-ultimo-viaje-tierras-francesas","status":"publish","type":"post","link":"https:\/\/cuadra-agrado.es\/?p=3291","title":{"rendered":"Zambeze, \u00faltimo viaje a tierras francesas!!!"},"content":{"rendered":"<p style=\"text-align: justify;\"><a href=\"http:\/\/cuadra-agrado.es\/wp-content\/uploads\/2015\/03\/CHANTILLY.jpg\" target=\"_blank\" rel=\"noopener noreferrer\"><img loading=\"lazy\" decoding=\"async\" class=\"alignleft  wp-image-1698\" alt=\"CHANTILLY\" src=\"http:\/\/cuadra-agrado.es\/wp-content\/uploads\/2015\/03\/CHANTILLY.jpg\" width=\"409\" height=\"180\" \/><\/a>Nuestro tres a\u00f1os &#8216;Zambeze&#8217; ser\u00e1 probable partant en el pr\u00f3ximo reclamar Prix de Saint Ahon el pr\u00f3ximo viernes 27 en la pista de Bordeaux sobre distancia de 1.900 metros. Ser\u00e1 por tanto nuestro \u00faltimo viaje desde Madrid, y nuestro primero sin retorno. Siguiendo nuestro programa marcado, decidimos esperar acontecimientos durante este mes de Marzo en Madrid viajando a diferentes hip\u00f3dromos franceses (Saint Cloud-La Teste-Bordeaux). Lamentablemente, el conflicto en Espa\u00f1a sigue en standby y para nosotros no es posible seguir manteniendo este rol de costosos y estresantes viajes que minan y debilitan a nuestros caballos y a nuestros profesionales como as\u00ed pudimos presenciar en la \u00faltima jornada de La Teste de Buch.<\/p>\n<p style=\"text-align: justify;\">Zambeze esperar\u00e1 por tanto en Bordeaux la llegada de paso de todos nuestros efectivos (Valiant Blue, Rany\u00e1n, High Brooklyn e Il Presuntuoso) el pr\u00f3ximo d\u00eda 30 para continuar el viaje a Chantilly donde nuestro preparador Eduardo Buz\u00f3n y nuestra monta Borja Fayos ubicar\u00e1n su residencia provisional hasta resoluci\u00f3n del conflicto en Espa\u00f1a. Trabajar\u00e1n desde all\u00ed con los nuestros y con otros del patio que est\u00e9n en condiciones de competir en un exigente turf franc\u00e9s y que Eduardo Buz\u00f3n seleccionar\u00e1 para su nuevo periplo en tierras galas.<br \/>\nUna vez en Chantilly, tenemos ya programado las primeras salidas de los nuestros que posiblemente iniciaremos con la reaparici\u00f3n de Valiant Blue en una B en &#8216;Longchamp&#8217; el pr\u00f3ximo d\u00eda 6 de Abril sobre distancia de 1.400 metros. High Brooklyn tendr\u00e1 su segunda salida en Maison Laffitte el d\u00eda 13 en una de &#8216;no ganadoras&#8217;, y Rany\u00e1n el d\u00eda 17 en un nuevo reclamar en el mismo hip\u00f3dromo. Il Presuntuoso despu\u00e9s de un descanso merecido podr\u00eda volver a correr su segundo handicap en Chantilly a finales de mes.<\/p>\n<p style=\"text-align: justify;\">Lamentamos mucho la toma de esta decisi\u00f3n, que de alguna forma cierra provisionalmente nuestro grado de optimismo en la resoluci\u00f3n del conflicto en nuestro pa\u00eds. Hemos sido pacientes desde Diciembre aguantando mes a mes acontecimientos positivos que desgraciadamente no han llegado, pero es del todo inviable poder mantener nuestra cuadra a demasiados kil\u00f3metros de distancia de donde podemos competir. Solo hab\u00eda dos opciones; o la marcha a la competici\u00f3n francesa, o el desmantelamiento de nuestra cuadra. Finalmente hemos optado de momento por la menos dr\u00e1stica. Seguiremos desde all\u00ed con la misma paciencia y con nuestro compromiso de volver a nuestro hip\u00f3dromo en cuanto el conflicto quede totalmente desbloqueado y exista un programa oficial que ampare nuestra competici\u00f3n.<\/p>\n<hr \/>\n<p style=\"text-align: justify;\">\n<!-- AddThis Advanced Settings generic via filter on the_content --><!-- AddThis Share Buttons generic via filter on the_content -->","protected":false},"excerpt":{"rendered":"<p>Nuestro tres a\u00f1os &#8216;Zambeze&#8217; ser\u00e1 probable partant en el pr\u00f3ximo reclamar Prix de Saint Ahon el pr\u00f3ximo viernes 27 en la pista de Bordeaux sobre distancia de 1.900 metros. Ser\u00e1 por tanto nuestro \u00faltimo viaje desde Madrid, y nuestro primero sin retorno. Siguiendo nuestro programa marcado, decidimos esperar acontecimientos durante este mes de Marzo en [&hellip;]<!-- AddThis Advanced Settings generic via filter on get_the_excerpt --><!-- AddThis Share Buttons generic via filter on get_the_excerpt --><\/p>\n","protected":false},"author":5,"featured_media":0,"comment_status":"closed","ping_status":"closed","sticky":false,"template":"","format":"gallery","meta":{"_acf_changed":false,"_et_pb_use_builder":"","_et_pb_old_content":"","_et_gb_content_width":"","footnotes":""},"categories":[3],"tags":[],"class_list":["post-3291","post","type-post","status-publish","format-gallery","hentry","category-noticias-cuadra-agrado","post_format-post-format-gallery"],"acf":[],"yoast_head":"<!-- This site is optimized with the Yoast SEO plugin v27.4 - https:\/\/yoast.com\/product\/yoast-seo-wordpress\/ -->\n<title>Zambeze, \u00faltimo viaje a tierras francesas!!! - Cuadra Agrado<\/title>\n<meta name=\"robots\" content=\"index, follow, max-snippet:-1, max-image-preview:large, max-video-preview:-1\" \/>\n<link rel=\"canonical\" href=\"https:\/\/cuadra-agrado.es\/?p=3291\" \/>\n<meta property=\"og:locale\" content=\"es_ES\" \/>\n<meta property=\"og:type\" content=\"article\" \/>\n<meta property=\"og:title\" content=\"Zambeze, \u00faltimo viaje a tierras francesas!!! - Cuadra Agrado\" \/>\n<meta property=\"og:description\" content=\"Nuestro tres a\u00f1os &#8216;Zambeze&#8217; ser\u00e1 probable partant en el pr\u00f3ximo reclamar Prix de Saint Ahon el pr\u00f3ximo viernes 27 en la pista de Bordeaux sobre distancia de 1.900 metros. Ser\u00e1 por tanto nuestro \u00faltimo viaje desde Madrid, y nuestro primero sin retorno. Siguiendo nuestro programa marcado, decidimos esperar acontecimientos durante este mes de Marzo en [&hellip;]\" \/>\n<meta property=\"og:url\" content=\"https:\/\/cuadra-agrado.es\/?p=3291\" \/>\n<meta property=\"og:site_name\" content=\"Cuadra Agrado\" \/>\n<meta property=\"article:published_time\" content=\"2015-03-23T09:13:48+00:00\" \/>\n<meta property=\"article:modified_time\" content=\"2024-02-27T09:31:45+00:00\" \/>\n<meta property=\"og:image\" content=\"http:\/\/cuadra-agrado.es\/wp-content\/uploads\/2015\/03\/CHANTILLY.jpg\" \/>\n<meta name=\"author\" content=\"Miguel Redondo\" \/>\n<meta name=\"twitter:card\" content=\"summary_large_image\" \/>\n<meta name=\"twitter:creator\" content=\"@AGRADOracing\" \/>\n<meta name=\"twitter:site\" content=\"@AGRADOracing\" \/>\n<meta name=\"twitter:label1\" content=\"Escrito por\" \/>\n\t<meta name=\"twitter:data1\" content=\"Miguel Redondo\" \/>\n\t<meta name=\"twitter:label2\" content=\"Tiempo de lectura\" \/>\n\t<meta name=\"twitter:data2\" content=\"2 minutos\" \/>\n<script type=\"application\/ld+json\" class=\"yoast-schema-graph\">{\"@context\":\"https:\\\/\\\/schema.org\",\"@graph\":[{\"@type\":\"Article\",\"@id\":\"https:\\\/\\\/cuadra-agrado.es\\\/?p=3291#article\",\"isPartOf\":{\"@id\":\"https:\\\/\\\/cuadra-agrado.es\\\/?p=3291\"},\"author\":{\"name\":\"Miguel Redondo\",\"@id\":\"https:\\\/\\\/cuadra-agrado.es\\\/#\\\/schema\\\/person\\\/3aa4f8d2373cf756d93a5526bc72f31b\"},\"headline\":\"Zambeze, \u00faltimo viaje a tierras francesas!!!\",\"datePublished\":\"2015-03-23T09:13:48+00:00\",\"dateModified\":\"2024-02-27T09:31:45+00:00\",\"mainEntityOfPage\":{\"@id\":\"https:\\\/\\\/cuadra-agrado.es\\\/?p=3291\"},\"wordCount\":435,\"image\":{\"@id\":\"https:\\\/\\\/cuadra-agrado.es\\\/?p=3291#primaryimage\"},\"thumbnailUrl\":\"http:\\\/\\\/cuadra-agrado.es\\\/wp-content\\\/uploads\\\/2015\\\/03\\\/CHANTILLY.jpg\",\"articleSection\":[\"Actualidad\"],\"inLanguage\":\"es\"},{\"@type\":\"WebPage\",\"@id\":\"https:\\\/\\\/cuadra-agrado.es\\\/?p=3291\",\"url\":\"https:\\\/\\\/cuadra-agrado.es\\\/?p=3291\",\"name\":\"Zambeze, \u00faltimo viaje a tierras francesas!!! - Cuadra Agrado\",\"isPartOf\":{\"@id\":\"https:\\\/\\\/cuadra-agrado.es\\\/#website\"},\"primaryImageOfPage\":{\"@id\":\"https:\\\/\\\/cuadra-agrado.es\\\/?p=3291#primaryimage\"},\"image\":{\"@id\":\"https:\\\/\\\/cuadra-agrado.es\\\/?p=3291#primaryimage\"},\"thumbnailUrl\":\"http:\\\/\\\/cuadra-agrado.es\\\/wp-content\\\/uploads\\\/2015\\\/03\\\/CHANTILLY.jpg\",\"datePublished\":\"2015-03-23T09:13:48+00:00\",\"dateModified\":\"2024-02-27T09:31:45+00:00\",\"author\":{\"@id\":\"https:\\\/\\\/cuadra-agrado.es\\\/#\\\/schema\\\/person\\\/3aa4f8d2373cf756d93a5526bc72f31b\"},\"breadcrumb\":{\"@id\":\"https:\\\/\\\/cuadra-agrado.es\\\/?p=3291#breadcrumb\"},\"inLanguage\":\"es\",\"potentialAction\":[{\"@type\":\"ReadAction\",\"target\":[\"https:\\\/\\\/cuadra-agrado.es\\\/?p=3291\"]}]},{\"@type\":\"ImageObject\",\"inLanguage\":\"es\",\"@id\":\"https:\\\/\\\/cuadra-agrado.es\\\/?p=3291#primaryimage\",\"url\":\"http:\\\/\\\/cuadra-agrado.es\\\/wp-content\\\/uploads\\\/2015\\\/03\\\/CHANTILLY.jpg\",\"contentUrl\":\"http:\\\/\\\/cuadra-agrado.es\\\/wp-content\\\/uploads\\\/2015\\\/03\\\/CHANTILLY.jpg\"},{\"@type\":\"BreadcrumbList\",\"@id\":\"https:\\\/\\\/cuadra-agrado.es\\\/?p=3291#breadcrumb\",\"itemListElement\":[{\"@type\":\"ListItem\",\"position\":1,\"name\":\"Portada\",\"item\":\"https:\\\/\\\/cuadra-agrado.es\\\/\"},{\"@type\":\"ListItem\",\"position\":2,\"name\":\"Zambeze, \u00faltimo viaje a tierras francesas!!!\"}]},{\"@type\":\"WebSite\",\"@id\":\"https:\\\/\\\/cuadra-agrado.es\\\/#website\",\"url\":\"https:\\\/\\\/cuadra-agrado.es\\\/\",\"name\":\"Cuadra Agrado\",\"description\":\"En el mundo del Turf desde 2008\",\"potentialAction\":[{\"@type\":\"SearchAction\",\"target\":{\"@type\":\"EntryPoint\",\"urlTemplate\":\"https:\\\/\\\/cuadra-agrado.es\\\/?s={search_term_string}\"},\"query-input\":{\"@type\":\"PropertyValueSpecification\",\"valueRequired\":true,\"valueName\":\"search_term_string\"}}],\"inLanguage\":\"es\"},{\"@type\":\"Person\",\"@id\":\"https:\\\/\\\/cuadra-agrado.es\\\/#\\\/schema\\\/person\\\/3aa4f8d2373cf756d93a5526bc72f31b\",\"name\":\"Miguel Redondo\",\"image\":{\"@type\":\"ImageObject\",\"inLanguage\":\"es\",\"@id\":\"https:\\\/\\\/secure.gravatar.com\\\/avatar\\\/85704fceb4fa34017e3c1344d182da00dbf772fb8856ba2b7726a2df926415b4?s=96&d=mm&r=g\",\"url\":\"https:\\\/\\\/secure.gravatar.com\\\/avatar\\\/85704fceb4fa34017e3c1344d182da00dbf772fb8856ba2b7726a2df926415b4?s=96&d=mm&r=g\",\"contentUrl\":\"https:\\\/\\\/secure.gravatar.com\\\/avatar\\\/85704fceb4fa34017e3c1344d182da00dbf772fb8856ba2b7726a2df926415b4?s=96&d=mm&r=g\",\"caption\":\"Miguel Redondo\"},\"sameAs\":[\"https:\\\/\\\/cuadra-agrado.es\"],\"url\":\"https:\\\/\\\/cuadra-agrado.es\\\/?author=5\"}]}<\/script>\n<!-- \/ Yoast SEO plugin. -->","yoast_head_json":{"title":"Zambeze, \u00faltimo viaje a tierras francesas!!! - Cuadra Agrado","robots":{"index":"index","follow":"follow","max-snippet":"max-snippet:-1","max-image-preview":"max-image-preview:large","max-video-preview":"max-video-preview:-1"},"canonical":"https:\/\/cuadra-agrado.es\/?p=3291","og_locale":"es_ES","og_type":"article","og_title":"Zambeze, \u00faltimo viaje a tierras francesas!!! - Cuadra Agrado","og_description":"Nuestro tres a\u00f1os &#8216;Zambeze&#8217; ser\u00e1 probable partant en el pr\u00f3ximo reclamar Prix de Saint Ahon el pr\u00f3ximo viernes 27 en la pista de Bordeaux sobre distancia de 1.900 metros. Ser\u00e1 por tanto nuestro \u00faltimo viaje desde Madrid, y nuestro primero sin retorno. Siguiendo nuestro programa marcado, decidimos esperar acontecimientos durante este mes de Marzo en [&hellip;]","og_url":"https:\/\/cuadra-agrado.es\/?p=3291","og_site_name":"Cuadra Agrado","article_published_time":"2015-03-23T09:13:48+00:00","article_modified_time":"2024-02-27T09:31:45+00:00","og_image":[{"url":"http:\/\/cuadra-agrado.es\/wp-content\/uploads\/2015\/03\/CHANTILLY.jpg","type":"","width":"","height":""}],"author":"Miguel Redondo","twitter_card":"summary_large_image","twitter_creator":"@AGRADOracing","twitter_site":"@AGRADOracing","twitter_misc":{"Escrito por":"Miguel Redondo","Tiempo de lectura":"2 minutos"},"schema":{"@context":"https:\/\/schema.org","@graph":[{"@type":"Article","@id":"https:\/\/cuadra-agrado.es\/?p=3291#article","isPartOf":{"@id":"https:\/\/cuadra-agrado.es\/?p=3291"},"author":{"name":"Miguel Redondo","@id":"https:\/\/cuadra-agrado.es\/#\/schema\/person\/3aa4f8d2373cf756d93a5526bc72f31b"},"headline":"Zambeze, \u00faltimo viaje a tierras francesas!!!","datePublished":"2015-03-23T09:13:48+00:00","dateModified":"2024-02-27T09:31:45+00:00","mainEntityOfPage":{"@id":"https:\/\/cuadra-agrado.es\/?p=3291"},"wordCount":435,"image":{"@id":"https:\/\/cuadra-agrado.es\/?p=3291#primaryimage"},"thumbnailUrl":"http:\/\/cuadra-agrado.es\/wp-content\/uploads\/2015\/03\/CHANTILLY.jpg","articleSection":["Actualidad"],"inLanguage":"es"},{"@type":"WebPage","@id":"https:\/\/cuadra-agrado.es\/?p=3291","url":"https:\/\/cuadra-agrado.es\/?p=3291","name":"Zambeze, \u00faltimo viaje a tierras francesas!!! - Cuadra Agrado","isPartOf":{"@id":"https:\/\/cuadra-agrado.es\/#website"},"primaryImageOfPage":{"@id":"https:\/\/cuadra-agrado.es\/?p=3291#primaryimage"},"image":{"@id":"https:\/\/cuadra-agrado.es\/?p=3291#primaryimage"},"thumbnailUrl":"http:\/\/cuadra-agrado.es\/wp-content\/uploads\/2015\/03\/CHANTILLY.jpg","datePublished":"2015-03-23T09:13:48+00:00","dateModified":"2024-02-27T09:31:45+00:00","author":{"@id":"https:\/\/cuadra-agrado.es\/#\/schema\/person\/3aa4f8d2373cf756d93a5526bc72f31b"},"breadcrumb":{"@id":"https:\/\/cuadra-agrado.es\/?p=3291#breadcrumb"},"inLanguage":"es","potentialAction":[{"@type":"ReadAction","target":["https:\/\/cuadra-agrado.es\/?p=3291"]}]},{"@type":"ImageObject","inLanguage":"es","@id":"https:\/\/cuadra-agrado.es\/?p=3291#primaryimage","url":"http:\/\/cuadra-agrado.es\/wp-content\/uploads\/2015\/03\/CHANTILLY.jpg","contentUrl":"http:\/\/cuadra-agrado.es\/wp-content\/uploads\/2015\/03\/CHANTILLY.jpg"},{"@type":"BreadcrumbList","@id":"https:\/\/cuadra-agrado.es\/?p=3291#breadcrumb","itemListElement":[{"@type":"ListItem","position":1,"name":"Portada","item":"https:\/\/cuadra-agrado.es\/"},{"@type":"ListItem","position":2,"name":"Zambeze, \u00faltimo viaje a tierras francesas!!!"}]},{"@type":"WebSite","@id":"https:\/\/cuadra-agrado.es\/#website","url":"https:\/\/cuadra-agrado.es\/","name":"Cuadra Agrado","description":"En el mundo del Turf desde 2008","potentialAction":[{"@type":"SearchAction","target":{"@type":"EntryPoint","urlTemplate":"https:\/\/cuadra-agrado.es\/?s={search_term_string}"},"query-input":{"@type":"PropertyValueSpecification","valueRequired":true,"valueName":"search_term_string"}}],"inLanguage":"es"},{"@type":"Person","@id":"https:\/\/cuadra-agrado.es\/#\/schema\/person\/3aa4f8d2373cf756d93a5526bc72f31b","name":"Miguel Redondo","image":{"@type":"ImageObject","inLanguage":"es","@id":"https:\/\/secure.gravatar.com\/avatar\/85704fceb4fa34017e3c1344d182da00dbf772fb8856ba2b7726a2df926415b4?s=96&d=mm&r=g","url":"https:\/\/secure.gravatar.com\/avatar\/85704fceb4fa34017e3c1344d182da00dbf772fb8856ba2b7726a2df926415b4?s=96&d=mm&r=g","contentUrl":"https:\/\/secure.gravatar.com\/avatar\/85704fceb4fa34017e3c1344d182da00dbf772fb8856ba2b7726a2df926415b4?s=96&d=mm&r=g","caption":"Miguel Redondo"},"sameAs":["https:\/\/cuadra-agrado.es"],"url":"https:\/\/cuadra-agrado.es\/?author=5"}]}},"_links":{"self":[{"href":"https:\/\/cuadra-agrado.es\/index.php?rest_route=\/wp\/v2\/posts\/3291","targetHints":{"allow":["GET"]}}],"collection":[{"href":"https:\/\/cuadra-agrado.es\/index.php?rest_route=\/wp\/v2\/posts"}],"about":[{"href":"https:\/\/cuadra-agrado.es\/index.php?rest_route=\/wp\/v2\/types\/post"}],"author":[{"embeddable":true,"href":"https:\/\/cuadra-agrado.es\/index.php?rest_route=\/wp\/v2\/users\/5"}],"replies":[{"embeddable":true,"href":"https:\/\/cuadra-agrado.es\/index.php?rest_route=%2Fwp%2Fv2%2Fcomments&post=3291"}],"version-history":[{"count":0,"href":"https:\/\/cuadra-agrado.es\/index.php?rest_route=\/wp\/v2\/posts\/3291\/revisions"}],"wp:attachment":[{"href":"https:\/\/cuadra-agrado.es\/index.php?rest_route=%2Fwp%2Fv2%2Fmedia&parent=3291"}],"wp:term":[{"taxonomy":"category","embeddable":true,"href":"https:\/\/cuadra-agrado.es\/index.php?rest_route=%2Fwp%2Fv2%2Fcategories&post=3291"},{"taxonomy":"post_tag","embeddable":true,"href":"https:\/\/cuadra-agrado.es\/index.php?rest_route=%2Fwp%2Fv2%2Ftags&post=3291"}],"curies":[{"name":"wp","href":"https:\/\/api.w.org\/{rel}","templated":true}]}}