{"id":3290,"date":"2015-03-21T09:16:57","date_gmt":"2015-03-21T08:16:57","guid":{"rendered":"https:\/\/cuadra-agrado.es\/?p=1685"},"modified":"2024-02-27T09:31:45","modified_gmt":"2024-02-27T09:31:45","slug":"una-nueva-colocacion-para-il-presuntuoso","status":"publish","type":"post","link":"https:\/\/cuadra-agrado.es\/?p=3290","title":{"rendered":"Una nueva colocaci\u00f3n para Il Presuntuoso"},"content":{"rendered":"<p style=\"text-align: justify;\"><a href=\"http:\/\/cuadra-agrado.es\/wp-content\/uploads\/2015\/03\/ILPRE.jpg-large.png\" target=\"_blank\" rel=\"noopener noreferrer\"><img loading=\"lazy\" decoding=\"async\" class=\"alignleft  wp-image-1686\" alt=\"ILPRE.jpg-large\" src=\"http:\/\/cuadra-agrado.es\/wp-content\/uploads\/2015\/03\/ILPRE.jpg-large.png\" width=\"350\" height=\"210\" \/><\/a>Il Presuntuoso pudo completar los 2.000 metros de \u2018La Teste\u2019 llev\u00e1ndose una nueva colocaci\u00f3n con un buen cuarto puesto de 18 partants en la primera parte su Handicap en tierras francesas. Bien desde el golpe de cajones, se fue a la grupa del puntero como es habitual en su recorrido\u00a0 e intent\u00f3 en la entrada en recta incrementar progresivamente su sprint para luchar por esa victoria que le falta brindarnos. A falta de 100 metros se ve\u00eda ganador, pero al igual que le pas\u00f3 a su amigo de cuadra \u2018Rany\u00e1n\u2019, le falt\u00f3 ese cuerpo de distancia que nuestros caballos se dejan en el camino en sus largos viajes. En cualquier caso, buena actuaci\u00f3n de \u2018Ilpre\u2019 teniendo en cuenta que hace apenas 10 d\u00edas luchaba por un reclamar en Par\u00eds y que despu\u00e9s de descansar una semana en Madrid, ayer estaba en \u2018La Teste\u2019. Buen recorrido tambi\u00e9n de nuestra monta \u2018Borja Fayos\u2019 que siguiendo las \u00f3rdenes del trainer estuvo cerca de poder llevarse su merecida recompensa.<\/p>\n<p style=\"text-align: justify;\">Esa recompensa tan esperada que todos los profesionales necesitan y que en pocos casos llega\u2026. Ayer pudimos vivir en primera persona un d\u00eda cotidiano de nuestros profesionales que se est\u00e1n dejando la vida en viajes, sufrimientos y desdichas debido a la lamentable situaci\u00f3n de nuestro turf en Espa\u00f1a. Pude compartir viaje con Eduardo Buz\u00f3n, Borja Fayos y Jeremy Crocquevieille y vivir con ellos la estresante y dur\u00edsima rutina semanal de sus largos viajes para competir all\u00e1 donde les dejan. M\u00e1s de doce horas de viaje de ida y vuelta en el d\u00eda, subirse a 4 caballos sin apenas desayunar o comer en condiciones y venirse de vac\u00edo de vuelta a casa, no es que sea duro, es que adem\u00e1s es cruel\u00a0 e inhumano. Nada menos que 28 partants nacionales ayer que apenas tuvieron la triste recompensa de 2 cuartos, y un quinto puesto, una demoledora estad\u00edstica que no es precisamente por tener los peores caballos de \u2018La Teste\u2019, sino porque ni los caballos y jockeys (reventados a kil\u00f3metros), ni nuestros preparadores con una carga extrema de tensi\u00f3n y ansiedad est\u00e1n en las mejores condiciones de competir con las m\u00ednimas garant\u00edas de exito. Ayer pude ver las caras de angustia, \u00a0agotamiento y fatiga de grandes preparadores como Jes\u00fas L\u00f3pez o Juan Luis Maroto que vinieron de vuelta sin la recompensa a su enorme esfuerzo y dedicaci\u00f3n, esta ma\u00f1ana seguro que volvieron a despertarse antes de que el sol saliera para volver a ese trabajo que hoy por hoy es ingrato y desagradecido.<br \/>\nDesesperante y penoso ambiente el que hoy vivimos en este diminuto circulo de la sociedad, pero si esto no se soluciona en el ya muy breve corto plazo, me temo que el turf en Espa\u00f1a habr\u00e1 cerrado otra \u00e9poca, y solamente nos quedar\u00e1 esperar la siguiente reapertura con el paso del tiempo\u2026.<br \/>\nMis \u00e1nimos a todos los profesionales para que aguanten un pen\u00faltimo chaparr\u00f3n, a ver si definitivamente la recompensa llega &#8230;&#8230;<\/p>\n<p><span style=\"color: #339966;\"><a href=\"https:\/\/www.youtube.com\/watch?v=HVYkxTmUeXg\" target=\"_blank\" rel=\"noopener noreferrer\"><span style=\"color: #339966;\">Ver Carrera Prix de Biscarrosse<\/span><\/a><\/span><\/p>\n<hr \/>\n<p style=\"text-align: justify;\">\n<!-- AddThis Advanced Settings generic via filter on the_content --><!-- AddThis Share Buttons generic via filter on the_content -->","protected":false},"excerpt":{"rendered":"<p>Il Presuntuoso pudo completar los 2.000 metros de \u2018La Teste\u2019 llev\u00e1ndose una nueva colocaci\u00f3n con un buen cuarto puesto de 18 partants en la primera parte su Handicap en tierras francesas. Bien desde el golpe de cajones, se fue a la grupa del puntero como es habitual en su recorrido\u00a0 e intent\u00f3 en la entrada [&hellip;]<!-- AddThis Advanced Settings generic via filter on get_the_excerpt --><!-- AddThis Share Buttons generic via filter on get_the_excerpt --><\/p>\n","protected":false},"author":5,"featured_media":0,"comment_status":"closed","ping_status":"closed","sticky":false,"template":"","format":"gallery","meta":{"_acf_changed":false,"_et_pb_use_builder":"","_et_pb_old_content":"","_et_gb_content_width":"","footnotes":""},"categories":[3],"tags":[],"class_list":["post-3290","post","type-post","status-publish","format-gallery","hentry","category-noticias-cuadra-agrado","post_format-post-format-gallery"],"acf":[],"yoast_head":"<!-- This site is optimized with the Yoast SEO plugin v27.4 - https:\/\/yoast.com\/product\/yoast-seo-wordpress\/ -->\n<title>Una nueva colocaci\u00f3n para Il Presuntuoso - Cuadra Agrado<\/title>\n<meta name=\"robots\" content=\"index, follow, max-snippet:-1, max-image-preview:large, max-video-preview:-1\" \/>\n<link rel=\"canonical\" href=\"https:\/\/cuadra-agrado.es\/?p=3290\" \/>\n<meta property=\"og:locale\" content=\"es_ES\" \/>\n<meta property=\"og:type\" content=\"article\" \/>\n<meta property=\"og:title\" content=\"Una nueva colocaci\u00f3n para Il Presuntuoso - Cuadra Agrado\" \/>\n<meta property=\"og:description\" content=\"Il Presuntuoso pudo completar los 2.000 metros de \u2018La Teste\u2019 llev\u00e1ndose una nueva colocaci\u00f3n con un buen cuarto puesto de 18 partants en la primera parte su Handicap en tierras francesas. Bien desde el golpe de cajones, se fue a la grupa del puntero como es habitual en su recorrido\u00a0 e intent\u00f3 en la entrada [&hellip;]\" \/>\n<meta property=\"og:url\" content=\"https:\/\/cuadra-agrado.es\/?p=3290\" \/>\n<meta property=\"og:site_name\" content=\"Cuadra Agrado\" \/>\n<meta property=\"article:published_time\" content=\"2015-03-21T08:16:57+00:00\" \/>\n<meta property=\"article:modified_time\" content=\"2024-02-27T09:31:45+00:00\" \/>\n<meta property=\"og:image\" content=\"http:\/\/cuadra-agrado.es\/wp-content\/uploads\/2015\/03\/ILPRE.jpg-large.png\" \/>\n<meta name=\"author\" content=\"Miguel Redondo\" \/>\n<meta name=\"twitter:card\" content=\"summary_large_image\" \/>\n<meta name=\"twitter:creator\" content=\"@AGRADOracing\" \/>\n<meta name=\"twitter:site\" content=\"@AGRADOracing\" \/>\n<meta name=\"twitter:label1\" content=\"Escrito por\" \/>\n\t<meta name=\"twitter:data1\" content=\"Miguel Redondo\" \/>\n\t<meta name=\"twitter:label2\" content=\"Tiempo de lectura\" \/>\n\t<meta name=\"twitter:data2\" content=\"3 minutos\" \/>\n<script type=\"application\/ld+json\" class=\"yoast-schema-graph\">{\"@context\":\"https:\\\/\\\/schema.org\",\"@graph\":[{\"@type\":\"Article\",\"@id\":\"https:\\\/\\\/cuadra-agrado.es\\\/?p=3290#article\",\"isPartOf\":{\"@id\":\"https:\\\/\\\/cuadra-agrado.es\\\/?p=3290\"},\"author\":{\"name\":\"Miguel Redondo\",\"@id\":\"https:\\\/\\\/cuadra-agrado.es\\\/#\\\/schema\\\/person\\\/3aa4f8d2373cf756d93a5526bc72f31b\"},\"headline\":\"Una nueva colocaci\u00f3n para Il Presuntuoso\",\"datePublished\":\"2015-03-21T08:16:57+00:00\",\"dateModified\":\"2024-02-27T09:31:45+00:00\",\"mainEntityOfPage\":{\"@id\":\"https:\\\/\\\/cuadra-agrado.es\\\/?p=3290\"},\"wordCount\":524,\"image\":{\"@id\":\"https:\\\/\\\/cuadra-agrado.es\\\/?p=3290#primaryimage\"},\"thumbnailUrl\":\"http:\\\/\\\/cuadra-agrado.es\\\/wp-content\\\/uploads\\\/2015\\\/03\\\/ILPRE.jpg-large.png\",\"articleSection\":[\"Actualidad\"],\"inLanguage\":\"es\"},{\"@type\":\"WebPage\",\"@id\":\"https:\\\/\\\/cuadra-agrado.es\\\/?p=3290\",\"url\":\"https:\\\/\\\/cuadra-agrado.es\\\/?p=3290\",\"name\":\"Una nueva colocaci\u00f3n para Il Presuntuoso - Cuadra Agrado\",\"isPartOf\":{\"@id\":\"https:\\\/\\\/cuadra-agrado.es\\\/#website\"},\"primaryImageOfPage\":{\"@id\":\"https:\\\/\\\/cuadra-agrado.es\\\/?p=3290#primaryimage\"},\"image\":{\"@id\":\"https:\\\/\\\/cuadra-agrado.es\\\/?p=3290#primaryimage\"},\"thumbnailUrl\":\"http:\\\/\\\/cuadra-agrado.es\\\/wp-content\\\/uploads\\\/2015\\\/03\\\/ILPRE.jpg-large.png\",\"datePublished\":\"2015-03-21T08:16:57+00:00\",\"dateModified\":\"2024-02-27T09:31:45+00:00\",\"author\":{\"@id\":\"https:\\\/\\\/cuadra-agrado.es\\\/#\\\/schema\\\/person\\\/3aa4f8d2373cf756d93a5526bc72f31b\"},\"breadcrumb\":{\"@id\":\"https:\\\/\\\/cuadra-agrado.es\\\/?p=3290#breadcrumb\"},\"inLanguage\":\"es\",\"potentialAction\":[{\"@type\":\"ReadAction\",\"target\":[\"https:\\\/\\\/cuadra-agrado.es\\\/?p=3290\"]}]},{\"@type\":\"ImageObject\",\"inLanguage\":\"es\",\"@id\":\"https:\\\/\\\/cuadra-agrado.es\\\/?p=3290#primaryimage\",\"url\":\"http:\\\/\\\/cuadra-agrado.es\\\/wp-content\\\/uploads\\\/2015\\\/03\\\/ILPRE.jpg-large.png\",\"contentUrl\":\"http:\\\/\\\/cuadra-agrado.es\\\/wp-content\\\/uploads\\\/2015\\\/03\\\/ILPRE.jpg-large.png\"},{\"@type\":\"BreadcrumbList\",\"@id\":\"https:\\\/\\\/cuadra-agrado.es\\\/?p=3290#breadcrumb\",\"itemListElement\":[{\"@type\":\"ListItem\",\"position\":1,\"name\":\"Portada\",\"item\":\"https:\\\/\\\/cuadra-agrado.es\\\/\"},{\"@type\":\"ListItem\",\"position\":2,\"name\":\"Una nueva colocaci\u00f3n para Il Presuntuoso\"}]},{\"@type\":\"WebSite\",\"@id\":\"https:\\\/\\\/cuadra-agrado.es\\\/#website\",\"url\":\"https:\\\/\\\/cuadra-agrado.es\\\/\",\"name\":\"Cuadra Agrado\",\"description\":\"En el mundo del Turf desde 2008\",\"potentialAction\":[{\"@type\":\"SearchAction\",\"target\":{\"@type\":\"EntryPoint\",\"urlTemplate\":\"https:\\\/\\\/cuadra-agrado.es\\\/?s={search_term_string}\"},\"query-input\":{\"@type\":\"PropertyValueSpecification\",\"valueRequired\":true,\"valueName\":\"search_term_string\"}}],\"inLanguage\":\"es\"},{\"@type\":\"Person\",\"@id\":\"https:\\\/\\\/cuadra-agrado.es\\\/#\\\/schema\\\/person\\\/3aa4f8d2373cf756d93a5526bc72f31b\",\"name\":\"Miguel Redondo\",\"image\":{\"@type\":\"ImageObject\",\"inLanguage\":\"es\",\"@id\":\"https:\\\/\\\/secure.gravatar.com\\\/avatar\\\/85704fceb4fa34017e3c1344d182da00dbf772fb8856ba2b7726a2df926415b4?s=96&d=mm&r=g\",\"url\":\"https:\\\/\\\/secure.gravatar.com\\\/avatar\\\/85704fceb4fa34017e3c1344d182da00dbf772fb8856ba2b7726a2df926415b4?s=96&d=mm&r=g\",\"contentUrl\":\"https:\\\/\\\/secure.gravatar.com\\\/avatar\\\/85704fceb4fa34017e3c1344d182da00dbf772fb8856ba2b7726a2df926415b4?s=96&d=mm&r=g\",\"caption\":\"Miguel Redondo\"},\"sameAs\":[\"https:\\\/\\\/cuadra-agrado.es\"],\"url\":\"https:\\\/\\\/cuadra-agrado.es\\\/?author=5\"}]}<\/script>\n<!-- \/ Yoast SEO plugin. -->","yoast_head_json":{"title":"Una nueva colocaci\u00f3n para Il Presuntuoso - Cuadra Agrado","robots":{"index":"index","follow":"follow","max-snippet":"max-snippet:-1","max-image-preview":"max-image-preview:large","max-video-preview":"max-video-preview:-1"},"canonical":"https:\/\/cuadra-agrado.es\/?p=3290","og_locale":"es_ES","og_type":"article","og_title":"Una nueva colocaci\u00f3n para Il Presuntuoso - Cuadra Agrado","og_description":"Il Presuntuoso pudo completar los 2.000 metros de \u2018La Teste\u2019 llev\u00e1ndose una nueva colocaci\u00f3n con un buen cuarto puesto de 18 partants en la primera parte su Handicap en tierras francesas. Bien desde el golpe de cajones, se fue a la grupa del puntero como es habitual en su recorrido\u00a0 e intent\u00f3 en la entrada [&hellip;]","og_url":"https:\/\/cuadra-agrado.es\/?p=3290","og_site_name":"Cuadra Agrado","article_published_time":"2015-03-21T08:16:57+00:00","article_modified_time":"2024-02-27T09:31:45+00:00","og_image":[{"url":"http:\/\/cuadra-agrado.es\/wp-content\/uploads\/2015\/03\/ILPRE.jpg-large.png","type":"","width":"","height":""}],"author":"Miguel Redondo","twitter_card":"summary_large_image","twitter_creator":"@AGRADOracing","twitter_site":"@AGRADOracing","twitter_misc":{"Escrito por":"Miguel Redondo","Tiempo de lectura":"3 minutos"},"schema":{"@context":"https:\/\/schema.org","@graph":[{"@type":"Article","@id":"https:\/\/cuadra-agrado.es\/?p=3290#article","isPartOf":{"@id":"https:\/\/cuadra-agrado.es\/?p=3290"},"author":{"name":"Miguel Redondo","@id":"https:\/\/cuadra-agrado.es\/#\/schema\/person\/3aa4f8d2373cf756d93a5526bc72f31b"},"headline":"Una nueva colocaci\u00f3n para Il Presuntuoso","datePublished":"2015-03-21T08:16:57+00:00","dateModified":"2024-02-27T09:31:45+00:00","mainEntityOfPage":{"@id":"https:\/\/cuadra-agrado.es\/?p=3290"},"wordCount":524,"image":{"@id":"https:\/\/cuadra-agrado.es\/?p=3290#primaryimage"},"thumbnailUrl":"http:\/\/cuadra-agrado.es\/wp-content\/uploads\/2015\/03\/ILPRE.jpg-large.png","articleSection":["Actualidad"],"inLanguage":"es"},{"@type":"WebPage","@id":"https:\/\/cuadra-agrado.es\/?p=3290","url":"https:\/\/cuadra-agrado.es\/?p=3290","name":"Una nueva colocaci\u00f3n para Il Presuntuoso - Cuadra Agrado","isPartOf":{"@id":"https:\/\/cuadra-agrado.es\/#website"},"primaryImageOfPage":{"@id":"https:\/\/cuadra-agrado.es\/?p=3290#primaryimage"},"image":{"@id":"https:\/\/cuadra-agrado.es\/?p=3290#primaryimage"},"thumbnailUrl":"http:\/\/cuadra-agrado.es\/wp-content\/uploads\/2015\/03\/ILPRE.jpg-large.png","datePublished":"2015-03-21T08:16:57+00:00","dateModified":"2024-02-27T09:31:45+00:00","author":{"@id":"https:\/\/cuadra-agrado.es\/#\/schema\/person\/3aa4f8d2373cf756d93a5526bc72f31b"},"breadcrumb":{"@id":"https:\/\/cuadra-agrado.es\/?p=3290#breadcrumb"},"inLanguage":"es","potentialAction":[{"@type":"ReadAction","target":["https:\/\/cuadra-agrado.es\/?p=3290"]}]},{"@type":"ImageObject","inLanguage":"es","@id":"https:\/\/cuadra-agrado.es\/?p=3290#primaryimage","url":"http:\/\/cuadra-agrado.es\/wp-content\/uploads\/2015\/03\/ILPRE.jpg-large.png","contentUrl":"http:\/\/cuadra-agrado.es\/wp-content\/uploads\/2015\/03\/ILPRE.jpg-large.png"},{"@type":"BreadcrumbList","@id":"https:\/\/cuadra-agrado.es\/?p=3290#breadcrumb","itemListElement":[{"@type":"ListItem","position":1,"name":"Portada","item":"https:\/\/cuadra-agrado.es\/"},{"@type":"ListItem","position":2,"name":"Una nueva colocaci\u00f3n para Il Presuntuoso"}]},{"@type":"WebSite","@id":"https:\/\/cuadra-agrado.es\/#website","url":"https:\/\/cuadra-agrado.es\/","name":"Cuadra Agrado","description":"En el mundo del Turf desde 2008","potentialAction":[{"@type":"SearchAction","target":{"@type":"EntryPoint","urlTemplate":"https:\/\/cuadra-agrado.es\/?s={search_term_string}"},"query-input":{"@type":"PropertyValueSpecification","valueRequired":true,"valueName":"search_term_string"}}],"inLanguage":"es"},{"@type":"Person","@id":"https:\/\/cuadra-agrado.es\/#\/schema\/person\/3aa4f8d2373cf756d93a5526bc72f31b","name":"Miguel Redondo","image":{"@type":"ImageObject","inLanguage":"es","@id":"https:\/\/secure.gravatar.com\/avatar\/85704fceb4fa34017e3c1344d182da00dbf772fb8856ba2b7726a2df926415b4?s=96&d=mm&r=g","url":"https:\/\/secure.gravatar.com\/avatar\/85704fceb4fa34017e3c1344d182da00dbf772fb8856ba2b7726a2df926415b4?s=96&d=mm&r=g","contentUrl":"https:\/\/secure.gravatar.com\/avatar\/85704fceb4fa34017e3c1344d182da00dbf772fb8856ba2b7726a2df926415b4?s=96&d=mm&r=g","caption":"Miguel Redondo"},"sameAs":["https:\/\/cuadra-agrado.es"],"url":"https:\/\/cuadra-agrado.es\/?author=5"}]}},"_links":{"self":[{"href":"https:\/\/cuadra-agrado.es\/index.php?rest_route=\/wp\/v2\/posts\/3290","targetHints":{"allow":["GET"]}}],"collection":[{"href":"https:\/\/cuadra-agrado.es\/index.php?rest_route=\/wp\/v2\/posts"}],"about":[{"href":"https:\/\/cuadra-agrado.es\/index.php?rest_route=\/wp\/v2\/types\/post"}],"author":[{"embeddable":true,"href":"https:\/\/cuadra-agrado.es\/index.php?rest_route=\/wp\/v2\/users\/5"}],"replies":[{"embeddable":true,"href":"https:\/\/cuadra-agrado.es\/index.php?rest_route=%2Fwp%2Fv2%2Fcomments&post=3290"}],"version-history":[{"count":0,"href":"https:\/\/cuadra-agrado.es\/index.php?rest_route=\/wp\/v2\/posts\/3290\/revisions"}],"wp:attachment":[{"href":"https:\/\/cuadra-agrado.es\/index.php?rest_route=%2Fwp%2Fv2%2Fmedia&parent=3290"}],"wp:term":[{"taxonomy":"category","embeddable":true,"href":"https:\/\/cuadra-agrado.es\/index.php?rest_route=%2Fwp%2Fv2%2Fcategories&post=3290"},{"taxonomy":"post_tag","embeddable":true,"href":"https:\/\/cuadra-agrado.es\/index.php?rest_route=%2Fwp%2Fv2%2Ftags&post=3290"}],"curies":[{"name":"wp","href":"https:\/\/api.w.org\/{rel}","templated":true}]}}