{"id":3289,"date":"2015-03-17T09:45:08","date_gmt":"2015-03-17T08:45:08","guid":{"rendered":"https:\/\/cuadra-agrado.es\/?p=1680"},"modified":"2024-02-27T09:31:46","modified_gmt":"2024-02-27T09:31:46","slug":"primer-handicap-para-il-presuntuoso","status":"publish","type":"post","link":"https:\/\/cuadra-agrado.es\/?p=3289","title":{"rendered":"Primer H\u00e1ndicap para Il Presuntuoso"},"content":{"rendered":"<p style=\"text-align: justify;\"><a href=\"http:\/\/cuadra-agrado.es\/wp-content\/uploads\/2015\/01\/ILPRE.jpg\" target=\"_blank\" rel=\"noopener noreferrer\"><img loading=\"lazy\" decoding=\"async\" class=\"alignleft  wp-image-1589\" alt=\"ILPRE\" src=\"http:\/\/cuadra-agrado.es\/wp-content\/uploads\/2015\/01\/ILPRE.jpg\" width=\"270\" height=\"190\" \/><\/a>Nuestro cuatro a\u00f1os Il Presuntuoso ser\u00e1 partant definitivo para disputar este pr\u00f3ximo viernes 20 de marzo su primer h\u00e1ndicap en el &#8216;Prix Biscarrosse&#8217; en el hip\u00f3dromo de &#8216;La Teste Buch&#8217;. Tras su \u00faltima actuaci\u00f3n, donde un terreno pesado y una distancia excesiva le pasaron factura en los \u00faltimos 300 metros, volvemos a pista aprovechando su forma recortando la distancia a 2.000 metros en este su primer h\u00e1ndicap donde con toda seguridad estar\u00e1 en primera parte.<\/p>\n<p style=\"text-align: justify;\">High Brooklyn finalmente no ser\u00e1 partant en el &#8216;Prix D&#8217;ares&#8217; debido a la previsi\u00f3n de un numeroso partant definitivo por lo que esperaremos su pr\u00f3xima actuaci\u00f3n ya en Chantilly.<\/p>\n<p style=\"text-align: justify;\">Desgraciadamente, la situaci\u00f3n de nuestro turf en Espa\u00f1a nos obliga a tomar la decisi\u00f3n final de abandonar nuestro querido recinto madrile\u00f1o, y tal y como as\u00ed estaba previsto, todos nuestros caballos viajar\u00e1n a Chantilly el pr\u00f3ximo 30 de marzo para estabularse all\u00ed y poder competir en los diferentes hip\u00f3dromos parisinos inicialmente durante los pr\u00f3ximos cuatro meses. Nuestro preparador &#8216;Eduardo Buz\u00f3n&#8217; por tanto, abandona &#8216;La Zarzuela&#8217; con todos sus efectivos y pone rumbo nuevamente a Paris a la espera de que el conflicto finalmente llegue a su mejor fin que no puede ser otro que la reanudaci\u00f3n de las carreras en Espa\u00f1a. Confiemos que la situaci\u00f3n se despeje definitivamente y si no es posible este a\u00f1o en Madrid, si poder reanudar en San Sebasti\u00e1n o Sevilla, y regresar para competir en nuestro turf en Septiembre.<\/p>\n<hr \/>\n<p style=\"text-align: justify;\">\n<!-- AddThis Advanced Settings generic via filter on the_content --><!-- AddThis Share Buttons generic via filter on the_content -->","protected":false},"excerpt":{"rendered":"<p>Nuestro cuatro a\u00f1os Il Presuntuoso ser\u00e1 partant definitivo para disputar este pr\u00f3ximo viernes 20 de marzo su primer h\u00e1ndicap en el &#8216;Prix Biscarrosse&#8217; en el hip\u00f3dromo de &#8216;La Teste Buch&#8217;. Tras su \u00faltima actuaci\u00f3n, donde un terreno pesado y una distancia excesiva le pasaron factura en los \u00faltimos 300 metros, volvemos a pista aprovechando su [&hellip;]<!-- AddThis Advanced Settings generic via filter on get_the_excerpt --><!-- AddThis Share Buttons generic via filter on get_the_excerpt --><\/p>\n","protected":false},"author":5,"featured_media":0,"comment_status":"closed","ping_status":"closed","sticky":false,"template":"","format":"gallery","meta":{"_acf_changed":false,"_et_pb_use_builder":"","_et_pb_old_content":"","_et_gb_content_width":"","footnotes":""},"categories":[3],"tags":[],"class_list":["post-3289","post","type-post","status-publish","format-gallery","hentry","category-noticias-cuadra-agrado","post_format-post-format-gallery"],"acf":[],"yoast_head":"<!-- This site is optimized with the Yoast SEO plugin v27.4 - https:\/\/yoast.com\/product\/yoast-seo-wordpress\/ -->\n<title>Primer H\u00e1ndicap para Il Presuntuoso - Cuadra Agrado<\/title>\n<meta name=\"robots\" content=\"index, follow, max-snippet:-1, max-image-preview:large, max-video-preview:-1\" \/>\n<link rel=\"canonical\" href=\"https:\/\/cuadra-agrado.es\/?p=3289\" \/>\n<meta property=\"og:locale\" content=\"es_ES\" \/>\n<meta property=\"og:type\" content=\"article\" \/>\n<meta property=\"og:title\" content=\"Primer H\u00e1ndicap para Il Presuntuoso - Cuadra Agrado\" \/>\n<meta property=\"og:description\" content=\"Nuestro cuatro a\u00f1os Il Presuntuoso ser\u00e1 partant definitivo para disputar este pr\u00f3ximo viernes 20 de marzo su primer h\u00e1ndicap en el &#8216;Prix Biscarrosse&#8217; en el hip\u00f3dromo de &#8216;La Teste Buch&#8217;. Tras su \u00faltima actuaci\u00f3n, donde un terreno pesado y una distancia excesiva le pasaron factura en los \u00faltimos 300 metros, volvemos a pista aprovechando su [&hellip;]\" \/>\n<meta property=\"og:url\" content=\"https:\/\/cuadra-agrado.es\/?p=3289\" \/>\n<meta property=\"og:site_name\" content=\"Cuadra Agrado\" \/>\n<meta property=\"article:published_time\" content=\"2015-03-17T08:45:08+00:00\" \/>\n<meta property=\"article:modified_time\" content=\"2024-02-27T09:31:46+00:00\" \/>\n<meta property=\"og:image\" content=\"http:\/\/cuadra-agrado.es\/wp-content\/uploads\/2015\/01\/ILPRE.jpg\" \/>\n<meta name=\"author\" content=\"Miguel Redondo\" \/>\n<meta name=\"twitter:card\" content=\"summary_large_image\" \/>\n<meta name=\"twitter:creator\" content=\"@AGRADOracing\" \/>\n<meta name=\"twitter:site\" content=\"@AGRADOracing\" \/>\n<meta name=\"twitter:label1\" content=\"Escrito por\" \/>\n\t<meta name=\"twitter:data1\" content=\"Miguel Redondo\" \/>\n\t<meta name=\"twitter:label2\" content=\"Tiempo de lectura\" \/>\n\t<meta name=\"twitter:data2\" content=\"1 minuto\" \/>\n<script type=\"application\/ld+json\" class=\"yoast-schema-graph\">{\"@context\":\"https:\\\/\\\/schema.org\",\"@graph\":[{\"@type\":\"Article\",\"@id\":\"https:\\\/\\\/cuadra-agrado.es\\\/?p=3289#article\",\"isPartOf\":{\"@id\":\"https:\\\/\\\/cuadra-agrado.es\\\/?p=3289\"},\"author\":{\"name\":\"Miguel Redondo\",\"@id\":\"https:\\\/\\\/cuadra-agrado.es\\\/#\\\/schema\\\/person\\\/3aa4f8d2373cf756d93a5526bc72f31b\"},\"headline\":\"Primer H\u00e1ndicap para Il Presuntuoso\",\"datePublished\":\"2015-03-17T08:45:08+00:00\",\"dateModified\":\"2024-02-27T09:31:46+00:00\",\"mainEntityOfPage\":{\"@id\":\"https:\\\/\\\/cuadra-agrado.es\\\/?p=3289\"},\"wordCount\":264,\"image\":{\"@id\":\"https:\\\/\\\/cuadra-agrado.es\\\/?p=3289#primaryimage\"},\"thumbnailUrl\":\"http:\\\/\\\/cuadra-agrado.es\\\/wp-content\\\/uploads\\\/2015\\\/01\\\/ILPRE.jpg\",\"articleSection\":[\"Actualidad\"],\"inLanguage\":\"es\"},{\"@type\":\"WebPage\",\"@id\":\"https:\\\/\\\/cuadra-agrado.es\\\/?p=3289\",\"url\":\"https:\\\/\\\/cuadra-agrado.es\\\/?p=3289\",\"name\":\"Primer H\u00e1ndicap para Il Presuntuoso - Cuadra Agrado\",\"isPartOf\":{\"@id\":\"https:\\\/\\\/cuadra-agrado.es\\\/#website\"},\"primaryImageOfPage\":{\"@id\":\"https:\\\/\\\/cuadra-agrado.es\\\/?p=3289#primaryimage\"},\"image\":{\"@id\":\"https:\\\/\\\/cuadra-agrado.es\\\/?p=3289#primaryimage\"},\"thumbnailUrl\":\"http:\\\/\\\/cuadra-agrado.es\\\/wp-content\\\/uploads\\\/2015\\\/01\\\/ILPRE.jpg\",\"datePublished\":\"2015-03-17T08:45:08+00:00\",\"dateModified\":\"2024-02-27T09:31:46+00:00\",\"author\":{\"@id\":\"https:\\\/\\\/cuadra-agrado.es\\\/#\\\/schema\\\/person\\\/3aa4f8d2373cf756d93a5526bc72f31b\"},\"breadcrumb\":{\"@id\":\"https:\\\/\\\/cuadra-agrado.es\\\/?p=3289#breadcrumb\"},\"inLanguage\":\"es\",\"potentialAction\":[{\"@type\":\"ReadAction\",\"target\":[\"https:\\\/\\\/cuadra-agrado.es\\\/?p=3289\"]}]},{\"@type\":\"ImageObject\",\"inLanguage\":\"es\",\"@id\":\"https:\\\/\\\/cuadra-agrado.es\\\/?p=3289#primaryimage\",\"url\":\"http:\\\/\\\/cuadra-agrado.es\\\/wp-content\\\/uploads\\\/2015\\\/01\\\/ILPRE.jpg\",\"contentUrl\":\"http:\\\/\\\/cuadra-agrado.es\\\/wp-content\\\/uploads\\\/2015\\\/01\\\/ILPRE.jpg\"},{\"@type\":\"BreadcrumbList\",\"@id\":\"https:\\\/\\\/cuadra-agrado.es\\\/?p=3289#breadcrumb\",\"itemListElement\":[{\"@type\":\"ListItem\",\"position\":1,\"name\":\"Portada\",\"item\":\"https:\\\/\\\/cuadra-agrado.es\\\/\"},{\"@type\":\"ListItem\",\"position\":2,\"name\":\"Primer H\u00e1ndicap para Il Presuntuoso\"}]},{\"@type\":\"WebSite\",\"@id\":\"https:\\\/\\\/cuadra-agrado.es\\\/#website\",\"url\":\"https:\\\/\\\/cuadra-agrado.es\\\/\",\"name\":\"Cuadra Agrado\",\"description\":\"En el mundo del Turf desde 2008\",\"potentialAction\":[{\"@type\":\"SearchAction\",\"target\":{\"@type\":\"EntryPoint\",\"urlTemplate\":\"https:\\\/\\\/cuadra-agrado.es\\\/?s={search_term_string}\"},\"query-input\":{\"@type\":\"PropertyValueSpecification\",\"valueRequired\":true,\"valueName\":\"search_term_string\"}}],\"inLanguage\":\"es\"},{\"@type\":\"Person\",\"@id\":\"https:\\\/\\\/cuadra-agrado.es\\\/#\\\/schema\\\/person\\\/3aa4f8d2373cf756d93a5526bc72f31b\",\"name\":\"Miguel Redondo\",\"image\":{\"@type\":\"ImageObject\",\"inLanguage\":\"es\",\"@id\":\"https:\\\/\\\/secure.gravatar.com\\\/avatar\\\/85704fceb4fa34017e3c1344d182da00dbf772fb8856ba2b7726a2df926415b4?s=96&d=mm&r=g\",\"url\":\"https:\\\/\\\/secure.gravatar.com\\\/avatar\\\/85704fceb4fa34017e3c1344d182da00dbf772fb8856ba2b7726a2df926415b4?s=96&d=mm&r=g\",\"contentUrl\":\"https:\\\/\\\/secure.gravatar.com\\\/avatar\\\/85704fceb4fa34017e3c1344d182da00dbf772fb8856ba2b7726a2df926415b4?s=96&d=mm&r=g\",\"caption\":\"Miguel Redondo\"},\"sameAs\":[\"https:\\\/\\\/cuadra-agrado.es\"],\"url\":\"https:\\\/\\\/cuadra-agrado.es\\\/?author=5\"}]}<\/script>\n<!-- \/ Yoast SEO plugin. -->","yoast_head_json":{"title":"Primer H\u00e1ndicap para Il Presuntuoso - Cuadra Agrado","robots":{"index":"index","follow":"follow","max-snippet":"max-snippet:-1","max-image-preview":"max-image-preview:large","max-video-preview":"max-video-preview:-1"},"canonical":"https:\/\/cuadra-agrado.es\/?p=3289","og_locale":"es_ES","og_type":"article","og_title":"Primer H\u00e1ndicap para Il Presuntuoso - Cuadra Agrado","og_description":"Nuestro cuatro a\u00f1os Il Presuntuoso ser\u00e1 partant definitivo para disputar este pr\u00f3ximo viernes 20 de marzo su primer h\u00e1ndicap en el &#8216;Prix Biscarrosse&#8217; en el hip\u00f3dromo de &#8216;La Teste Buch&#8217;. Tras su \u00faltima actuaci\u00f3n, donde un terreno pesado y una distancia excesiva le pasaron factura en los \u00faltimos 300 metros, volvemos a pista aprovechando su [&hellip;]","og_url":"https:\/\/cuadra-agrado.es\/?p=3289","og_site_name":"Cuadra Agrado","article_published_time":"2015-03-17T08:45:08+00:00","article_modified_time":"2024-02-27T09:31:46+00:00","og_image":[{"url":"http:\/\/cuadra-agrado.es\/wp-content\/uploads\/2015\/01\/ILPRE.jpg","type":"","width":"","height":""}],"author":"Miguel Redondo","twitter_card":"summary_large_image","twitter_creator":"@AGRADOracing","twitter_site":"@AGRADOracing","twitter_misc":{"Escrito por":"Miguel Redondo","Tiempo de lectura":"1 minuto"},"schema":{"@context":"https:\/\/schema.org","@graph":[{"@type":"Article","@id":"https:\/\/cuadra-agrado.es\/?p=3289#article","isPartOf":{"@id":"https:\/\/cuadra-agrado.es\/?p=3289"},"author":{"name":"Miguel Redondo","@id":"https:\/\/cuadra-agrado.es\/#\/schema\/person\/3aa4f8d2373cf756d93a5526bc72f31b"},"headline":"Primer H\u00e1ndicap para Il Presuntuoso","datePublished":"2015-03-17T08:45:08+00:00","dateModified":"2024-02-27T09:31:46+00:00","mainEntityOfPage":{"@id":"https:\/\/cuadra-agrado.es\/?p=3289"},"wordCount":264,"image":{"@id":"https:\/\/cuadra-agrado.es\/?p=3289#primaryimage"},"thumbnailUrl":"http:\/\/cuadra-agrado.es\/wp-content\/uploads\/2015\/01\/ILPRE.jpg","articleSection":["Actualidad"],"inLanguage":"es"},{"@type":"WebPage","@id":"https:\/\/cuadra-agrado.es\/?p=3289","url":"https:\/\/cuadra-agrado.es\/?p=3289","name":"Primer H\u00e1ndicap para Il Presuntuoso - Cuadra Agrado","isPartOf":{"@id":"https:\/\/cuadra-agrado.es\/#website"},"primaryImageOfPage":{"@id":"https:\/\/cuadra-agrado.es\/?p=3289#primaryimage"},"image":{"@id":"https:\/\/cuadra-agrado.es\/?p=3289#primaryimage"},"thumbnailUrl":"http:\/\/cuadra-agrado.es\/wp-content\/uploads\/2015\/01\/ILPRE.jpg","datePublished":"2015-03-17T08:45:08+00:00","dateModified":"2024-02-27T09:31:46+00:00","author":{"@id":"https:\/\/cuadra-agrado.es\/#\/schema\/person\/3aa4f8d2373cf756d93a5526bc72f31b"},"breadcrumb":{"@id":"https:\/\/cuadra-agrado.es\/?p=3289#breadcrumb"},"inLanguage":"es","potentialAction":[{"@type":"ReadAction","target":["https:\/\/cuadra-agrado.es\/?p=3289"]}]},{"@type":"ImageObject","inLanguage":"es","@id":"https:\/\/cuadra-agrado.es\/?p=3289#primaryimage","url":"http:\/\/cuadra-agrado.es\/wp-content\/uploads\/2015\/01\/ILPRE.jpg","contentUrl":"http:\/\/cuadra-agrado.es\/wp-content\/uploads\/2015\/01\/ILPRE.jpg"},{"@type":"BreadcrumbList","@id":"https:\/\/cuadra-agrado.es\/?p=3289#breadcrumb","itemListElement":[{"@type":"ListItem","position":1,"name":"Portada","item":"https:\/\/cuadra-agrado.es\/"},{"@type":"ListItem","position":2,"name":"Primer H\u00e1ndicap para Il Presuntuoso"}]},{"@type":"WebSite","@id":"https:\/\/cuadra-agrado.es\/#website","url":"https:\/\/cuadra-agrado.es\/","name":"Cuadra Agrado","description":"En el mundo del Turf desde 2008","potentialAction":[{"@type":"SearchAction","target":{"@type":"EntryPoint","urlTemplate":"https:\/\/cuadra-agrado.es\/?s={search_term_string}"},"query-input":{"@type":"PropertyValueSpecification","valueRequired":true,"valueName":"search_term_string"}}],"inLanguage":"es"},{"@type":"Person","@id":"https:\/\/cuadra-agrado.es\/#\/schema\/person\/3aa4f8d2373cf756d93a5526bc72f31b","name":"Miguel Redondo","image":{"@type":"ImageObject","inLanguage":"es","@id":"https:\/\/secure.gravatar.com\/avatar\/85704fceb4fa34017e3c1344d182da00dbf772fb8856ba2b7726a2df926415b4?s=96&d=mm&r=g","url":"https:\/\/secure.gravatar.com\/avatar\/85704fceb4fa34017e3c1344d182da00dbf772fb8856ba2b7726a2df926415b4?s=96&d=mm&r=g","contentUrl":"https:\/\/secure.gravatar.com\/avatar\/85704fceb4fa34017e3c1344d182da00dbf772fb8856ba2b7726a2df926415b4?s=96&d=mm&r=g","caption":"Miguel Redondo"},"sameAs":["https:\/\/cuadra-agrado.es"],"url":"https:\/\/cuadra-agrado.es\/?author=5"}]}},"_links":{"self":[{"href":"https:\/\/cuadra-agrado.es\/index.php?rest_route=\/wp\/v2\/posts\/3289","targetHints":{"allow":["GET"]}}],"collection":[{"href":"https:\/\/cuadra-agrado.es\/index.php?rest_route=\/wp\/v2\/posts"}],"about":[{"href":"https:\/\/cuadra-agrado.es\/index.php?rest_route=\/wp\/v2\/types\/post"}],"author":[{"embeddable":true,"href":"https:\/\/cuadra-agrado.es\/index.php?rest_route=\/wp\/v2\/users\/5"}],"replies":[{"embeddable":true,"href":"https:\/\/cuadra-agrado.es\/index.php?rest_route=%2Fwp%2Fv2%2Fcomments&post=3289"}],"version-history":[{"count":0,"href":"https:\/\/cuadra-agrado.es\/index.php?rest_route=\/wp\/v2\/posts\/3289\/revisions"}],"wp:attachment":[{"href":"https:\/\/cuadra-agrado.es\/index.php?rest_route=%2Fwp%2Fv2%2Fmedia&parent=3289"}],"wp:term":[{"taxonomy":"category","embeddable":true,"href":"https:\/\/cuadra-agrado.es\/index.php?rest_route=%2Fwp%2Fv2%2Fcategories&post=3289"},{"taxonomy":"post_tag","embeddable":true,"href":"https:\/\/cuadra-agrado.es\/index.php?rest_route=%2Fwp%2Fv2%2Ftags&post=3289"}],"curies":[{"name":"wp","href":"https:\/\/api.w.org\/{rel}","templated":true}]}}