{"id":3206,"date":"2017-06-05T09:39:31","date_gmt":"2017-06-05T08:39:31","guid":{"rendered":"https:\/\/cuadra-agrado.es\/?p=3206"},"modified":"2024-02-27T09:27:30","modified_gmt":"2024-02-27T09:27:30","slug":"barbarigo-pone-fin-nuestra-temporada-primaveral","status":"publish","type":"post","link":"https:\/\/cuadra-agrado.es\/?p=3206","title":{"rendered":"Barbarigo pone fin a nuestra temporada primaveral"},"content":{"rendered":"<p style=\"text-align: justify;\">Damos por finalizada nuestra temporada de Primavera en Madrid, antes incluso de lo que inicialmente hab\u00eda previsto, con una decepcionante actuaci\u00f3n ayer de \u201c<strong>Barbarigo\u201d<\/strong> en el Premio Satr\u00fastegui. Una temporada cariacontecida con muchos m\u00e1s grises que blancos para nuestra cuadra con tan solo una victoria en nuestro haber y con demasiados contratiempos en todos nuestros efectivos que hemos puesto en pista. Sin duda, esper\u00e1bamos mucho m\u00e1s de los nuestros en este inicio de temporada, pero por diferentes motivos que debemos evaluar y tratar de corregir para el futuro, al final el resultado no ha sido el que inicialmente busc\u00e1bamos.<\/p>\n<p style=\"text-align: justify;\">\u201cBarbarigo\u201d nos ofreci\u00f3 un meritorio segundo en su presentaci\u00f3n en Madrid. Todo hac\u00eda presagiar esa posibilidad de asumir el liderazgo que dej\u00f3 \u201cValiant Blue\u201d en el nuevo proyecto 2017 y que tanto necesitamos. Nos hizo seguir creciendo con nuestra primera participaci\u00f3n en una \u201cPoule\u201d con un digno quinto puesto, y despu\u00e9s confirmo valor ganando el \u201cNouvel An\u201d, pero su actuaci\u00f3n de ayer en la preparatoria al GP Carudel para los de su curso, aun sin ser una carrera exacta para \u00e9l, nos aleja moment\u00e1neamente del sue\u00f1o\u2026. Y decimos prueba inexacta porque la carrera pr\u00e1cticamente la ten\u00eda ya perdida en los primeros 30 metros cuando fue engullido por el lote en la salida y obligado a plantear un recorrido a contra-estilo y repleto de problemas desde la \u00faltima posici\u00f3n. En cualquier caso, tampoco en la recta final vimos un cambio de ritmo que nos hiciera pensar que aun teniendo un recorrido limpio en vanguardia pudiera haber estado luchando victoria. Tres duras carreras muy seguidas, la \u00faltima hace apenas 15 d\u00edas, creemos suficiente motivo para pensar que los gl\u00f3bulos rojos de este hijo de \u201cCanford Cliffs\u201d estaban ya muy al l\u00edmite. Toca descanso obligado y recuperaci\u00f3n para afrontar la segunda parte del verano.<\/p>\n<p style=\"text-align: justify;\">Y qu\u00e9 decir del viejo \u201cRanyan\u201d??? peor suerte no ha podido tener nuestro \u201cojito derecho\u201d. Despu\u00e9s de una gran reaparici\u00f3n a principio de temporada, no tuvo suerte en ninguno de sus tres recorridos siguientes, tambi\u00e9n muy a contra-estilo y sufriendo m\u00e1s de la cuenta en una pista demasiado firme, muy en contra de su condici\u00f3n, la \u00faltima con p\u00e9rdida de herraje &nbsp;se sumaba tambi\u00e9n al desprop\u00f3sito de la mala fortuna. Desistimos en Madrid en una primavera est\u00e9ril de lluvias y pusimos el punto de mira en encontrar una pista mullida en Lasarte, pero en su primera tentativa en su pista talism\u00e1n rodaba por el suelo en una acci\u00f3n de verdadera mala fortuna. Vamos a continuar y seguir insistiendo con \u00e9l por aquellas tierras a la espera de que su aciago ciclo cambie cuanto antes.<\/p>\n<p style=\"text-align: justify;\">Nuestro tercer efectivo \u201cParisien Blue\u201d ven\u00eda de su pretemporada sevillana en condiciones de brindarnos una ilusionante primavera, pero su valor fue menguando carrera tras carrera hasta que pudimos confirmar en la \u00faltima que un problema de suspensor posterior era la causa de su declive. Ayer abandonaba su casa para intentar recuperarse en las playas de Laredo hasta el pr\u00f3ximo oto\u00f1o que esperamos su reaparici\u00f3n.<\/p>\n<p style=\"text-align: justify;\">Toca por tanto lamerse las heridas y comenzar nueva etapa para tratar de compensar en esta segunda parte del a\u00f1o una primavera con demasiadas decepciones e infortunios que asumimos como regla del juego, aun sin creer merecerlo. A partir de ahora y hasta que llegue el oto\u00f1o, miramos al norte en la temporada de verano donostiarra donde deseamos que \u201cRanyan\u201d y \u201cBarbarigo\u201d tengan esa opci\u00f3n de volver a la senda de las victorias y donde posiblemente podremos ver debutar a una nueva ilusi\u00f3n con nombre \u201cCaribean Blue\u201d.<\/p>\n<!-- AddThis Advanced Settings generic via filter on the_content --><!-- AddThis Share Buttons generic via filter on the_content -->","protected":false},"excerpt":{"rendered":"<p>Damos por finalizada nuestra temporada de Primavera en Madrid, antes incluso de lo que inicialmente hab\u00eda previsto, con una decepcionante actuaci\u00f3n ayer de \u201cBarbarigo\u201d en el Premio Satr\u00fastegui. Una temporada cariacontecida con muchos m\u00e1s grises que blancos para nuestra cuadra con tan solo una victoria en nuestro haber y con demasiados contratiempos en todos nuestros [&hellip;]<!-- AddThis Advanced Settings generic via filter on get_the_excerpt --><!-- AddThis Share Buttons generic via filter on get_the_excerpt --><\/p>\n","protected":false},"author":5,"featured_media":0,"comment_status":"closed","ping_status":"closed","sticky":false,"template":"","format":"gallery","meta":{"_acf_changed":false,"_et_pb_use_builder":"","_et_pb_old_content":"","_et_gb_content_width":"","footnotes":""},"categories":[3],"tags":[],"class_list":["post-3206","post","type-post","status-publish","format-gallery","hentry","category-noticias-cuadra-agrado","post_format-post-format-gallery"],"acf":[],"yoast_head":"<!-- This site is optimized with the Yoast SEO plugin v27.4 - https:\/\/yoast.com\/product\/yoast-seo-wordpress\/ -->\n<title>Barbarigo pone fin a nuestra temporada primaveral - Cuadra Agrado<\/title>\n<meta name=\"robots\" content=\"index, follow, max-snippet:-1, max-image-preview:large, max-video-preview:-1\" \/>\n<link rel=\"canonical\" href=\"https:\/\/cuadra-agrado.es\/?p=3206\" \/>\n<meta property=\"og:locale\" content=\"es_ES\" \/>\n<meta property=\"og:type\" content=\"article\" \/>\n<meta property=\"og:title\" content=\"Barbarigo pone fin a nuestra temporada primaveral - Cuadra Agrado\" \/>\n<meta property=\"og:description\" content=\"Damos por finalizada nuestra temporada de Primavera en Madrid, antes incluso de lo que inicialmente hab\u00eda previsto, con una decepcionante actuaci\u00f3n ayer de \u201cBarbarigo\u201d en el Premio Satr\u00fastegui. Una temporada cariacontecida con muchos m\u00e1s grises que blancos para nuestra cuadra con tan solo una victoria en nuestro haber y con demasiados contratiempos en todos nuestros [&hellip;]\" \/>\n<meta property=\"og:url\" content=\"https:\/\/cuadra-agrado.es\/?p=3206\" \/>\n<meta property=\"og:site_name\" content=\"Cuadra Agrado\" \/>\n<meta property=\"article:published_time\" content=\"2017-06-05T08:39:31+00:00\" \/>\n<meta property=\"article:modified_time\" content=\"2024-02-27T09:27:30+00:00\" \/>\n<meta name=\"author\" content=\"Miguel Redondo\" \/>\n<meta name=\"twitter:card\" content=\"summary_large_image\" \/>\n<meta name=\"twitter:creator\" content=\"@AGRADOracing\" \/>\n<meta name=\"twitter:site\" content=\"@AGRADOracing\" \/>\n<meta name=\"twitter:label1\" content=\"Escrito por\" \/>\n\t<meta name=\"twitter:data1\" content=\"Miguel Redondo\" \/>\n\t<meta name=\"twitter:label2\" content=\"Tiempo de lectura\" \/>\n\t<meta name=\"twitter:data2\" content=\"3 minutos\" \/>\n<script type=\"application\/ld+json\" class=\"yoast-schema-graph\">{\"@context\":\"https:\\\/\\\/schema.org\",\"@graph\":[{\"@type\":\"Article\",\"@id\":\"https:\\\/\\\/cuadra-agrado.es\\\/?p=3206#article\",\"isPartOf\":{\"@id\":\"https:\\\/\\\/cuadra-agrado.es\\\/?p=3206\"},\"author\":{\"name\":\"Miguel Redondo\",\"@id\":\"https:\\\/\\\/cuadra-agrado.es\\\/#\\\/schema\\\/person\\\/3aa4f8d2373cf756d93a5526bc72f31b\"},\"headline\":\"Barbarigo pone fin a nuestra temporada primaveral\",\"datePublished\":\"2017-06-05T08:39:31+00:00\",\"dateModified\":\"2024-02-27T09:27:30+00:00\",\"mainEntityOfPage\":{\"@id\":\"https:\\\/\\\/cuadra-agrado.es\\\/?p=3206\"},\"wordCount\":630,\"articleSection\":[\"Actualidad\"],\"inLanguage\":\"es\"},{\"@type\":\"WebPage\",\"@id\":\"https:\\\/\\\/cuadra-agrado.es\\\/?p=3206\",\"url\":\"https:\\\/\\\/cuadra-agrado.es\\\/?p=3206\",\"name\":\"Barbarigo pone fin a nuestra temporada primaveral - Cuadra Agrado\",\"isPartOf\":{\"@id\":\"https:\\\/\\\/cuadra-agrado.es\\\/#website\"},\"datePublished\":\"2017-06-05T08:39:31+00:00\",\"dateModified\":\"2024-02-27T09:27:30+00:00\",\"author\":{\"@id\":\"https:\\\/\\\/cuadra-agrado.es\\\/#\\\/schema\\\/person\\\/3aa4f8d2373cf756d93a5526bc72f31b\"},\"breadcrumb\":{\"@id\":\"https:\\\/\\\/cuadra-agrado.es\\\/?p=3206#breadcrumb\"},\"inLanguage\":\"es\",\"potentialAction\":[{\"@type\":\"ReadAction\",\"target\":[\"https:\\\/\\\/cuadra-agrado.es\\\/?p=3206\"]}]},{\"@type\":\"BreadcrumbList\",\"@id\":\"https:\\\/\\\/cuadra-agrado.es\\\/?p=3206#breadcrumb\",\"itemListElement\":[{\"@type\":\"ListItem\",\"position\":1,\"name\":\"Portada\",\"item\":\"https:\\\/\\\/cuadra-agrado.es\\\/\"},{\"@type\":\"ListItem\",\"position\":2,\"name\":\"Barbarigo pone fin a nuestra temporada primaveral\"}]},{\"@type\":\"WebSite\",\"@id\":\"https:\\\/\\\/cuadra-agrado.es\\\/#website\",\"url\":\"https:\\\/\\\/cuadra-agrado.es\\\/\",\"name\":\"Cuadra Agrado\",\"description\":\"En el mundo del Turf desde 2008\",\"potentialAction\":[{\"@type\":\"SearchAction\",\"target\":{\"@type\":\"EntryPoint\",\"urlTemplate\":\"https:\\\/\\\/cuadra-agrado.es\\\/?s={search_term_string}\"},\"query-input\":{\"@type\":\"PropertyValueSpecification\",\"valueRequired\":true,\"valueName\":\"search_term_string\"}}],\"inLanguage\":\"es\"},{\"@type\":\"Person\",\"@id\":\"https:\\\/\\\/cuadra-agrado.es\\\/#\\\/schema\\\/person\\\/3aa4f8d2373cf756d93a5526bc72f31b\",\"name\":\"Miguel Redondo\",\"image\":{\"@type\":\"ImageObject\",\"inLanguage\":\"es\",\"@id\":\"https:\\\/\\\/secure.gravatar.com\\\/avatar\\\/85704fceb4fa34017e3c1344d182da00dbf772fb8856ba2b7726a2df926415b4?s=96&d=mm&r=g\",\"url\":\"https:\\\/\\\/secure.gravatar.com\\\/avatar\\\/85704fceb4fa34017e3c1344d182da00dbf772fb8856ba2b7726a2df926415b4?s=96&d=mm&r=g\",\"contentUrl\":\"https:\\\/\\\/secure.gravatar.com\\\/avatar\\\/85704fceb4fa34017e3c1344d182da00dbf772fb8856ba2b7726a2df926415b4?s=96&d=mm&r=g\",\"caption\":\"Miguel Redondo\"},\"sameAs\":[\"https:\\\/\\\/cuadra-agrado.es\"],\"url\":\"https:\\\/\\\/cuadra-agrado.es\\\/?author=5\"}]}<\/script>\n<!-- \/ Yoast SEO plugin. -->","yoast_head_json":{"title":"Barbarigo pone fin a nuestra temporada primaveral - Cuadra Agrado","robots":{"index":"index","follow":"follow","max-snippet":"max-snippet:-1","max-image-preview":"max-image-preview:large","max-video-preview":"max-video-preview:-1"},"canonical":"https:\/\/cuadra-agrado.es\/?p=3206","og_locale":"es_ES","og_type":"article","og_title":"Barbarigo pone fin a nuestra temporada primaveral - Cuadra Agrado","og_description":"Damos por finalizada nuestra temporada de Primavera en Madrid, antes incluso de lo que inicialmente hab\u00eda previsto, con una decepcionante actuaci\u00f3n ayer de \u201cBarbarigo\u201d en el Premio Satr\u00fastegui. Una temporada cariacontecida con muchos m\u00e1s grises que blancos para nuestra cuadra con tan solo una victoria en nuestro haber y con demasiados contratiempos en todos nuestros [&hellip;]","og_url":"https:\/\/cuadra-agrado.es\/?p=3206","og_site_name":"Cuadra Agrado","article_published_time":"2017-06-05T08:39:31+00:00","article_modified_time":"2024-02-27T09:27:30+00:00","author":"Miguel Redondo","twitter_card":"summary_large_image","twitter_creator":"@AGRADOracing","twitter_site":"@AGRADOracing","twitter_misc":{"Escrito por":"Miguel Redondo","Tiempo de lectura":"3 minutos"},"schema":{"@context":"https:\/\/schema.org","@graph":[{"@type":"Article","@id":"https:\/\/cuadra-agrado.es\/?p=3206#article","isPartOf":{"@id":"https:\/\/cuadra-agrado.es\/?p=3206"},"author":{"name":"Miguel Redondo","@id":"https:\/\/cuadra-agrado.es\/#\/schema\/person\/3aa4f8d2373cf756d93a5526bc72f31b"},"headline":"Barbarigo pone fin a nuestra temporada primaveral","datePublished":"2017-06-05T08:39:31+00:00","dateModified":"2024-02-27T09:27:30+00:00","mainEntityOfPage":{"@id":"https:\/\/cuadra-agrado.es\/?p=3206"},"wordCount":630,"articleSection":["Actualidad"],"inLanguage":"es"},{"@type":"WebPage","@id":"https:\/\/cuadra-agrado.es\/?p=3206","url":"https:\/\/cuadra-agrado.es\/?p=3206","name":"Barbarigo pone fin a nuestra temporada primaveral - Cuadra Agrado","isPartOf":{"@id":"https:\/\/cuadra-agrado.es\/#website"},"datePublished":"2017-06-05T08:39:31+00:00","dateModified":"2024-02-27T09:27:30+00:00","author":{"@id":"https:\/\/cuadra-agrado.es\/#\/schema\/person\/3aa4f8d2373cf756d93a5526bc72f31b"},"breadcrumb":{"@id":"https:\/\/cuadra-agrado.es\/?p=3206#breadcrumb"},"inLanguage":"es","potentialAction":[{"@type":"ReadAction","target":["https:\/\/cuadra-agrado.es\/?p=3206"]}]},{"@type":"BreadcrumbList","@id":"https:\/\/cuadra-agrado.es\/?p=3206#breadcrumb","itemListElement":[{"@type":"ListItem","position":1,"name":"Portada","item":"https:\/\/cuadra-agrado.es\/"},{"@type":"ListItem","position":2,"name":"Barbarigo pone fin a nuestra temporada primaveral"}]},{"@type":"WebSite","@id":"https:\/\/cuadra-agrado.es\/#website","url":"https:\/\/cuadra-agrado.es\/","name":"Cuadra Agrado","description":"En el mundo del Turf desde 2008","potentialAction":[{"@type":"SearchAction","target":{"@type":"EntryPoint","urlTemplate":"https:\/\/cuadra-agrado.es\/?s={search_term_string}"},"query-input":{"@type":"PropertyValueSpecification","valueRequired":true,"valueName":"search_term_string"}}],"inLanguage":"es"},{"@type":"Person","@id":"https:\/\/cuadra-agrado.es\/#\/schema\/person\/3aa4f8d2373cf756d93a5526bc72f31b","name":"Miguel Redondo","image":{"@type":"ImageObject","inLanguage":"es","@id":"https:\/\/secure.gravatar.com\/avatar\/85704fceb4fa34017e3c1344d182da00dbf772fb8856ba2b7726a2df926415b4?s=96&d=mm&r=g","url":"https:\/\/secure.gravatar.com\/avatar\/85704fceb4fa34017e3c1344d182da00dbf772fb8856ba2b7726a2df926415b4?s=96&d=mm&r=g","contentUrl":"https:\/\/secure.gravatar.com\/avatar\/85704fceb4fa34017e3c1344d182da00dbf772fb8856ba2b7726a2df926415b4?s=96&d=mm&r=g","caption":"Miguel Redondo"},"sameAs":["https:\/\/cuadra-agrado.es"],"url":"https:\/\/cuadra-agrado.es\/?author=5"}]}},"_links":{"self":[{"href":"https:\/\/cuadra-agrado.es\/index.php?rest_route=\/wp\/v2\/posts\/3206","targetHints":{"allow":["GET"]}}],"collection":[{"href":"https:\/\/cuadra-agrado.es\/index.php?rest_route=\/wp\/v2\/posts"}],"about":[{"href":"https:\/\/cuadra-agrado.es\/index.php?rest_route=\/wp\/v2\/types\/post"}],"author":[{"embeddable":true,"href":"https:\/\/cuadra-agrado.es\/index.php?rest_route=\/wp\/v2\/users\/5"}],"replies":[{"embeddable":true,"href":"https:\/\/cuadra-agrado.es\/index.php?rest_route=%2Fwp%2Fv2%2Fcomments&post=3206"}],"version-history":[{"count":0,"href":"https:\/\/cuadra-agrado.es\/index.php?rest_route=\/wp\/v2\/posts\/3206\/revisions"}],"wp:attachment":[{"href":"https:\/\/cuadra-agrado.es\/index.php?rest_route=%2Fwp%2Fv2%2Fmedia&parent=3206"}],"wp:term":[{"taxonomy":"category","embeddable":true,"href":"https:\/\/cuadra-agrado.es\/index.php?rest_route=%2Fwp%2Fv2%2Fcategories&post=3206"},{"taxonomy":"post_tag","embeddable":true,"href":"https:\/\/cuadra-agrado.es\/index.php?rest_route=%2Fwp%2Fv2%2Ftags&post=3206"}],"curies":[{"name":"wp","href":"https:\/\/api.w.org\/{rel}","templated":true}]}}