{"id":3195,"date":"2017-05-31T12:51:23","date_gmt":"2017-05-31T11:51:23","guid":{"rendered":"https:\/\/cuadra-agrado.es\/?p=3195"},"modified":"2024-02-27T09:27:30","modified_gmt":"2024-02-27T09:27:30","slug":"grave-lesion-parisien-blue","status":"publish","type":"post","link":"https:\/\/cuadra-agrado.es\/?p=3195","title":{"rendered":"Grave lesi\u00f3n de Parisien Blue"},"content":{"rendered":"<p style=\"text-align: justify;\"><a href=\"http:\/\/cuadra-agrado.es\/wp-content\/uploads\/2017\/01\/Parisien-Blue-DH.jpg\" target=\"_blank\" rel=\"noopener noreferrer\"><img loading=\"lazy\" decoding=\"async\" class=\"alignleft wp-image-2848 \" src=\"http:\/\/cuadra-agrado.es\/wp-content\/uploads\/2017\/01\/Parisien-Blue-DH-150x150.jpg\" alt=\"\" width=\"263\" height=\"263\"><\/a>Mala noticia la recibida hoy por parte de nuestro servicio veterinario al informarnos de la severa lesi\u00f3n que sufre <strong>\u201cParisien Blue\u201d<\/strong> en uno de sus ligamentos.<\/p>\n<p style=\"text-align: justify;\">Despu\u00e9s de la \u00faltima carrera donde ten\u00edamos mucha confianza en su progresi\u00f3n, nuevamente aparecieron los fantasmas de una mala carrera, muy lejos de estar en lucha como deb\u00eda haber estado. Las primeras conversaciones con <em>Paquito Jimenez<\/em> (monta del d\u00eda) nada m\u00e1s terminar la prueba nos obligaron a realizar un estudio exhaustivo para aflorar alg\u00fan problema oculto que pudiera tener, m\u00e1s si cabe cuando una monta con la gran experiencia como la de \u201cPaquito\u201d nos dijera que parec\u00eda tener alg\u00fan problema de empuje cuando le exigi\u00f3 en la recta.<\/p>\n<p style=\"text-align: justify;\">Tras una primera ecograf\u00eda, hoy recib\u00edamos la confirmaci\u00f3n de una desmitis en el ligamento suspensor del pie izquierdo que le tendr\u00e1 apartado de competici\u00f3n pr\u00e1cticamente lo que resta de temporada, perdi\u00e9ndose desgraciadamente esa edad cl\u00e1sica por excelencia. Duro golpe de encajar ante una lesi\u00f3n grave, que por experiencia sabemos de su complicada recuperaci\u00f3n. &nbsp;Ya vivimos esta amarga experiencia en su d\u00eda con <strong>Orlov<\/strong> que retiramos despu\u00e9s de un largo intento de recuperaci\u00f3n, m\u00e1s tarde con<strong> High Brooklyn<\/strong> despu\u00e9s de un largo a\u00f1o luchando por volver a competici\u00f3n, y la \u00faltima con <strong>Valiant Blue<\/strong> ya en su declive, que le hizo tambi\u00e9n retirarse de las pistas. Hoy los tres disfrutan del prado&#8230;..<\/p>\n<p style=\"text-align: justify;\">Por todas estas amargas experiencias vividas sin resultado satisfactorio, lo l\u00f3gico ser\u00eda abandonar el proyecto y buscar nuevas ilusiones, pero nuestra forma de ver este mundo no encaja mucho con la realidad y nos puede mucho m\u00e1s la ilusi\u00f3n y la esperanza de poder recuperarlo, que el lado cabal de llevarle definitivamente al prado y renunciar a su futuro. El turf nos debe esa recompensa que trataremos de cobrar alg\u00fan d\u00eda con este nuevo desaf\u00edo \u2026.<\/p>\n<p style=\"text-align: justify;\">Una vez tomada la decisi\u00f3n de recuperarlo, comenzamos de inmediato el tratamiento a trav\u00e9s de factores de crecimiento y ondas de choque durante una primera etapa que recibir\u00e1 en el centro de entrenamiento y recuperaci\u00f3n de Laredo bajo la supervisi\u00f3n de <em>Alberto Remolina&nbsp;<\/em>junto a nuestro equipo veterinario que har\u00e1 seguimiento semanal. Este mismo domingo abandonar\u00e1 lo que ha sido su casa desde yearling para comenzar unas anticipadas vacaciones de verano en la playa donde permanecer\u00e1 los pr\u00f3ximos cuatro meses. Si todo va bien, como as\u00ed confiamos, estar\u00e1 de vuelta a las \u00f3rdenes del \u201cprepa\u201d a partir de octubre.<\/p>\n<p style=\"text-align: justify;\">Mucha suerte Parisien, recup\u00e9rate y vuelve a casa pronto, te esperamos en invierno\u2026.<\/p>\n<!-- AddThis Advanced Settings generic via filter on the_content --><!-- AddThis Share Buttons generic via filter on the_content -->","protected":false},"excerpt":{"rendered":"<p>Mala noticia la recibida hoy por parte de nuestro servicio veterinario al informarnos de la severa lesi\u00f3n que sufre \u201cParisien Blue\u201d en uno de sus ligamentos. Despu\u00e9s de la \u00faltima carrera donde ten\u00edamos mucha confianza en su progresi\u00f3n, nuevamente aparecieron los fantasmas de una mala carrera, muy lejos de estar en lucha como deb\u00eda haber [&hellip;]<!-- AddThis Advanced Settings generic via filter on get_the_excerpt --><!-- AddThis Share Buttons generic via filter on get_the_excerpt --><\/p>\n","protected":false},"author":5,"featured_media":0,"comment_status":"closed","ping_status":"closed","sticky":false,"template":"","format":"gallery","meta":{"_acf_changed":false,"_et_pb_use_builder":"","_et_pb_old_content":"","_et_gb_content_width":"","footnotes":""},"categories":[3],"tags":[],"class_list":["post-3195","post","type-post","status-publish","format-gallery","hentry","category-noticias-cuadra-agrado","post_format-post-format-gallery"],"acf":[],"yoast_head":"<!-- This site is optimized with the Yoast SEO plugin v27.4 - https:\/\/yoast.com\/product\/yoast-seo-wordpress\/ -->\n<title>Grave lesi\u00f3n de Parisien Blue - Cuadra Agrado<\/title>\n<meta name=\"robots\" content=\"index, follow, max-snippet:-1, max-image-preview:large, max-video-preview:-1\" \/>\n<link rel=\"canonical\" href=\"https:\/\/cuadra-agrado.es\/?p=3195\" \/>\n<meta property=\"og:locale\" content=\"es_ES\" \/>\n<meta property=\"og:type\" content=\"article\" \/>\n<meta property=\"og:title\" content=\"Grave lesi\u00f3n de Parisien Blue - Cuadra Agrado\" \/>\n<meta property=\"og:description\" content=\"Mala noticia la recibida hoy por parte de nuestro servicio veterinario al informarnos de la severa lesi\u00f3n que sufre \u201cParisien Blue\u201d en uno de sus ligamentos. Despu\u00e9s de la \u00faltima carrera donde ten\u00edamos mucha confianza en su progresi\u00f3n, nuevamente aparecieron los fantasmas de una mala carrera, muy lejos de estar en lucha como deb\u00eda haber [&hellip;]\" \/>\n<meta property=\"og:url\" content=\"https:\/\/cuadra-agrado.es\/?p=3195\" \/>\n<meta property=\"og:site_name\" content=\"Cuadra Agrado\" \/>\n<meta property=\"article:published_time\" content=\"2017-05-31T11:51:23+00:00\" \/>\n<meta property=\"article:modified_time\" content=\"2024-02-27T09:27:30+00:00\" \/>\n<meta property=\"og:image\" content=\"http:\/\/cuadra-agrado.es\/wp-content\/uploads\/2017\/01\/Parisien-Blue-DH-150x150.jpg\" \/>\n<meta name=\"author\" content=\"Miguel Redondo\" \/>\n<meta name=\"twitter:card\" content=\"summary_large_image\" \/>\n<meta name=\"twitter:creator\" content=\"@AGRADOracing\" \/>\n<meta name=\"twitter:site\" content=\"@AGRADOracing\" \/>\n<meta name=\"twitter:label1\" content=\"Escrito por\" \/>\n\t<meta name=\"twitter:data1\" content=\"Miguel Redondo\" \/>\n\t<meta name=\"twitter:label2\" content=\"Tiempo de lectura\" \/>\n\t<meta name=\"twitter:data2\" content=\"2 minutos\" \/>\n<script type=\"application\/ld+json\" class=\"yoast-schema-graph\">{\"@context\":\"https:\\\/\\\/schema.org\",\"@graph\":[{\"@type\":\"Article\",\"@id\":\"https:\\\/\\\/cuadra-agrado.es\\\/?p=3195#article\",\"isPartOf\":{\"@id\":\"https:\\\/\\\/cuadra-agrado.es\\\/?p=3195\"},\"author\":{\"name\":\"Miguel Redondo\",\"@id\":\"https:\\\/\\\/cuadra-agrado.es\\\/#\\\/schema\\\/person\\\/3aa4f8d2373cf756d93a5526bc72f31b\"},\"headline\":\"Grave lesi\u00f3n de Parisien Blue\",\"datePublished\":\"2017-05-31T11:51:23+00:00\",\"dateModified\":\"2024-02-27T09:27:30+00:00\",\"mainEntityOfPage\":{\"@id\":\"https:\\\/\\\/cuadra-agrado.es\\\/?p=3195\"},\"wordCount\":461,\"image\":{\"@id\":\"https:\\\/\\\/cuadra-agrado.es\\\/?p=3195#primaryimage\"},\"thumbnailUrl\":\"http:\\\/\\\/cuadra-agrado.es\\\/wp-content\\\/uploads\\\/2017\\\/01\\\/Parisien-Blue-DH-150x150.jpg\",\"articleSection\":[\"Actualidad\"],\"inLanguage\":\"es\"},{\"@type\":\"WebPage\",\"@id\":\"https:\\\/\\\/cuadra-agrado.es\\\/?p=3195\",\"url\":\"https:\\\/\\\/cuadra-agrado.es\\\/?p=3195\",\"name\":\"Grave lesi\u00f3n de Parisien Blue - Cuadra Agrado\",\"isPartOf\":{\"@id\":\"https:\\\/\\\/cuadra-agrado.es\\\/#website\"},\"primaryImageOfPage\":{\"@id\":\"https:\\\/\\\/cuadra-agrado.es\\\/?p=3195#primaryimage\"},\"image\":{\"@id\":\"https:\\\/\\\/cuadra-agrado.es\\\/?p=3195#primaryimage\"},\"thumbnailUrl\":\"http:\\\/\\\/cuadra-agrado.es\\\/wp-content\\\/uploads\\\/2017\\\/01\\\/Parisien-Blue-DH-150x150.jpg\",\"datePublished\":\"2017-05-31T11:51:23+00:00\",\"dateModified\":\"2024-02-27T09:27:30+00:00\",\"author\":{\"@id\":\"https:\\\/\\\/cuadra-agrado.es\\\/#\\\/schema\\\/person\\\/3aa4f8d2373cf756d93a5526bc72f31b\"},\"breadcrumb\":{\"@id\":\"https:\\\/\\\/cuadra-agrado.es\\\/?p=3195#breadcrumb\"},\"inLanguage\":\"es\",\"potentialAction\":[{\"@type\":\"ReadAction\",\"target\":[\"https:\\\/\\\/cuadra-agrado.es\\\/?p=3195\"]}]},{\"@type\":\"ImageObject\",\"inLanguage\":\"es\",\"@id\":\"https:\\\/\\\/cuadra-agrado.es\\\/?p=3195#primaryimage\",\"url\":\"http:\\\/\\\/cuadra-agrado.es\\\/wp-content\\\/uploads\\\/2017\\\/01\\\/Parisien-Blue-DH-150x150.jpg\",\"contentUrl\":\"http:\\\/\\\/cuadra-agrado.es\\\/wp-content\\\/uploads\\\/2017\\\/01\\\/Parisien-Blue-DH-150x150.jpg\"},{\"@type\":\"BreadcrumbList\",\"@id\":\"https:\\\/\\\/cuadra-agrado.es\\\/?p=3195#breadcrumb\",\"itemListElement\":[{\"@type\":\"ListItem\",\"position\":1,\"name\":\"Portada\",\"item\":\"https:\\\/\\\/cuadra-agrado.es\\\/\"},{\"@type\":\"ListItem\",\"position\":2,\"name\":\"Grave lesi\u00f3n de Parisien Blue\"}]},{\"@type\":\"WebSite\",\"@id\":\"https:\\\/\\\/cuadra-agrado.es\\\/#website\",\"url\":\"https:\\\/\\\/cuadra-agrado.es\\\/\",\"name\":\"Cuadra Agrado\",\"description\":\"En el mundo del Turf desde 2008\",\"potentialAction\":[{\"@type\":\"SearchAction\",\"target\":{\"@type\":\"EntryPoint\",\"urlTemplate\":\"https:\\\/\\\/cuadra-agrado.es\\\/?s={search_term_string}\"},\"query-input\":{\"@type\":\"PropertyValueSpecification\",\"valueRequired\":true,\"valueName\":\"search_term_string\"}}],\"inLanguage\":\"es\"},{\"@type\":\"Person\",\"@id\":\"https:\\\/\\\/cuadra-agrado.es\\\/#\\\/schema\\\/person\\\/3aa4f8d2373cf756d93a5526bc72f31b\",\"name\":\"Miguel Redondo\",\"image\":{\"@type\":\"ImageObject\",\"inLanguage\":\"es\",\"@id\":\"https:\\\/\\\/secure.gravatar.com\\\/avatar\\\/85704fceb4fa34017e3c1344d182da00dbf772fb8856ba2b7726a2df926415b4?s=96&d=mm&r=g\",\"url\":\"https:\\\/\\\/secure.gravatar.com\\\/avatar\\\/85704fceb4fa34017e3c1344d182da00dbf772fb8856ba2b7726a2df926415b4?s=96&d=mm&r=g\",\"contentUrl\":\"https:\\\/\\\/secure.gravatar.com\\\/avatar\\\/85704fceb4fa34017e3c1344d182da00dbf772fb8856ba2b7726a2df926415b4?s=96&d=mm&r=g\",\"caption\":\"Miguel Redondo\"},\"sameAs\":[\"https:\\\/\\\/cuadra-agrado.es\"],\"url\":\"https:\\\/\\\/cuadra-agrado.es\\\/?author=5\"}]}<\/script>\n<!-- \/ Yoast SEO plugin. -->","yoast_head_json":{"title":"Grave lesi\u00f3n de Parisien Blue - Cuadra Agrado","robots":{"index":"index","follow":"follow","max-snippet":"max-snippet:-1","max-image-preview":"max-image-preview:large","max-video-preview":"max-video-preview:-1"},"canonical":"https:\/\/cuadra-agrado.es\/?p=3195","og_locale":"es_ES","og_type":"article","og_title":"Grave lesi\u00f3n de Parisien Blue - Cuadra Agrado","og_description":"Mala noticia la recibida hoy por parte de nuestro servicio veterinario al informarnos de la severa lesi\u00f3n que sufre \u201cParisien Blue\u201d en uno de sus ligamentos. Despu\u00e9s de la \u00faltima carrera donde ten\u00edamos mucha confianza en su progresi\u00f3n, nuevamente aparecieron los fantasmas de una mala carrera, muy lejos de estar en lucha como deb\u00eda haber [&hellip;]","og_url":"https:\/\/cuadra-agrado.es\/?p=3195","og_site_name":"Cuadra Agrado","article_published_time":"2017-05-31T11:51:23+00:00","article_modified_time":"2024-02-27T09:27:30+00:00","og_image":[{"url":"http:\/\/cuadra-agrado.es\/wp-content\/uploads\/2017\/01\/Parisien-Blue-DH-150x150.jpg","type":"","width":"","height":""}],"author":"Miguel Redondo","twitter_card":"summary_large_image","twitter_creator":"@AGRADOracing","twitter_site":"@AGRADOracing","twitter_misc":{"Escrito por":"Miguel Redondo","Tiempo de lectura":"2 minutos"},"schema":{"@context":"https:\/\/schema.org","@graph":[{"@type":"Article","@id":"https:\/\/cuadra-agrado.es\/?p=3195#article","isPartOf":{"@id":"https:\/\/cuadra-agrado.es\/?p=3195"},"author":{"name":"Miguel Redondo","@id":"https:\/\/cuadra-agrado.es\/#\/schema\/person\/3aa4f8d2373cf756d93a5526bc72f31b"},"headline":"Grave lesi\u00f3n de Parisien Blue","datePublished":"2017-05-31T11:51:23+00:00","dateModified":"2024-02-27T09:27:30+00:00","mainEntityOfPage":{"@id":"https:\/\/cuadra-agrado.es\/?p=3195"},"wordCount":461,"image":{"@id":"https:\/\/cuadra-agrado.es\/?p=3195#primaryimage"},"thumbnailUrl":"http:\/\/cuadra-agrado.es\/wp-content\/uploads\/2017\/01\/Parisien-Blue-DH-150x150.jpg","articleSection":["Actualidad"],"inLanguage":"es"},{"@type":"WebPage","@id":"https:\/\/cuadra-agrado.es\/?p=3195","url":"https:\/\/cuadra-agrado.es\/?p=3195","name":"Grave lesi\u00f3n de Parisien Blue - Cuadra Agrado","isPartOf":{"@id":"https:\/\/cuadra-agrado.es\/#website"},"primaryImageOfPage":{"@id":"https:\/\/cuadra-agrado.es\/?p=3195#primaryimage"},"image":{"@id":"https:\/\/cuadra-agrado.es\/?p=3195#primaryimage"},"thumbnailUrl":"http:\/\/cuadra-agrado.es\/wp-content\/uploads\/2017\/01\/Parisien-Blue-DH-150x150.jpg","datePublished":"2017-05-31T11:51:23+00:00","dateModified":"2024-02-27T09:27:30+00:00","author":{"@id":"https:\/\/cuadra-agrado.es\/#\/schema\/person\/3aa4f8d2373cf756d93a5526bc72f31b"},"breadcrumb":{"@id":"https:\/\/cuadra-agrado.es\/?p=3195#breadcrumb"},"inLanguage":"es","potentialAction":[{"@type":"ReadAction","target":["https:\/\/cuadra-agrado.es\/?p=3195"]}]},{"@type":"ImageObject","inLanguage":"es","@id":"https:\/\/cuadra-agrado.es\/?p=3195#primaryimage","url":"http:\/\/cuadra-agrado.es\/wp-content\/uploads\/2017\/01\/Parisien-Blue-DH-150x150.jpg","contentUrl":"http:\/\/cuadra-agrado.es\/wp-content\/uploads\/2017\/01\/Parisien-Blue-DH-150x150.jpg"},{"@type":"BreadcrumbList","@id":"https:\/\/cuadra-agrado.es\/?p=3195#breadcrumb","itemListElement":[{"@type":"ListItem","position":1,"name":"Portada","item":"https:\/\/cuadra-agrado.es\/"},{"@type":"ListItem","position":2,"name":"Grave lesi\u00f3n de Parisien Blue"}]},{"@type":"WebSite","@id":"https:\/\/cuadra-agrado.es\/#website","url":"https:\/\/cuadra-agrado.es\/","name":"Cuadra Agrado","description":"En el mundo del Turf desde 2008","potentialAction":[{"@type":"SearchAction","target":{"@type":"EntryPoint","urlTemplate":"https:\/\/cuadra-agrado.es\/?s={search_term_string}"},"query-input":{"@type":"PropertyValueSpecification","valueRequired":true,"valueName":"search_term_string"}}],"inLanguage":"es"},{"@type":"Person","@id":"https:\/\/cuadra-agrado.es\/#\/schema\/person\/3aa4f8d2373cf756d93a5526bc72f31b","name":"Miguel Redondo","image":{"@type":"ImageObject","inLanguage":"es","@id":"https:\/\/secure.gravatar.com\/avatar\/85704fceb4fa34017e3c1344d182da00dbf772fb8856ba2b7726a2df926415b4?s=96&d=mm&r=g","url":"https:\/\/secure.gravatar.com\/avatar\/85704fceb4fa34017e3c1344d182da00dbf772fb8856ba2b7726a2df926415b4?s=96&d=mm&r=g","contentUrl":"https:\/\/secure.gravatar.com\/avatar\/85704fceb4fa34017e3c1344d182da00dbf772fb8856ba2b7726a2df926415b4?s=96&d=mm&r=g","caption":"Miguel Redondo"},"sameAs":["https:\/\/cuadra-agrado.es"],"url":"https:\/\/cuadra-agrado.es\/?author=5"}]}},"_links":{"self":[{"href":"https:\/\/cuadra-agrado.es\/index.php?rest_route=\/wp\/v2\/posts\/3195","targetHints":{"allow":["GET"]}}],"collection":[{"href":"https:\/\/cuadra-agrado.es\/index.php?rest_route=\/wp\/v2\/posts"}],"about":[{"href":"https:\/\/cuadra-agrado.es\/index.php?rest_route=\/wp\/v2\/types\/post"}],"author":[{"embeddable":true,"href":"https:\/\/cuadra-agrado.es\/index.php?rest_route=\/wp\/v2\/users\/5"}],"replies":[{"embeddable":true,"href":"https:\/\/cuadra-agrado.es\/index.php?rest_route=%2Fwp%2Fv2%2Fcomments&post=3195"}],"version-history":[{"count":0,"href":"https:\/\/cuadra-agrado.es\/index.php?rest_route=\/wp\/v2\/posts\/3195\/revisions"}],"wp:attachment":[{"href":"https:\/\/cuadra-agrado.es\/index.php?rest_route=%2Fwp%2Fv2%2Fmedia&parent=3195"}],"wp:term":[{"taxonomy":"category","embeddable":true,"href":"https:\/\/cuadra-agrado.es\/index.php?rest_route=%2Fwp%2Fv2%2Fcategories&post=3195"},{"taxonomy":"post_tag","embeddable":true,"href":"https:\/\/cuadra-agrado.es\/index.php?rest_route=%2Fwp%2Fv2%2Ftags&post=3195"}],"curies":[{"name":"wp","href":"https:\/\/api.w.org\/{rel}","templated":true}]}}