{"id":3179,"date":"2017-05-24T09:43:54","date_gmt":"2017-05-24T08:43:54","guid":{"rendered":"https:\/\/cuadra-agrado.es\/?p=3179"},"modified":"2024-02-27T09:27:31","modified_gmt":"2024-02-27T09:27:31","slug":"sin-muchas-excusas-ya-parisien-blue","status":"publish","type":"post","link":"https:\/\/cuadra-agrado.es\/?p=3179","title":{"rendered":"Sin demasiadas excusas para Parisien Blue &#8230;.."},"content":{"rendered":"<p style=\"text-align: justify;\"><a href=\"http:\/\/cuadra-agrado.es\/wp-content\/uploads\/2016\/11\/parisien.jpg\" target=\"_blank\" rel=\"noopener noreferrer\"><img loading=\"lazy\" decoding=\"async\" class=\"alignleft wp-image-2778 \" src=\"http:\/\/cuadra-agrado.es\/wp-content\/uploads\/2016\/11\/parisien-300x169.jpg\" alt=\"\" width=\"318\" height=\"179\"><\/a>Nuestro tres a\u00f1os <strong>\u201cParisien Blue\u201d<\/strong> regresa a pista 15 d\u00edas despu\u00e9s de su \u00faltima cita para disputar este pr\u00f3ximo domingo el \u201cPremio Folie\u201d en una nueva prueba de no ganadores &nbsp;sobre distancia de 1.500 metros.<br \/>\nHaciendo una peque\u00f1a cronolog\u00eda de hechos desde que debutar\u00e1 el pasado a\u00f1o, nos podemos dar cuenta echando la vista atr\u00e1s, que de alguna manera es muy posible nos hayamos equivocado en su gesti\u00f3n inicial, as\u00ed que toca volver atr\u00e1s y reconducir la situaci\u00f3n.<\/p>\n<p style=\"text-align: justify;\">El debut le vino tan pronto como necesario para meterlo en competici\u00f3n por lo que decidimos aprovechar la \u00faltima jornada de oto\u00f1o en un lote para debutantes. La embarrada pista y un lote discreto nos hicieron estar en un c\u00f3modo tr\u00edo en aquella primera prueba del todo inexacta, de la que quedamos satisfechos y con la ilusi\u00f3n por delante. Tras el invierno, reapareci\u00f3 muy falto dos meses despu\u00e9s en \u00ab<em>Dos Hermanas<\/em>\u00bb sobre 1.800 metros, con un desapercibido papel y con un recorrido donde parec\u00eda pedir todav\u00eda m\u00e1s metros. El programa nazareno nos oblig\u00f3 a volver a bajar la distancia a la milla y dos semanas despu\u00e9s, mucho m\u00e1s puesto en trabajos, nos depar\u00f3 un ilusionante segundo puesto sobre la fibra ante un lote tambi\u00e9n modesto, pero en lucha con una buena yegua como&nbsp;<strong>\u201cPerfecta\u201d<\/strong>. Las opiniones de las dos montas hasta la fecha (Sousa y Fayos) nos influyeron en probar en mayor distancia dentro de un mar de dudas, fundadas principalmente en que solamente ten\u00eda un paso sin cambio de ritmo y de la misma forma, le costaba seguir el paso durante el recorrido. Aun sabiendo que pod\u00edamos cometer un grave error al subir la distancia en contra de sus or\u00edgenes, decidimos arriesgar en programar su primavera en Madrid con vistas a disputar el GP Nacional donde estaba matriculado, sabiendo de antemano que si nos equivoc\u00e1bamos, siempre hab\u00eda tiempo de rectificar.<br \/>\nUn mes despu\u00e9s corr\u00eda su primera por encima del kil\u00f3metro ya en la primavera de Madrid ante un muy buen lote con la monta de <em>Jose Luis Mart\u00ednez<\/em> que qued\u00f3 satisfecho con el rendimiento del potro muy cerca de potros muy contrastados y de calidad. La suerte estaba echada y no hab\u00eda vuelta atr\u00e1s, as\u00ed que decidimos continuar su programa para correr la preparatoria al \u201c<em>nacional\u201d <\/em>&nbsp;y despejar definitivamente las dudas, pero los 2.200 metros se le hicieron eternos tras un recorrido de mucho desgaste y dimos por finalizado el proyecto en esa distancia. Su \u00faltima sobre un recorte de metros, aunque no suficientes, nos oblig\u00f3 a dirigirnos definitivamente a la \u00fanica distancia donde debe dar su mejor valor a\u00fan sin contrastar. &nbsp;<\/p>\n<p style=\"text-align: justify;\">El domingo vuelve a la distancia donde ha conseguido sus dos mejores actuaciones (siempre en el tr\u00edo), y es por ello que, despu\u00e9s de asumir errores (muy habituales por cierto en estos primeros meses de competici\u00f3n), necesitamos resetear y reconducir la situaci\u00f3n. A\u00fan tenemos tiempo para ello y solamente nos hace falta que podamos ver una mejora palpable en este nuevo retorno a la milla. Hasta la fecha uno de sus mayores h\u00e1ndicaps hab\u00eda sido su inmadurez y falta de experiencia, pero en esta nueva salida aparece como el \u201cabuelo\u201d del lote con mayor experiencia que ninguno, por lo que aqu\u00ed ya no tenemos demasiada excusa para poder hacer mucho mejor papel que el demostrado hasta ahora y pueda estar luchando una carrera como lo har\u00e1 seguro su compa\u00f1era de patio<strong> \u00abGetaria\u00bb <\/strong>con la que ha trabajado esta semana a mismo ritmo. Adicional, hemos decidido tambi\u00e9n abandonar las anteojeras que en un principio le vinieron bien, pero que parece no aportarle demasiado a estas alturas de temporada. Salimos por tanto con nuevas expectativas y mucha mayor confianza que las anteriores a la espera solo de que el potro coja esa moral que ahora necesita y pueda salir de <em>\u201cmaiden\u201d<\/em> antes de entrar en un bucle que nos har\u00eda tomar medidas m\u00e1s dr\u00e1sticas. Por decirlo de un modo c\u00f3mico y jocoso para que el aficionado lo entienda &#8230;..<em> \u00abliteralmente, el potro se juega las pelotas en esta salida&#8230;..\u00bb<\/em><\/p>\n<p style=\"text-align: justify;\">Junto a esta nueva confianza, nos hace tambi\u00e9n enorme ilusi\u00f3n poder contar con una monta \u201camiga\u201d que nos trae muchos y gratos recuerdos del pasado como es <em>\u201cFrancisco Jimenez\u201d<\/em>. Una persona excepcional de las que se visten por los pies con much\u00edsima experiencia como jockey y que nos da plena confianza para salir del charco donde nos hemos metido. &nbsp;\u201cPaquito\u201d (como nos gusta llamarle), fue uno de los primeros jockeys de nuestra cuadra y junto a \u00e9l aprendimos a vivir este mundo bajo las \u00f3rdenes de <em>Teo Callejo<\/em> primero y <em>Eduardo Buz\u00f3n<\/em> despu\u00e9s. Los caprichos del destino hicieron que nunca nos brindara una victoria, pero estuvo muchas veces en la gemela y tr\u00edo con nuestros tres primeros proyectos (Orlov, Rany\u00e1n y Valiant Blue), donde un espl\u00e9ndido segundo en el Villamejor 2012 con Rany\u00e1n fue lo m\u00e1s destacado con nosotros. Este domingo vuelve a defender nuestros colores y estamos convencidos que a \u00e9l tambi\u00e9n le har\u00e1 especial ilusi\u00f3n contar con uno de nuestros efectivos, por lo que seguro nos aportar\u00e1 experiencia y enormes ganas para hacer un gran papel con este dif\u00edcil <strong>\u201cParisien Blue\u201d<\/strong>.<\/p>\n<p style=\"text-align: justify;\">Mucha suerte amigo!!! es hora de celebrar esa primera victoria que ambos nos debemos\u2026.<\/p>\n<!-- AddThis Advanced Settings generic via filter on the_content --><!-- AddThis Share Buttons generic via filter on the_content -->","protected":false},"excerpt":{"rendered":"<p>Nuestro tres a\u00f1os \u201cParisien Blue\u201d regresa a pista 15 d\u00edas despu\u00e9s de su \u00faltima cita para disputar este pr\u00f3ximo domingo el \u201cPremio Folie\u201d en una nueva prueba de no ganadores &nbsp;sobre distancia de 1.500 metros. Haciendo una peque\u00f1a cronolog\u00eda de hechos desde que debutar\u00e1 el pasado a\u00f1o, nos podemos dar cuenta echando la vista atr\u00e1s, [&hellip;]<!-- AddThis Advanced Settings generic via filter on get_the_excerpt --><!-- AddThis Share Buttons generic via filter on get_the_excerpt --><\/p>\n","protected":false},"author":5,"featured_media":0,"comment_status":"closed","ping_status":"closed","sticky":false,"template":"","format":"gallery","meta":{"_acf_changed":false,"_et_pb_use_builder":"","_et_pb_old_content":"","_et_gb_content_width":"","footnotes":""},"categories":[3],"tags":[],"class_list":["post-3179","post","type-post","status-publish","format-gallery","hentry","category-noticias-cuadra-agrado","post_format-post-format-gallery"],"acf":[],"yoast_head":"<!-- This site is optimized with the Yoast SEO plugin v27.4 - https:\/\/yoast.com\/product\/yoast-seo-wordpress\/ -->\n<title>Sin demasiadas excusas para Parisien Blue ..... - Cuadra Agrado<\/title>\n<meta name=\"robots\" content=\"index, follow, max-snippet:-1, max-image-preview:large, max-video-preview:-1\" \/>\n<link rel=\"canonical\" href=\"https:\/\/cuadra-agrado.es\/?p=3179\" \/>\n<meta property=\"og:locale\" content=\"es_ES\" \/>\n<meta property=\"og:type\" content=\"article\" \/>\n<meta property=\"og:title\" content=\"Sin demasiadas excusas para Parisien Blue ..... - Cuadra Agrado\" \/>\n<meta property=\"og:description\" content=\"Nuestro tres a\u00f1os \u201cParisien Blue\u201d regresa a pista 15 d\u00edas despu\u00e9s de su \u00faltima cita para disputar este pr\u00f3ximo domingo el \u201cPremio Folie\u201d en una nueva prueba de no ganadores &nbsp;sobre distancia de 1.500 metros. Haciendo una peque\u00f1a cronolog\u00eda de hechos desde que debutar\u00e1 el pasado a\u00f1o, nos podemos dar cuenta echando la vista atr\u00e1s, [&hellip;]\" \/>\n<meta property=\"og:url\" content=\"https:\/\/cuadra-agrado.es\/?p=3179\" \/>\n<meta property=\"og:site_name\" content=\"Cuadra Agrado\" \/>\n<meta property=\"article:published_time\" content=\"2017-05-24T08:43:54+00:00\" \/>\n<meta property=\"article:modified_time\" content=\"2024-02-27T09:27:31+00:00\" \/>\n<meta property=\"og:image\" content=\"http:\/\/cuadra-agrado.es\/wp-content\/uploads\/2016\/11\/parisien-300x169.jpg\" \/>\n<meta name=\"author\" content=\"Miguel Redondo\" \/>\n<meta name=\"twitter:card\" content=\"summary_large_image\" \/>\n<meta name=\"twitter:creator\" content=\"@AGRADOracing\" \/>\n<meta name=\"twitter:site\" content=\"@AGRADOracing\" \/>\n<meta name=\"twitter:label1\" content=\"Escrito por\" \/>\n\t<meta name=\"twitter:data1\" content=\"Miguel Redondo\" \/>\n\t<meta name=\"twitter:label2\" content=\"Tiempo de lectura\" \/>\n\t<meta name=\"twitter:data2\" content=\"5 minutos\" \/>\n<script type=\"application\/ld+json\" class=\"yoast-schema-graph\">{\"@context\":\"https:\\\/\\\/schema.org\",\"@graph\":[{\"@type\":\"Article\",\"@id\":\"https:\\\/\\\/cuadra-agrado.es\\\/?p=3179#article\",\"isPartOf\":{\"@id\":\"https:\\\/\\\/cuadra-agrado.es\\\/?p=3179\"},\"author\":{\"name\":\"Miguel Redondo\",\"@id\":\"https:\\\/\\\/cuadra-agrado.es\\\/#\\\/schema\\\/person\\\/3aa4f8d2373cf756d93a5526bc72f31b\"},\"headline\":\"Sin demasiadas excusas para Parisien Blue &#8230;..\",\"datePublished\":\"2017-05-24T08:43:54+00:00\",\"dateModified\":\"2024-02-27T09:27:31+00:00\",\"mainEntityOfPage\":{\"@id\":\"https:\\\/\\\/cuadra-agrado.es\\\/?p=3179\"},\"wordCount\":931,\"image\":{\"@id\":\"https:\\\/\\\/cuadra-agrado.es\\\/?p=3179#primaryimage\"},\"thumbnailUrl\":\"http:\\\/\\\/cuadra-agrado.es\\\/wp-content\\\/uploads\\\/2016\\\/11\\\/parisien-300x169.jpg\",\"articleSection\":[\"Actualidad\"],\"inLanguage\":\"es\"},{\"@type\":\"WebPage\",\"@id\":\"https:\\\/\\\/cuadra-agrado.es\\\/?p=3179\",\"url\":\"https:\\\/\\\/cuadra-agrado.es\\\/?p=3179\",\"name\":\"Sin demasiadas excusas para Parisien Blue ..... - Cuadra Agrado\",\"isPartOf\":{\"@id\":\"https:\\\/\\\/cuadra-agrado.es\\\/#website\"},\"primaryImageOfPage\":{\"@id\":\"https:\\\/\\\/cuadra-agrado.es\\\/?p=3179#primaryimage\"},\"image\":{\"@id\":\"https:\\\/\\\/cuadra-agrado.es\\\/?p=3179#primaryimage\"},\"thumbnailUrl\":\"http:\\\/\\\/cuadra-agrado.es\\\/wp-content\\\/uploads\\\/2016\\\/11\\\/parisien-300x169.jpg\",\"datePublished\":\"2017-05-24T08:43:54+00:00\",\"dateModified\":\"2024-02-27T09:27:31+00:00\",\"author\":{\"@id\":\"https:\\\/\\\/cuadra-agrado.es\\\/#\\\/schema\\\/person\\\/3aa4f8d2373cf756d93a5526bc72f31b\"},\"breadcrumb\":{\"@id\":\"https:\\\/\\\/cuadra-agrado.es\\\/?p=3179#breadcrumb\"},\"inLanguage\":\"es\",\"potentialAction\":[{\"@type\":\"ReadAction\",\"target\":[\"https:\\\/\\\/cuadra-agrado.es\\\/?p=3179\"]}]},{\"@type\":\"ImageObject\",\"inLanguage\":\"es\",\"@id\":\"https:\\\/\\\/cuadra-agrado.es\\\/?p=3179#primaryimage\",\"url\":\"http:\\\/\\\/cuadra-agrado.es\\\/wp-content\\\/uploads\\\/2016\\\/11\\\/parisien-300x169.jpg\",\"contentUrl\":\"http:\\\/\\\/cuadra-agrado.es\\\/wp-content\\\/uploads\\\/2016\\\/11\\\/parisien-300x169.jpg\"},{\"@type\":\"BreadcrumbList\",\"@id\":\"https:\\\/\\\/cuadra-agrado.es\\\/?p=3179#breadcrumb\",\"itemListElement\":[{\"@type\":\"ListItem\",\"position\":1,\"name\":\"Portada\",\"item\":\"https:\\\/\\\/cuadra-agrado.es\\\/\"},{\"@type\":\"ListItem\",\"position\":2,\"name\":\"Sin demasiadas excusas para Parisien Blue &#8230;..\"}]},{\"@type\":\"WebSite\",\"@id\":\"https:\\\/\\\/cuadra-agrado.es\\\/#website\",\"url\":\"https:\\\/\\\/cuadra-agrado.es\\\/\",\"name\":\"Cuadra Agrado\",\"description\":\"En el mundo del Turf desde 2008\",\"potentialAction\":[{\"@type\":\"SearchAction\",\"target\":{\"@type\":\"EntryPoint\",\"urlTemplate\":\"https:\\\/\\\/cuadra-agrado.es\\\/?s={search_term_string}\"},\"query-input\":{\"@type\":\"PropertyValueSpecification\",\"valueRequired\":true,\"valueName\":\"search_term_string\"}}],\"inLanguage\":\"es\"},{\"@type\":\"Person\",\"@id\":\"https:\\\/\\\/cuadra-agrado.es\\\/#\\\/schema\\\/person\\\/3aa4f8d2373cf756d93a5526bc72f31b\",\"name\":\"Miguel Redondo\",\"image\":{\"@type\":\"ImageObject\",\"inLanguage\":\"es\",\"@id\":\"https:\\\/\\\/secure.gravatar.com\\\/avatar\\\/85704fceb4fa34017e3c1344d182da00dbf772fb8856ba2b7726a2df926415b4?s=96&d=mm&r=g\",\"url\":\"https:\\\/\\\/secure.gravatar.com\\\/avatar\\\/85704fceb4fa34017e3c1344d182da00dbf772fb8856ba2b7726a2df926415b4?s=96&d=mm&r=g\",\"contentUrl\":\"https:\\\/\\\/secure.gravatar.com\\\/avatar\\\/85704fceb4fa34017e3c1344d182da00dbf772fb8856ba2b7726a2df926415b4?s=96&d=mm&r=g\",\"caption\":\"Miguel Redondo\"},\"sameAs\":[\"https:\\\/\\\/cuadra-agrado.es\"],\"url\":\"https:\\\/\\\/cuadra-agrado.es\\\/?author=5\"}]}<\/script>\n<!-- \/ Yoast SEO plugin. -->","yoast_head_json":{"title":"Sin demasiadas excusas para Parisien Blue ..... - Cuadra Agrado","robots":{"index":"index","follow":"follow","max-snippet":"max-snippet:-1","max-image-preview":"max-image-preview:large","max-video-preview":"max-video-preview:-1"},"canonical":"https:\/\/cuadra-agrado.es\/?p=3179","og_locale":"es_ES","og_type":"article","og_title":"Sin demasiadas excusas para Parisien Blue ..... - Cuadra Agrado","og_description":"Nuestro tres a\u00f1os \u201cParisien Blue\u201d regresa a pista 15 d\u00edas despu\u00e9s de su \u00faltima cita para disputar este pr\u00f3ximo domingo el \u201cPremio Folie\u201d en una nueva prueba de no ganadores &nbsp;sobre distancia de 1.500 metros. Haciendo una peque\u00f1a cronolog\u00eda de hechos desde que debutar\u00e1 el pasado a\u00f1o, nos podemos dar cuenta echando la vista atr\u00e1s, [&hellip;]","og_url":"https:\/\/cuadra-agrado.es\/?p=3179","og_site_name":"Cuadra Agrado","article_published_time":"2017-05-24T08:43:54+00:00","article_modified_time":"2024-02-27T09:27:31+00:00","og_image":[{"url":"http:\/\/cuadra-agrado.es\/wp-content\/uploads\/2016\/11\/parisien-300x169.jpg","type":"","width":"","height":""}],"author":"Miguel Redondo","twitter_card":"summary_large_image","twitter_creator":"@AGRADOracing","twitter_site":"@AGRADOracing","twitter_misc":{"Escrito por":"Miguel Redondo","Tiempo de lectura":"5 minutos"},"schema":{"@context":"https:\/\/schema.org","@graph":[{"@type":"Article","@id":"https:\/\/cuadra-agrado.es\/?p=3179#article","isPartOf":{"@id":"https:\/\/cuadra-agrado.es\/?p=3179"},"author":{"name":"Miguel Redondo","@id":"https:\/\/cuadra-agrado.es\/#\/schema\/person\/3aa4f8d2373cf756d93a5526bc72f31b"},"headline":"Sin demasiadas excusas para Parisien Blue &#8230;..","datePublished":"2017-05-24T08:43:54+00:00","dateModified":"2024-02-27T09:27:31+00:00","mainEntityOfPage":{"@id":"https:\/\/cuadra-agrado.es\/?p=3179"},"wordCount":931,"image":{"@id":"https:\/\/cuadra-agrado.es\/?p=3179#primaryimage"},"thumbnailUrl":"http:\/\/cuadra-agrado.es\/wp-content\/uploads\/2016\/11\/parisien-300x169.jpg","articleSection":["Actualidad"],"inLanguage":"es"},{"@type":"WebPage","@id":"https:\/\/cuadra-agrado.es\/?p=3179","url":"https:\/\/cuadra-agrado.es\/?p=3179","name":"Sin demasiadas excusas para Parisien Blue ..... - Cuadra Agrado","isPartOf":{"@id":"https:\/\/cuadra-agrado.es\/#website"},"primaryImageOfPage":{"@id":"https:\/\/cuadra-agrado.es\/?p=3179#primaryimage"},"image":{"@id":"https:\/\/cuadra-agrado.es\/?p=3179#primaryimage"},"thumbnailUrl":"http:\/\/cuadra-agrado.es\/wp-content\/uploads\/2016\/11\/parisien-300x169.jpg","datePublished":"2017-05-24T08:43:54+00:00","dateModified":"2024-02-27T09:27:31+00:00","author":{"@id":"https:\/\/cuadra-agrado.es\/#\/schema\/person\/3aa4f8d2373cf756d93a5526bc72f31b"},"breadcrumb":{"@id":"https:\/\/cuadra-agrado.es\/?p=3179#breadcrumb"},"inLanguage":"es","potentialAction":[{"@type":"ReadAction","target":["https:\/\/cuadra-agrado.es\/?p=3179"]}]},{"@type":"ImageObject","inLanguage":"es","@id":"https:\/\/cuadra-agrado.es\/?p=3179#primaryimage","url":"http:\/\/cuadra-agrado.es\/wp-content\/uploads\/2016\/11\/parisien-300x169.jpg","contentUrl":"http:\/\/cuadra-agrado.es\/wp-content\/uploads\/2016\/11\/parisien-300x169.jpg"},{"@type":"BreadcrumbList","@id":"https:\/\/cuadra-agrado.es\/?p=3179#breadcrumb","itemListElement":[{"@type":"ListItem","position":1,"name":"Portada","item":"https:\/\/cuadra-agrado.es\/"},{"@type":"ListItem","position":2,"name":"Sin demasiadas excusas para Parisien Blue &#8230;.."}]},{"@type":"WebSite","@id":"https:\/\/cuadra-agrado.es\/#website","url":"https:\/\/cuadra-agrado.es\/","name":"Cuadra Agrado","description":"En el mundo del Turf desde 2008","potentialAction":[{"@type":"SearchAction","target":{"@type":"EntryPoint","urlTemplate":"https:\/\/cuadra-agrado.es\/?s={search_term_string}"},"query-input":{"@type":"PropertyValueSpecification","valueRequired":true,"valueName":"search_term_string"}}],"inLanguage":"es"},{"@type":"Person","@id":"https:\/\/cuadra-agrado.es\/#\/schema\/person\/3aa4f8d2373cf756d93a5526bc72f31b","name":"Miguel Redondo","image":{"@type":"ImageObject","inLanguage":"es","@id":"https:\/\/secure.gravatar.com\/avatar\/85704fceb4fa34017e3c1344d182da00dbf772fb8856ba2b7726a2df926415b4?s=96&d=mm&r=g","url":"https:\/\/secure.gravatar.com\/avatar\/85704fceb4fa34017e3c1344d182da00dbf772fb8856ba2b7726a2df926415b4?s=96&d=mm&r=g","contentUrl":"https:\/\/secure.gravatar.com\/avatar\/85704fceb4fa34017e3c1344d182da00dbf772fb8856ba2b7726a2df926415b4?s=96&d=mm&r=g","caption":"Miguel Redondo"},"sameAs":["https:\/\/cuadra-agrado.es"],"url":"https:\/\/cuadra-agrado.es\/?author=5"}]}},"_links":{"self":[{"href":"https:\/\/cuadra-agrado.es\/index.php?rest_route=\/wp\/v2\/posts\/3179","targetHints":{"allow":["GET"]}}],"collection":[{"href":"https:\/\/cuadra-agrado.es\/index.php?rest_route=\/wp\/v2\/posts"}],"about":[{"href":"https:\/\/cuadra-agrado.es\/index.php?rest_route=\/wp\/v2\/types\/post"}],"author":[{"embeddable":true,"href":"https:\/\/cuadra-agrado.es\/index.php?rest_route=\/wp\/v2\/users\/5"}],"replies":[{"embeddable":true,"href":"https:\/\/cuadra-agrado.es\/index.php?rest_route=%2Fwp%2Fv2%2Fcomments&post=3179"}],"version-history":[{"count":0,"href":"https:\/\/cuadra-agrado.es\/index.php?rest_route=\/wp\/v2\/posts\/3179\/revisions"}],"wp:attachment":[{"href":"https:\/\/cuadra-agrado.es\/index.php?rest_route=%2Fwp%2Fv2%2Fmedia&parent=3179"}],"wp:term":[{"taxonomy":"category","embeddable":true,"href":"https:\/\/cuadra-agrado.es\/index.php?rest_route=%2Fwp%2Fv2%2Fcategories&post=3179"},{"taxonomy":"post_tag","embeddable":true,"href":"https:\/\/cuadra-agrado.es\/index.php?rest_route=%2Fwp%2Fv2%2Ftags&post=3179"}],"curies":[{"name":"wp","href":"https:\/\/api.w.org\/{rel}","templated":true}]}}