{"id":3135,"date":"2017-05-21T16:30:28","date_gmt":"2017-05-21T15:30:28","guid":{"rendered":"https:\/\/cuadra-agrado.es\/?p=3135"},"modified":"2024-02-27T09:27:31","modified_gmt":"2024-02-27T09:27:31","slug":"barbarigo-se-consolida-nouvel-an","status":"publish","type":"post","link":"https:\/\/cuadra-agrado.es\/?p=3135","title":{"rendered":"Barbarigo se consolida en un gran \u00abNouvel An\u00bb"},"content":{"rendered":"<p style=\"text-align: justify;\"><a href=\"http:\/\/cuadra-agrado.es\/wp-content\/uploads\/2017\/05\/barbarigo.jpg\" target=\"_blank\" rel=\"noopener noreferrer\"><img loading=\"lazy\" decoding=\"async\" class=\"alignleft wp-image-3136 size-medium\" src=\"http:\/\/cuadra-agrado.es\/wp-content\/uploads\/2017\/05\/barbarigo-300x169.jpg\" alt=\"\" width=\"300\" height=\"169\"><\/a>Nos present\u00e1bamos un d\u00eda m\u00e1s en el hip\u00f3dromo de la Zarzuela de Madrid con otro partant para salir a buscar esa primera victoria de la temporada. Hasta la fecha, la suerte hab\u00eda sido esquiva con nosotros, y en esta nueva ocasi\u00f3n, las posibilidades de \u00e9xito cobraban de nuevo fuerza con <strong>\u201cBarbarigo\u201d<\/strong> que se hab\u00eda presentado en Espa\u00f1a con un buen segundo a principios de temporada, y con un quinto puesto en la pasada <em>\u201cpoule\u201d <\/em>que nos dej\u00f3 algo fr\u00edos por lo mucho que se esperaba de \u00e9l. El premio <em>\u201cNouvel An\u201d<\/em> nos tra\u00eda nost\u00e1lgicos recuerdos del que hasta la fecha ha sido nuestro mejor caballo \u201cValiant Blue\u201d que ganara en su edici\u00f3n de 2012, y de alguna forma, ten\u00edamos esa corazonada especial para emular aquel grato recuerdo con este hijo de <strong>\u201cCanford Cliffs\u201d.<\/strong><\/p>\n<p style=\"text-align: justify;\">Previa muy emocionante en el paddock con un Jose Luis Mart\u00ednez muy motivado y seguro de ganar, que nos dio mucha confianza. Amena y muy entra\u00f1able conversaci\u00f3n con una excepcional familia del turf, como es la \u201cFamilia Fierro\u201d, tratando de contagiarnos y convencernos mutuamente para que hoy la gemela pasara por los nuestros, fuera cual fuera el orden, como as\u00ed fue al final. Una gran carrera de esas que hacen afici\u00f3n desde el mismo golpe de cajones con un metraje complejo e inusual para todos, pero con un mismo objetivo com\u00fan. Dif\u00edcil predecir en un principio quien ser\u00eda el osado de poner ritmo a la prueba, pero las anteojeras que estrenaba<strong> \u201cEl Glorioso\u201d<\/strong> le hicieron coger la punta y asumir protagonismo junto con <strong>\u201cNube Negra\u201d<\/strong> que trataba a su vez de imponer un paso selectivo que desgastara a los milleros como su opci\u00f3n m\u00e1s consistente ante un duro lote. El nuestro, junto con el otro favorito en taquillas <strong>\u201cOrr\u00ed\u201d<\/strong> dejaron hacer a los punteros durante toda la larga recta de enfrente para esperar a la recta final y medirse en valor. Enorme la maniobra de <em>\u201cJose Luis Mart\u00ednez<\/em>\u201d, que despu\u00e9s de un recorrido perfecto y vi\u00e9ndose encerrado por carril interior, busc\u00f3 el hueco y el momento perfecto para lanzar al nuestro por el exterior en el poste de los 400 con el objetivo, entre ceja y ceja, de ir a buscar victoria con un buen cambio de ritmo que le puso en cabeza a falta de 300 metros. La victoria estaba ya muy bien elaborada y solamente faltaba el \u00faltimo sprint en lucha con un <strong>\u201cKarlsburg\u201d,<\/strong> que hasta entonces hab\u00eda estado bien tapado en el recorrido, y que ahora aparec\u00eda por calles exteriores para plantar batalla. Gran final entre ambos para luchar una cerrada y pactada victoria entre ambos que, finalmente, cay\u00f3 de nuestro lado por tan solo un cuello.<\/p>\n<p style=\"text-align: justify;\">Dicen que lo bueno siempre se hace esperar, pero por Dios!! qu\u00e9 largo se hace, y cuanto se sufre esperando por esa gratificaci\u00f3n\u2026.. Primera victoria de la temporada que queremos dedicar a nuestro preparador <em>Juan Luis Maroto<\/em> y&nbsp; a todo el equipo que merecen esta recompensa al trabajo y dedicaci\u00f3n con los nuestros que tanto se ha hecho esperar. Por otro lado, especial gratitud a la perfecta monta de un gran jockey como es <em>Jose Luis Mart\u00ednez <\/em>que fue el primero en pedirnos a <strong>\u201cBarbarigo\u201d<\/strong> con la absoluta confianza para pasar hoy por ganadores.<\/p>\n<p style=\"text-align: justify;\">No sabemos si este punto de inflexi\u00f3n que hoy hemos vivido causar\u00e1 un cambio de ciclo para nuestros colores a partir de ahora, pero de lo que s\u00ed estamos seguros es que tenemos en nuestra cuadra uno de esos caballos para disfrutar y para aspirar a grandes cosas en un futuro, ojal\u00e1 tengamos ese \u00e1pice de fortuna para poder vivirlas y seguir disfrutando con \u00e9l por mucho tiempo.<\/p>\n<p style=\"text-align: justify;\">Ya con una primera victoria en el cuerpo, est\u00e1 listo para disputar la preparatoria al <em>\u201cGP Claudio Carudel\u201d<\/em> para los de su misma edad el pr\u00f3ximo 4 de junio en el \u201c<em>Premio Satr\u00fastegui\u201d<\/em> como principal y pr\u00f3ximo objetivo, y concluir con esta su temporada de primavera en Madrid. Posterior a esta, nuestro objetivo continuar\u00e1 por tierras donostiarras para disputar aquella fant\u00e1stica temporada de verano que tanta ilusi\u00f3n nos hace\u2026.<\/p>\n<p style=\"text-align: justify;\">Y no queremos terminar nuestra cr\u00f3nica sin dar las gracias a todos los aficionados y amigos por el apoyo y todas las muestras de cari\u00f1o recibidas hoy en vivo, y a trav\u00e9s de las distintas redes sociales. Muchas gracias a todos!!!<\/p>\n<!-- AddThis Advanced Settings generic via filter on the_content --><!-- AddThis Share Buttons generic via filter on the_content -->","protected":false},"excerpt":{"rendered":"<p>Nos present\u00e1bamos un d\u00eda m\u00e1s en el hip\u00f3dromo de la Zarzuela de Madrid con otro partant para salir a buscar esa primera victoria de la temporada. Hasta la fecha, la suerte hab\u00eda sido esquiva con nosotros, y en esta nueva ocasi\u00f3n, las posibilidades de \u00e9xito cobraban de nuevo fuerza con \u201cBarbarigo\u201d que se hab\u00eda presentado [&hellip;]<!-- AddThis Advanced Settings generic via filter on get_the_excerpt --><!-- AddThis Share Buttons generic via filter on get_the_excerpt --><\/p>\n","protected":false},"author":5,"featured_media":0,"comment_status":"closed","ping_status":"closed","sticky":false,"template":"","format":"gallery","meta":{"_acf_changed":false,"_et_pb_use_builder":"","_et_pb_old_content":"","_et_gb_content_width":"","footnotes":""},"categories":[3],"tags":[],"class_list":["post-3135","post","type-post","status-publish","format-gallery","hentry","category-noticias-cuadra-agrado","post_format-post-format-gallery"],"acf":[],"yoast_head":"<!-- This site is optimized with the Yoast SEO plugin v27.4 - https:\/\/yoast.com\/product\/yoast-seo-wordpress\/ -->\n<title>Barbarigo se consolida en un gran &quot;Nouvel An&quot; - Cuadra Agrado<\/title>\n<meta name=\"robots\" content=\"index, follow, max-snippet:-1, max-image-preview:large, max-video-preview:-1\" \/>\n<link rel=\"canonical\" href=\"https:\/\/cuadra-agrado.es\/?p=3135\" \/>\n<meta property=\"og:locale\" content=\"es_ES\" \/>\n<meta property=\"og:type\" content=\"article\" \/>\n<meta property=\"og:title\" content=\"Barbarigo se consolida en un gran &quot;Nouvel An&quot; - Cuadra Agrado\" \/>\n<meta property=\"og:description\" content=\"Nos present\u00e1bamos un d\u00eda m\u00e1s en el hip\u00f3dromo de la Zarzuela de Madrid con otro partant para salir a buscar esa primera victoria de la temporada. Hasta la fecha, la suerte hab\u00eda sido esquiva con nosotros, y en esta nueva ocasi\u00f3n, las posibilidades de \u00e9xito cobraban de nuevo fuerza con \u201cBarbarigo\u201d que se hab\u00eda presentado [&hellip;]\" \/>\n<meta property=\"og:url\" content=\"https:\/\/cuadra-agrado.es\/?p=3135\" \/>\n<meta property=\"og:site_name\" content=\"Cuadra Agrado\" \/>\n<meta property=\"article:published_time\" content=\"2017-05-21T15:30:28+00:00\" \/>\n<meta property=\"article:modified_time\" content=\"2024-02-27T09:27:31+00:00\" \/>\n<meta property=\"og:image\" content=\"http:\/\/cuadra-agrado.es\/wp-content\/uploads\/2017\/05\/barbarigo-300x169.jpg\" \/>\n<meta name=\"author\" content=\"Miguel Redondo\" \/>\n<meta name=\"twitter:card\" content=\"summary_large_image\" \/>\n<meta name=\"twitter:creator\" content=\"@AGRADOracing\" \/>\n<meta name=\"twitter:site\" content=\"@AGRADOracing\" \/>\n<meta name=\"twitter:label1\" content=\"Escrito por\" \/>\n\t<meta name=\"twitter:data1\" content=\"Miguel Redondo\" \/>\n\t<meta name=\"twitter:label2\" content=\"Tiempo de lectura\" \/>\n\t<meta name=\"twitter:data2\" content=\"4 minutos\" \/>\n<script type=\"application\/ld+json\" class=\"yoast-schema-graph\">{\"@context\":\"https:\\\/\\\/schema.org\",\"@graph\":[{\"@type\":\"Article\",\"@id\":\"https:\\\/\\\/cuadra-agrado.es\\\/?p=3135#article\",\"isPartOf\":{\"@id\":\"https:\\\/\\\/cuadra-agrado.es\\\/?p=3135\"},\"author\":{\"name\":\"Miguel Redondo\",\"@id\":\"https:\\\/\\\/cuadra-agrado.es\\\/#\\\/schema\\\/person\\\/3aa4f8d2373cf756d93a5526bc72f31b\"},\"headline\":\"Barbarigo se consolida en un gran \u00abNouvel An\u00bb\",\"datePublished\":\"2017-05-21T15:30:28+00:00\",\"dateModified\":\"2024-02-27T09:27:31+00:00\",\"mainEntityOfPage\":{\"@id\":\"https:\\\/\\\/cuadra-agrado.es\\\/?p=3135\"},\"wordCount\":759,\"image\":{\"@id\":\"https:\\\/\\\/cuadra-agrado.es\\\/?p=3135#primaryimage\"},\"thumbnailUrl\":\"http:\\\/\\\/cuadra-agrado.es\\\/wp-content\\\/uploads\\\/2017\\\/05\\\/barbarigo-300x169.jpg\",\"articleSection\":[\"Actualidad\"],\"inLanguage\":\"es\"},{\"@type\":\"WebPage\",\"@id\":\"https:\\\/\\\/cuadra-agrado.es\\\/?p=3135\",\"url\":\"https:\\\/\\\/cuadra-agrado.es\\\/?p=3135\",\"name\":\"Barbarigo se consolida en un gran \\\"Nouvel An\\\" - Cuadra Agrado\",\"isPartOf\":{\"@id\":\"https:\\\/\\\/cuadra-agrado.es\\\/#website\"},\"primaryImageOfPage\":{\"@id\":\"https:\\\/\\\/cuadra-agrado.es\\\/?p=3135#primaryimage\"},\"image\":{\"@id\":\"https:\\\/\\\/cuadra-agrado.es\\\/?p=3135#primaryimage\"},\"thumbnailUrl\":\"http:\\\/\\\/cuadra-agrado.es\\\/wp-content\\\/uploads\\\/2017\\\/05\\\/barbarigo-300x169.jpg\",\"datePublished\":\"2017-05-21T15:30:28+00:00\",\"dateModified\":\"2024-02-27T09:27:31+00:00\",\"author\":{\"@id\":\"https:\\\/\\\/cuadra-agrado.es\\\/#\\\/schema\\\/person\\\/3aa4f8d2373cf756d93a5526bc72f31b\"},\"breadcrumb\":{\"@id\":\"https:\\\/\\\/cuadra-agrado.es\\\/?p=3135#breadcrumb\"},\"inLanguage\":\"es\",\"potentialAction\":[{\"@type\":\"ReadAction\",\"target\":[\"https:\\\/\\\/cuadra-agrado.es\\\/?p=3135\"]}]},{\"@type\":\"ImageObject\",\"inLanguage\":\"es\",\"@id\":\"https:\\\/\\\/cuadra-agrado.es\\\/?p=3135#primaryimage\",\"url\":\"http:\\\/\\\/cuadra-agrado.es\\\/wp-content\\\/uploads\\\/2017\\\/05\\\/barbarigo-300x169.jpg\",\"contentUrl\":\"http:\\\/\\\/cuadra-agrado.es\\\/wp-content\\\/uploads\\\/2017\\\/05\\\/barbarigo-300x169.jpg\"},{\"@type\":\"BreadcrumbList\",\"@id\":\"https:\\\/\\\/cuadra-agrado.es\\\/?p=3135#breadcrumb\",\"itemListElement\":[{\"@type\":\"ListItem\",\"position\":1,\"name\":\"Portada\",\"item\":\"https:\\\/\\\/cuadra-agrado.es\\\/\"},{\"@type\":\"ListItem\",\"position\":2,\"name\":\"Barbarigo se consolida en un gran \u00abNouvel An\u00bb\"}]},{\"@type\":\"WebSite\",\"@id\":\"https:\\\/\\\/cuadra-agrado.es\\\/#website\",\"url\":\"https:\\\/\\\/cuadra-agrado.es\\\/\",\"name\":\"Cuadra Agrado\",\"description\":\"En el mundo del Turf desde 2008\",\"potentialAction\":[{\"@type\":\"SearchAction\",\"target\":{\"@type\":\"EntryPoint\",\"urlTemplate\":\"https:\\\/\\\/cuadra-agrado.es\\\/?s={search_term_string}\"},\"query-input\":{\"@type\":\"PropertyValueSpecification\",\"valueRequired\":true,\"valueName\":\"search_term_string\"}}],\"inLanguage\":\"es\"},{\"@type\":\"Person\",\"@id\":\"https:\\\/\\\/cuadra-agrado.es\\\/#\\\/schema\\\/person\\\/3aa4f8d2373cf756d93a5526bc72f31b\",\"name\":\"Miguel Redondo\",\"image\":{\"@type\":\"ImageObject\",\"inLanguage\":\"es\",\"@id\":\"https:\\\/\\\/secure.gravatar.com\\\/avatar\\\/85704fceb4fa34017e3c1344d182da00dbf772fb8856ba2b7726a2df926415b4?s=96&d=mm&r=g\",\"url\":\"https:\\\/\\\/secure.gravatar.com\\\/avatar\\\/85704fceb4fa34017e3c1344d182da00dbf772fb8856ba2b7726a2df926415b4?s=96&d=mm&r=g\",\"contentUrl\":\"https:\\\/\\\/secure.gravatar.com\\\/avatar\\\/85704fceb4fa34017e3c1344d182da00dbf772fb8856ba2b7726a2df926415b4?s=96&d=mm&r=g\",\"caption\":\"Miguel Redondo\"},\"sameAs\":[\"https:\\\/\\\/cuadra-agrado.es\"],\"url\":\"https:\\\/\\\/cuadra-agrado.es\\\/?author=5\"}]}<\/script>\n<!-- \/ Yoast SEO plugin. -->","yoast_head_json":{"title":"Barbarigo se consolida en un gran \"Nouvel An\" - Cuadra Agrado","robots":{"index":"index","follow":"follow","max-snippet":"max-snippet:-1","max-image-preview":"max-image-preview:large","max-video-preview":"max-video-preview:-1"},"canonical":"https:\/\/cuadra-agrado.es\/?p=3135","og_locale":"es_ES","og_type":"article","og_title":"Barbarigo se consolida en un gran \"Nouvel An\" - Cuadra Agrado","og_description":"Nos present\u00e1bamos un d\u00eda m\u00e1s en el hip\u00f3dromo de la Zarzuela de Madrid con otro partant para salir a buscar esa primera victoria de la temporada. Hasta la fecha, la suerte hab\u00eda sido esquiva con nosotros, y en esta nueva ocasi\u00f3n, las posibilidades de \u00e9xito cobraban de nuevo fuerza con \u201cBarbarigo\u201d que se hab\u00eda presentado [&hellip;]","og_url":"https:\/\/cuadra-agrado.es\/?p=3135","og_site_name":"Cuadra Agrado","article_published_time":"2017-05-21T15:30:28+00:00","article_modified_time":"2024-02-27T09:27:31+00:00","og_image":[{"url":"http:\/\/cuadra-agrado.es\/wp-content\/uploads\/2017\/05\/barbarigo-300x169.jpg","type":"","width":"","height":""}],"author":"Miguel Redondo","twitter_card":"summary_large_image","twitter_creator":"@AGRADOracing","twitter_site":"@AGRADOracing","twitter_misc":{"Escrito por":"Miguel Redondo","Tiempo de lectura":"4 minutos"},"schema":{"@context":"https:\/\/schema.org","@graph":[{"@type":"Article","@id":"https:\/\/cuadra-agrado.es\/?p=3135#article","isPartOf":{"@id":"https:\/\/cuadra-agrado.es\/?p=3135"},"author":{"name":"Miguel Redondo","@id":"https:\/\/cuadra-agrado.es\/#\/schema\/person\/3aa4f8d2373cf756d93a5526bc72f31b"},"headline":"Barbarigo se consolida en un gran \u00abNouvel An\u00bb","datePublished":"2017-05-21T15:30:28+00:00","dateModified":"2024-02-27T09:27:31+00:00","mainEntityOfPage":{"@id":"https:\/\/cuadra-agrado.es\/?p=3135"},"wordCount":759,"image":{"@id":"https:\/\/cuadra-agrado.es\/?p=3135#primaryimage"},"thumbnailUrl":"http:\/\/cuadra-agrado.es\/wp-content\/uploads\/2017\/05\/barbarigo-300x169.jpg","articleSection":["Actualidad"],"inLanguage":"es"},{"@type":"WebPage","@id":"https:\/\/cuadra-agrado.es\/?p=3135","url":"https:\/\/cuadra-agrado.es\/?p=3135","name":"Barbarigo se consolida en un gran \"Nouvel An\" - Cuadra Agrado","isPartOf":{"@id":"https:\/\/cuadra-agrado.es\/#website"},"primaryImageOfPage":{"@id":"https:\/\/cuadra-agrado.es\/?p=3135#primaryimage"},"image":{"@id":"https:\/\/cuadra-agrado.es\/?p=3135#primaryimage"},"thumbnailUrl":"http:\/\/cuadra-agrado.es\/wp-content\/uploads\/2017\/05\/barbarigo-300x169.jpg","datePublished":"2017-05-21T15:30:28+00:00","dateModified":"2024-02-27T09:27:31+00:00","author":{"@id":"https:\/\/cuadra-agrado.es\/#\/schema\/person\/3aa4f8d2373cf756d93a5526bc72f31b"},"breadcrumb":{"@id":"https:\/\/cuadra-agrado.es\/?p=3135#breadcrumb"},"inLanguage":"es","potentialAction":[{"@type":"ReadAction","target":["https:\/\/cuadra-agrado.es\/?p=3135"]}]},{"@type":"ImageObject","inLanguage":"es","@id":"https:\/\/cuadra-agrado.es\/?p=3135#primaryimage","url":"http:\/\/cuadra-agrado.es\/wp-content\/uploads\/2017\/05\/barbarigo-300x169.jpg","contentUrl":"http:\/\/cuadra-agrado.es\/wp-content\/uploads\/2017\/05\/barbarigo-300x169.jpg"},{"@type":"BreadcrumbList","@id":"https:\/\/cuadra-agrado.es\/?p=3135#breadcrumb","itemListElement":[{"@type":"ListItem","position":1,"name":"Portada","item":"https:\/\/cuadra-agrado.es\/"},{"@type":"ListItem","position":2,"name":"Barbarigo se consolida en un gran \u00abNouvel An\u00bb"}]},{"@type":"WebSite","@id":"https:\/\/cuadra-agrado.es\/#website","url":"https:\/\/cuadra-agrado.es\/","name":"Cuadra Agrado","description":"En el mundo del Turf desde 2008","potentialAction":[{"@type":"SearchAction","target":{"@type":"EntryPoint","urlTemplate":"https:\/\/cuadra-agrado.es\/?s={search_term_string}"},"query-input":{"@type":"PropertyValueSpecification","valueRequired":true,"valueName":"search_term_string"}}],"inLanguage":"es"},{"@type":"Person","@id":"https:\/\/cuadra-agrado.es\/#\/schema\/person\/3aa4f8d2373cf756d93a5526bc72f31b","name":"Miguel Redondo","image":{"@type":"ImageObject","inLanguage":"es","@id":"https:\/\/secure.gravatar.com\/avatar\/85704fceb4fa34017e3c1344d182da00dbf772fb8856ba2b7726a2df926415b4?s=96&d=mm&r=g","url":"https:\/\/secure.gravatar.com\/avatar\/85704fceb4fa34017e3c1344d182da00dbf772fb8856ba2b7726a2df926415b4?s=96&d=mm&r=g","contentUrl":"https:\/\/secure.gravatar.com\/avatar\/85704fceb4fa34017e3c1344d182da00dbf772fb8856ba2b7726a2df926415b4?s=96&d=mm&r=g","caption":"Miguel Redondo"},"sameAs":["https:\/\/cuadra-agrado.es"],"url":"https:\/\/cuadra-agrado.es\/?author=5"}]}},"_links":{"self":[{"href":"https:\/\/cuadra-agrado.es\/index.php?rest_route=\/wp\/v2\/posts\/3135","targetHints":{"allow":["GET"]}}],"collection":[{"href":"https:\/\/cuadra-agrado.es\/index.php?rest_route=\/wp\/v2\/posts"}],"about":[{"href":"https:\/\/cuadra-agrado.es\/index.php?rest_route=\/wp\/v2\/types\/post"}],"author":[{"embeddable":true,"href":"https:\/\/cuadra-agrado.es\/index.php?rest_route=\/wp\/v2\/users\/5"}],"replies":[{"embeddable":true,"href":"https:\/\/cuadra-agrado.es\/index.php?rest_route=%2Fwp%2Fv2%2Fcomments&post=3135"}],"version-history":[{"count":0,"href":"https:\/\/cuadra-agrado.es\/index.php?rest_route=\/wp\/v2\/posts\/3135\/revisions"}],"wp:attachment":[{"href":"https:\/\/cuadra-agrado.es\/index.php?rest_route=%2Fwp%2Fv2%2Fmedia&parent=3135"}],"wp:term":[{"taxonomy":"category","embeddable":true,"href":"https:\/\/cuadra-agrado.es\/index.php?rest_route=%2Fwp%2Fv2%2Fcategories&post=3135"},{"taxonomy":"post_tag","embeddable":true,"href":"https:\/\/cuadra-agrado.es\/index.php?rest_route=%2Fwp%2Fv2%2Ftags&post=3135"}],"curies":[{"name":"wp","href":"https:\/\/api.w.org\/{rel}","templated":true}]}}