{"id":3096,"date":"2017-05-10T14:58:55","date_gmt":"2017-05-10T13:58:55","guid":{"rendered":"https:\/\/cuadra-agrado.es\/?p=3096"},"modified":"2024-02-27T09:27:32","modified_gmt":"2024-02-27T09:27:32","slug":"imprevisible-carrera-parisien-blue","status":"publish","type":"post","link":"https:\/\/cuadra-agrado.es\/?p=3096","title":{"rendered":"Imprevisible carrera para Parisien Blue&#8230;."},"content":{"rendered":"<p style=\"text-align: justify;\"><strong><a href=\"http:\/\/cuadra-agrado.es\/wp-content\/uploads\/2017\/03\/Parisien.jpg\"><img loading=\"lazy\" decoding=\"async\" class=\"alignright wp-image-2922 \" src=\"http:\/\/cuadra-agrado.es\/wp-content\/uploads\/2017\/03\/Parisien-1024x768.jpg\" alt=\"\" width=\"344\" height=\"258\"><\/a>\u201cParisien Blue\u201d<\/strong> vuelve a pista este pr\u00f3ximo domingo en el Premio Luis de Salas sobre distancia de 1.800 metros a disputar en la tercera carrera del d\u00eda (12:30 h) en el Hip\u00f3dromo de la Zarzuela de Madrid. Una prueba para tres a\u00f1os <em>\u00abno ganadores<\/em>\u00bb donde buscamos bajar la distancia, una vez hemos visto que, muy probablemente, sus or\u00edgenes limiten los metros que inicialmente hab\u00edamos determinado, como as\u00ed pudimos extraer en la preparatoria al \u201c<em>Nacional<\/em>\u201d donde le cost\u00f3 mucho terminar las dos curvas.<\/p>\n<p style=\"text-align: justify;\">A priori, una prueba que matricul\u00e1bamos con buenas opciones en un lote de su misma edad, a\u00fan sin pasar por ganadores, pero que se complic\u00f3 despu\u00e9s de ver el gran n\u00famero de matr\u00edculas, y que posteriormente se ha mantenido en alza para hacer un total de 16 participantes. Este numeroso partant hace para todos bajar considerablemente las opciones para salir de \u201cmaiden\u201d, y quiz\u00e1s sea este hecho el que m\u00e1s nos preocupe. Este hijo de \u201cGatz\u201d, aun siendo su sexta salida en competici\u00f3n, es un potro a\u00fan verde con un comportamiento dif\u00edcil y en muchos casos inesperado durante el recorrido. As\u00ed lo hemos podido constatar con la informaci\u00f3n obtenida en las distintas montas anteriores, por lo que a\u00f1adir a esta compleja condici\u00f3n, ese elevado partant, puede incrementar el riesgo de que las cosas durante el recorrido no salgan como deseamos, y obtengamos al final un resultado por debajo a lo esperado. En cualquier caso, aun con una actitud no demasiado brillante en los trabajos de la ma\u00f1ana, sigue mejorando semana tras semana con seriedad, y esto es lo m\u00e1s positivo para nuestras opciones con independencia de que le pueda faltar a\u00fan amueblar una inmadura cabeza. Est\u00e1 a\u00fan muy lejos de lo que puede ser su techo y esto es lo m\u00e1s significativo para seguir muy ilusionados con \u00e9l de cara al futuro. Muy posiblemente no ofrezca su mejor valor a tres a\u00f1os, aunque ya haya dado alg\u00fan vestigio de su calidad, pero lo importante es que le queda mucha progresi\u00f3n y esto se debe ir viendo en cada salida en competici\u00f3n, si finalmente damos con la tecla de su cabeza, y sobretodo su distancia ideal que parece ir acerc\u00e1ndose a su gen\u00e9tica millera.<\/p>\n<p style=\"text-align: justify;\"><em>\u201cRicardo Sousa\u201d<\/em> en sus dos actuaciones con el nuestro pudo meterle sin demasiado problema en el tr\u00edo, pero en esta ocasi\u00f3n su contrato con la cuadra \u201cMediterraneo\u201d, que pone en pista a \u00ab<strong>Saumet<\/strong>\u00ab, le priva de subirse al nuestro como era nuestra primera intenci\u00f3n y la del propio <em>\u201cSousa\u201d.<\/em> Sin posibilidad en este sentido, nos decidimos por \u00ab<em>Jaime Gelabert\u00bb<\/em> en este dif\u00edcil compromiso que por cierto, debuta con nuestros colores, y al que le deseamos la mayor de las suertes durante ese complicado recorrido que pudiera tener. Salimos por un buen caj\u00f3n 9 que supone la parte central del lote con una larga recta por delante para buscar la mejor colocaci\u00f3n posible en posiciones de vanguardia, y no meternos en demasiados problemas llegado a la curva. A d\u00eda de hoy, desconocemos las \u00f3rdenes del \u201cprepa\u201d, pero mucho nos tememos que con el elevado tr\u00e1fico en pista, cualquier m\u00ednimo incidente desde el mismo golpe de cajones, imposibilite que estas \u00f3rdenes se puedan cumplir y puedan quedar en un segundo plano. A partir de aqu\u00ed, la confianza en la improvisaci\u00f3n y el buen sentido del paso de<em> Jaime<\/em>, a\u00f1adido a un buen estado de forma del nuestro ya rodado en este a\u00f1o, pero manteniendo frescura, pueden sin duda ser buenos argumentos para estar en una imprevisible y dif\u00edcil llegada.<\/p>\n<p style=\"text-align: justify;\">Salimos por tanto en esta nueva salida, quiz\u00e1s con menos convencimiento que las anteriores, solamente por el hecho de la gran incertidumbre en el recorrido. Sin duda, un menor n\u00famero de partants, a\u00fan con los mejores valores de este lote, hubiera elevado considerablemente nuestras opciones, pero este hecho lo ser\u00e1 igual para todos y lo que es seguro es que habr\u00e1 un ganador en la prueba que pudiera ser tanto por valor, como por condici\u00f3n o como por la propia fortuna del recorrido, y en ese bombo de los probables, debemos estar tambi\u00e9n apoyados en una pista previsiblemente blanda que juega tambi\u00e9n muy a favor del nuestro&#8230;.. Seguimos esperando el cambio de ciclo y, por supuesto, tambi\u00e9n cabe esa deseosa posibilidad que el infortunio en anteriores salidas se convierta en buena ventura en esta. Todo puede pasar, pero nuestra intenci\u00f3n como siempre es salir a ganar una m\u00e1s que imprevisible carrera. Vamos a por ella&#8230;.. Mucha suerte equipo!!!<\/p>\n<!-- AddThis Advanced Settings generic via filter on the_content --><!-- AddThis Share Buttons generic via filter on the_content -->","protected":false},"excerpt":{"rendered":"<p>\u201cParisien Blue\u201d vuelve a pista este pr\u00f3ximo domingo en el Premio Luis de Salas sobre distancia de 1.800 metros a disputar en la tercera carrera del d\u00eda (12:30 h) en el Hip\u00f3dromo de la Zarzuela de Madrid. Una prueba para tres a\u00f1os \u00abno ganadores\u00bb donde buscamos bajar la distancia, una vez hemos visto que, muy [&hellip;]<!-- AddThis Advanced Settings generic via filter on get_the_excerpt --><!-- AddThis Share Buttons generic via filter on get_the_excerpt --><\/p>\n","protected":false},"author":5,"featured_media":0,"comment_status":"closed","ping_status":"closed","sticky":false,"template":"","format":"gallery","meta":{"_acf_changed":false,"_et_pb_use_builder":"","_et_pb_old_content":"","_et_gb_content_width":"","footnotes":""},"categories":[3],"tags":[],"class_list":["post-3096","post","type-post","status-publish","format-gallery","hentry","category-noticias-cuadra-agrado","post_format-post-format-gallery"],"acf":[],"yoast_head":"<!-- This site is optimized with the Yoast SEO plugin v27.4 - https:\/\/yoast.com\/product\/yoast-seo-wordpress\/ -->\n<title>Imprevisible carrera para Parisien Blue.... - Cuadra Agrado<\/title>\n<meta name=\"robots\" content=\"index, follow, max-snippet:-1, max-image-preview:large, max-video-preview:-1\" \/>\n<link rel=\"canonical\" href=\"https:\/\/cuadra-agrado.es\/?p=3096\" \/>\n<meta property=\"og:locale\" content=\"es_ES\" \/>\n<meta property=\"og:type\" content=\"article\" \/>\n<meta property=\"og:title\" content=\"Imprevisible carrera para Parisien Blue.... - Cuadra Agrado\" \/>\n<meta property=\"og:description\" content=\"\u201cParisien Blue\u201d vuelve a pista este pr\u00f3ximo domingo en el Premio Luis de Salas sobre distancia de 1.800 metros a disputar en la tercera carrera del d\u00eda (12:30 h) en el Hip\u00f3dromo de la Zarzuela de Madrid. Una prueba para tres a\u00f1os \u00abno ganadores\u00bb donde buscamos bajar la distancia, una vez hemos visto que, muy [&hellip;]\" \/>\n<meta property=\"og:url\" content=\"https:\/\/cuadra-agrado.es\/?p=3096\" \/>\n<meta property=\"og:site_name\" content=\"Cuadra Agrado\" \/>\n<meta property=\"article:published_time\" content=\"2017-05-10T13:58:55+00:00\" \/>\n<meta property=\"article:modified_time\" content=\"2024-02-27T09:27:32+00:00\" \/>\n<meta property=\"og:image\" content=\"http:\/\/cuadra-agrado.es\/wp-content\/uploads\/2017\/03\/Parisien-1024x768.jpg\" \/>\n<meta name=\"author\" content=\"Miguel Redondo\" \/>\n<meta name=\"twitter:card\" content=\"summary_large_image\" \/>\n<meta name=\"twitter:creator\" content=\"@AGRADOracing\" \/>\n<meta name=\"twitter:site\" content=\"@AGRADOracing\" \/>\n<meta name=\"twitter:label1\" content=\"Escrito por\" \/>\n\t<meta name=\"twitter:data1\" content=\"Miguel Redondo\" \/>\n\t<meta name=\"twitter:label2\" content=\"Tiempo de lectura\" \/>\n\t<meta name=\"twitter:data2\" content=\"4 minutos\" \/>\n<script type=\"application\/ld+json\" class=\"yoast-schema-graph\">{\"@context\":\"https:\\\/\\\/schema.org\",\"@graph\":[{\"@type\":\"Article\",\"@id\":\"https:\\\/\\\/cuadra-agrado.es\\\/?p=3096#article\",\"isPartOf\":{\"@id\":\"https:\\\/\\\/cuadra-agrado.es\\\/?p=3096\"},\"author\":{\"name\":\"Miguel Redondo\",\"@id\":\"https:\\\/\\\/cuadra-agrado.es\\\/#\\\/schema\\\/person\\\/3aa4f8d2373cf756d93a5526bc72f31b\"},\"headline\":\"Imprevisible carrera para Parisien Blue&#8230;.\",\"datePublished\":\"2017-05-10T13:58:55+00:00\",\"dateModified\":\"2024-02-27T09:27:32+00:00\",\"mainEntityOfPage\":{\"@id\":\"https:\\\/\\\/cuadra-agrado.es\\\/?p=3096\"},\"wordCount\":793,\"image\":{\"@id\":\"https:\\\/\\\/cuadra-agrado.es\\\/?p=3096#primaryimage\"},\"thumbnailUrl\":\"http:\\\/\\\/cuadra-agrado.es\\\/wp-content\\\/uploads\\\/2017\\\/03\\\/Parisien-1024x768.jpg\",\"articleSection\":[\"Actualidad\"],\"inLanguage\":\"es\"},{\"@type\":\"WebPage\",\"@id\":\"https:\\\/\\\/cuadra-agrado.es\\\/?p=3096\",\"url\":\"https:\\\/\\\/cuadra-agrado.es\\\/?p=3096\",\"name\":\"Imprevisible carrera para Parisien Blue.... - Cuadra Agrado\",\"isPartOf\":{\"@id\":\"https:\\\/\\\/cuadra-agrado.es\\\/#website\"},\"primaryImageOfPage\":{\"@id\":\"https:\\\/\\\/cuadra-agrado.es\\\/?p=3096#primaryimage\"},\"image\":{\"@id\":\"https:\\\/\\\/cuadra-agrado.es\\\/?p=3096#primaryimage\"},\"thumbnailUrl\":\"http:\\\/\\\/cuadra-agrado.es\\\/wp-content\\\/uploads\\\/2017\\\/03\\\/Parisien-1024x768.jpg\",\"datePublished\":\"2017-05-10T13:58:55+00:00\",\"dateModified\":\"2024-02-27T09:27:32+00:00\",\"author\":{\"@id\":\"https:\\\/\\\/cuadra-agrado.es\\\/#\\\/schema\\\/person\\\/3aa4f8d2373cf756d93a5526bc72f31b\"},\"breadcrumb\":{\"@id\":\"https:\\\/\\\/cuadra-agrado.es\\\/?p=3096#breadcrumb\"},\"inLanguage\":\"es\",\"potentialAction\":[{\"@type\":\"ReadAction\",\"target\":[\"https:\\\/\\\/cuadra-agrado.es\\\/?p=3096\"]}]},{\"@type\":\"ImageObject\",\"inLanguage\":\"es\",\"@id\":\"https:\\\/\\\/cuadra-agrado.es\\\/?p=3096#primaryimage\",\"url\":\"http:\\\/\\\/cuadra-agrado.es\\\/wp-content\\\/uploads\\\/2017\\\/03\\\/Parisien-1024x768.jpg\",\"contentUrl\":\"http:\\\/\\\/cuadra-agrado.es\\\/wp-content\\\/uploads\\\/2017\\\/03\\\/Parisien-1024x768.jpg\"},{\"@type\":\"BreadcrumbList\",\"@id\":\"https:\\\/\\\/cuadra-agrado.es\\\/?p=3096#breadcrumb\",\"itemListElement\":[{\"@type\":\"ListItem\",\"position\":1,\"name\":\"Portada\",\"item\":\"https:\\\/\\\/cuadra-agrado.es\\\/\"},{\"@type\":\"ListItem\",\"position\":2,\"name\":\"Imprevisible carrera para Parisien Blue&#8230;.\"}]},{\"@type\":\"WebSite\",\"@id\":\"https:\\\/\\\/cuadra-agrado.es\\\/#website\",\"url\":\"https:\\\/\\\/cuadra-agrado.es\\\/\",\"name\":\"Cuadra Agrado\",\"description\":\"En el mundo del Turf desde 2008\",\"potentialAction\":[{\"@type\":\"SearchAction\",\"target\":{\"@type\":\"EntryPoint\",\"urlTemplate\":\"https:\\\/\\\/cuadra-agrado.es\\\/?s={search_term_string}\"},\"query-input\":{\"@type\":\"PropertyValueSpecification\",\"valueRequired\":true,\"valueName\":\"search_term_string\"}}],\"inLanguage\":\"es\"},{\"@type\":\"Person\",\"@id\":\"https:\\\/\\\/cuadra-agrado.es\\\/#\\\/schema\\\/person\\\/3aa4f8d2373cf756d93a5526bc72f31b\",\"name\":\"Miguel Redondo\",\"image\":{\"@type\":\"ImageObject\",\"inLanguage\":\"es\",\"@id\":\"https:\\\/\\\/secure.gravatar.com\\\/avatar\\\/85704fceb4fa34017e3c1344d182da00dbf772fb8856ba2b7726a2df926415b4?s=96&d=mm&r=g\",\"url\":\"https:\\\/\\\/secure.gravatar.com\\\/avatar\\\/85704fceb4fa34017e3c1344d182da00dbf772fb8856ba2b7726a2df926415b4?s=96&d=mm&r=g\",\"contentUrl\":\"https:\\\/\\\/secure.gravatar.com\\\/avatar\\\/85704fceb4fa34017e3c1344d182da00dbf772fb8856ba2b7726a2df926415b4?s=96&d=mm&r=g\",\"caption\":\"Miguel Redondo\"},\"sameAs\":[\"https:\\\/\\\/cuadra-agrado.es\"],\"url\":\"https:\\\/\\\/cuadra-agrado.es\\\/?author=5\"}]}<\/script>\n<!-- \/ Yoast SEO plugin. -->","yoast_head_json":{"title":"Imprevisible carrera para Parisien Blue.... - Cuadra Agrado","robots":{"index":"index","follow":"follow","max-snippet":"max-snippet:-1","max-image-preview":"max-image-preview:large","max-video-preview":"max-video-preview:-1"},"canonical":"https:\/\/cuadra-agrado.es\/?p=3096","og_locale":"es_ES","og_type":"article","og_title":"Imprevisible carrera para Parisien Blue.... - Cuadra Agrado","og_description":"\u201cParisien Blue\u201d vuelve a pista este pr\u00f3ximo domingo en el Premio Luis de Salas sobre distancia de 1.800 metros a disputar en la tercera carrera del d\u00eda (12:30 h) en el Hip\u00f3dromo de la Zarzuela de Madrid. Una prueba para tres a\u00f1os \u00abno ganadores\u00bb donde buscamos bajar la distancia, una vez hemos visto que, muy [&hellip;]","og_url":"https:\/\/cuadra-agrado.es\/?p=3096","og_site_name":"Cuadra Agrado","article_published_time":"2017-05-10T13:58:55+00:00","article_modified_time":"2024-02-27T09:27:32+00:00","og_image":[{"url":"http:\/\/cuadra-agrado.es\/wp-content\/uploads\/2017\/03\/Parisien-1024x768.jpg","type":"","width":"","height":""}],"author":"Miguel Redondo","twitter_card":"summary_large_image","twitter_creator":"@AGRADOracing","twitter_site":"@AGRADOracing","twitter_misc":{"Escrito por":"Miguel Redondo","Tiempo de lectura":"4 minutos"},"schema":{"@context":"https:\/\/schema.org","@graph":[{"@type":"Article","@id":"https:\/\/cuadra-agrado.es\/?p=3096#article","isPartOf":{"@id":"https:\/\/cuadra-agrado.es\/?p=3096"},"author":{"name":"Miguel Redondo","@id":"https:\/\/cuadra-agrado.es\/#\/schema\/person\/3aa4f8d2373cf756d93a5526bc72f31b"},"headline":"Imprevisible carrera para Parisien Blue&#8230;.","datePublished":"2017-05-10T13:58:55+00:00","dateModified":"2024-02-27T09:27:32+00:00","mainEntityOfPage":{"@id":"https:\/\/cuadra-agrado.es\/?p=3096"},"wordCount":793,"image":{"@id":"https:\/\/cuadra-agrado.es\/?p=3096#primaryimage"},"thumbnailUrl":"http:\/\/cuadra-agrado.es\/wp-content\/uploads\/2017\/03\/Parisien-1024x768.jpg","articleSection":["Actualidad"],"inLanguage":"es"},{"@type":"WebPage","@id":"https:\/\/cuadra-agrado.es\/?p=3096","url":"https:\/\/cuadra-agrado.es\/?p=3096","name":"Imprevisible carrera para Parisien Blue.... - Cuadra Agrado","isPartOf":{"@id":"https:\/\/cuadra-agrado.es\/#website"},"primaryImageOfPage":{"@id":"https:\/\/cuadra-agrado.es\/?p=3096#primaryimage"},"image":{"@id":"https:\/\/cuadra-agrado.es\/?p=3096#primaryimage"},"thumbnailUrl":"http:\/\/cuadra-agrado.es\/wp-content\/uploads\/2017\/03\/Parisien-1024x768.jpg","datePublished":"2017-05-10T13:58:55+00:00","dateModified":"2024-02-27T09:27:32+00:00","author":{"@id":"https:\/\/cuadra-agrado.es\/#\/schema\/person\/3aa4f8d2373cf756d93a5526bc72f31b"},"breadcrumb":{"@id":"https:\/\/cuadra-agrado.es\/?p=3096#breadcrumb"},"inLanguage":"es","potentialAction":[{"@type":"ReadAction","target":["https:\/\/cuadra-agrado.es\/?p=3096"]}]},{"@type":"ImageObject","inLanguage":"es","@id":"https:\/\/cuadra-agrado.es\/?p=3096#primaryimage","url":"http:\/\/cuadra-agrado.es\/wp-content\/uploads\/2017\/03\/Parisien-1024x768.jpg","contentUrl":"http:\/\/cuadra-agrado.es\/wp-content\/uploads\/2017\/03\/Parisien-1024x768.jpg"},{"@type":"BreadcrumbList","@id":"https:\/\/cuadra-agrado.es\/?p=3096#breadcrumb","itemListElement":[{"@type":"ListItem","position":1,"name":"Portada","item":"https:\/\/cuadra-agrado.es\/"},{"@type":"ListItem","position":2,"name":"Imprevisible carrera para Parisien Blue&#8230;."}]},{"@type":"WebSite","@id":"https:\/\/cuadra-agrado.es\/#website","url":"https:\/\/cuadra-agrado.es\/","name":"Cuadra Agrado","description":"En el mundo del Turf desde 2008","potentialAction":[{"@type":"SearchAction","target":{"@type":"EntryPoint","urlTemplate":"https:\/\/cuadra-agrado.es\/?s={search_term_string}"},"query-input":{"@type":"PropertyValueSpecification","valueRequired":true,"valueName":"search_term_string"}}],"inLanguage":"es"},{"@type":"Person","@id":"https:\/\/cuadra-agrado.es\/#\/schema\/person\/3aa4f8d2373cf756d93a5526bc72f31b","name":"Miguel Redondo","image":{"@type":"ImageObject","inLanguage":"es","@id":"https:\/\/secure.gravatar.com\/avatar\/85704fceb4fa34017e3c1344d182da00dbf772fb8856ba2b7726a2df926415b4?s=96&d=mm&r=g","url":"https:\/\/secure.gravatar.com\/avatar\/85704fceb4fa34017e3c1344d182da00dbf772fb8856ba2b7726a2df926415b4?s=96&d=mm&r=g","contentUrl":"https:\/\/secure.gravatar.com\/avatar\/85704fceb4fa34017e3c1344d182da00dbf772fb8856ba2b7726a2df926415b4?s=96&d=mm&r=g","caption":"Miguel Redondo"},"sameAs":["https:\/\/cuadra-agrado.es"],"url":"https:\/\/cuadra-agrado.es\/?author=5"}]}},"_links":{"self":[{"href":"https:\/\/cuadra-agrado.es\/index.php?rest_route=\/wp\/v2\/posts\/3096","targetHints":{"allow":["GET"]}}],"collection":[{"href":"https:\/\/cuadra-agrado.es\/index.php?rest_route=\/wp\/v2\/posts"}],"about":[{"href":"https:\/\/cuadra-agrado.es\/index.php?rest_route=\/wp\/v2\/types\/post"}],"author":[{"embeddable":true,"href":"https:\/\/cuadra-agrado.es\/index.php?rest_route=\/wp\/v2\/users\/5"}],"replies":[{"embeddable":true,"href":"https:\/\/cuadra-agrado.es\/index.php?rest_route=%2Fwp%2Fv2%2Fcomments&post=3096"}],"version-history":[{"count":0,"href":"https:\/\/cuadra-agrado.es\/index.php?rest_route=\/wp\/v2\/posts\/3096\/revisions"}],"wp:attachment":[{"href":"https:\/\/cuadra-agrado.es\/index.php?rest_route=%2Fwp%2Fv2%2Fmedia&parent=3096"}],"wp:term":[{"taxonomy":"category","embeddable":true,"href":"https:\/\/cuadra-agrado.es\/index.php?rest_route=%2Fwp%2Fv2%2Fcategories&post=3096"},{"taxonomy":"post_tag","embeddable":true,"href":"https:\/\/cuadra-agrado.es\/index.php?rest_route=%2Fwp%2Fv2%2Ftags&post=3096"}],"curies":[{"name":"wp","href":"https:\/\/api.w.org\/{rel}","templated":true}]}}