{"id":3086,"date":"2017-05-07T19:09:50","date_gmt":"2017-05-07T18:09:50","guid":{"rendered":"https:\/\/cuadra-agrado.es\/?p=3086"},"modified":"2024-02-27T09:27:33","modified_gmt":"2024-02-27T09:27:33","slug":"duro-castigo-ranyan","status":"publish","type":"post","link":"https:\/\/cuadra-agrado.es\/?p=3086","title":{"rendered":"Duro castigo para Rany\u00e1n&#8230;."},"content":{"rendered":"<p style=\"text-align: justify;\"><a href=\"http:\/\/cuadra-agrado.es\/wp-content\/uploads\/2017\/05\/14941692227924.jpg\" target=\"_blank\" rel=\"noopener noreferrer\"><img loading=\"lazy\" decoding=\"async\" class=\"alignleft wp-image-3087 size-medium\" src=\"http:\/\/cuadra-agrado.es\/wp-content\/uploads\/2017\/05\/14941692227924-300x169.jpg\" alt=\"\" width=\"300\" height=\"169\"><\/a>Nueva Salida para Rany\u00e1n en este se\u00f1alado \u201cD\u00eda de la Madre\u201d y nueva decepci\u00f3n en una carrera donde ten\u00edamos mucha ilusi\u00f3n en cambiar ciclo y dejar atr\u00e1s un inicio de temporada primaveral llena de contratiempos &nbsp;y mala fortuna. No fue de nuevo su mejor recorrido y ya en los primeros 200 metros pudimos presagiar una nueva decepci\u00f3n cuando le volvimos a ver en mitad del grupo. Mucho tiempo defendiendo nuestros colores, supimos ya en su primer paso por meta que tampoco ser\u00eda hoy el d\u00eda que volvi\u00e9ramos a pasar por ganadores.&nbsp; A partir de ah\u00ed, se nos hicieron los 2.100 metros m\u00e1s largos de nuestra vida en competici\u00f3n sufriendo con \u00e9l en cada furlong que trataba de acercarse a la punta, muy lejos de ellos, y sin pr\u00e1cticamente ninguna opci\u00f3n en una pista firme, tambi\u00e9n muy en contra a su condici\u00f3n.<\/p>\n<p style=\"text-align: justify;\">Fortuna esquiva que desafortunadamente sigue a nuestro lado, hoy incluso llegando descalzo de su mano derecha al perder herraje durante el recorrido que, sin ser excusa determinante, sigue sumando negativamente. Tres malos recorridos en sus tres \u00faltimas salidas son significativamente duros de encajar, m\u00e1s si cabe cuando no hemos tenido posibilidad en ninguna de ellas de contrastar su gran forma para luchar los \u00faltimos metros. Una y otra vez, seguimos sin entender la dificultad que han tenido cada uno de sus compa\u00f1eros de monta para seguir las estrictas y directas \u00f3rdenes de correr delante desde el mismo golpe de cajones. &nbsp;En cualquier caso y, a\u00fan sin negar que hoy ha podido ser uno de los d\u00edas m\u00e1s duros de nuestra historia en competici\u00f3n por ver sufrir en exceso a nuestro caballo m\u00e1s querido, nuestra confianza sigue siendo plena en este \u201cviejo\u201d y, por supuesto, en todo el equipo. Aunque no deja de ser dif\u00edcil, mantenemos la calma y seguimos en busca de ese cambio de ciclo que m\u00e1s tarde o temprano llegar\u00e1, y que seguro nos redimir\u00e1 de todos estos amargos golpes que domingo a domingo vamos encajando. Esta es precisamente la esencia de esta pasi\u00f3n donde los \u201cDioses\u201d del turf juegan a los dados contigo castigando tu ilusi\u00f3n por la noche y concedi\u00e9ndote alegr\u00edas por el d\u00eda a su pleno antojo. Asumido el rol de este juego y con plena confianza, vamos a dejar pasar esta semana para ver las posibles secuelas f\u00edsicas y ps\u00edquicas que ha podido dejar esta carrera y buscar con \u00e1nimo una nueva opci\u00f3n que quiz\u00e1s a estas alturas de la temporada pueda acercarse m\u00e1s al programa en San Sebasti\u00e1n que de nuevo en Madrid. Las pocas lluvias en esta primavera madrile\u00f1a no han acompa\u00f1ado, y buscar un terreno mucho m\u00e1s blando en tierras donostiarras puede ser una de las salidas m\u00e1s inmediatas para un caballo que all\u00ed nunca se cay\u00f3 del tr\u00edo. \u00c1nimo y fuerza amigo por este duro castigo, hoy seguramente lo has pasado mal y nosotros contigo, te trataremos bien, no te preocupes&#8230;.<\/p>\n<p style=\"text-align: justify;\">Cambiando el tono de nuestra cr\u00f3nica, nos alegramos hoy por otra de las cuadras que ven\u00eda de uno de esos ciclos negativos y que hoy esos mismos \u201cDioses del turf\u201d hicieron cambiar la veleta de direcci\u00f3n. Nuestra m\u00e1s sincera enhorabuena a &nbsp;la \u201cCuadra AGF\u201d y a todos sus responsables por ese fant\u00e1stico triplete en un d\u00eda que seguro ser\u00e1 recordado por siempre por su gran propietario y aficionado D. Antonio Garc\u00eda Ferrer. Hoy sus dos \u201cQueens\u201d pasaron por un recinto de ganadores engalanado. <strong>\u201cQueenwhity<\/strong>\u201d sorprendi\u00f3 en el Premio Comunidad de Madrid. Poca gente contaba con ella, pero nuestra sorpresa en pronos confirm\u00f3 un suculento dividendo de 16\/1. Una hora despu\u00e9s, la siguiente reina \u00ab<strong>Queenrose<\/strong>\u00bb se citaba en todo un GP Nacional para competir entre los machos de su curso. Su clase apareci\u00f3 en el mejor d\u00eda para salir de \u201cMaiden\u201d en su tercera salida en competici\u00f3n, habiendo apuntado ya en su preparatoria. Pareci\u00f3 en vivo que Janacek se confiaba y perd\u00eda victoria en el \u00faltimo tranco, pero el d\u00eda estaba de cara para la cuadra tricolor y hoy ganaba hasta en la foto m\u00e1s estrecha. Para poner la guinda y cantar en coro, cerr\u00f3 \u201cOrfe\u00f3n\u201d una tripleta perfecta m\u00e1s que merecida. Enhorabuena!!! larga espera, recompensa a la altura&#8230;<\/p>\n<!-- AddThis Advanced Settings generic via filter on the_content --><!-- AddThis Share Buttons generic via filter on the_content -->","protected":false},"excerpt":{"rendered":"<p>Nueva Salida para Rany\u00e1n en este se\u00f1alado \u201cD\u00eda de la Madre\u201d y nueva decepci\u00f3n en una carrera donde ten\u00edamos mucha ilusi\u00f3n en cambiar ciclo y dejar atr\u00e1s un inicio de temporada primaveral llena de contratiempos &nbsp;y mala fortuna. No fue de nuevo su mejor recorrido y ya en los primeros 200 metros pudimos presagiar una [&hellip;]<!-- AddThis Advanced Settings generic via filter on get_the_excerpt --><!-- AddThis Share Buttons generic via filter on get_the_excerpt --><\/p>\n","protected":false},"author":5,"featured_media":0,"comment_status":"closed","ping_status":"closed","sticky":false,"template":"","format":"gallery","meta":{"_acf_changed":false,"_et_pb_use_builder":"","_et_pb_old_content":"","_et_gb_content_width":"","footnotes":""},"categories":[3],"tags":[],"class_list":["post-3086","post","type-post","status-publish","format-gallery","hentry","category-noticias-cuadra-agrado","post_format-post-format-gallery"],"acf":[],"yoast_head":"<!-- This site is optimized with the Yoast SEO plugin v27.4 - https:\/\/yoast.com\/product\/yoast-seo-wordpress\/ -->\n<title>Duro castigo para Rany\u00e1n.... - Cuadra Agrado<\/title>\n<meta name=\"robots\" content=\"index, follow, max-snippet:-1, max-image-preview:large, max-video-preview:-1\" \/>\n<link rel=\"canonical\" href=\"https:\/\/cuadra-agrado.es\/?p=3086\" \/>\n<meta property=\"og:locale\" content=\"es_ES\" \/>\n<meta property=\"og:type\" content=\"article\" \/>\n<meta property=\"og:title\" content=\"Duro castigo para Rany\u00e1n.... - Cuadra Agrado\" \/>\n<meta property=\"og:description\" content=\"Nueva Salida para Rany\u00e1n en este se\u00f1alado \u201cD\u00eda de la Madre\u201d y nueva decepci\u00f3n en una carrera donde ten\u00edamos mucha ilusi\u00f3n en cambiar ciclo y dejar atr\u00e1s un inicio de temporada primaveral llena de contratiempos &nbsp;y mala fortuna. No fue de nuevo su mejor recorrido y ya en los primeros 200 metros pudimos presagiar una [&hellip;]\" \/>\n<meta property=\"og:url\" content=\"https:\/\/cuadra-agrado.es\/?p=3086\" \/>\n<meta property=\"og:site_name\" content=\"Cuadra Agrado\" \/>\n<meta property=\"article:published_time\" content=\"2017-05-07T18:09:50+00:00\" \/>\n<meta property=\"article:modified_time\" content=\"2024-02-27T09:27:33+00:00\" \/>\n<meta property=\"og:image\" content=\"http:\/\/cuadra-agrado.es\/wp-content\/uploads\/2017\/05\/14941692227924-300x169.jpg\" \/>\n<meta name=\"author\" content=\"Miguel Redondo\" \/>\n<meta name=\"twitter:card\" content=\"summary_large_image\" \/>\n<meta name=\"twitter:creator\" content=\"@AGRADOracing\" \/>\n<meta name=\"twitter:site\" content=\"@AGRADOracing\" \/>\n<meta name=\"twitter:label1\" content=\"Escrito por\" \/>\n\t<meta name=\"twitter:data1\" content=\"Miguel Redondo\" \/>\n\t<meta name=\"twitter:label2\" content=\"Tiempo de lectura\" \/>\n\t<meta name=\"twitter:data2\" content=\"4 minutos\" \/>\n<script type=\"application\/ld+json\" class=\"yoast-schema-graph\">{\"@context\":\"https:\\\/\\\/schema.org\",\"@graph\":[{\"@type\":\"Article\",\"@id\":\"https:\\\/\\\/cuadra-agrado.es\\\/?p=3086#article\",\"isPartOf\":{\"@id\":\"https:\\\/\\\/cuadra-agrado.es\\\/?p=3086\"},\"author\":{\"name\":\"Miguel Redondo\",\"@id\":\"https:\\\/\\\/cuadra-agrado.es\\\/#\\\/schema\\\/person\\\/3aa4f8d2373cf756d93a5526bc72f31b\"},\"headline\":\"Duro castigo para Rany\u00e1n&#8230;.\",\"datePublished\":\"2017-05-07T18:09:50+00:00\",\"dateModified\":\"2024-02-27T09:27:33+00:00\",\"mainEntityOfPage\":{\"@id\":\"https:\\\/\\\/cuadra-agrado.es\\\/?p=3086\"},\"wordCount\":753,\"image\":{\"@id\":\"https:\\\/\\\/cuadra-agrado.es\\\/?p=3086#primaryimage\"},\"thumbnailUrl\":\"http:\\\/\\\/cuadra-agrado.es\\\/wp-content\\\/uploads\\\/2017\\\/05\\\/14941692227924-300x169.jpg\",\"articleSection\":[\"Actualidad\"],\"inLanguage\":\"es\"},{\"@type\":\"WebPage\",\"@id\":\"https:\\\/\\\/cuadra-agrado.es\\\/?p=3086\",\"url\":\"https:\\\/\\\/cuadra-agrado.es\\\/?p=3086\",\"name\":\"Duro castigo para Rany\u00e1n.... - Cuadra Agrado\",\"isPartOf\":{\"@id\":\"https:\\\/\\\/cuadra-agrado.es\\\/#website\"},\"primaryImageOfPage\":{\"@id\":\"https:\\\/\\\/cuadra-agrado.es\\\/?p=3086#primaryimage\"},\"image\":{\"@id\":\"https:\\\/\\\/cuadra-agrado.es\\\/?p=3086#primaryimage\"},\"thumbnailUrl\":\"http:\\\/\\\/cuadra-agrado.es\\\/wp-content\\\/uploads\\\/2017\\\/05\\\/14941692227924-300x169.jpg\",\"datePublished\":\"2017-05-07T18:09:50+00:00\",\"dateModified\":\"2024-02-27T09:27:33+00:00\",\"author\":{\"@id\":\"https:\\\/\\\/cuadra-agrado.es\\\/#\\\/schema\\\/person\\\/3aa4f8d2373cf756d93a5526bc72f31b\"},\"breadcrumb\":{\"@id\":\"https:\\\/\\\/cuadra-agrado.es\\\/?p=3086#breadcrumb\"},\"inLanguage\":\"es\",\"potentialAction\":[{\"@type\":\"ReadAction\",\"target\":[\"https:\\\/\\\/cuadra-agrado.es\\\/?p=3086\"]}]},{\"@type\":\"ImageObject\",\"inLanguage\":\"es\",\"@id\":\"https:\\\/\\\/cuadra-agrado.es\\\/?p=3086#primaryimage\",\"url\":\"http:\\\/\\\/cuadra-agrado.es\\\/wp-content\\\/uploads\\\/2017\\\/05\\\/14941692227924-300x169.jpg\",\"contentUrl\":\"http:\\\/\\\/cuadra-agrado.es\\\/wp-content\\\/uploads\\\/2017\\\/05\\\/14941692227924-300x169.jpg\"},{\"@type\":\"BreadcrumbList\",\"@id\":\"https:\\\/\\\/cuadra-agrado.es\\\/?p=3086#breadcrumb\",\"itemListElement\":[{\"@type\":\"ListItem\",\"position\":1,\"name\":\"Portada\",\"item\":\"https:\\\/\\\/cuadra-agrado.es\\\/\"},{\"@type\":\"ListItem\",\"position\":2,\"name\":\"Duro castigo para Rany\u00e1n&#8230;.\"}]},{\"@type\":\"WebSite\",\"@id\":\"https:\\\/\\\/cuadra-agrado.es\\\/#website\",\"url\":\"https:\\\/\\\/cuadra-agrado.es\\\/\",\"name\":\"Cuadra Agrado\",\"description\":\"En el mundo del Turf desde 2008\",\"potentialAction\":[{\"@type\":\"SearchAction\",\"target\":{\"@type\":\"EntryPoint\",\"urlTemplate\":\"https:\\\/\\\/cuadra-agrado.es\\\/?s={search_term_string}\"},\"query-input\":{\"@type\":\"PropertyValueSpecification\",\"valueRequired\":true,\"valueName\":\"search_term_string\"}}],\"inLanguage\":\"es\"},{\"@type\":\"Person\",\"@id\":\"https:\\\/\\\/cuadra-agrado.es\\\/#\\\/schema\\\/person\\\/3aa4f8d2373cf756d93a5526bc72f31b\",\"name\":\"Miguel Redondo\",\"image\":{\"@type\":\"ImageObject\",\"inLanguage\":\"es\",\"@id\":\"https:\\\/\\\/secure.gravatar.com\\\/avatar\\\/85704fceb4fa34017e3c1344d182da00dbf772fb8856ba2b7726a2df926415b4?s=96&d=mm&r=g\",\"url\":\"https:\\\/\\\/secure.gravatar.com\\\/avatar\\\/85704fceb4fa34017e3c1344d182da00dbf772fb8856ba2b7726a2df926415b4?s=96&d=mm&r=g\",\"contentUrl\":\"https:\\\/\\\/secure.gravatar.com\\\/avatar\\\/85704fceb4fa34017e3c1344d182da00dbf772fb8856ba2b7726a2df926415b4?s=96&d=mm&r=g\",\"caption\":\"Miguel Redondo\"},\"sameAs\":[\"https:\\\/\\\/cuadra-agrado.es\"],\"url\":\"https:\\\/\\\/cuadra-agrado.es\\\/?author=5\"}]}<\/script>\n<!-- \/ Yoast SEO plugin. -->","yoast_head_json":{"title":"Duro castigo para Rany\u00e1n.... - Cuadra Agrado","robots":{"index":"index","follow":"follow","max-snippet":"max-snippet:-1","max-image-preview":"max-image-preview:large","max-video-preview":"max-video-preview:-1"},"canonical":"https:\/\/cuadra-agrado.es\/?p=3086","og_locale":"es_ES","og_type":"article","og_title":"Duro castigo para Rany\u00e1n.... - Cuadra Agrado","og_description":"Nueva Salida para Rany\u00e1n en este se\u00f1alado \u201cD\u00eda de la Madre\u201d y nueva decepci\u00f3n en una carrera donde ten\u00edamos mucha ilusi\u00f3n en cambiar ciclo y dejar atr\u00e1s un inicio de temporada primaveral llena de contratiempos &nbsp;y mala fortuna. No fue de nuevo su mejor recorrido y ya en los primeros 200 metros pudimos presagiar una [&hellip;]","og_url":"https:\/\/cuadra-agrado.es\/?p=3086","og_site_name":"Cuadra Agrado","article_published_time":"2017-05-07T18:09:50+00:00","article_modified_time":"2024-02-27T09:27:33+00:00","og_image":[{"url":"http:\/\/cuadra-agrado.es\/wp-content\/uploads\/2017\/05\/14941692227924-300x169.jpg","type":"","width":"","height":""}],"author":"Miguel Redondo","twitter_card":"summary_large_image","twitter_creator":"@AGRADOracing","twitter_site":"@AGRADOracing","twitter_misc":{"Escrito por":"Miguel Redondo","Tiempo de lectura":"4 minutos"},"schema":{"@context":"https:\/\/schema.org","@graph":[{"@type":"Article","@id":"https:\/\/cuadra-agrado.es\/?p=3086#article","isPartOf":{"@id":"https:\/\/cuadra-agrado.es\/?p=3086"},"author":{"name":"Miguel Redondo","@id":"https:\/\/cuadra-agrado.es\/#\/schema\/person\/3aa4f8d2373cf756d93a5526bc72f31b"},"headline":"Duro castigo para Rany\u00e1n&#8230;.","datePublished":"2017-05-07T18:09:50+00:00","dateModified":"2024-02-27T09:27:33+00:00","mainEntityOfPage":{"@id":"https:\/\/cuadra-agrado.es\/?p=3086"},"wordCount":753,"image":{"@id":"https:\/\/cuadra-agrado.es\/?p=3086#primaryimage"},"thumbnailUrl":"http:\/\/cuadra-agrado.es\/wp-content\/uploads\/2017\/05\/14941692227924-300x169.jpg","articleSection":["Actualidad"],"inLanguage":"es"},{"@type":"WebPage","@id":"https:\/\/cuadra-agrado.es\/?p=3086","url":"https:\/\/cuadra-agrado.es\/?p=3086","name":"Duro castigo para Rany\u00e1n.... - Cuadra Agrado","isPartOf":{"@id":"https:\/\/cuadra-agrado.es\/#website"},"primaryImageOfPage":{"@id":"https:\/\/cuadra-agrado.es\/?p=3086#primaryimage"},"image":{"@id":"https:\/\/cuadra-agrado.es\/?p=3086#primaryimage"},"thumbnailUrl":"http:\/\/cuadra-agrado.es\/wp-content\/uploads\/2017\/05\/14941692227924-300x169.jpg","datePublished":"2017-05-07T18:09:50+00:00","dateModified":"2024-02-27T09:27:33+00:00","author":{"@id":"https:\/\/cuadra-agrado.es\/#\/schema\/person\/3aa4f8d2373cf756d93a5526bc72f31b"},"breadcrumb":{"@id":"https:\/\/cuadra-agrado.es\/?p=3086#breadcrumb"},"inLanguage":"es","potentialAction":[{"@type":"ReadAction","target":["https:\/\/cuadra-agrado.es\/?p=3086"]}]},{"@type":"ImageObject","inLanguage":"es","@id":"https:\/\/cuadra-agrado.es\/?p=3086#primaryimage","url":"http:\/\/cuadra-agrado.es\/wp-content\/uploads\/2017\/05\/14941692227924-300x169.jpg","contentUrl":"http:\/\/cuadra-agrado.es\/wp-content\/uploads\/2017\/05\/14941692227924-300x169.jpg"},{"@type":"BreadcrumbList","@id":"https:\/\/cuadra-agrado.es\/?p=3086#breadcrumb","itemListElement":[{"@type":"ListItem","position":1,"name":"Portada","item":"https:\/\/cuadra-agrado.es\/"},{"@type":"ListItem","position":2,"name":"Duro castigo para Rany\u00e1n&#8230;."}]},{"@type":"WebSite","@id":"https:\/\/cuadra-agrado.es\/#website","url":"https:\/\/cuadra-agrado.es\/","name":"Cuadra Agrado","description":"En el mundo del Turf desde 2008","potentialAction":[{"@type":"SearchAction","target":{"@type":"EntryPoint","urlTemplate":"https:\/\/cuadra-agrado.es\/?s={search_term_string}"},"query-input":{"@type":"PropertyValueSpecification","valueRequired":true,"valueName":"search_term_string"}}],"inLanguage":"es"},{"@type":"Person","@id":"https:\/\/cuadra-agrado.es\/#\/schema\/person\/3aa4f8d2373cf756d93a5526bc72f31b","name":"Miguel Redondo","image":{"@type":"ImageObject","inLanguage":"es","@id":"https:\/\/secure.gravatar.com\/avatar\/85704fceb4fa34017e3c1344d182da00dbf772fb8856ba2b7726a2df926415b4?s=96&d=mm&r=g","url":"https:\/\/secure.gravatar.com\/avatar\/85704fceb4fa34017e3c1344d182da00dbf772fb8856ba2b7726a2df926415b4?s=96&d=mm&r=g","contentUrl":"https:\/\/secure.gravatar.com\/avatar\/85704fceb4fa34017e3c1344d182da00dbf772fb8856ba2b7726a2df926415b4?s=96&d=mm&r=g","caption":"Miguel Redondo"},"sameAs":["https:\/\/cuadra-agrado.es"],"url":"https:\/\/cuadra-agrado.es\/?author=5"}]}},"_links":{"self":[{"href":"https:\/\/cuadra-agrado.es\/index.php?rest_route=\/wp\/v2\/posts\/3086","targetHints":{"allow":["GET"]}}],"collection":[{"href":"https:\/\/cuadra-agrado.es\/index.php?rest_route=\/wp\/v2\/posts"}],"about":[{"href":"https:\/\/cuadra-agrado.es\/index.php?rest_route=\/wp\/v2\/types\/post"}],"author":[{"embeddable":true,"href":"https:\/\/cuadra-agrado.es\/index.php?rest_route=\/wp\/v2\/users\/5"}],"replies":[{"embeddable":true,"href":"https:\/\/cuadra-agrado.es\/index.php?rest_route=%2Fwp%2Fv2%2Fcomments&post=3086"}],"version-history":[{"count":0,"href":"https:\/\/cuadra-agrado.es\/index.php?rest_route=\/wp\/v2\/posts\/3086\/revisions"}],"wp:attachment":[{"href":"https:\/\/cuadra-agrado.es\/index.php?rest_route=%2Fwp%2Fv2%2Fmedia&parent=3086"}],"wp:term":[{"taxonomy":"category","embeddable":true,"href":"https:\/\/cuadra-agrado.es\/index.php?rest_route=%2Fwp%2Fv2%2Fcategories&post=3086"},{"taxonomy":"post_tag","embeddable":true,"href":"https:\/\/cuadra-agrado.es\/index.php?rest_route=%2Fwp%2Fv2%2Ftags&post=3086"}],"curies":[{"name":"wp","href":"https:\/\/api.w.org\/{rel}","templated":true}]}}