{"id":3041,"date":"2017-04-16T19:24:00","date_gmt":"2017-04-16T18:24:00","guid":{"rendered":"https:\/\/cuadra-agrado.es\/?p=3041"},"modified":"2024-02-27T09:27:33","modified_gmt":"2024-02-27T09:27:33","slug":"dia-poule-recuerdo","status":"publish","type":"post","link":"https:\/\/cuadra-agrado.es\/?p=3041","title":{"rendered":"Un d\u00eda de Poule para el recuerdo&#8230;."},"content":{"rendered":"<p style=\"text-align: justify;\"><a href=\"http:\/\/cuadra-agrado.es\/wp-content\/uploads\/2017\/04\/FullSizeRender.jpg\" target=\"_blank\" rel=\"noopener noreferrer\"><img loading=\"lazy\" decoding=\"async\" class=\"alignleft wp-image-3042 \" src=\"http:\/\/cuadra-agrado.es\/wp-content\/uploads\/2017\/04\/FullSizeRender-300x162.jpg\" alt=\"\" width=\"295\" height=\"159\"><\/a>Un d\u00eda muy especial para nuestros colores el vivido ayer en el hip\u00f3dromo de la Zarzuela de Madrid donde nos falt\u00f3 esa pizca de suerte y de valor con los tres efectivos que pusimos en pista. Dos quintos y un sexto puesto no es para salir demasiado satisfechos y con la cabeza muy alta, es verdad que esper\u00e1bamos algo m\u00e1s, pero esto es puro turf y es lo que hace grande este maravilloso espect\u00e1culo capaz de elevarte un d\u00eda a 100 metros de altura y descender al siguiente como si de una monta\u00f1a rusa se tratara. En cualquier caso, un d\u00eda que quedar\u00e1 grabado en nuestra memoria por la ilusi\u00f3n y la pasi\u00f3n que hemos podido vivir en una maravillosa ma\u00f1ana de turf y que, sin duda, nos sirve para seguir afianzando nuestra cuadra y ganando experiencia.<\/p>\n<p style=\"text-align: justify;\">No comenzaba bien la ma\u00f1ana para nosotros en la primera cita con \u201cParisien Blue\u201d.&nbsp; Nuestra primera apuesta hac\u00eda aguas en la preparatoria al GP Nacional sin tener ninguna opci\u00f3n al final de los 2.200 metros. Durante las \u00faltimas semanas los trabajos hab\u00edan sido muy buenos y hab\u00eda progresado desde su \u00faltima llegando con buenas opciones a disputar con los de su clase, pero todo ese largo y buen trabajo lo desminti\u00f3 en apenas dos minutos\u2026. Un ritmo muy lento y falso le hizo ponerse a comandar la prueba en la recta de enfrente, buscando acelerar la prueba, y ese esfuerzo lo pag\u00f3 caro en los \u00faltimos 400 metros llegando sin fondo a la lucha final. Nada que hacer por tanto, y despu\u00e9s de lo visto, dif\u00edcil continuar con esa ilusi\u00f3n de poder verle en el Gran Premio de nacionales teniendo muy fresca esta decepcionante preparatoria, por lo que esperamos a confirmar con la preparaci\u00f3n nuevas rutas de viaje sin descartar bajar un list\u00f3n que quiz\u00e1s hab\u00edamos puesto demasiado alto para su valor actual y esperar una progresi\u00f3n natural de un potro con f\u00edsico imponente, pero que sigue sin ese punto de madurez\u2026 Seguiremos apostando por \u00e9l.<br \/>\nAl final de la prueba, \u201cDiomedes\u201d se hizo con la victoria con la escolta de \u201cMonzalvos\u201d y \u201cNube Negra\u201d que ser\u00e1n tres candidatos muy s\u00f3lidos al Gran Premio.<\/p>\n<p style=\"text-align: justify;\">La segunda cita se preve\u00eda mucho m\u00e1s clara con la puesta en marcha del viejo \u201cRany\u00e1n\u201d en su segunda salida a pista del a\u00f1o. Casi todo a favor en esta para luchar una nueva victoria para uno de los caballos que m\u00e1s se lo merecen, pero un recorrido muy extra\u00f1o complic\u00f3 sus opciones. Todo se fue oscureciendo apenas iniciados los primeros 500 metros donde su fiel amigo \u201cFayos\u201d &nbsp;decidi\u00f3 tirar de \u00e9l y ser muy conservador para ir en posiciones intermedias en lugar de buscar esas posiciones delanteras como en \u00e9l es habitual. Recorrido de nuevo muy a contra-estilo como en su anterior salida, en mitad de un lote, sin ver pista, y que propici\u00f3 aparecer en la recta definitiva muy encerrado por calles interiores, con un muro de caballos delante y lejos de los punteros como para poder afrontar los \u00faltimos metros con garant\u00edas de \u00e9xito. No solemos ser cr\u00edticos con nuestras montas, de hecho esta es la primera vez, pero la confianza que nos une con \u201cBorja Fayos\u201d nos permite poder opinar que ayer, desafortunadamente, &nbsp;no fue la mejor monta que nos pod\u00eda hacer con este \u201cviejo\u201d que tan bien conoce. Otra vez ser\u00e1 amigo, pero nos duele mucho perder esta bala que ten\u00edamos reservada, y mucho m\u00e1s si cabe, cuando le quedan ya muy pocas en el cargador a este honrado caballo. Al final, un quinto puesto que sabe muy amargo y que deseamos olvidar lo antes posible con una \u00faltima en Madrid que posiblemente podremos vivir en esta misma temporada de primavera.<br \/>\nVictoria con sorpresa para \u201cEmbat\u201d (48\/1) de nuestro propio patio cuya excepcional monta aprovech\u00f3 el mejor recorrido por calle exterior, viendo pista y sin obst\u00e1culos de por medio. Enhorabuena al \u201cprepa\u201d y propietarios de la Cuadra Toledana.<\/p>\n<p style=\"text-align: justify;\">Con dos decepciones en el cuerpo en apenas una hora, lleg\u00e1bamos a la prueba marcada del d\u00eda. Una magn\u00edfica \u201cPoule\u201d de potros donde nos present\u00e1bamos por primera vez en nuestra historia y en la que pretend\u00edamos dar la campanada con \u201cBarbarigo\u201d. Tra\u00edamos una monta francesa de garant\u00edas con \u201cFabien Lefebvre\u201d y no nos defraudo el galo en absoluto con una m\u00e1s que aceptable puesta en marcha en una pista muy poco frecuentada y sin ninguna referencia anterior. Recorrido valiente y muy selectivo que ech\u00f3 por tierra en una primera parte del recorrido las opciones de muchos de los participantes de un nutrido e igualado lote de calidad que lleg\u00f3 muy escalonado al final de la milla. \u201cBarbarigo\u201d estuvo siempre dando la cara con los punteros durante la recta de enfrente y se puso el cuchillo entre los dientes a la salida de la curva con un buen amago para disputar la prueba contra los dos punteros, pero al final del metraje no pudo llevarse m\u00e1s que un meritorio e ilusionante quinto puesto que nos deja buen sabor, aunque con poco az\u00facar\u2026. Seg\u00fan el resultado final de la prueba, podemos constatar que estuvo en su valor aproximado de 40 sin haber progresado mucho desde su \u00faltima, hecho este que le hizo no estar en la llegada como nos hubiera gustado.<br \/>\nAl final, el meritorio ganador de la prueba fue \u201cEldelbar\u201d de la cuadra Miranda al que damos nuestra m\u00e1s sincera enhorabuena a su propietario Luis Morgado y responsables marcando un valor muy cercano a 42. En la gemela estuvo un magn\u00edfico \u201cCuppacoffee\u201d que con muy poca confianza en taquilla 26\/1 supo encontrar su opci\u00f3n con una progresi\u00f3n excepcional desde su \u00faltima salida subiendo muchos cuerpos de valor. Enhorabuena Manuel y resto de propietarios y responsables, trabajo excepcional!! Hab\u00edamos pactado una gemela media hora antes\u2026 tu cumpliste de sobra Manuel, y eso me alegra mucho.<br \/>\nComo detalle negativo de la prueba, y sin ning\u00fan \u00e1nimo de cr\u00edtica, sorprenden las posiciones de llegada de los dos grandes favoritos de la prueba \u201cHip\u00f3damo de Mileto\u201d y \u201cEcrin des Bieffes\u201d lejos de la llegada con valor suficiente y contrastado como para haber estado mucho m\u00e1s cerca, y que de alguna forma nos invita a pensar que un quinto puesto es muy meritorio en una \u201cPoule\u201d de enorme calidad y de donde van a salir seguro grandes ejemplares futuros para nuestro turf\u2026. Esperamos con mucha ilusi\u00f3n que \u201cBarbarigo\u201d pueda ser el que engalane nuestros colores a partir de ahora. Necesitamos un baluarte que de nuevo se ponga al frente de nuestra cuadra,como as\u00ed lo hizo \u00abValiant Blue\u00bb en nuestra primera etapa de competici\u00f3n, y este hijo de \u00abCanford Cliffs\u00bb podr\u00eda ser perfectamente esa pieza clave que inicie la nueva versi\u00f3n 2.0.<\/p>\n<!-- AddThis Advanced Settings generic via filter on the_content --><!-- AddThis Share Buttons generic via filter on the_content -->","protected":false},"excerpt":{"rendered":"<p>Un d\u00eda muy especial para nuestros colores el vivido ayer en el hip\u00f3dromo de la Zarzuela de Madrid donde nos falt\u00f3 esa pizca de suerte y de valor con los tres efectivos que pusimos en pista. Dos quintos y un sexto puesto no es para salir demasiado satisfechos y con la cabeza muy alta, es [&hellip;]<!-- AddThis Advanced Settings generic via filter on get_the_excerpt --><!-- AddThis Share Buttons generic via filter on get_the_excerpt --><\/p>\n","protected":false},"author":5,"featured_media":0,"comment_status":"closed","ping_status":"closed","sticky":false,"template":"","format":"gallery","meta":{"_acf_changed":false,"_et_pb_use_builder":"","_et_pb_old_content":"","_et_gb_content_width":"","footnotes":""},"categories":[3],"tags":[],"class_list":["post-3041","post","type-post","status-publish","format-gallery","hentry","category-noticias-cuadra-agrado","post_format-post-format-gallery"],"acf":[],"yoast_head":"<!-- This site is optimized with the Yoast SEO plugin v27.4 - https:\/\/yoast.com\/product\/yoast-seo-wordpress\/ -->\n<title>Un d\u00eda de Poule para el recuerdo.... - Cuadra Agrado<\/title>\n<meta name=\"robots\" content=\"index, follow, max-snippet:-1, max-image-preview:large, max-video-preview:-1\" \/>\n<link rel=\"canonical\" href=\"https:\/\/cuadra-agrado.es\/?p=3041\" \/>\n<meta property=\"og:locale\" content=\"es_ES\" \/>\n<meta property=\"og:type\" content=\"article\" \/>\n<meta property=\"og:title\" content=\"Un d\u00eda de Poule para el recuerdo.... - Cuadra Agrado\" \/>\n<meta property=\"og:description\" content=\"Un d\u00eda muy especial para nuestros colores el vivido ayer en el hip\u00f3dromo de la Zarzuela de Madrid donde nos falt\u00f3 esa pizca de suerte y de valor con los tres efectivos que pusimos en pista. Dos quintos y un sexto puesto no es para salir demasiado satisfechos y con la cabeza muy alta, es [&hellip;]\" \/>\n<meta property=\"og:url\" content=\"https:\/\/cuadra-agrado.es\/?p=3041\" \/>\n<meta property=\"og:site_name\" content=\"Cuadra Agrado\" \/>\n<meta property=\"article:published_time\" content=\"2017-04-16T18:24:00+00:00\" \/>\n<meta property=\"article:modified_time\" content=\"2024-02-27T09:27:33+00:00\" \/>\n<meta property=\"og:image\" content=\"http:\/\/cuadra-agrado.es\/wp-content\/uploads\/2017\/04\/FullSizeRender-300x162.jpg\" \/>\n<meta name=\"author\" content=\"Miguel Redondo\" \/>\n<meta name=\"twitter:card\" content=\"summary_large_image\" \/>\n<meta name=\"twitter:creator\" content=\"@AGRADOracing\" \/>\n<meta name=\"twitter:site\" content=\"@AGRADOracing\" \/>\n<meta name=\"twitter:label1\" content=\"Escrito por\" \/>\n\t<meta name=\"twitter:data1\" content=\"Miguel Redondo\" \/>\n\t<meta name=\"twitter:label2\" content=\"Tiempo de lectura\" \/>\n\t<meta name=\"twitter:data2\" content=\"6 minutos\" \/>\n<script type=\"application\/ld+json\" class=\"yoast-schema-graph\">{\"@context\":\"https:\\\/\\\/schema.org\",\"@graph\":[{\"@type\":\"Article\",\"@id\":\"https:\\\/\\\/cuadra-agrado.es\\\/?p=3041#article\",\"isPartOf\":{\"@id\":\"https:\\\/\\\/cuadra-agrado.es\\\/?p=3041\"},\"author\":{\"name\":\"Miguel Redondo\",\"@id\":\"https:\\\/\\\/cuadra-agrado.es\\\/#\\\/schema\\\/person\\\/3aa4f8d2373cf756d93a5526bc72f31b\"},\"headline\":\"Un d\u00eda de Poule para el recuerdo&#8230;.\",\"datePublished\":\"2017-04-16T18:24:00+00:00\",\"dateModified\":\"2024-02-27T09:27:33+00:00\",\"mainEntityOfPage\":{\"@id\":\"https:\\\/\\\/cuadra-agrado.es\\\/?p=3041\"},\"wordCount\":1175,\"image\":{\"@id\":\"https:\\\/\\\/cuadra-agrado.es\\\/?p=3041#primaryimage\"},\"thumbnailUrl\":\"http:\\\/\\\/cuadra-agrado.es\\\/wp-content\\\/uploads\\\/2017\\\/04\\\/FullSizeRender-300x162.jpg\",\"articleSection\":[\"Actualidad\"],\"inLanguage\":\"es\"},{\"@type\":\"WebPage\",\"@id\":\"https:\\\/\\\/cuadra-agrado.es\\\/?p=3041\",\"url\":\"https:\\\/\\\/cuadra-agrado.es\\\/?p=3041\",\"name\":\"Un d\u00eda de Poule para el recuerdo.... - Cuadra Agrado\",\"isPartOf\":{\"@id\":\"https:\\\/\\\/cuadra-agrado.es\\\/#website\"},\"primaryImageOfPage\":{\"@id\":\"https:\\\/\\\/cuadra-agrado.es\\\/?p=3041#primaryimage\"},\"image\":{\"@id\":\"https:\\\/\\\/cuadra-agrado.es\\\/?p=3041#primaryimage\"},\"thumbnailUrl\":\"http:\\\/\\\/cuadra-agrado.es\\\/wp-content\\\/uploads\\\/2017\\\/04\\\/FullSizeRender-300x162.jpg\",\"datePublished\":\"2017-04-16T18:24:00+00:00\",\"dateModified\":\"2024-02-27T09:27:33+00:00\",\"author\":{\"@id\":\"https:\\\/\\\/cuadra-agrado.es\\\/#\\\/schema\\\/person\\\/3aa4f8d2373cf756d93a5526bc72f31b\"},\"breadcrumb\":{\"@id\":\"https:\\\/\\\/cuadra-agrado.es\\\/?p=3041#breadcrumb\"},\"inLanguage\":\"es\",\"potentialAction\":[{\"@type\":\"ReadAction\",\"target\":[\"https:\\\/\\\/cuadra-agrado.es\\\/?p=3041\"]}]},{\"@type\":\"ImageObject\",\"inLanguage\":\"es\",\"@id\":\"https:\\\/\\\/cuadra-agrado.es\\\/?p=3041#primaryimage\",\"url\":\"http:\\\/\\\/cuadra-agrado.es\\\/wp-content\\\/uploads\\\/2017\\\/04\\\/FullSizeRender-300x162.jpg\",\"contentUrl\":\"http:\\\/\\\/cuadra-agrado.es\\\/wp-content\\\/uploads\\\/2017\\\/04\\\/FullSizeRender-300x162.jpg\"},{\"@type\":\"BreadcrumbList\",\"@id\":\"https:\\\/\\\/cuadra-agrado.es\\\/?p=3041#breadcrumb\",\"itemListElement\":[{\"@type\":\"ListItem\",\"position\":1,\"name\":\"Portada\",\"item\":\"https:\\\/\\\/cuadra-agrado.es\\\/\"},{\"@type\":\"ListItem\",\"position\":2,\"name\":\"Un d\u00eda de Poule para el recuerdo&#8230;.\"}]},{\"@type\":\"WebSite\",\"@id\":\"https:\\\/\\\/cuadra-agrado.es\\\/#website\",\"url\":\"https:\\\/\\\/cuadra-agrado.es\\\/\",\"name\":\"Cuadra Agrado\",\"description\":\"En el mundo del Turf desde 2008\",\"potentialAction\":[{\"@type\":\"SearchAction\",\"target\":{\"@type\":\"EntryPoint\",\"urlTemplate\":\"https:\\\/\\\/cuadra-agrado.es\\\/?s={search_term_string}\"},\"query-input\":{\"@type\":\"PropertyValueSpecification\",\"valueRequired\":true,\"valueName\":\"search_term_string\"}}],\"inLanguage\":\"es\"},{\"@type\":\"Person\",\"@id\":\"https:\\\/\\\/cuadra-agrado.es\\\/#\\\/schema\\\/person\\\/3aa4f8d2373cf756d93a5526bc72f31b\",\"name\":\"Miguel Redondo\",\"image\":{\"@type\":\"ImageObject\",\"inLanguage\":\"es\",\"@id\":\"https:\\\/\\\/secure.gravatar.com\\\/avatar\\\/85704fceb4fa34017e3c1344d182da00dbf772fb8856ba2b7726a2df926415b4?s=96&d=mm&r=g\",\"url\":\"https:\\\/\\\/secure.gravatar.com\\\/avatar\\\/85704fceb4fa34017e3c1344d182da00dbf772fb8856ba2b7726a2df926415b4?s=96&d=mm&r=g\",\"contentUrl\":\"https:\\\/\\\/secure.gravatar.com\\\/avatar\\\/85704fceb4fa34017e3c1344d182da00dbf772fb8856ba2b7726a2df926415b4?s=96&d=mm&r=g\",\"caption\":\"Miguel Redondo\"},\"sameAs\":[\"https:\\\/\\\/cuadra-agrado.es\"],\"url\":\"https:\\\/\\\/cuadra-agrado.es\\\/?author=5\"}]}<\/script>\n<!-- \/ Yoast SEO plugin. -->","yoast_head_json":{"title":"Un d\u00eda de Poule para el recuerdo.... - Cuadra Agrado","robots":{"index":"index","follow":"follow","max-snippet":"max-snippet:-1","max-image-preview":"max-image-preview:large","max-video-preview":"max-video-preview:-1"},"canonical":"https:\/\/cuadra-agrado.es\/?p=3041","og_locale":"es_ES","og_type":"article","og_title":"Un d\u00eda de Poule para el recuerdo.... - Cuadra Agrado","og_description":"Un d\u00eda muy especial para nuestros colores el vivido ayer en el hip\u00f3dromo de la Zarzuela de Madrid donde nos falt\u00f3 esa pizca de suerte y de valor con los tres efectivos que pusimos en pista. Dos quintos y un sexto puesto no es para salir demasiado satisfechos y con la cabeza muy alta, es [&hellip;]","og_url":"https:\/\/cuadra-agrado.es\/?p=3041","og_site_name":"Cuadra Agrado","article_published_time":"2017-04-16T18:24:00+00:00","article_modified_time":"2024-02-27T09:27:33+00:00","og_image":[{"url":"http:\/\/cuadra-agrado.es\/wp-content\/uploads\/2017\/04\/FullSizeRender-300x162.jpg","type":"","width":"","height":""}],"author":"Miguel Redondo","twitter_card":"summary_large_image","twitter_creator":"@AGRADOracing","twitter_site":"@AGRADOracing","twitter_misc":{"Escrito por":"Miguel Redondo","Tiempo de lectura":"6 minutos"},"schema":{"@context":"https:\/\/schema.org","@graph":[{"@type":"Article","@id":"https:\/\/cuadra-agrado.es\/?p=3041#article","isPartOf":{"@id":"https:\/\/cuadra-agrado.es\/?p=3041"},"author":{"name":"Miguel Redondo","@id":"https:\/\/cuadra-agrado.es\/#\/schema\/person\/3aa4f8d2373cf756d93a5526bc72f31b"},"headline":"Un d\u00eda de Poule para el recuerdo&#8230;.","datePublished":"2017-04-16T18:24:00+00:00","dateModified":"2024-02-27T09:27:33+00:00","mainEntityOfPage":{"@id":"https:\/\/cuadra-agrado.es\/?p=3041"},"wordCount":1175,"image":{"@id":"https:\/\/cuadra-agrado.es\/?p=3041#primaryimage"},"thumbnailUrl":"http:\/\/cuadra-agrado.es\/wp-content\/uploads\/2017\/04\/FullSizeRender-300x162.jpg","articleSection":["Actualidad"],"inLanguage":"es"},{"@type":"WebPage","@id":"https:\/\/cuadra-agrado.es\/?p=3041","url":"https:\/\/cuadra-agrado.es\/?p=3041","name":"Un d\u00eda de Poule para el recuerdo.... - Cuadra Agrado","isPartOf":{"@id":"https:\/\/cuadra-agrado.es\/#website"},"primaryImageOfPage":{"@id":"https:\/\/cuadra-agrado.es\/?p=3041#primaryimage"},"image":{"@id":"https:\/\/cuadra-agrado.es\/?p=3041#primaryimage"},"thumbnailUrl":"http:\/\/cuadra-agrado.es\/wp-content\/uploads\/2017\/04\/FullSizeRender-300x162.jpg","datePublished":"2017-04-16T18:24:00+00:00","dateModified":"2024-02-27T09:27:33+00:00","author":{"@id":"https:\/\/cuadra-agrado.es\/#\/schema\/person\/3aa4f8d2373cf756d93a5526bc72f31b"},"breadcrumb":{"@id":"https:\/\/cuadra-agrado.es\/?p=3041#breadcrumb"},"inLanguage":"es","potentialAction":[{"@type":"ReadAction","target":["https:\/\/cuadra-agrado.es\/?p=3041"]}]},{"@type":"ImageObject","inLanguage":"es","@id":"https:\/\/cuadra-agrado.es\/?p=3041#primaryimage","url":"http:\/\/cuadra-agrado.es\/wp-content\/uploads\/2017\/04\/FullSizeRender-300x162.jpg","contentUrl":"http:\/\/cuadra-agrado.es\/wp-content\/uploads\/2017\/04\/FullSizeRender-300x162.jpg"},{"@type":"BreadcrumbList","@id":"https:\/\/cuadra-agrado.es\/?p=3041#breadcrumb","itemListElement":[{"@type":"ListItem","position":1,"name":"Portada","item":"https:\/\/cuadra-agrado.es\/"},{"@type":"ListItem","position":2,"name":"Un d\u00eda de Poule para el recuerdo&#8230;."}]},{"@type":"WebSite","@id":"https:\/\/cuadra-agrado.es\/#website","url":"https:\/\/cuadra-agrado.es\/","name":"Cuadra Agrado","description":"En el mundo del Turf desde 2008","potentialAction":[{"@type":"SearchAction","target":{"@type":"EntryPoint","urlTemplate":"https:\/\/cuadra-agrado.es\/?s={search_term_string}"},"query-input":{"@type":"PropertyValueSpecification","valueRequired":true,"valueName":"search_term_string"}}],"inLanguage":"es"},{"@type":"Person","@id":"https:\/\/cuadra-agrado.es\/#\/schema\/person\/3aa4f8d2373cf756d93a5526bc72f31b","name":"Miguel Redondo","image":{"@type":"ImageObject","inLanguage":"es","@id":"https:\/\/secure.gravatar.com\/avatar\/85704fceb4fa34017e3c1344d182da00dbf772fb8856ba2b7726a2df926415b4?s=96&d=mm&r=g","url":"https:\/\/secure.gravatar.com\/avatar\/85704fceb4fa34017e3c1344d182da00dbf772fb8856ba2b7726a2df926415b4?s=96&d=mm&r=g","contentUrl":"https:\/\/secure.gravatar.com\/avatar\/85704fceb4fa34017e3c1344d182da00dbf772fb8856ba2b7726a2df926415b4?s=96&d=mm&r=g","caption":"Miguel Redondo"},"sameAs":["https:\/\/cuadra-agrado.es"],"url":"https:\/\/cuadra-agrado.es\/?author=5"}]}},"_links":{"self":[{"href":"https:\/\/cuadra-agrado.es\/index.php?rest_route=\/wp\/v2\/posts\/3041","targetHints":{"allow":["GET"]}}],"collection":[{"href":"https:\/\/cuadra-agrado.es\/index.php?rest_route=\/wp\/v2\/posts"}],"about":[{"href":"https:\/\/cuadra-agrado.es\/index.php?rest_route=\/wp\/v2\/types\/post"}],"author":[{"embeddable":true,"href":"https:\/\/cuadra-agrado.es\/index.php?rest_route=\/wp\/v2\/users\/5"}],"replies":[{"embeddable":true,"href":"https:\/\/cuadra-agrado.es\/index.php?rest_route=%2Fwp%2Fv2%2Fcomments&post=3041"}],"version-history":[{"count":0,"href":"https:\/\/cuadra-agrado.es\/index.php?rest_route=\/wp\/v2\/posts\/3041\/revisions"}],"wp:attachment":[{"href":"https:\/\/cuadra-agrado.es\/index.php?rest_route=%2Fwp%2Fv2%2Fmedia&parent=3041"}],"wp:term":[{"taxonomy":"category","embeddable":true,"href":"https:\/\/cuadra-agrado.es\/index.php?rest_route=%2Fwp%2Fv2%2Fcategories&post=3041"},{"taxonomy":"post_tag","embeddable":true,"href":"https:\/\/cuadra-agrado.es\/index.php?rest_route=%2Fwp%2Fv2%2Ftags&post=3041"}],"curies":[{"name":"wp","href":"https:\/\/api.w.org\/{rel}","templated":true}]}}