{"id":2996,"date":"2017-04-03T12:38:04","date_gmt":"2017-04-03T11:38:04","guid":{"rendered":"https:\/\/cuadra-agrado.es\/?p=2996"},"modified":"2024-02-27T09:27:34","modified_gmt":"2024-02-27T09:27:34","slug":"ranyan-luchara-una-dificil-carrera","status":"publish","type":"post","link":"https:\/\/cuadra-agrado.es\/?p=2996","title":{"rendered":"Rany\u00e1n luchar\u00e1 una dif\u00edcil carrera&#8230;."},"content":{"rendered":"<p style=\"text-align: justify;\"><a href=\"http:\/\/cuadra-agrado.es\/wp-content\/uploads\/2017\/03\/52-Luis-de-Goyeneche-5-3-17-28.jpg\" target=\"_blank\" rel=\"noopener noreferrer\"><img loading=\"lazy\" decoding=\"async\" class=\"alignleft wp-image-2905 \" src=\"http:\/\/cuadra-agrado.es\/wp-content\/uploads\/2017\/03\/52-Luis-de-Goyeneche-5-3-17-28-300x200.jpg\" alt=\"\" width=\"314\" height=\"209\"><\/a>Nuestro viejo rockero <strong>\u201cRany\u00e1n\u201d<\/strong> vuelve a pista este pr\u00f3ximo domingo en el premio \u201cFamilia Barderas\u201d sobre su mejor distancia de 2.100 metros . Tante\u00e1bamos para \u00e9l una carrera relativamente f\u00e1cil para buscar una primera victoria del a\u00f1o despu\u00e9s de su buena reaparici\u00f3n, pero este premio modesto en cuanto a dotaci\u00f3n se refiere, se ha convertido despu\u00e9s del forfait en una prueba mayor en cuanto a la calidad de caballos, con un suculento partant de 14 ejemplares despu\u00e9s del forfait.<\/p>\n<p style=\"text-align: justify;\">En cualquier caso, vamos a buscar esa opci\u00f3n que siempre tenemos como cada vez que salimos a pista. Durante esta ma\u00f1ana hemos valorado hasta \u00faltima hora su partant, y finalmente la confianza del \u201cprepa\u201d &nbsp;nos dio el empuj\u00f3n que necesit\u00e1bamos para estar el domingo luchando una nueva victoria. Por supuesto, &nbsp;tenemos h\u00e1ndicaps a favor y en contra, porque nunca ganar una carrera es f\u00e1cil&#8230;<\/p>\n<p style=\"text-align: justify;\">Comenzamos con nuestro an\u00e1lisis en contra de nuestro partant en una prueba donde el valor del lote es lo m\u00e1s significativo\u2026 competir contra un caballo con valor 44 como termin\u00f3 <strong>\u201cArg\u00fcero\u201d<\/strong> el pasado a\u00f1o no deja de ser un h\u00e1ndicap en contra aunque escoja esta para reaparecer. Adem\u00e1s de este ganador a dos a\u00f1os del&nbsp; <em>Gran Criterium y Copa de Criadores,<\/em> segundo en la <em>Poule<\/em> y colocado del <em>Hispanidad<\/em> a su edad cl\u00e1sica, existen otro muchos ejemplares de valor en una horquilla de 37-39 como son los casos de <strong>Canciller, Hisp\u00e1nico, Magnun Bareliere, Mr Luxor, o Mythomane<\/strong>. Un buen ramillete de buenos ejemplares que convierten una prueba menor en casi un Gran Premio\u2026. Otro h\u00e1ndicap importante es que <strong>Rany\u00e1n<\/strong> previsiblemente no va a encontrar esa pista blanda que siempre le asegura un crecimiento de valor en carrera, y si las lluvias no aparecen a final de semana, no podremos contar con ese plus que nos vendr\u00eda al dedo para ara\u00f1ar alg\u00fan kilo m\u00e1s que nos puede faltar. Este precisamente ha sido el mayor h\u00e1ndicap que nos ha tenido en dudas hasta \u00faltimo momento&#8230;.<\/p>\n<p style=\"text-align: justify;\">Afortunadamente tenemos tambi\u00e9n buenas opciones a favor\u2026. La forma del viejo es de destacar pareciendo vivir una segunda juventud muy alejado de sus problemas de salud pasados. Sus trabajos de la ma\u00f1ana han ido incrementando sin ning\u00fan problema y ya con una en el cuerpo donde subi\u00f3 de valor con un gran segundo despu\u00e9s de 259 d\u00edas sin competir, es muy l\u00f3gico pensar que de su actual 37, pueda salir a pista, al menos con un par de kilos m\u00e1s de valor. Si a este hecho le a\u00f1adimos, que por la condici\u00f3n de la carrera no recarga plomo alguno, las opciones se incrementan con respecto a sus m\u00e1ximos rivales que nos conceden kilos gratis y del que salimos muy bien parados con calculadora en mano, a excepci\u00f3n eso s\u00ed del del gran <strong>\u00abArg\u00fcero\u00bb<\/strong> que no hay por donde cogerle en cuanto a valor, aunque s\u00ed debemos aprovechar su reaparici\u00f3n que de alguna forma reducir\u00e1 la gran diferencia de valor&#8230;. Otro punto a favor y muy significativo es contar con una monta de garant\u00edas como es la de \u201cRicardo Sousa\u201d que accede a subirse al nuestro, como actual l\u00edder de la estad\u00edstica nacional en un estado de forma inconmensurable, y que supone tambi\u00e9n otra garant\u00eda indispensable para seguir sumando puntos de cara a la carrera. Y como el patio de Juan Luis Maroto est\u00e1 \u201con fire\u201d en estas \u00faltimas semanas, nos aferramos tambi\u00e9n a que el equipo nos contagie algo de \u201c<strong>C\u00e9firo\u201d<\/strong> y<strong> \u201cDon Miguel<\/strong>\u201d para poder pasar por ganadores\u2026.<\/p>\n<p style=\"text-align: justify;\">Al final, los pros y los contras deber\u00e1n dar un resultado aritm\u00e9tico que lo veremos el pr\u00f3ximo domingo. Carrera muy complicada para nosotros y para todos nuestros rivales, y de dif\u00edcil pron\u00f3stico, (significativo que se hayan ca\u00eddo 14 caballos en el forfait), pero sin nos centramos solamente en el nuestro, todo pasa por que pueda llegar en las mejores condiciones posibles, tenga un buen recorrido viendo esa pista que necesita desde posiciones cerca de cabeza, y que la pista sin llegar a estar blanda, que ser\u00e1 complicado viendo previsiones meteorol\u00f3gicas, pueda ofrecernos alg\u00fan punto m\u00e1s de lo que estaba este pasado domingo\u2026..<br \/>\nMucha suerte equipo, vamos a por ellos!!!<\/p>\n<!-- AddThis Advanced Settings generic via filter on the_content --><!-- AddThis Share Buttons generic via filter on the_content -->","protected":false},"excerpt":{"rendered":"<p>Nuestro viejo rockero \u201cRany\u00e1n\u201d vuelve a pista este pr\u00f3ximo domingo en el premio \u201cFamilia Barderas\u201d sobre su mejor distancia de 2.100 metros . Tante\u00e1bamos para \u00e9l una carrera relativamente f\u00e1cil para buscar una primera victoria del a\u00f1o despu\u00e9s de su buena reaparici\u00f3n, pero este premio modesto en cuanto a dotaci\u00f3n se refiere, se ha convertido [&hellip;]<!-- AddThis Advanced Settings generic via filter on get_the_excerpt --><!-- AddThis Share Buttons generic via filter on get_the_excerpt --><\/p>\n","protected":false},"author":5,"featured_media":0,"comment_status":"closed","ping_status":"closed","sticky":false,"template":"","format":"gallery","meta":{"_acf_changed":false,"_et_pb_use_builder":"","_et_pb_old_content":"","_et_gb_content_width":"","footnotes":""},"categories":[3],"tags":[],"class_list":["post-2996","post","type-post","status-publish","format-gallery","hentry","category-noticias-cuadra-agrado","post_format-post-format-gallery"],"acf":[],"yoast_head":"<!-- This site is optimized with the Yoast SEO plugin v27.4 - https:\/\/yoast.com\/product\/yoast-seo-wordpress\/ -->\n<title>Rany\u00e1n luchar\u00e1 una dif\u00edcil carrera.... - Cuadra Agrado<\/title>\n<meta name=\"robots\" content=\"index, follow, max-snippet:-1, max-image-preview:large, max-video-preview:-1\" \/>\n<link rel=\"canonical\" href=\"https:\/\/cuadra-agrado.es\/?p=2996\" \/>\n<meta property=\"og:locale\" content=\"es_ES\" \/>\n<meta property=\"og:type\" content=\"article\" \/>\n<meta property=\"og:title\" content=\"Rany\u00e1n luchar\u00e1 una dif\u00edcil carrera.... - Cuadra Agrado\" \/>\n<meta property=\"og:description\" content=\"Nuestro viejo rockero \u201cRany\u00e1n\u201d vuelve a pista este pr\u00f3ximo domingo en el premio \u201cFamilia Barderas\u201d sobre su mejor distancia de 2.100 metros . Tante\u00e1bamos para \u00e9l una carrera relativamente f\u00e1cil para buscar una primera victoria del a\u00f1o despu\u00e9s de su buena reaparici\u00f3n, pero este premio modesto en cuanto a dotaci\u00f3n se refiere, se ha convertido [&hellip;]\" \/>\n<meta property=\"og:url\" content=\"https:\/\/cuadra-agrado.es\/?p=2996\" \/>\n<meta property=\"og:site_name\" content=\"Cuadra Agrado\" \/>\n<meta property=\"article:published_time\" content=\"2017-04-03T11:38:04+00:00\" \/>\n<meta property=\"article:modified_time\" content=\"2024-02-27T09:27:34+00:00\" \/>\n<meta property=\"og:image\" content=\"http:\/\/cuadra-agrado.es\/wp-content\/uploads\/2017\/03\/52-Luis-de-Goyeneche-5-3-17-28-300x200.jpg\" \/>\n<meta name=\"author\" content=\"Miguel Redondo\" \/>\n<meta name=\"twitter:card\" content=\"summary_large_image\" \/>\n<meta name=\"twitter:creator\" content=\"@AGRADOracing\" \/>\n<meta name=\"twitter:site\" content=\"@AGRADOracing\" \/>\n<meta name=\"twitter:label1\" content=\"Escrito por\" \/>\n\t<meta name=\"twitter:data1\" content=\"Miguel Redondo\" \/>\n\t<meta name=\"twitter:label2\" content=\"Tiempo de lectura\" \/>\n\t<meta name=\"twitter:data2\" content=\"4 minutos\" \/>\n<script type=\"application\/ld+json\" class=\"yoast-schema-graph\">{\"@context\":\"https:\\\/\\\/schema.org\",\"@graph\":[{\"@type\":\"Article\",\"@id\":\"https:\\\/\\\/cuadra-agrado.es\\\/?p=2996#article\",\"isPartOf\":{\"@id\":\"https:\\\/\\\/cuadra-agrado.es\\\/?p=2996\"},\"author\":{\"name\":\"Miguel Redondo\",\"@id\":\"https:\\\/\\\/cuadra-agrado.es\\\/#\\\/schema\\\/person\\\/3aa4f8d2373cf756d93a5526bc72f31b\"},\"headline\":\"Rany\u00e1n luchar\u00e1 una dif\u00edcil carrera&#8230;.\",\"datePublished\":\"2017-04-03T11:38:04+00:00\",\"dateModified\":\"2024-02-27T09:27:34+00:00\",\"mainEntityOfPage\":{\"@id\":\"https:\\\/\\\/cuadra-agrado.es\\\/?p=2996\"},\"wordCount\":748,\"image\":{\"@id\":\"https:\\\/\\\/cuadra-agrado.es\\\/?p=2996#primaryimage\"},\"thumbnailUrl\":\"http:\\\/\\\/cuadra-agrado.es\\\/wp-content\\\/uploads\\\/2017\\\/03\\\/52-Luis-de-Goyeneche-5-3-17-28-300x200.jpg\",\"articleSection\":[\"Actualidad\"],\"inLanguage\":\"es\"},{\"@type\":\"WebPage\",\"@id\":\"https:\\\/\\\/cuadra-agrado.es\\\/?p=2996\",\"url\":\"https:\\\/\\\/cuadra-agrado.es\\\/?p=2996\",\"name\":\"Rany\u00e1n luchar\u00e1 una dif\u00edcil carrera.... - Cuadra Agrado\",\"isPartOf\":{\"@id\":\"https:\\\/\\\/cuadra-agrado.es\\\/#website\"},\"primaryImageOfPage\":{\"@id\":\"https:\\\/\\\/cuadra-agrado.es\\\/?p=2996#primaryimage\"},\"image\":{\"@id\":\"https:\\\/\\\/cuadra-agrado.es\\\/?p=2996#primaryimage\"},\"thumbnailUrl\":\"http:\\\/\\\/cuadra-agrado.es\\\/wp-content\\\/uploads\\\/2017\\\/03\\\/52-Luis-de-Goyeneche-5-3-17-28-300x200.jpg\",\"datePublished\":\"2017-04-03T11:38:04+00:00\",\"dateModified\":\"2024-02-27T09:27:34+00:00\",\"author\":{\"@id\":\"https:\\\/\\\/cuadra-agrado.es\\\/#\\\/schema\\\/person\\\/3aa4f8d2373cf756d93a5526bc72f31b\"},\"breadcrumb\":{\"@id\":\"https:\\\/\\\/cuadra-agrado.es\\\/?p=2996#breadcrumb\"},\"inLanguage\":\"es\",\"potentialAction\":[{\"@type\":\"ReadAction\",\"target\":[\"https:\\\/\\\/cuadra-agrado.es\\\/?p=2996\"]}]},{\"@type\":\"ImageObject\",\"inLanguage\":\"es\",\"@id\":\"https:\\\/\\\/cuadra-agrado.es\\\/?p=2996#primaryimage\",\"url\":\"http:\\\/\\\/cuadra-agrado.es\\\/wp-content\\\/uploads\\\/2017\\\/03\\\/52-Luis-de-Goyeneche-5-3-17-28-300x200.jpg\",\"contentUrl\":\"http:\\\/\\\/cuadra-agrado.es\\\/wp-content\\\/uploads\\\/2017\\\/03\\\/52-Luis-de-Goyeneche-5-3-17-28-300x200.jpg\"},{\"@type\":\"BreadcrumbList\",\"@id\":\"https:\\\/\\\/cuadra-agrado.es\\\/?p=2996#breadcrumb\",\"itemListElement\":[{\"@type\":\"ListItem\",\"position\":1,\"name\":\"Portada\",\"item\":\"https:\\\/\\\/cuadra-agrado.es\\\/\"},{\"@type\":\"ListItem\",\"position\":2,\"name\":\"Rany\u00e1n luchar\u00e1 una dif\u00edcil carrera&#8230;.\"}]},{\"@type\":\"WebSite\",\"@id\":\"https:\\\/\\\/cuadra-agrado.es\\\/#website\",\"url\":\"https:\\\/\\\/cuadra-agrado.es\\\/\",\"name\":\"Cuadra Agrado\",\"description\":\"En el mundo del Turf desde 2008\",\"potentialAction\":[{\"@type\":\"SearchAction\",\"target\":{\"@type\":\"EntryPoint\",\"urlTemplate\":\"https:\\\/\\\/cuadra-agrado.es\\\/?s={search_term_string}\"},\"query-input\":{\"@type\":\"PropertyValueSpecification\",\"valueRequired\":true,\"valueName\":\"search_term_string\"}}],\"inLanguage\":\"es\"},{\"@type\":\"Person\",\"@id\":\"https:\\\/\\\/cuadra-agrado.es\\\/#\\\/schema\\\/person\\\/3aa4f8d2373cf756d93a5526bc72f31b\",\"name\":\"Miguel Redondo\",\"image\":{\"@type\":\"ImageObject\",\"inLanguage\":\"es\",\"@id\":\"https:\\\/\\\/secure.gravatar.com\\\/avatar\\\/85704fceb4fa34017e3c1344d182da00dbf772fb8856ba2b7726a2df926415b4?s=96&d=mm&r=g\",\"url\":\"https:\\\/\\\/secure.gravatar.com\\\/avatar\\\/85704fceb4fa34017e3c1344d182da00dbf772fb8856ba2b7726a2df926415b4?s=96&d=mm&r=g\",\"contentUrl\":\"https:\\\/\\\/secure.gravatar.com\\\/avatar\\\/85704fceb4fa34017e3c1344d182da00dbf772fb8856ba2b7726a2df926415b4?s=96&d=mm&r=g\",\"caption\":\"Miguel Redondo\"},\"sameAs\":[\"https:\\\/\\\/cuadra-agrado.es\"],\"url\":\"https:\\\/\\\/cuadra-agrado.es\\\/?author=5\"}]}<\/script>\n<!-- \/ Yoast SEO plugin. -->","yoast_head_json":{"title":"Rany\u00e1n luchar\u00e1 una dif\u00edcil carrera.... - Cuadra Agrado","robots":{"index":"index","follow":"follow","max-snippet":"max-snippet:-1","max-image-preview":"max-image-preview:large","max-video-preview":"max-video-preview:-1"},"canonical":"https:\/\/cuadra-agrado.es\/?p=2996","og_locale":"es_ES","og_type":"article","og_title":"Rany\u00e1n luchar\u00e1 una dif\u00edcil carrera.... - Cuadra Agrado","og_description":"Nuestro viejo rockero \u201cRany\u00e1n\u201d vuelve a pista este pr\u00f3ximo domingo en el premio \u201cFamilia Barderas\u201d sobre su mejor distancia de 2.100 metros . Tante\u00e1bamos para \u00e9l una carrera relativamente f\u00e1cil para buscar una primera victoria del a\u00f1o despu\u00e9s de su buena reaparici\u00f3n, pero este premio modesto en cuanto a dotaci\u00f3n se refiere, se ha convertido [&hellip;]","og_url":"https:\/\/cuadra-agrado.es\/?p=2996","og_site_name":"Cuadra Agrado","article_published_time":"2017-04-03T11:38:04+00:00","article_modified_time":"2024-02-27T09:27:34+00:00","og_image":[{"url":"http:\/\/cuadra-agrado.es\/wp-content\/uploads\/2017\/03\/52-Luis-de-Goyeneche-5-3-17-28-300x200.jpg","type":"","width":"","height":""}],"author":"Miguel Redondo","twitter_card":"summary_large_image","twitter_creator":"@AGRADOracing","twitter_site":"@AGRADOracing","twitter_misc":{"Escrito por":"Miguel Redondo","Tiempo de lectura":"4 minutos"},"schema":{"@context":"https:\/\/schema.org","@graph":[{"@type":"Article","@id":"https:\/\/cuadra-agrado.es\/?p=2996#article","isPartOf":{"@id":"https:\/\/cuadra-agrado.es\/?p=2996"},"author":{"name":"Miguel Redondo","@id":"https:\/\/cuadra-agrado.es\/#\/schema\/person\/3aa4f8d2373cf756d93a5526bc72f31b"},"headline":"Rany\u00e1n luchar\u00e1 una dif\u00edcil carrera&#8230;.","datePublished":"2017-04-03T11:38:04+00:00","dateModified":"2024-02-27T09:27:34+00:00","mainEntityOfPage":{"@id":"https:\/\/cuadra-agrado.es\/?p=2996"},"wordCount":748,"image":{"@id":"https:\/\/cuadra-agrado.es\/?p=2996#primaryimage"},"thumbnailUrl":"http:\/\/cuadra-agrado.es\/wp-content\/uploads\/2017\/03\/52-Luis-de-Goyeneche-5-3-17-28-300x200.jpg","articleSection":["Actualidad"],"inLanguage":"es"},{"@type":"WebPage","@id":"https:\/\/cuadra-agrado.es\/?p=2996","url":"https:\/\/cuadra-agrado.es\/?p=2996","name":"Rany\u00e1n luchar\u00e1 una dif\u00edcil carrera.... - Cuadra Agrado","isPartOf":{"@id":"https:\/\/cuadra-agrado.es\/#website"},"primaryImageOfPage":{"@id":"https:\/\/cuadra-agrado.es\/?p=2996#primaryimage"},"image":{"@id":"https:\/\/cuadra-agrado.es\/?p=2996#primaryimage"},"thumbnailUrl":"http:\/\/cuadra-agrado.es\/wp-content\/uploads\/2017\/03\/52-Luis-de-Goyeneche-5-3-17-28-300x200.jpg","datePublished":"2017-04-03T11:38:04+00:00","dateModified":"2024-02-27T09:27:34+00:00","author":{"@id":"https:\/\/cuadra-agrado.es\/#\/schema\/person\/3aa4f8d2373cf756d93a5526bc72f31b"},"breadcrumb":{"@id":"https:\/\/cuadra-agrado.es\/?p=2996#breadcrumb"},"inLanguage":"es","potentialAction":[{"@type":"ReadAction","target":["https:\/\/cuadra-agrado.es\/?p=2996"]}]},{"@type":"ImageObject","inLanguage":"es","@id":"https:\/\/cuadra-agrado.es\/?p=2996#primaryimage","url":"http:\/\/cuadra-agrado.es\/wp-content\/uploads\/2017\/03\/52-Luis-de-Goyeneche-5-3-17-28-300x200.jpg","contentUrl":"http:\/\/cuadra-agrado.es\/wp-content\/uploads\/2017\/03\/52-Luis-de-Goyeneche-5-3-17-28-300x200.jpg"},{"@type":"BreadcrumbList","@id":"https:\/\/cuadra-agrado.es\/?p=2996#breadcrumb","itemListElement":[{"@type":"ListItem","position":1,"name":"Portada","item":"https:\/\/cuadra-agrado.es\/"},{"@type":"ListItem","position":2,"name":"Rany\u00e1n luchar\u00e1 una dif\u00edcil carrera&#8230;."}]},{"@type":"WebSite","@id":"https:\/\/cuadra-agrado.es\/#website","url":"https:\/\/cuadra-agrado.es\/","name":"Cuadra Agrado","description":"En el mundo del Turf desde 2008","potentialAction":[{"@type":"SearchAction","target":{"@type":"EntryPoint","urlTemplate":"https:\/\/cuadra-agrado.es\/?s={search_term_string}"},"query-input":{"@type":"PropertyValueSpecification","valueRequired":true,"valueName":"search_term_string"}}],"inLanguage":"es"},{"@type":"Person","@id":"https:\/\/cuadra-agrado.es\/#\/schema\/person\/3aa4f8d2373cf756d93a5526bc72f31b","name":"Miguel Redondo","image":{"@type":"ImageObject","inLanguage":"es","@id":"https:\/\/secure.gravatar.com\/avatar\/85704fceb4fa34017e3c1344d182da00dbf772fb8856ba2b7726a2df926415b4?s=96&d=mm&r=g","url":"https:\/\/secure.gravatar.com\/avatar\/85704fceb4fa34017e3c1344d182da00dbf772fb8856ba2b7726a2df926415b4?s=96&d=mm&r=g","contentUrl":"https:\/\/secure.gravatar.com\/avatar\/85704fceb4fa34017e3c1344d182da00dbf772fb8856ba2b7726a2df926415b4?s=96&d=mm&r=g","caption":"Miguel Redondo"},"sameAs":["https:\/\/cuadra-agrado.es"],"url":"https:\/\/cuadra-agrado.es\/?author=5"}]}},"_links":{"self":[{"href":"https:\/\/cuadra-agrado.es\/index.php?rest_route=\/wp\/v2\/posts\/2996","targetHints":{"allow":["GET"]}}],"collection":[{"href":"https:\/\/cuadra-agrado.es\/index.php?rest_route=\/wp\/v2\/posts"}],"about":[{"href":"https:\/\/cuadra-agrado.es\/index.php?rest_route=\/wp\/v2\/types\/post"}],"author":[{"embeddable":true,"href":"https:\/\/cuadra-agrado.es\/index.php?rest_route=\/wp\/v2\/users\/5"}],"replies":[{"embeddable":true,"href":"https:\/\/cuadra-agrado.es\/index.php?rest_route=%2Fwp%2Fv2%2Fcomments&post=2996"}],"version-history":[{"count":0,"href":"https:\/\/cuadra-agrado.es\/index.php?rest_route=\/wp\/v2\/posts\/2996\/revisions"}],"wp:attachment":[{"href":"https:\/\/cuadra-agrado.es\/index.php?rest_route=%2Fwp%2Fv2%2Fmedia&parent=2996"}],"wp:term":[{"taxonomy":"category","embeddable":true,"href":"https:\/\/cuadra-agrado.es\/index.php?rest_route=%2Fwp%2Fv2%2Fcategories&post=2996"},{"taxonomy":"post_tag","embeddable":true,"href":"https:\/\/cuadra-agrado.es\/index.php?rest_route=%2Fwp%2Fv2%2Ftags&post=2996"}],"curies":[{"name":"wp","href":"https:\/\/api.w.org\/{rel}","templated":true}]}}