{"id":2904,"date":"2017-03-06T13:03:21","date_gmt":"2017-03-06T12:03:21","guid":{"rendered":"https:\/\/cuadra-agrado.es\/?p=2904"},"modified":"2024-02-27T09:27:35","modified_gmt":"2024-02-27T09:27:35","slug":"ranyan-reaparece-nuevo-segundo","status":"publish","type":"post","link":"https:\/\/cuadra-agrado.es\/?p=2904","title":{"rendered":"Rany\u00e1n reaparece con un nuevo segundo&#8230;.."},"content":{"rendered":"<p style=\"text-align: justify;\"><a href=\"http:\/\/cuadra-agrado.es\/wp-content\/uploads\/2017\/03\/52-Luis-de-Goyeneche-5-3-17-28.jpg\" target=\"_blank\" rel=\"noopener noreferrer\"><img loading=\"lazy\" decoding=\"async\" class=\"alignleft wp-image-2905 \" src=\"http:\/\/cuadra-agrado.es\/wp-content\/uploads\/2017\/03\/52-Luis-de-Goyeneche-5-3-17-28-300x200.jpg\" alt=\"52-Luis de Goyeneche-5-3-17-28\" width=\"329\" height=\"219\" \/><\/a><strong>Rany\u00e1n<\/strong> dio ayer una lecci\u00f3n de c\u00f3mo se debe reaparecer y luchar hasta el \u00faltimo metro una prueba de h\u00e1ndicap despu\u00e9s de 259 d\u00edas sin competir. Ya son muchas las veces que ha demostrado que para reaparecer despu\u00e9s de tanto tiempo, no es necesario salir a dar una vuelta a la pista para buscar ese punto de competici\u00f3n. Lo hizo en 2013 ganando este mismo premio despu\u00e9s de 6 meses, lo volvi\u00f3 a hacer en 2015 en su periplo por tierras francesas despu\u00e9s de 5 meses, y de nuevo el pasado a\u00f1o despu\u00e9s de 10 meses alejado de la competici\u00f3n. Si todo marcha en buena l\u00ednea no habr\u00e1 m\u00e1s retornos, y es que hemos decidido que esta \u00faltima etapa de <strong>Rany\u00e1n<\/strong> en la competici\u00f3n ser\u00e1 de continuo durante todo el a\u00f1o hasta el momento de su retirada definitiva que podr\u00eda ser este mismo a\u00f1o.<\/p>\n<p style=\"text-align: justify;\">Ya anticip\u00e1bamos en nuestra previa que el bueno de Rany\u00e1n sal\u00eda a luchar la carrera independiente del lote, forma, distancia o estado de la pista, y as\u00ed lo pudimos ver a\u00fan con un recorrido a contra-estilo que result\u00f3 clave para dejarnos con la miel en los labios con esa segunda posici\u00f3n en el mismo poste de meta. El caj\u00f3n 2 no era el mejor caj\u00f3n para el nuestro ya que pod\u00eda verse encerrado por los palos durante todo el recorrido como desgraciadamente as\u00ed fue. Su amigo Fayos intent\u00f3 buscar alg\u00fan hueco en los primeros metros para salirse a calles exteriores y comenzar a ver pista, pero no hubo ninguna opci\u00f3n y decidi\u00f3 continuar por los palos durante todo el recorrido. En la curva, la cosa no pintaba demasiado bien y pudimos intuir que ser\u00eda dif\u00edcil estar en la llegada, pero Fayos insisti\u00f3 con \u00e9l esperando que se abriera el cielo en la recta final para buscar ese hueco que \u00e9l necesitaba, ver pista y pasar al frente. Todo coraz\u00f3n caballo y jockey encontraron un peque\u00f1o hueco a falta de 300 metros que le sirvi\u00f3 para liderar la prueba y marcharse a ganar, pero tras una lucha tit\u00e1nica con <strong>Time of England<\/strong>, la balanza se volc\u00f3 en el mismo poste de meta del lado del que m\u00e1s en forma estaba al que tambi\u00e9n regal\u00e1bamos ese \u201ckilito\u201d que fue esencial.<br \/>\nUn segundo que siempre es agridulce, pero muy contentos con su en\u00e9sima reaparici\u00f3n teniendo en cuenta muchos condicionantes que nos sirven para ilusionarnos un a\u00f1o m\u00e1s con este \u201cviejo alaz\u00e1n\u201d que nos tiene ganado el coraz\u00f3n desde hace ya mucho tiempo. A\u00fan tiene mucho margen de mejora en cuanto a forma, la distancia (1.800 m) no es ni por asomo la que m\u00e1s se ajusta a su pulm\u00f3n, el recorrido limit\u00f3 su opci\u00f3n mayor, y aun as\u00ed, el resultado es para estar muy orgullosos de un caballo todo coraz\u00f3n en una segunda juventud que nos debe dar todav\u00eda muchas alegr\u00edas antes de su ya ganado retiro definitivo.<br \/>\nLa siguiente no se te escapa amigo, desde ya a por ella\u2026..<\/p>\n<p style=\"text-align: justify;\"><span style=\"text-decoration: underline;\"><span style=\"color: #0000ff;\"><strong>Parisien Blue listo para disputar el Premio Torr sobre 2.100 metros.<\/strong><\/span><\/span><\/p>\n<p style=\"text-align: justify;\"><a href=\"http:\/\/cuadra-agrado.es\/wp-content\/uploads\/2016\/11\/parisien.jpg\" target=\"_blank\" rel=\"noopener noreferrer\"><img loading=\"lazy\" decoding=\"async\" class=\"alignright wp-image-2778 size-medium\" src=\"http:\/\/cuadra-agrado.es\/wp-content\/uploads\/2016\/11\/parisien-300x169.jpg\" alt=\"parisien\" width=\"300\" height=\"169\" \/><\/a>Por otro lado, nuestro tres a\u00f1os\u00a0<strong>Parisien Blue<\/strong> ha pasado el corte y es partant definitivo para disputar el pr\u00f3ximo domingo el premio \u201cTorr\u201d sobre distancia de 2.100 metros reservado para los de su misma clase. Una distancia nueva que probamos con \u00e9l para ver si nos acercamos o nos alejamos de su mejor metraje. Sus dos anteriores en Sevilla nos dejaron esa duda de que parece ser un caballo de un solo paso y con mayor recorrido, y reci\u00e9n comenzada la temporada, preferimos despejar definitivamente esta duda ahora que hay margen de maniobra y rectificaci\u00f3n, y buscar el equilibrio de cara a la importante edad cl\u00e1sica que marcar\u00e1 su recorrido futuro en competici\u00f3n.<br \/>\nNo podemos por tanto en este caso confiar en su mejora con respecto a la anterior que estuvo en gemela en una pista mucho m\u00e1s exigente que la que se ver\u00e1 este pr\u00f3ximo domingo con terreno bueno. El caballo est\u00e1 mucho m\u00e1s en forma, la \u00faltima en tierras nazarenas le sent\u00f3 a las mil maravillas como lo demuestra un cambio muy significativo en sus trabajos diarios, pero este incremento considerado de distancia tanto le puede servir para seguir progresando, como para volver a la casilla de salida. Aun as\u00ed, es decisi\u00f3n consensuada por parte de nuestra preparaci\u00f3n, y de esto el Sr. Maroto sabe algo\u2026..<br \/>\nMuy raro ser\u00e1 por tanto que en nuestros pronos no le pongamos de ganador como casi siempre que salimos a pista, pero sin duda aparecer\u00e1 como una agradable \u201csorpresa\u201d con vistas a su programa futuro marcado desde ya para el \u201cNacional\u201d y el \u201cDerby\u201d donde ha sido matriculado recientemente. Apuesta por tanto valiente y arriesgada en esta nueva salida, pero siempre con esa posibilidad de reacci\u00f3n si al final sus or\u00edgenes nos demuestran un metraje inferior.<br \/>\nDesignamos nueva monta para esta ocasi\u00f3n que recae en las manos del jockey m\u00e1s experimentado de nuestro turf y que viene de hacer triplete en esta primera jornada de primavera. Es todo un honor para nosotros que \u00abD. Jose Luis Mart\u00ednez\u00bb conduzca a <strong>Parisien Blue<\/strong> en esta nueva salida y que nos aporte su experiencia en pista. Mucha suerte y muchas gracias!!<\/p>\n<!-- AddThis Advanced Settings generic via filter on the_content --><!-- AddThis Share Buttons generic via filter on the_content -->","protected":false},"excerpt":{"rendered":"<p>Rany\u00e1n dio ayer una lecci\u00f3n de c\u00f3mo se debe reaparecer y luchar hasta el \u00faltimo metro una prueba de h\u00e1ndicap despu\u00e9s de 259 d\u00edas sin competir. Ya son muchas las veces que ha demostrado que para reaparecer despu\u00e9s de tanto tiempo, no es necesario salir a dar una vuelta a la pista para buscar ese [&hellip;]<!-- AddThis Advanced Settings generic via filter on get_the_excerpt --><!-- AddThis Share Buttons generic via filter on get_the_excerpt --><\/p>\n","protected":false},"author":5,"featured_media":0,"comment_status":"closed","ping_status":"closed","sticky":false,"template":"","format":"gallery","meta":{"_acf_changed":false,"_et_pb_use_builder":"","_et_pb_old_content":"","_et_gb_content_width":"","footnotes":""},"categories":[3],"tags":[],"class_list":["post-2904","post","type-post","status-publish","format-gallery","hentry","category-noticias-cuadra-agrado","post_format-post-format-gallery"],"acf":[],"yoast_head":"<!-- This site is optimized with the Yoast SEO plugin v27.4 - https:\/\/yoast.com\/product\/yoast-seo-wordpress\/ -->\n<title>Rany\u00e1n reaparece con un nuevo segundo..... - Cuadra Agrado<\/title>\n<meta name=\"robots\" content=\"index, follow, max-snippet:-1, max-image-preview:large, max-video-preview:-1\" \/>\n<link rel=\"canonical\" href=\"https:\/\/cuadra-agrado.es\/?p=2904\" \/>\n<meta property=\"og:locale\" content=\"es_ES\" \/>\n<meta property=\"og:type\" content=\"article\" \/>\n<meta property=\"og:title\" content=\"Rany\u00e1n reaparece con un nuevo segundo..... - Cuadra Agrado\" \/>\n<meta property=\"og:description\" content=\"Rany\u00e1n dio ayer una lecci\u00f3n de c\u00f3mo se debe reaparecer y luchar hasta el \u00faltimo metro una prueba de h\u00e1ndicap despu\u00e9s de 259 d\u00edas sin competir. Ya son muchas las veces que ha demostrado que para reaparecer despu\u00e9s de tanto tiempo, no es necesario salir a dar una vuelta a la pista para buscar ese [&hellip;]\" \/>\n<meta property=\"og:url\" content=\"https:\/\/cuadra-agrado.es\/?p=2904\" \/>\n<meta property=\"og:site_name\" content=\"Cuadra Agrado\" \/>\n<meta property=\"article:published_time\" content=\"2017-03-06T12:03:21+00:00\" \/>\n<meta property=\"article:modified_time\" content=\"2024-02-27T09:27:35+00:00\" \/>\n<meta property=\"og:image\" content=\"http:\/\/cuadra-agrado.es\/wp-content\/uploads\/2017\/03\/52-Luis-de-Goyeneche-5-3-17-28-300x200.jpg\" \/>\n<meta name=\"author\" content=\"Miguel Redondo\" \/>\n<meta name=\"twitter:card\" content=\"summary_large_image\" \/>\n<meta name=\"twitter:creator\" content=\"@AGRADOracing\" \/>\n<meta name=\"twitter:site\" content=\"@AGRADOracing\" \/>\n<meta name=\"twitter:label1\" content=\"Escrito por\" \/>\n\t<meta name=\"twitter:data1\" content=\"Miguel Redondo\" \/>\n\t<meta name=\"twitter:label2\" content=\"Tiempo de lectura\" \/>\n\t<meta name=\"twitter:data2\" content=\"5 minutos\" \/>\n<script type=\"application\/ld+json\" class=\"yoast-schema-graph\">{\"@context\":\"https:\\\/\\\/schema.org\",\"@graph\":[{\"@type\":\"Article\",\"@id\":\"https:\\\/\\\/cuadra-agrado.es\\\/?p=2904#article\",\"isPartOf\":{\"@id\":\"https:\\\/\\\/cuadra-agrado.es\\\/?p=2904\"},\"author\":{\"name\":\"Miguel Redondo\",\"@id\":\"https:\\\/\\\/cuadra-agrado.es\\\/#\\\/schema\\\/person\\\/3aa4f8d2373cf756d93a5526bc72f31b\"},\"headline\":\"Rany\u00e1n reaparece con un nuevo segundo&#8230;..\",\"datePublished\":\"2017-03-06T12:03:21+00:00\",\"dateModified\":\"2024-02-27T09:27:35+00:00\",\"mainEntityOfPage\":{\"@id\":\"https:\\\/\\\/cuadra-agrado.es\\\/?p=2904\"},\"wordCount\":922,\"image\":{\"@id\":\"https:\\\/\\\/cuadra-agrado.es\\\/?p=2904#primaryimage\"},\"thumbnailUrl\":\"http:\\\/\\\/cuadra-agrado.es\\\/wp-content\\\/uploads\\\/2017\\\/03\\\/52-Luis-de-Goyeneche-5-3-17-28-300x200.jpg\",\"articleSection\":[\"Actualidad\"],\"inLanguage\":\"es\"},{\"@type\":\"WebPage\",\"@id\":\"https:\\\/\\\/cuadra-agrado.es\\\/?p=2904\",\"url\":\"https:\\\/\\\/cuadra-agrado.es\\\/?p=2904\",\"name\":\"Rany\u00e1n reaparece con un nuevo segundo..... - Cuadra Agrado\",\"isPartOf\":{\"@id\":\"https:\\\/\\\/cuadra-agrado.es\\\/#website\"},\"primaryImageOfPage\":{\"@id\":\"https:\\\/\\\/cuadra-agrado.es\\\/?p=2904#primaryimage\"},\"image\":{\"@id\":\"https:\\\/\\\/cuadra-agrado.es\\\/?p=2904#primaryimage\"},\"thumbnailUrl\":\"http:\\\/\\\/cuadra-agrado.es\\\/wp-content\\\/uploads\\\/2017\\\/03\\\/52-Luis-de-Goyeneche-5-3-17-28-300x200.jpg\",\"datePublished\":\"2017-03-06T12:03:21+00:00\",\"dateModified\":\"2024-02-27T09:27:35+00:00\",\"author\":{\"@id\":\"https:\\\/\\\/cuadra-agrado.es\\\/#\\\/schema\\\/person\\\/3aa4f8d2373cf756d93a5526bc72f31b\"},\"breadcrumb\":{\"@id\":\"https:\\\/\\\/cuadra-agrado.es\\\/?p=2904#breadcrumb\"},\"inLanguage\":\"es\",\"potentialAction\":[{\"@type\":\"ReadAction\",\"target\":[\"https:\\\/\\\/cuadra-agrado.es\\\/?p=2904\"]}]},{\"@type\":\"ImageObject\",\"inLanguage\":\"es\",\"@id\":\"https:\\\/\\\/cuadra-agrado.es\\\/?p=2904#primaryimage\",\"url\":\"http:\\\/\\\/cuadra-agrado.es\\\/wp-content\\\/uploads\\\/2017\\\/03\\\/52-Luis-de-Goyeneche-5-3-17-28-300x200.jpg\",\"contentUrl\":\"http:\\\/\\\/cuadra-agrado.es\\\/wp-content\\\/uploads\\\/2017\\\/03\\\/52-Luis-de-Goyeneche-5-3-17-28-300x200.jpg\"},{\"@type\":\"BreadcrumbList\",\"@id\":\"https:\\\/\\\/cuadra-agrado.es\\\/?p=2904#breadcrumb\",\"itemListElement\":[{\"@type\":\"ListItem\",\"position\":1,\"name\":\"Portada\",\"item\":\"https:\\\/\\\/cuadra-agrado.es\\\/\"},{\"@type\":\"ListItem\",\"position\":2,\"name\":\"Rany\u00e1n reaparece con un nuevo segundo&#8230;..\"}]},{\"@type\":\"WebSite\",\"@id\":\"https:\\\/\\\/cuadra-agrado.es\\\/#website\",\"url\":\"https:\\\/\\\/cuadra-agrado.es\\\/\",\"name\":\"Cuadra Agrado\",\"description\":\"En el mundo del Turf desde 2008\",\"potentialAction\":[{\"@type\":\"SearchAction\",\"target\":{\"@type\":\"EntryPoint\",\"urlTemplate\":\"https:\\\/\\\/cuadra-agrado.es\\\/?s={search_term_string}\"},\"query-input\":{\"@type\":\"PropertyValueSpecification\",\"valueRequired\":true,\"valueName\":\"search_term_string\"}}],\"inLanguage\":\"es\"},{\"@type\":\"Person\",\"@id\":\"https:\\\/\\\/cuadra-agrado.es\\\/#\\\/schema\\\/person\\\/3aa4f8d2373cf756d93a5526bc72f31b\",\"name\":\"Miguel Redondo\",\"image\":{\"@type\":\"ImageObject\",\"inLanguage\":\"es\",\"@id\":\"https:\\\/\\\/secure.gravatar.com\\\/avatar\\\/85704fceb4fa34017e3c1344d182da00dbf772fb8856ba2b7726a2df926415b4?s=96&d=mm&r=g\",\"url\":\"https:\\\/\\\/secure.gravatar.com\\\/avatar\\\/85704fceb4fa34017e3c1344d182da00dbf772fb8856ba2b7726a2df926415b4?s=96&d=mm&r=g\",\"contentUrl\":\"https:\\\/\\\/secure.gravatar.com\\\/avatar\\\/85704fceb4fa34017e3c1344d182da00dbf772fb8856ba2b7726a2df926415b4?s=96&d=mm&r=g\",\"caption\":\"Miguel Redondo\"},\"sameAs\":[\"https:\\\/\\\/cuadra-agrado.es\"],\"url\":\"https:\\\/\\\/cuadra-agrado.es\\\/?author=5\"}]}<\/script>\n<!-- \/ Yoast SEO plugin. -->","yoast_head_json":{"title":"Rany\u00e1n reaparece con un nuevo segundo..... - Cuadra Agrado","robots":{"index":"index","follow":"follow","max-snippet":"max-snippet:-1","max-image-preview":"max-image-preview:large","max-video-preview":"max-video-preview:-1"},"canonical":"https:\/\/cuadra-agrado.es\/?p=2904","og_locale":"es_ES","og_type":"article","og_title":"Rany\u00e1n reaparece con un nuevo segundo..... - Cuadra Agrado","og_description":"Rany\u00e1n dio ayer una lecci\u00f3n de c\u00f3mo se debe reaparecer y luchar hasta el \u00faltimo metro una prueba de h\u00e1ndicap despu\u00e9s de 259 d\u00edas sin competir. Ya son muchas las veces que ha demostrado que para reaparecer despu\u00e9s de tanto tiempo, no es necesario salir a dar una vuelta a la pista para buscar ese [&hellip;]","og_url":"https:\/\/cuadra-agrado.es\/?p=2904","og_site_name":"Cuadra Agrado","article_published_time":"2017-03-06T12:03:21+00:00","article_modified_time":"2024-02-27T09:27:35+00:00","og_image":[{"url":"http:\/\/cuadra-agrado.es\/wp-content\/uploads\/2017\/03\/52-Luis-de-Goyeneche-5-3-17-28-300x200.jpg","type":"","width":"","height":""}],"author":"Miguel Redondo","twitter_card":"summary_large_image","twitter_creator":"@AGRADOracing","twitter_site":"@AGRADOracing","twitter_misc":{"Escrito por":"Miguel Redondo","Tiempo de lectura":"5 minutos"},"schema":{"@context":"https:\/\/schema.org","@graph":[{"@type":"Article","@id":"https:\/\/cuadra-agrado.es\/?p=2904#article","isPartOf":{"@id":"https:\/\/cuadra-agrado.es\/?p=2904"},"author":{"name":"Miguel Redondo","@id":"https:\/\/cuadra-agrado.es\/#\/schema\/person\/3aa4f8d2373cf756d93a5526bc72f31b"},"headline":"Rany\u00e1n reaparece con un nuevo segundo&#8230;..","datePublished":"2017-03-06T12:03:21+00:00","dateModified":"2024-02-27T09:27:35+00:00","mainEntityOfPage":{"@id":"https:\/\/cuadra-agrado.es\/?p=2904"},"wordCount":922,"image":{"@id":"https:\/\/cuadra-agrado.es\/?p=2904#primaryimage"},"thumbnailUrl":"http:\/\/cuadra-agrado.es\/wp-content\/uploads\/2017\/03\/52-Luis-de-Goyeneche-5-3-17-28-300x200.jpg","articleSection":["Actualidad"],"inLanguage":"es"},{"@type":"WebPage","@id":"https:\/\/cuadra-agrado.es\/?p=2904","url":"https:\/\/cuadra-agrado.es\/?p=2904","name":"Rany\u00e1n reaparece con un nuevo segundo..... - Cuadra Agrado","isPartOf":{"@id":"https:\/\/cuadra-agrado.es\/#website"},"primaryImageOfPage":{"@id":"https:\/\/cuadra-agrado.es\/?p=2904#primaryimage"},"image":{"@id":"https:\/\/cuadra-agrado.es\/?p=2904#primaryimage"},"thumbnailUrl":"http:\/\/cuadra-agrado.es\/wp-content\/uploads\/2017\/03\/52-Luis-de-Goyeneche-5-3-17-28-300x200.jpg","datePublished":"2017-03-06T12:03:21+00:00","dateModified":"2024-02-27T09:27:35+00:00","author":{"@id":"https:\/\/cuadra-agrado.es\/#\/schema\/person\/3aa4f8d2373cf756d93a5526bc72f31b"},"breadcrumb":{"@id":"https:\/\/cuadra-agrado.es\/?p=2904#breadcrumb"},"inLanguage":"es","potentialAction":[{"@type":"ReadAction","target":["https:\/\/cuadra-agrado.es\/?p=2904"]}]},{"@type":"ImageObject","inLanguage":"es","@id":"https:\/\/cuadra-agrado.es\/?p=2904#primaryimage","url":"http:\/\/cuadra-agrado.es\/wp-content\/uploads\/2017\/03\/52-Luis-de-Goyeneche-5-3-17-28-300x200.jpg","contentUrl":"http:\/\/cuadra-agrado.es\/wp-content\/uploads\/2017\/03\/52-Luis-de-Goyeneche-5-3-17-28-300x200.jpg"},{"@type":"BreadcrumbList","@id":"https:\/\/cuadra-agrado.es\/?p=2904#breadcrumb","itemListElement":[{"@type":"ListItem","position":1,"name":"Portada","item":"https:\/\/cuadra-agrado.es\/"},{"@type":"ListItem","position":2,"name":"Rany\u00e1n reaparece con un nuevo segundo&#8230;.."}]},{"@type":"WebSite","@id":"https:\/\/cuadra-agrado.es\/#website","url":"https:\/\/cuadra-agrado.es\/","name":"Cuadra Agrado","description":"En el mundo del Turf desde 2008","potentialAction":[{"@type":"SearchAction","target":{"@type":"EntryPoint","urlTemplate":"https:\/\/cuadra-agrado.es\/?s={search_term_string}"},"query-input":{"@type":"PropertyValueSpecification","valueRequired":true,"valueName":"search_term_string"}}],"inLanguage":"es"},{"@type":"Person","@id":"https:\/\/cuadra-agrado.es\/#\/schema\/person\/3aa4f8d2373cf756d93a5526bc72f31b","name":"Miguel Redondo","image":{"@type":"ImageObject","inLanguage":"es","@id":"https:\/\/secure.gravatar.com\/avatar\/85704fceb4fa34017e3c1344d182da00dbf772fb8856ba2b7726a2df926415b4?s=96&d=mm&r=g","url":"https:\/\/secure.gravatar.com\/avatar\/85704fceb4fa34017e3c1344d182da00dbf772fb8856ba2b7726a2df926415b4?s=96&d=mm&r=g","contentUrl":"https:\/\/secure.gravatar.com\/avatar\/85704fceb4fa34017e3c1344d182da00dbf772fb8856ba2b7726a2df926415b4?s=96&d=mm&r=g","caption":"Miguel Redondo"},"sameAs":["https:\/\/cuadra-agrado.es"],"url":"https:\/\/cuadra-agrado.es\/?author=5"}]}},"_links":{"self":[{"href":"https:\/\/cuadra-agrado.es\/index.php?rest_route=\/wp\/v2\/posts\/2904","targetHints":{"allow":["GET"]}}],"collection":[{"href":"https:\/\/cuadra-agrado.es\/index.php?rest_route=\/wp\/v2\/posts"}],"about":[{"href":"https:\/\/cuadra-agrado.es\/index.php?rest_route=\/wp\/v2\/types\/post"}],"author":[{"embeddable":true,"href":"https:\/\/cuadra-agrado.es\/index.php?rest_route=\/wp\/v2\/users\/5"}],"replies":[{"embeddable":true,"href":"https:\/\/cuadra-agrado.es\/index.php?rest_route=%2Fwp%2Fv2%2Fcomments&post=2904"}],"version-history":[{"count":0,"href":"https:\/\/cuadra-agrado.es\/index.php?rest_route=\/wp\/v2\/posts\/2904\/revisions"}],"wp:attachment":[{"href":"https:\/\/cuadra-agrado.es\/index.php?rest_route=%2Fwp%2Fv2%2Fmedia&parent=2904"}],"wp:term":[{"taxonomy":"category","embeddable":true,"href":"https:\/\/cuadra-agrado.es\/index.php?rest_route=%2Fwp%2Fv2%2Fcategories&post=2904"},{"taxonomy":"post_tag","embeddable":true,"href":"https:\/\/cuadra-agrado.es\/index.php?rest_route=%2Fwp%2Fv2%2Ftags&post=2904"}],"curies":[{"name":"wp","href":"https:\/\/api.w.org\/{rel}","templated":true}]}}