{"id":2884,"date":"2017-02-22T12:58:18","date_gmt":"2017-02-22T11:58:18","guid":{"rendered":"https:\/\/cuadra-agrado.es\/?p=2884"},"modified":"2024-02-27T09:27:36","modified_gmt":"2024-02-27T09:27:36","slug":"ranyan-inaugurara-la-temporada-primavera-madrid","status":"publish","type":"post","link":"https:\/\/cuadra-agrado.es\/?p=2884","title":{"rendered":"Rany\u00e1n inaugura la temporada de primavera en Madrid"},"content":{"rendered":"<p style=\"text-align: justify;\"><a href=\"http:\/\/cuadra-agrado.es\/wp-content\/uploads\/2017\/02\/logo.png\"><img loading=\"lazy\" decoding=\"async\" class=\"alignleft wp-image-2886\" src=\"http:\/\/cuadra-agrado.es\/wp-content\/uploads\/2017\/02\/logo.png\" alt=\"logo\" width=\"317\" height=\"181\" \/><\/a>El pr\u00f3ximo 5 de marzo comienza en el Hip\u00f3dromo de la Zarzuela la tan esperada temporada de primavera que nos llenar\u00e1 de galopes todos los domingos en el remodelado y espl\u00e9ndido recinto madrile\u00f1o hasta el pr\u00f3ximo 2 de Julio que se clausurar\u00e1 en la jornada del Gran Premio de Madrid. Podremos disfrutar de 19 jornadas en horario matutino a partir de las 11:30 de la ma\u00f1ana de un total de 114 carreras, con una media de 6 carreras por jornada, y con una suculenta dotaci\u00f3n econ\u00f3mica de 1.871.700 euros a repartir.<br \/>\nEntre las pruebas de mayor renombre, cabe destacar los cl\u00e1sicos de primavera como la <strong>Poule de potros (GP. Cimera) y Potrancas (GP. Valderas) <\/strong>con dotaciones de 30.000 euros al ganador donde podremos dilucidar a los mejores potros y potrancas en su edad cl\u00e1sica en distancia de la milla. El <strong>Gran Premio Villapadierna<\/strong> (Derby Espa\u00f1ol) para los machos de tres a\u00f1os en larga distancia con dotaci\u00f3n econ\u00f3mica de 68.000 euros, el <strong>OAKS Espa\u00f1ol<\/strong> para yeguas de distancia con dotaci\u00f3n de 56.100 euros, el prestigioso y entra\u00f1able <strong>Gran Premio Claudio Carudel<\/strong> con dotaci\u00f3n de 56.100 euros, el <strong>Gran Premio Duque de Alburquerque<\/strong>, o el <strong>Gran Premio Nacional<\/strong> para los mejores tres a\u00f1os nacionales en distancia de medio fondo (40.800 euros de dotaci\u00f3n), teniendo como colof\u00f3n de la temporada la 81\u00aa edici\u00f3n del <strong>Gran Premio de Madrid<\/strong> con categor\u00eda \u201cListed\u201d y envuelto con una muy suculenta dotaci\u00f3n econ\u00f3mica de 102.000 euros a repartir entre los cuatro primeros en la llegada y con 60.000 euros al ganador.<br \/>\nAdicional a estos Grandes Premios, la temporada est\u00e1 plagada de otros cl\u00e1sicos e importantes premios como el \u201cTorre Arias\u201d, Velayos, Habitancum, Andr\u00e9s Covarrubias, Comunidad de Madrid, Premio Teresa, Rheffissimo, Baldoria, Urquijo, etc\u2026.<\/p>\n<p style=\"text-align: justify;\"><a href=\"http:\/\/cuadra-agrado.es\/wp-content\/uploads\/2016\/05\/ranyan-2016.jpg\"><img loading=\"lazy\" decoding=\"async\" class=\"alignright wp-image-2210 \" src=\"http:\/\/cuadra-agrado.es\/wp-content\/uploads\/2016\/05\/ranyan-2016-300x225.jpg\" alt=\"ranyan 2016\" width=\"276\" height=\"207\" \/><\/a>Una temporada primaveral en la que por nuestra parte comenzamos con nuestro honrado <strong>\u201cRany\u00e1n\u201d<\/strong> que reci\u00e9n estrena sus ocho a\u00f1itos viviendo una segunda juventud en plenitud de forma, y dejando atr\u00e1s sus problemas de salud que tanto da\u00f1o le han ocasionado en su vida de competici\u00f3n. Con siete victorias en su haber y m\u00e1s de 61.000 euros en premios, buscamos en este nuevo a\u00f1o seguir sumando y disfrutando del que siempre fue nuestro \u201cojito derecho\u201d. Arrancamos ya con \u00e9l en esta primera jornada disputando el primer h\u00e1ndicap de la temporada (Premio Luis de Goyeneche) que ya ganara en 2014 con monta de Borja Fayos, y que queremos repetir en esta nueva edici\u00f3n con el mismo protagonista.<br \/>\nEl bueno de Rany\u00e1n est\u00e1 listo para reaparecer en la mejor forma transcurridos 259 d\u00edas desde su \u00faltima actuaci\u00f3n en la pasada primavera. Despu\u00e9s de su \u00faltima, pas\u00f3 a su descanso veraniego retornando a competici\u00f3n el pasado mes de septiembre, pero una vida sosegada y demasiado feliz en el prado le hizo volver con unos cuantos kilitos de m\u00e1s y no hubo tiempo para poder reaparecer en ese oto\u00f1o. Intentamos volver a pista este invierno con un par de matr\u00edculas en Sevilla y Mont de Marsan, pero por uno u otro motivo no pas\u00f3 el corte y decidimos finalmente reaparecer en esta primera jornada de primavera en Madrid.<br \/>\nSus trabajos avalan su espl\u00e9ndida forma y aunque es verdad que el \u201cviejo alaz\u00e1n\u201d lleva muchos d\u00edas fuera de la competici\u00f3n, sus continuas reapariciones anteriores nos ofrecen garant\u00edas de \u00e9xito. Por otra parte, la distancia quiz\u00e1s sea algo corta para su condici\u00f3n de medio-fondista, pero tambi\u00e9n tenemos la experiencia pasada para que este detalle no sea ning\u00fan inconveniente a la hora de disputar y luchar victoria en este h\u00e1ndicap de 1\u00aa parte donde quedar\u00e1 ubicado con toda probabilidad.<\/p>\n<p style=\"text-align: justify;\">Trataremos de comenzar lo mejor posible esta nueva temporada de primavera donde volveremos a disfrutar de nuestros caballos, y de todos los dem\u00e1s que se dar\u00e1n cita en las 114 carreras de la temporada primaveral, deseando desde este mismo momento a todos los propietarios y profesionales la mejor de las suertes en este nuevo camino que en breve comienza. Al mismo tiempo, queremos tambi\u00e9n agradecer a todos los gestores del Hip\u00f3dromo de la Zarzuela el trabajo y esfuerzo realizado para poner a disposici\u00f3n del sector esta nueva y magn\u00edfica temporada de primavera en Madrid, y por ende a nuestra industria del turf en Espa\u00f1a.<\/p>\n<p style=\"text-align: justify;\">\u00ad<\/p>\n<p style=\"text-align: justify;\">\u2593\u2593\u2593\u2593\u2593\u2593\u2593\u2593\u2593\u2593\u2593\u2593\u2593\u2593\u2593\u2593\u2593\u2593\u2593\u2593\u2593\u2593\u2593\u2593\u2593\u2593\u2593\u2593\u2593\u2593\u2593\u2593\u2593\u2593\u2593\u2593\u2593\u2593\u2593\u2593\u2593\u2593\u2593\u2593\u2593\u2593\u2593\u2593\u2593\u2593\u2593\u2593\u2593\u2593\u2593\u2593\u2593\u2593\u2593\u2593\u2593\u2593\u2593\u2593\u2593\u2593\u2593\u2593\u2593\u2593\u2593\u2593\u2593\u2593\u2593\u2593\u2593\u2593\u2593\u2593\u2593\u2593\u2593\u2593<\/p>\n<!-- AddThis Advanced Settings generic via filter on the_content --><!-- AddThis Share Buttons generic via filter on the_content -->","protected":false},"excerpt":{"rendered":"<p>El pr\u00f3ximo 5 de marzo comienza en el Hip\u00f3dromo de la Zarzuela la tan esperada temporada de primavera que nos llenar\u00e1 de galopes todos los domingos en el remodelado y espl\u00e9ndido recinto madrile\u00f1o hasta el pr\u00f3ximo 2 de Julio que se clausurar\u00e1 en la jornada del Gran Premio de Madrid. Podremos disfrutar de 19 jornadas [&hellip;]<!-- AddThis Advanced Settings generic via filter on get_the_excerpt --><!-- AddThis Share Buttons generic via filter on get_the_excerpt --><\/p>\n","protected":false},"author":5,"featured_media":0,"comment_status":"closed","ping_status":"closed","sticky":false,"template":"","format":"gallery","meta":{"_acf_changed":false,"_et_pb_use_builder":"","_et_pb_old_content":"","_et_gb_content_width":"","footnotes":""},"categories":[3],"tags":[],"class_list":["post-2884","post","type-post","status-publish","format-gallery","hentry","category-noticias-cuadra-agrado","post_format-post-format-gallery"],"acf":[],"yoast_head":"<!-- This site is optimized with the Yoast SEO plugin v27.4 - https:\/\/yoast.com\/product\/yoast-seo-wordpress\/ -->\n<title>Rany\u00e1n inaugura la temporada de primavera en Madrid - Cuadra Agrado<\/title>\n<meta name=\"robots\" content=\"index, follow, max-snippet:-1, max-image-preview:large, max-video-preview:-1\" \/>\n<link rel=\"canonical\" href=\"https:\/\/cuadra-agrado.es\/?p=2884\" \/>\n<meta property=\"og:locale\" content=\"es_ES\" \/>\n<meta property=\"og:type\" content=\"article\" \/>\n<meta property=\"og:title\" content=\"Rany\u00e1n inaugura la temporada de primavera en Madrid - Cuadra Agrado\" \/>\n<meta property=\"og:description\" content=\"El pr\u00f3ximo 5 de marzo comienza en el Hip\u00f3dromo de la Zarzuela la tan esperada temporada de primavera que nos llenar\u00e1 de galopes todos los domingos en el remodelado y espl\u00e9ndido recinto madrile\u00f1o hasta el pr\u00f3ximo 2 de Julio que se clausurar\u00e1 en la jornada del Gran Premio de Madrid. Podremos disfrutar de 19 jornadas [&hellip;]\" \/>\n<meta property=\"og:url\" content=\"https:\/\/cuadra-agrado.es\/?p=2884\" \/>\n<meta property=\"og:site_name\" content=\"Cuadra Agrado\" \/>\n<meta property=\"article:published_time\" content=\"2017-02-22T11:58:18+00:00\" \/>\n<meta property=\"article:modified_time\" content=\"2024-02-27T09:27:36+00:00\" \/>\n<meta property=\"og:image\" content=\"http:\/\/cuadra-agrado.es\/wp-content\/uploads\/2017\/02\/logo.png\" \/>\n<meta name=\"author\" content=\"Miguel Redondo\" \/>\n<meta name=\"twitter:card\" content=\"summary_large_image\" \/>\n<meta name=\"twitter:creator\" content=\"@AGRADOracing\" \/>\n<meta name=\"twitter:site\" content=\"@AGRADOracing\" \/>\n<meta name=\"twitter:label1\" content=\"Escrito por\" \/>\n\t<meta name=\"twitter:data1\" content=\"Miguel Redondo\" \/>\n\t<meta name=\"twitter:label2\" content=\"Tiempo de lectura\" \/>\n\t<meta name=\"twitter:data2\" content=\"4 minutos\" \/>\n<script type=\"application\/ld+json\" class=\"yoast-schema-graph\">{\"@context\":\"https:\\\/\\\/schema.org\",\"@graph\":[{\"@type\":\"Article\",\"@id\":\"https:\\\/\\\/cuadra-agrado.es\\\/?p=2884#article\",\"isPartOf\":{\"@id\":\"https:\\\/\\\/cuadra-agrado.es\\\/?p=2884\"},\"author\":{\"name\":\"Miguel Redondo\",\"@id\":\"https:\\\/\\\/cuadra-agrado.es\\\/#\\\/schema\\\/person\\\/3aa4f8d2373cf756d93a5526bc72f31b\"},\"headline\":\"Rany\u00e1n inaugura la temporada de primavera en Madrid\",\"datePublished\":\"2017-02-22T11:58:18+00:00\",\"dateModified\":\"2024-02-27T09:27:36+00:00\",\"mainEntityOfPage\":{\"@id\":\"https:\\\/\\\/cuadra-agrado.es\\\/?p=2884\"},\"wordCount\":743,\"image\":{\"@id\":\"https:\\\/\\\/cuadra-agrado.es\\\/?p=2884#primaryimage\"},\"thumbnailUrl\":\"http:\\\/\\\/cuadra-agrado.es\\\/wp-content\\\/uploads\\\/2017\\\/02\\\/logo.png\",\"articleSection\":[\"Actualidad\"],\"inLanguage\":\"es\"},{\"@type\":\"WebPage\",\"@id\":\"https:\\\/\\\/cuadra-agrado.es\\\/?p=2884\",\"url\":\"https:\\\/\\\/cuadra-agrado.es\\\/?p=2884\",\"name\":\"Rany\u00e1n inaugura la temporada de primavera en Madrid - Cuadra Agrado\",\"isPartOf\":{\"@id\":\"https:\\\/\\\/cuadra-agrado.es\\\/#website\"},\"primaryImageOfPage\":{\"@id\":\"https:\\\/\\\/cuadra-agrado.es\\\/?p=2884#primaryimage\"},\"image\":{\"@id\":\"https:\\\/\\\/cuadra-agrado.es\\\/?p=2884#primaryimage\"},\"thumbnailUrl\":\"http:\\\/\\\/cuadra-agrado.es\\\/wp-content\\\/uploads\\\/2017\\\/02\\\/logo.png\",\"datePublished\":\"2017-02-22T11:58:18+00:00\",\"dateModified\":\"2024-02-27T09:27:36+00:00\",\"author\":{\"@id\":\"https:\\\/\\\/cuadra-agrado.es\\\/#\\\/schema\\\/person\\\/3aa4f8d2373cf756d93a5526bc72f31b\"},\"breadcrumb\":{\"@id\":\"https:\\\/\\\/cuadra-agrado.es\\\/?p=2884#breadcrumb\"},\"inLanguage\":\"es\",\"potentialAction\":[{\"@type\":\"ReadAction\",\"target\":[\"https:\\\/\\\/cuadra-agrado.es\\\/?p=2884\"]}]},{\"@type\":\"ImageObject\",\"inLanguage\":\"es\",\"@id\":\"https:\\\/\\\/cuadra-agrado.es\\\/?p=2884#primaryimage\",\"url\":\"http:\\\/\\\/cuadra-agrado.es\\\/wp-content\\\/uploads\\\/2017\\\/02\\\/logo.png\",\"contentUrl\":\"http:\\\/\\\/cuadra-agrado.es\\\/wp-content\\\/uploads\\\/2017\\\/02\\\/logo.png\"},{\"@type\":\"BreadcrumbList\",\"@id\":\"https:\\\/\\\/cuadra-agrado.es\\\/?p=2884#breadcrumb\",\"itemListElement\":[{\"@type\":\"ListItem\",\"position\":1,\"name\":\"Portada\",\"item\":\"https:\\\/\\\/cuadra-agrado.es\\\/\"},{\"@type\":\"ListItem\",\"position\":2,\"name\":\"Rany\u00e1n inaugura la temporada de primavera en Madrid\"}]},{\"@type\":\"WebSite\",\"@id\":\"https:\\\/\\\/cuadra-agrado.es\\\/#website\",\"url\":\"https:\\\/\\\/cuadra-agrado.es\\\/\",\"name\":\"Cuadra Agrado\",\"description\":\"En el mundo del Turf desde 2008\",\"potentialAction\":[{\"@type\":\"SearchAction\",\"target\":{\"@type\":\"EntryPoint\",\"urlTemplate\":\"https:\\\/\\\/cuadra-agrado.es\\\/?s={search_term_string}\"},\"query-input\":{\"@type\":\"PropertyValueSpecification\",\"valueRequired\":true,\"valueName\":\"search_term_string\"}}],\"inLanguage\":\"es\"},{\"@type\":\"Person\",\"@id\":\"https:\\\/\\\/cuadra-agrado.es\\\/#\\\/schema\\\/person\\\/3aa4f8d2373cf756d93a5526bc72f31b\",\"name\":\"Miguel Redondo\",\"image\":{\"@type\":\"ImageObject\",\"inLanguage\":\"es\",\"@id\":\"https:\\\/\\\/secure.gravatar.com\\\/avatar\\\/85704fceb4fa34017e3c1344d182da00dbf772fb8856ba2b7726a2df926415b4?s=96&d=mm&r=g\",\"url\":\"https:\\\/\\\/secure.gravatar.com\\\/avatar\\\/85704fceb4fa34017e3c1344d182da00dbf772fb8856ba2b7726a2df926415b4?s=96&d=mm&r=g\",\"contentUrl\":\"https:\\\/\\\/secure.gravatar.com\\\/avatar\\\/85704fceb4fa34017e3c1344d182da00dbf772fb8856ba2b7726a2df926415b4?s=96&d=mm&r=g\",\"caption\":\"Miguel Redondo\"},\"sameAs\":[\"https:\\\/\\\/cuadra-agrado.es\"],\"url\":\"https:\\\/\\\/cuadra-agrado.es\\\/?author=5\"}]}<\/script>\n<!-- \/ Yoast SEO plugin. -->","yoast_head_json":{"title":"Rany\u00e1n inaugura la temporada de primavera en Madrid - Cuadra Agrado","robots":{"index":"index","follow":"follow","max-snippet":"max-snippet:-1","max-image-preview":"max-image-preview:large","max-video-preview":"max-video-preview:-1"},"canonical":"https:\/\/cuadra-agrado.es\/?p=2884","og_locale":"es_ES","og_type":"article","og_title":"Rany\u00e1n inaugura la temporada de primavera en Madrid - Cuadra Agrado","og_description":"El pr\u00f3ximo 5 de marzo comienza en el Hip\u00f3dromo de la Zarzuela la tan esperada temporada de primavera que nos llenar\u00e1 de galopes todos los domingos en el remodelado y espl\u00e9ndido recinto madrile\u00f1o hasta el pr\u00f3ximo 2 de Julio que se clausurar\u00e1 en la jornada del Gran Premio de Madrid. Podremos disfrutar de 19 jornadas [&hellip;]","og_url":"https:\/\/cuadra-agrado.es\/?p=2884","og_site_name":"Cuadra Agrado","article_published_time":"2017-02-22T11:58:18+00:00","article_modified_time":"2024-02-27T09:27:36+00:00","og_image":[{"url":"http:\/\/cuadra-agrado.es\/wp-content\/uploads\/2017\/02\/logo.png","type":"","width":"","height":""}],"author":"Miguel Redondo","twitter_card":"summary_large_image","twitter_creator":"@AGRADOracing","twitter_site":"@AGRADOracing","twitter_misc":{"Escrito por":"Miguel Redondo","Tiempo de lectura":"4 minutos"},"schema":{"@context":"https:\/\/schema.org","@graph":[{"@type":"Article","@id":"https:\/\/cuadra-agrado.es\/?p=2884#article","isPartOf":{"@id":"https:\/\/cuadra-agrado.es\/?p=2884"},"author":{"name":"Miguel Redondo","@id":"https:\/\/cuadra-agrado.es\/#\/schema\/person\/3aa4f8d2373cf756d93a5526bc72f31b"},"headline":"Rany\u00e1n inaugura la temporada de primavera en Madrid","datePublished":"2017-02-22T11:58:18+00:00","dateModified":"2024-02-27T09:27:36+00:00","mainEntityOfPage":{"@id":"https:\/\/cuadra-agrado.es\/?p=2884"},"wordCount":743,"image":{"@id":"https:\/\/cuadra-agrado.es\/?p=2884#primaryimage"},"thumbnailUrl":"http:\/\/cuadra-agrado.es\/wp-content\/uploads\/2017\/02\/logo.png","articleSection":["Actualidad"],"inLanguage":"es"},{"@type":"WebPage","@id":"https:\/\/cuadra-agrado.es\/?p=2884","url":"https:\/\/cuadra-agrado.es\/?p=2884","name":"Rany\u00e1n inaugura la temporada de primavera en Madrid - Cuadra Agrado","isPartOf":{"@id":"https:\/\/cuadra-agrado.es\/#website"},"primaryImageOfPage":{"@id":"https:\/\/cuadra-agrado.es\/?p=2884#primaryimage"},"image":{"@id":"https:\/\/cuadra-agrado.es\/?p=2884#primaryimage"},"thumbnailUrl":"http:\/\/cuadra-agrado.es\/wp-content\/uploads\/2017\/02\/logo.png","datePublished":"2017-02-22T11:58:18+00:00","dateModified":"2024-02-27T09:27:36+00:00","author":{"@id":"https:\/\/cuadra-agrado.es\/#\/schema\/person\/3aa4f8d2373cf756d93a5526bc72f31b"},"breadcrumb":{"@id":"https:\/\/cuadra-agrado.es\/?p=2884#breadcrumb"},"inLanguage":"es","potentialAction":[{"@type":"ReadAction","target":["https:\/\/cuadra-agrado.es\/?p=2884"]}]},{"@type":"ImageObject","inLanguage":"es","@id":"https:\/\/cuadra-agrado.es\/?p=2884#primaryimage","url":"http:\/\/cuadra-agrado.es\/wp-content\/uploads\/2017\/02\/logo.png","contentUrl":"http:\/\/cuadra-agrado.es\/wp-content\/uploads\/2017\/02\/logo.png"},{"@type":"BreadcrumbList","@id":"https:\/\/cuadra-agrado.es\/?p=2884#breadcrumb","itemListElement":[{"@type":"ListItem","position":1,"name":"Portada","item":"https:\/\/cuadra-agrado.es\/"},{"@type":"ListItem","position":2,"name":"Rany\u00e1n inaugura la temporada de primavera en Madrid"}]},{"@type":"WebSite","@id":"https:\/\/cuadra-agrado.es\/#website","url":"https:\/\/cuadra-agrado.es\/","name":"Cuadra Agrado","description":"En el mundo del Turf desde 2008","potentialAction":[{"@type":"SearchAction","target":{"@type":"EntryPoint","urlTemplate":"https:\/\/cuadra-agrado.es\/?s={search_term_string}"},"query-input":{"@type":"PropertyValueSpecification","valueRequired":true,"valueName":"search_term_string"}}],"inLanguage":"es"},{"@type":"Person","@id":"https:\/\/cuadra-agrado.es\/#\/schema\/person\/3aa4f8d2373cf756d93a5526bc72f31b","name":"Miguel Redondo","image":{"@type":"ImageObject","inLanguage":"es","@id":"https:\/\/secure.gravatar.com\/avatar\/85704fceb4fa34017e3c1344d182da00dbf772fb8856ba2b7726a2df926415b4?s=96&d=mm&r=g","url":"https:\/\/secure.gravatar.com\/avatar\/85704fceb4fa34017e3c1344d182da00dbf772fb8856ba2b7726a2df926415b4?s=96&d=mm&r=g","contentUrl":"https:\/\/secure.gravatar.com\/avatar\/85704fceb4fa34017e3c1344d182da00dbf772fb8856ba2b7726a2df926415b4?s=96&d=mm&r=g","caption":"Miguel Redondo"},"sameAs":["https:\/\/cuadra-agrado.es"],"url":"https:\/\/cuadra-agrado.es\/?author=5"}]}},"_links":{"self":[{"href":"https:\/\/cuadra-agrado.es\/index.php?rest_route=\/wp\/v2\/posts\/2884","targetHints":{"allow":["GET"]}}],"collection":[{"href":"https:\/\/cuadra-agrado.es\/index.php?rest_route=\/wp\/v2\/posts"}],"about":[{"href":"https:\/\/cuadra-agrado.es\/index.php?rest_route=\/wp\/v2\/types\/post"}],"author":[{"embeddable":true,"href":"https:\/\/cuadra-agrado.es\/index.php?rest_route=\/wp\/v2\/users\/5"}],"replies":[{"embeddable":true,"href":"https:\/\/cuadra-agrado.es\/index.php?rest_route=%2Fwp%2Fv2%2Fcomments&post=2884"}],"version-history":[{"count":0,"href":"https:\/\/cuadra-agrado.es\/index.php?rest_route=\/wp\/v2\/posts\/2884\/revisions"}],"wp:attachment":[{"href":"https:\/\/cuadra-agrado.es\/index.php?rest_route=%2Fwp%2Fv2%2Fmedia&parent=2884"}],"wp:term":[{"taxonomy":"category","embeddable":true,"href":"https:\/\/cuadra-agrado.es\/index.php?rest_route=%2Fwp%2Fv2%2Fcategories&post=2884"},{"taxonomy":"post_tag","embeddable":true,"href":"https:\/\/cuadra-agrado.es\/index.php?rest_route=%2Fwp%2Fv2%2Ftags&post=2884"}],"curies":[{"name":"wp","href":"https:\/\/api.w.org\/{rel}","templated":true}]}}