{"id":2865,"date":"2017-01-23T16:42:18","date_gmt":"2017-01-23T15:42:18","guid":{"rendered":"https:\/\/cuadra-agrado.es\/?p=2865"},"modified":"2024-02-27T09:27:38","modified_gmt":"2024-02-27T09:27:38","slug":"ultimo-furlong-magazine-entra-escena","status":"publish","type":"post","link":"https:\/\/cuadra-agrado.es\/?p=2865","title":{"rendered":"\u00abUltimo Furlong Magazine\u00bb entra en escena &#8230;.."},"content":{"rendered":"<p style=\"text-align: justify;\"><a href=\"http:\/\/cuadra-agrado.es\/wp-content\/uploads\/2017\/01\/ultimo-furl.png\" target=\"_blank\" rel=\"noopener noreferrer\"><img loading=\"lazy\" decoding=\"async\" class=\"alignleft wp-image-2862 \" src=\"http:\/\/cuadra-agrado.es\/wp-content\/uploads\/2017\/01\/ultimo-furl.png\" alt=\"ultimo furl\" width=\"367\" height=\"179\" \/><\/a>En el d\u00eda de ayer, sorprend\u00eda a trav\u00e9s de \u201ctwitter\u201d \u00a0la noticia de un nuevo proyecto de revista impresa especializada de nuestro turf \u00a0que pasar\u00e1 a denominarse \u00a0\u201cUltimo Furlong Magazine\u201d. Es sin duda, a priori, una buena noticia que inicialmente cubrir\u00e1 el gran vac\u00edo que tristemente dej\u00f3 la suspensi\u00f3n de la revista impresa \u201cA galopar\u201d el pasado diciembre y que desde hac\u00eda 20 a\u00f1os, ha sido un importante punto de apoyo para nuestra industria y a la que debemos mucho tanto aficionados como profesionales y propietarios. Desconocemos el contenido y la l\u00ednea de esta nueva publicaci\u00f3n cuyo bautismo est\u00e1 previsto para ma\u00f1ana en su primer n\u00famero, y ante las suspicacias que puede presentar la Direcci\u00f3n de la nueva editorial, queremos primero de todo, confiar en que sus contenidos, posicionamientos \u00a0y l\u00edneas informativas ofrezcan al sector una informaci\u00f3n imparcial y objetiva que sirva para sumar, y al mismo tiempo sirva tambi\u00e9n para iniciar un acercamiento necesario a una parte muy cr\u00edtica del sector marcada desde hace tiempo.<\/p>\n<p style=\"text-align: justify;\">No descubrimos nada si afirmamos que la l\u00ednea marcada por Jaime Salvador (m\u00e1ximo responsable de esta nueva publicaci\u00f3n) desde el lamentable conflicto que supuso el par\u00f3n de nuestras carreras de caballos en 2015, ha sido muy cr\u00edtica con la gesti\u00f3n y gestores de Hip\u00f3dromo de la Zarzuela y posteriormente con el \u201cJockey Club\u201d como nuevo regulador de nuestro turf. Han sido tiempos muy dif\u00edciles para nuestro sector y creemos que ser\u00eda muy positivo se volviera a remar en la misma direcci\u00f3n para seguir avanzando. La semana pasada pude asistir, como asociado, a la Asamblea General Ordinaria del JCE, y pude apreciar en los diferentes informes y disertaciones expuestas un magn\u00edfico y prometedor futuro para nuestro sector, basado inicialmente en el incremento de cuadras y caba\u00f1a de caballos estabulados en Espa\u00f1a (667 a 31\/12\/16), o la nueva integraci\u00f3n de pleno derecho en la \u201cFederaci\u00f3n Internacional\u201d en este mismo a\u00f1o 2017, adem\u00e1s de otros muchos e ilusionantes proyectos que seguro se ir\u00e1n forjando a corto y medio plazo. Es evidente que no todas las cosas se han hecho bien, y que se han cometido errores como as\u00ed constataba y asum\u00eda el propio presidente del J.C.E, como por ejemplo, un \u201cc\u00f3digo de carreras\u201d aprobado apresuradamente y que sin duda hay que ir dando forma y adaptarlo a nuestro turf como as\u00ed se har\u00e1 efectivo en el pr\u00f3ximo comit\u00e9. Adicionalmente a esto, podr\u00edamos entender que desde el punto de vista de los afines al anterior regulador, los argumentos que en su d\u00eda se publicaron para la desvinculaci\u00f3n de la extinta SFCCE como ente regulador, no fueran los m\u00e1s adecuados, pero desde un punto de vista neutral, estamos convencidos que la renovaci\u00f3n de nuestro turf deb\u00eda pasar inexorablemente por un nuevo organismo competente y sano, econ\u00f3micamente hablando, que afrontara una nueva etapa crucial para nuestro futuro. As\u00ed se hizo, bien, mal o regular y as\u00ed comenz\u00f3 una \u201cguerra civil\u201d entre dos bandos que a d\u00eda de hoy siguen batallando en un campo de rencor t\u00f3xico que echa ra\u00edces, que nos debilita y nos hace vulnerables.<\/p>\n<p style=\"text-align: justify;\">Dicho esto, creemos que la nueva publicaci\u00f3n en papel de una revista es clave para aportar m\u00e1s vida al sector, siempre y cuando el hilo conductor deje atr\u00e1s esa l\u00ednea cr\u00edtica que aporta m\u00e1s bien poco a nuestras carreras de caballos. A nuestro entender, la \u00abtripleta\u00bb perfecta que mueve nuestro turf (aficionados, profesionales y propietarios), poco o nada \u00a0les importa o interesa \u00a0todo lo relacionado con un lenguaje jur\u00eddico (demandas, litigios, requerimientos, juzgados, prevaricaci\u00f3n, etc&#8230;), siempre y cuando existan carreras de caballos reconocidas internacionalmente en los diferentes hip\u00f3dromos nacionales, como as\u00ed disfrutamos a d\u00eda de hoy. Bien es cierto que una buena cr\u00edtica constructiva aporta beneficios a la mejora de una industria, pero a d\u00eda de hoy, sin haber consolidado a\u00fan nuestro nuevo turf y todav\u00eda con unos cimientos demasiado frescos, \u00a0mantener una l\u00ednea cr\u00edtica y continuada hacia el principal pilar de apoyo, como es el Hip\u00f3dromo de la Zarzuela, o hacia el propio regulador actual de nuestra competici\u00f3n, supone un grave perjuicio al sector para seguir avanzando en un proyecto de construcci\u00f3n.<\/p>\n<p style=\"text-align: justify;\">Damos por tanto la bienvenida a esta nueva revista con el convencimiento que sus responsables nos ofrezcan una nueva cara sin rencillas ni rencores al pasado. Una revista plural, veraz, objetiva, profesional y amistosa que permita fusionar esos lazos de uni\u00f3n a un mismo turf. Este es nuestro deseo y nuestro punto de vista desde una modesta cuadra que nunca ha tomado parte en un conflicto pasado que, a nuestro entender, deber\u00edamos cerrar definitivamente. Tambi\u00e9n es cierto que en el pasado, quiz\u00e1s nos desvinculamos de la l\u00ednea cr\u00edtica y continuista de \u201cUltimo Furlong\u201d por el simple hecho de que la otra parte nos concedi\u00f3 el benepl\u00e1cito de volver a disfrutar de las carreras de caballos en pleno derecho, y por ende, de que nuestra cuadra regresara al turf, pero no tendr\u00edamos inconveniente alguno en volver a tender nuestra mano, aprovechando esta nueva etapa como punto de partida.<br \/>\nOs deseamos mucha suerte, y que el \u00e9xito sea el de todos y para todos. Ma\u00f1ana seremos uno m\u00e1s\u00a0en adquirir ese primer n\u00famero para empezar a constatar un cambio necesario.<\/p>\n<!-- AddThis Advanced Settings generic via filter on the_content --><!-- AddThis Share Buttons generic via filter on the_content -->","protected":false},"excerpt":{"rendered":"<p>En el d\u00eda de ayer, sorprend\u00eda a trav\u00e9s de \u201ctwitter\u201d \u00a0la noticia de un nuevo proyecto de revista impresa especializada de nuestro turf \u00a0que pasar\u00e1 a denominarse \u00a0\u201cUltimo Furlong Magazine\u201d. Es sin duda, a priori, una buena noticia que inicialmente cubrir\u00e1 el gran vac\u00edo que tristemente dej\u00f3 la suspensi\u00f3n de la revista impresa \u201cA galopar\u201d [&hellip;]<!-- AddThis Advanced Settings generic via filter on get_the_excerpt --><!-- AddThis Share Buttons generic via filter on get_the_excerpt --><\/p>\n","protected":false},"author":5,"featured_media":0,"comment_status":"closed","ping_status":"closed","sticky":false,"template":"","format":"gallery","meta":{"_acf_changed":false,"_et_pb_use_builder":"","_et_pb_old_content":"","_et_gb_content_width":"","footnotes":""},"categories":[3],"tags":[],"class_list":["post-2865","post","type-post","status-publish","format-gallery","hentry","category-noticias-cuadra-agrado","post_format-post-format-gallery"],"acf":[],"yoast_head":"<!-- This site is optimized with the Yoast SEO plugin v27.4 - https:\/\/yoast.com\/product\/yoast-seo-wordpress\/ -->\n<title>&quot;Ultimo Furlong Magazine&quot; entra en escena ..... - Cuadra Agrado<\/title>\n<meta name=\"robots\" content=\"index, follow, max-snippet:-1, max-image-preview:large, max-video-preview:-1\" \/>\n<link rel=\"canonical\" href=\"https:\/\/cuadra-agrado.es\/?p=2865\" \/>\n<meta property=\"og:locale\" content=\"es_ES\" \/>\n<meta property=\"og:type\" content=\"article\" \/>\n<meta property=\"og:title\" content=\"&quot;Ultimo Furlong Magazine&quot; entra en escena ..... - Cuadra Agrado\" \/>\n<meta property=\"og:description\" content=\"En el d\u00eda de ayer, sorprend\u00eda a trav\u00e9s de \u201ctwitter\u201d \u00a0la noticia de un nuevo proyecto de revista impresa especializada de nuestro turf \u00a0que pasar\u00e1 a denominarse \u00a0\u201cUltimo Furlong Magazine\u201d. Es sin duda, a priori, una buena noticia que inicialmente cubrir\u00e1 el gran vac\u00edo que tristemente dej\u00f3 la suspensi\u00f3n de la revista impresa \u201cA galopar\u201d [&hellip;]\" \/>\n<meta property=\"og:url\" content=\"https:\/\/cuadra-agrado.es\/?p=2865\" \/>\n<meta property=\"og:site_name\" content=\"Cuadra Agrado\" \/>\n<meta property=\"article:published_time\" content=\"2017-01-23T15:42:18+00:00\" \/>\n<meta property=\"article:modified_time\" content=\"2024-02-27T09:27:38+00:00\" \/>\n<meta property=\"og:image\" content=\"http:\/\/cuadra-agrado.es\/wp-content\/uploads\/2017\/01\/ultimo-furl.png\" \/>\n<meta name=\"author\" content=\"Miguel Redondo\" \/>\n<meta name=\"twitter:card\" content=\"summary_large_image\" \/>\n<meta name=\"twitter:creator\" content=\"@AGRADOracing\" \/>\n<meta name=\"twitter:site\" content=\"@AGRADOracing\" \/>\n<meta name=\"twitter:label1\" content=\"Escrito por\" \/>\n\t<meta name=\"twitter:data1\" content=\"Miguel Redondo\" \/>\n\t<meta name=\"twitter:label2\" content=\"Tiempo de lectura\" \/>\n\t<meta name=\"twitter:data2\" content=\"5 minutos\" \/>\n<script type=\"application\/ld+json\" class=\"yoast-schema-graph\">{\"@context\":\"https:\\\/\\\/schema.org\",\"@graph\":[{\"@type\":\"Article\",\"@id\":\"https:\\\/\\\/cuadra-agrado.es\\\/?p=2865#article\",\"isPartOf\":{\"@id\":\"https:\\\/\\\/cuadra-agrado.es\\\/?p=2865\"},\"author\":{\"name\":\"Miguel Redondo\",\"@id\":\"https:\\\/\\\/cuadra-agrado.es\\\/#\\\/schema\\\/person\\\/3aa4f8d2373cf756d93a5526bc72f31b\"},\"headline\":\"\u00abUltimo Furlong Magazine\u00bb entra en escena &#8230;..\",\"datePublished\":\"2017-01-23T15:42:18+00:00\",\"dateModified\":\"2024-02-27T09:27:38+00:00\",\"mainEntityOfPage\":{\"@id\":\"https:\\\/\\\/cuadra-agrado.es\\\/?p=2865\"},\"wordCount\":937,\"image\":{\"@id\":\"https:\\\/\\\/cuadra-agrado.es\\\/?p=2865#primaryimage\"},\"thumbnailUrl\":\"http:\\\/\\\/cuadra-agrado.es\\\/wp-content\\\/uploads\\\/2017\\\/01\\\/ultimo-furl.png\",\"articleSection\":[\"Actualidad\"],\"inLanguage\":\"es\"},{\"@type\":\"WebPage\",\"@id\":\"https:\\\/\\\/cuadra-agrado.es\\\/?p=2865\",\"url\":\"https:\\\/\\\/cuadra-agrado.es\\\/?p=2865\",\"name\":\"\\\"Ultimo Furlong Magazine\\\" entra en escena ..... - Cuadra Agrado\",\"isPartOf\":{\"@id\":\"https:\\\/\\\/cuadra-agrado.es\\\/#website\"},\"primaryImageOfPage\":{\"@id\":\"https:\\\/\\\/cuadra-agrado.es\\\/?p=2865#primaryimage\"},\"image\":{\"@id\":\"https:\\\/\\\/cuadra-agrado.es\\\/?p=2865#primaryimage\"},\"thumbnailUrl\":\"http:\\\/\\\/cuadra-agrado.es\\\/wp-content\\\/uploads\\\/2017\\\/01\\\/ultimo-furl.png\",\"datePublished\":\"2017-01-23T15:42:18+00:00\",\"dateModified\":\"2024-02-27T09:27:38+00:00\",\"author\":{\"@id\":\"https:\\\/\\\/cuadra-agrado.es\\\/#\\\/schema\\\/person\\\/3aa4f8d2373cf756d93a5526bc72f31b\"},\"breadcrumb\":{\"@id\":\"https:\\\/\\\/cuadra-agrado.es\\\/?p=2865#breadcrumb\"},\"inLanguage\":\"es\",\"potentialAction\":[{\"@type\":\"ReadAction\",\"target\":[\"https:\\\/\\\/cuadra-agrado.es\\\/?p=2865\"]}]},{\"@type\":\"ImageObject\",\"inLanguage\":\"es\",\"@id\":\"https:\\\/\\\/cuadra-agrado.es\\\/?p=2865#primaryimage\",\"url\":\"http:\\\/\\\/cuadra-agrado.es\\\/wp-content\\\/uploads\\\/2017\\\/01\\\/ultimo-furl.png\",\"contentUrl\":\"http:\\\/\\\/cuadra-agrado.es\\\/wp-content\\\/uploads\\\/2017\\\/01\\\/ultimo-furl.png\"},{\"@type\":\"BreadcrumbList\",\"@id\":\"https:\\\/\\\/cuadra-agrado.es\\\/?p=2865#breadcrumb\",\"itemListElement\":[{\"@type\":\"ListItem\",\"position\":1,\"name\":\"Portada\",\"item\":\"https:\\\/\\\/cuadra-agrado.es\\\/\"},{\"@type\":\"ListItem\",\"position\":2,\"name\":\"\u00abUltimo Furlong Magazine\u00bb entra en escena &#8230;..\"}]},{\"@type\":\"WebSite\",\"@id\":\"https:\\\/\\\/cuadra-agrado.es\\\/#website\",\"url\":\"https:\\\/\\\/cuadra-agrado.es\\\/\",\"name\":\"Cuadra Agrado\",\"description\":\"En el mundo del Turf desde 2008\",\"potentialAction\":[{\"@type\":\"SearchAction\",\"target\":{\"@type\":\"EntryPoint\",\"urlTemplate\":\"https:\\\/\\\/cuadra-agrado.es\\\/?s={search_term_string}\"},\"query-input\":{\"@type\":\"PropertyValueSpecification\",\"valueRequired\":true,\"valueName\":\"search_term_string\"}}],\"inLanguage\":\"es\"},{\"@type\":\"Person\",\"@id\":\"https:\\\/\\\/cuadra-agrado.es\\\/#\\\/schema\\\/person\\\/3aa4f8d2373cf756d93a5526bc72f31b\",\"name\":\"Miguel Redondo\",\"image\":{\"@type\":\"ImageObject\",\"inLanguage\":\"es\",\"@id\":\"https:\\\/\\\/secure.gravatar.com\\\/avatar\\\/85704fceb4fa34017e3c1344d182da00dbf772fb8856ba2b7726a2df926415b4?s=96&d=mm&r=g\",\"url\":\"https:\\\/\\\/secure.gravatar.com\\\/avatar\\\/85704fceb4fa34017e3c1344d182da00dbf772fb8856ba2b7726a2df926415b4?s=96&d=mm&r=g\",\"contentUrl\":\"https:\\\/\\\/secure.gravatar.com\\\/avatar\\\/85704fceb4fa34017e3c1344d182da00dbf772fb8856ba2b7726a2df926415b4?s=96&d=mm&r=g\",\"caption\":\"Miguel Redondo\"},\"sameAs\":[\"https:\\\/\\\/cuadra-agrado.es\"],\"url\":\"https:\\\/\\\/cuadra-agrado.es\\\/?author=5\"}]}<\/script>\n<!-- \/ Yoast SEO plugin. -->","yoast_head_json":{"title":"\"Ultimo Furlong Magazine\" entra en escena ..... - Cuadra Agrado","robots":{"index":"index","follow":"follow","max-snippet":"max-snippet:-1","max-image-preview":"max-image-preview:large","max-video-preview":"max-video-preview:-1"},"canonical":"https:\/\/cuadra-agrado.es\/?p=2865","og_locale":"es_ES","og_type":"article","og_title":"\"Ultimo Furlong Magazine\" entra en escena ..... - Cuadra Agrado","og_description":"En el d\u00eda de ayer, sorprend\u00eda a trav\u00e9s de \u201ctwitter\u201d \u00a0la noticia de un nuevo proyecto de revista impresa especializada de nuestro turf \u00a0que pasar\u00e1 a denominarse \u00a0\u201cUltimo Furlong Magazine\u201d. Es sin duda, a priori, una buena noticia que inicialmente cubrir\u00e1 el gran vac\u00edo que tristemente dej\u00f3 la suspensi\u00f3n de la revista impresa \u201cA galopar\u201d [&hellip;]","og_url":"https:\/\/cuadra-agrado.es\/?p=2865","og_site_name":"Cuadra Agrado","article_published_time":"2017-01-23T15:42:18+00:00","article_modified_time":"2024-02-27T09:27:38+00:00","og_image":[{"url":"http:\/\/cuadra-agrado.es\/wp-content\/uploads\/2017\/01\/ultimo-furl.png","type":"","width":"","height":""}],"author":"Miguel Redondo","twitter_card":"summary_large_image","twitter_creator":"@AGRADOracing","twitter_site":"@AGRADOracing","twitter_misc":{"Escrito por":"Miguel Redondo","Tiempo de lectura":"5 minutos"},"schema":{"@context":"https:\/\/schema.org","@graph":[{"@type":"Article","@id":"https:\/\/cuadra-agrado.es\/?p=2865#article","isPartOf":{"@id":"https:\/\/cuadra-agrado.es\/?p=2865"},"author":{"name":"Miguel Redondo","@id":"https:\/\/cuadra-agrado.es\/#\/schema\/person\/3aa4f8d2373cf756d93a5526bc72f31b"},"headline":"\u00abUltimo Furlong Magazine\u00bb entra en escena &#8230;..","datePublished":"2017-01-23T15:42:18+00:00","dateModified":"2024-02-27T09:27:38+00:00","mainEntityOfPage":{"@id":"https:\/\/cuadra-agrado.es\/?p=2865"},"wordCount":937,"image":{"@id":"https:\/\/cuadra-agrado.es\/?p=2865#primaryimage"},"thumbnailUrl":"http:\/\/cuadra-agrado.es\/wp-content\/uploads\/2017\/01\/ultimo-furl.png","articleSection":["Actualidad"],"inLanguage":"es"},{"@type":"WebPage","@id":"https:\/\/cuadra-agrado.es\/?p=2865","url":"https:\/\/cuadra-agrado.es\/?p=2865","name":"\"Ultimo Furlong Magazine\" entra en escena ..... - Cuadra Agrado","isPartOf":{"@id":"https:\/\/cuadra-agrado.es\/#website"},"primaryImageOfPage":{"@id":"https:\/\/cuadra-agrado.es\/?p=2865#primaryimage"},"image":{"@id":"https:\/\/cuadra-agrado.es\/?p=2865#primaryimage"},"thumbnailUrl":"http:\/\/cuadra-agrado.es\/wp-content\/uploads\/2017\/01\/ultimo-furl.png","datePublished":"2017-01-23T15:42:18+00:00","dateModified":"2024-02-27T09:27:38+00:00","author":{"@id":"https:\/\/cuadra-agrado.es\/#\/schema\/person\/3aa4f8d2373cf756d93a5526bc72f31b"},"breadcrumb":{"@id":"https:\/\/cuadra-agrado.es\/?p=2865#breadcrumb"},"inLanguage":"es","potentialAction":[{"@type":"ReadAction","target":["https:\/\/cuadra-agrado.es\/?p=2865"]}]},{"@type":"ImageObject","inLanguage":"es","@id":"https:\/\/cuadra-agrado.es\/?p=2865#primaryimage","url":"http:\/\/cuadra-agrado.es\/wp-content\/uploads\/2017\/01\/ultimo-furl.png","contentUrl":"http:\/\/cuadra-agrado.es\/wp-content\/uploads\/2017\/01\/ultimo-furl.png"},{"@type":"BreadcrumbList","@id":"https:\/\/cuadra-agrado.es\/?p=2865#breadcrumb","itemListElement":[{"@type":"ListItem","position":1,"name":"Portada","item":"https:\/\/cuadra-agrado.es\/"},{"@type":"ListItem","position":2,"name":"\u00abUltimo Furlong Magazine\u00bb entra en escena &#8230;.."}]},{"@type":"WebSite","@id":"https:\/\/cuadra-agrado.es\/#website","url":"https:\/\/cuadra-agrado.es\/","name":"Cuadra Agrado","description":"En el mundo del Turf desde 2008","potentialAction":[{"@type":"SearchAction","target":{"@type":"EntryPoint","urlTemplate":"https:\/\/cuadra-agrado.es\/?s={search_term_string}"},"query-input":{"@type":"PropertyValueSpecification","valueRequired":true,"valueName":"search_term_string"}}],"inLanguage":"es"},{"@type":"Person","@id":"https:\/\/cuadra-agrado.es\/#\/schema\/person\/3aa4f8d2373cf756d93a5526bc72f31b","name":"Miguel Redondo","image":{"@type":"ImageObject","inLanguage":"es","@id":"https:\/\/secure.gravatar.com\/avatar\/85704fceb4fa34017e3c1344d182da00dbf772fb8856ba2b7726a2df926415b4?s=96&d=mm&r=g","url":"https:\/\/secure.gravatar.com\/avatar\/85704fceb4fa34017e3c1344d182da00dbf772fb8856ba2b7726a2df926415b4?s=96&d=mm&r=g","contentUrl":"https:\/\/secure.gravatar.com\/avatar\/85704fceb4fa34017e3c1344d182da00dbf772fb8856ba2b7726a2df926415b4?s=96&d=mm&r=g","caption":"Miguel Redondo"},"sameAs":["https:\/\/cuadra-agrado.es"],"url":"https:\/\/cuadra-agrado.es\/?author=5"}]}},"_links":{"self":[{"href":"https:\/\/cuadra-agrado.es\/index.php?rest_route=\/wp\/v2\/posts\/2865","targetHints":{"allow":["GET"]}}],"collection":[{"href":"https:\/\/cuadra-agrado.es\/index.php?rest_route=\/wp\/v2\/posts"}],"about":[{"href":"https:\/\/cuadra-agrado.es\/index.php?rest_route=\/wp\/v2\/types\/post"}],"author":[{"embeddable":true,"href":"https:\/\/cuadra-agrado.es\/index.php?rest_route=\/wp\/v2\/users\/5"}],"replies":[{"embeddable":true,"href":"https:\/\/cuadra-agrado.es\/index.php?rest_route=%2Fwp%2Fv2%2Fcomments&post=2865"}],"version-history":[{"count":0,"href":"https:\/\/cuadra-agrado.es\/index.php?rest_route=\/wp\/v2\/posts\/2865\/revisions"}],"wp:attachment":[{"href":"https:\/\/cuadra-agrado.es\/index.php?rest_route=%2Fwp%2Fv2%2Fmedia&parent=2865"}],"wp:term":[{"taxonomy":"category","embeddable":true,"href":"https:\/\/cuadra-agrado.es\/index.php?rest_route=%2Fwp%2Fv2%2Fcategories&post=2865"},{"taxonomy":"post_tag","embeddable":true,"href":"https:\/\/cuadra-agrado.es\/index.php?rest_route=%2Fwp%2Fv2%2Ftags&post=2865"}],"curies":[{"name":"wp","href":"https:\/\/api.w.org\/{rel}","templated":true}]}}