{"id":2847,"date":"2017-01-16T09:18:05","date_gmt":"2017-01-16T08:18:05","guid":{"rendered":"https:\/\/cuadra-agrado.es\/?p=2847"},"modified":"2024-02-27T09:27:38","modified_gmt":"2024-02-27T09:27:38","slug":"desapercibida-salida-parisien-blue-dos-hermanas","status":"publish","type":"post","link":"https:\/\/cuadra-agrado.es\/?p=2847","title":{"rendered":"Desapercibida salida de Parisien Blue en Dos Hermanas"},"content":{"rendered":"<p style=\"text-align: justify;\"><a href=\"http:\/\/cuadra-agrado.es\/wp-content\/uploads\/2017\/01\/Parisien-Blue-DH.jpg\" target=\"_blank\" rel=\"noopener noreferrer\"><img loading=\"lazy\" decoding=\"async\" class=\"alignleft wp-image-2848 \" src=\"http:\/\/cuadra-agrado.es\/wp-content\/uploads\/2017\/01\/Parisien-Blue-DH-300x218.jpg\" alt=\"Parisien Blue DH\" width=\"325\" height=\"236\" \/><\/a>Tras un ilusionante debut hace apenas mes y medio, nos lleg\u00f3 ayer esa peque\u00f1a decepci\u00f3n que de vez en cuando nos ofrece la idiosincrasia del turf, por eso es tan grande esta bendita afici\u00f3n, capaz de elevarte por las nubes y bajarte despu\u00e9s para tocar el suelo como si en una monta\u00f1a rusa viajaras constantemente. Aunque esper\u00e1bamos algo m\u00e1s de \u201cParisien Blue\u201d, no nos aport\u00f3 ning\u00fan nuevo destello de calidad en un desapercibido debut ayer en la pista sevillana de \u201cDos Hermanas\u201d. Como ya anticip\u00e1bamos en nuestra previa, busc\u00e1bamos \u00fanicamente en esta segunda salida ganar experiencia en competici\u00f3n e iniciar una puesta en marcha en esta primera toma de contacto del a\u00f1o. El potro ven\u00eda muy falto de trabajos y forma, y era realmente complicado poder luchar esta prueba con otros contrastados, ya muy rodados y con mucha competici\u00f3n en su cabeza en una edad cl\u00e1sica donde esto es primordial.<\/p>\n<p style=\"text-align: justify;\">Aun as\u00ed, esper\u00e1bamos algo m\u00e1s de uno de nuestros baluartes para este a\u00f1o 2017. Como propietarios, que all\u00ed estuvimos acompa\u00f1\u00e1ndole, nos hubiera gustado verle mucho m\u00e1s delante en el recorrido para haber podido medir su condici\u00f3n en los \u00faltimos furlones, pero el destino quiso que no fuera as\u00ed. Nos gustar\u00eda pensar que un recorrido m\u00e1s atrevido y valiente hubiera deparado una mejor posici\u00f3n en la llegada, al menos as\u00ed lo vemos si tenemos en cuenta que los cuerpos de desventaja sobre el ganador de la prueba fueron pr\u00e1cticamente los mismos que regalamos en los primeros 100 metros con una salida, a nuestro entender, demasiado comedida. Ya desde el golpe de cajones, pas\u00f3 a un segundo plano en un grupo rezagado con respecto al que lideraba la prueba, y un alto ritmo impuesto por los punteros en una pista muy r\u00e1pida, no permiti\u00f3 en ning\u00fan momento poder enganchar con ellos. Por otro lado, ya est\u00e1 empezando a darnos se\u00f1ales de su comportamiento en pista y una conclusi\u00f3n clara que extrajimos de la carrera de ayer es que, al menos en estas primeras pruebas, parece no esforzarse demasiado con muchos rivales por delante, y su asustadiza condici\u00f3n le hace solamente seguir un ritmo desde atr\u00e1s, acompa\u00f1ando la acci\u00f3n de carrera pero sin un cambio de ritmo que le ayude a progresar al final del recorrido. Conclusiones estas que desde ya las guardamos en la base de datos para ir avanzando en \u00f3rdenes futuras.<\/p>\n<p style=\"text-align: justify;\">El \u00fanico aspecto positivo es que tiene una m\u00e1s en su haber y nos sirve para seguir sumando experiencia y conociendo al potro. Necesitamos al menos un par de salidas m\u00e1s para hacer una valoraci\u00f3n que nos permita conocer su calidad y su futuro, y confiamos en que en las pr\u00f3ximas podamos ir avanzando y generando esa confianza necesaria. Es un potro del que esperamos mucho, con muy buen origen nacional y un magn\u00edfico f\u00edsico, solamente la paciencia en estas primeras citas, y la evoluci\u00f3n en el trabajo diario nos ofrecer\u00e1n ese anhelo que buscamos en \u00e9l.<\/p>\n<p style=\"text-align: justify;\">Vamos a ver c\u00f3mo le ha sentado la carrera en esta semana, y sobre lo que nuestro preparador pueda valorar, podremos volver a pista en tres semanas para disputar una tercera en mejores condiciones de forma y con mayor confianza.<\/p>\n<!-- AddThis Advanced Settings generic via filter on the_content --><!-- AddThis Share Buttons generic via filter on the_content -->","protected":false},"excerpt":{"rendered":"<p>Tras un ilusionante debut hace apenas mes y medio, nos lleg\u00f3 ayer esa peque\u00f1a decepci\u00f3n que de vez en cuando nos ofrece la idiosincrasia del turf, por eso es tan grande esta bendita afici\u00f3n, capaz de elevarte por las nubes y bajarte despu\u00e9s para tocar el suelo como si en una monta\u00f1a rusa viajaras constantemente. [&hellip;]<!-- AddThis Advanced Settings generic via filter on get_the_excerpt --><!-- AddThis Share Buttons generic via filter on get_the_excerpt --><\/p>\n","protected":false},"author":5,"featured_media":0,"comment_status":"closed","ping_status":"closed","sticky":false,"template":"","format":"gallery","meta":{"_acf_changed":false,"_et_pb_use_builder":"","_et_pb_old_content":"","_et_gb_content_width":"","footnotes":""},"categories":[3],"tags":[],"class_list":["post-2847","post","type-post","status-publish","format-gallery","hentry","category-noticias-cuadra-agrado","post_format-post-format-gallery"],"acf":[],"yoast_head":"<!-- This site is optimized with the Yoast SEO plugin v27.4 - https:\/\/yoast.com\/product\/yoast-seo-wordpress\/ -->\n<title>Desapercibida salida de Parisien Blue en Dos Hermanas - Cuadra Agrado<\/title>\n<meta name=\"robots\" content=\"index, follow, max-snippet:-1, max-image-preview:large, max-video-preview:-1\" \/>\n<link rel=\"canonical\" href=\"https:\/\/cuadra-agrado.es\/?p=2847\" \/>\n<meta property=\"og:locale\" content=\"es_ES\" \/>\n<meta property=\"og:type\" content=\"article\" \/>\n<meta property=\"og:title\" content=\"Desapercibida salida de Parisien Blue en Dos Hermanas - Cuadra Agrado\" \/>\n<meta property=\"og:description\" content=\"Tras un ilusionante debut hace apenas mes y medio, nos lleg\u00f3 ayer esa peque\u00f1a decepci\u00f3n que de vez en cuando nos ofrece la idiosincrasia del turf, por eso es tan grande esta bendita afici\u00f3n, capaz de elevarte por las nubes y bajarte despu\u00e9s para tocar el suelo como si en una monta\u00f1a rusa viajaras constantemente. [&hellip;]\" \/>\n<meta property=\"og:url\" content=\"https:\/\/cuadra-agrado.es\/?p=2847\" \/>\n<meta property=\"og:site_name\" content=\"Cuadra Agrado\" \/>\n<meta property=\"article:published_time\" content=\"2017-01-16T08:18:05+00:00\" \/>\n<meta property=\"article:modified_time\" content=\"2024-02-27T09:27:38+00:00\" \/>\n<meta property=\"og:image\" content=\"http:\/\/cuadra-agrado.es\/wp-content\/uploads\/2017\/01\/Parisien-Blue-DH-300x218.jpg\" \/>\n<meta name=\"author\" content=\"Miguel Redondo\" \/>\n<meta name=\"twitter:card\" content=\"summary_large_image\" \/>\n<meta name=\"twitter:creator\" content=\"@AGRADOracing\" \/>\n<meta name=\"twitter:site\" content=\"@AGRADOracing\" \/>\n<meta name=\"twitter:label1\" content=\"Escrito por\" \/>\n\t<meta name=\"twitter:data1\" content=\"Miguel Redondo\" \/>\n\t<meta name=\"twitter:label2\" content=\"Tiempo de lectura\" \/>\n\t<meta name=\"twitter:data2\" content=\"3 minutos\" \/>\n<script type=\"application\/ld+json\" class=\"yoast-schema-graph\">{\"@context\":\"https:\\\/\\\/schema.org\",\"@graph\":[{\"@type\":\"Article\",\"@id\":\"https:\\\/\\\/cuadra-agrado.es\\\/?p=2847#article\",\"isPartOf\":{\"@id\":\"https:\\\/\\\/cuadra-agrado.es\\\/?p=2847\"},\"author\":{\"name\":\"Miguel Redondo\",\"@id\":\"https:\\\/\\\/cuadra-agrado.es\\\/#\\\/schema\\\/person\\\/3aa4f8d2373cf756d93a5526bc72f31b\"},\"headline\":\"Desapercibida salida de Parisien Blue en Dos Hermanas\",\"datePublished\":\"2017-01-16T08:18:05+00:00\",\"dateModified\":\"2024-02-27T09:27:38+00:00\",\"mainEntityOfPage\":{\"@id\":\"https:\\\/\\\/cuadra-agrado.es\\\/?p=2847\"},\"wordCount\":576,\"image\":{\"@id\":\"https:\\\/\\\/cuadra-agrado.es\\\/?p=2847#primaryimage\"},\"thumbnailUrl\":\"http:\\\/\\\/cuadra-agrado.es\\\/wp-content\\\/uploads\\\/2017\\\/01\\\/Parisien-Blue-DH-300x218.jpg\",\"articleSection\":[\"Actualidad\"],\"inLanguage\":\"es\"},{\"@type\":\"WebPage\",\"@id\":\"https:\\\/\\\/cuadra-agrado.es\\\/?p=2847\",\"url\":\"https:\\\/\\\/cuadra-agrado.es\\\/?p=2847\",\"name\":\"Desapercibida salida de Parisien Blue en Dos Hermanas - Cuadra Agrado\",\"isPartOf\":{\"@id\":\"https:\\\/\\\/cuadra-agrado.es\\\/#website\"},\"primaryImageOfPage\":{\"@id\":\"https:\\\/\\\/cuadra-agrado.es\\\/?p=2847#primaryimage\"},\"image\":{\"@id\":\"https:\\\/\\\/cuadra-agrado.es\\\/?p=2847#primaryimage\"},\"thumbnailUrl\":\"http:\\\/\\\/cuadra-agrado.es\\\/wp-content\\\/uploads\\\/2017\\\/01\\\/Parisien-Blue-DH-300x218.jpg\",\"datePublished\":\"2017-01-16T08:18:05+00:00\",\"dateModified\":\"2024-02-27T09:27:38+00:00\",\"author\":{\"@id\":\"https:\\\/\\\/cuadra-agrado.es\\\/#\\\/schema\\\/person\\\/3aa4f8d2373cf756d93a5526bc72f31b\"},\"breadcrumb\":{\"@id\":\"https:\\\/\\\/cuadra-agrado.es\\\/?p=2847#breadcrumb\"},\"inLanguage\":\"es\",\"potentialAction\":[{\"@type\":\"ReadAction\",\"target\":[\"https:\\\/\\\/cuadra-agrado.es\\\/?p=2847\"]}]},{\"@type\":\"ImageObject\",\"inLanguage\":\"es\",\"@id\":\"https:\\\/\\\/cuadra-agrado.es\\\/?p=2847#primaryimage\",\"url\":\"http:\\\/\\\/cuadra-agrado.es\\\/wp-content\\\/uploads\\\/2017\\\/01\\\/Parisien-Blue-DH-300x218.jpg\",\"contentUrl\":\"http:\\\/\\\/cuadra-agrado.es\\\/wp-content\\\/uploads\\\/2017\\\/01\\\/Parisien-Blue-DH-300x218.jpg\"},{\"@type\":\"BreadcrumbList\",\"@id\":\"https:\\\/\\\/cuadra-agrado.es\\\/?p=2847#breadcrumb\",\"itemListElement\":[{\"@type\":\"ListItem\",\"position\":1,\"name\":\"Portada\",\"item\":\"https:\\\/\\\/cuadra-agrado.es\\\/\"},{\"@type\":\"ListItem\",\"position\":2,\"name\":\"Desapercibida salida de Parisien Blue en Dos Hermanas\"}]},{\"@type\":\"WebSite\",\"@id\":\"https:\\\/\\\/cuadra-agrado.es\\\/#website\",\"url\":\"https:\\\/\\\/cuadra-agrado.es\\\/\",\"name\":\"Cuadra Agrado\",\"description\":\"En el mundo del Turf desde 2008\",\"potentialAction\":[{\"@type\":\"SearchAction\",\"target\":{\"@type\":\"EntryPoint\",\"urlTemplate\":\"https:\\\/\\\/cuadra-agrado.es\\\/?s={search_term_string}\"},\"query-input\":{\"@type\":\"PropertyValueSpecification\",\"valueRequired\":true,\"valueName\":\"search_term_string\"}}],\"inLanguage\":\"es\"},{\"@type\":\"Person\",\"@id\":\"https:\\\/\\\/cuadra-agrado.es\\\/#\\\/schema\\\/person\\\/3aa4f8d2373cf756d93a5526bc72f31b\",\"name\":\"Miguel Redondo\",\"image\":{\"@type\":\"ImageObject\",\"inLanguage\":\"es\",\"@id\":\"https:\\\/\\\/secure.gravatar.com\\\/avatar\\\/85704fceb4fa34017e3c1344d182da00dbf772fb8856ba2b7726a2df926415b4?s=96&d=mm&r=g\",\"url\":\"https:\\\/\\\/secure.gravatar.com\\\/avatar\\\/85704fceb4fa34017e3c1344d182da00dbf772fb8856ba2b7726a2df926415b4?s=96&d=mm&r=g\",\"contentUrl\":\"https:\\\/\\\/secure.gravatar.com\\\/avatar\\\/85704fceb4fa34017e3c1344d182da00dbf772fb8856ba2b7726a2df926415b4?s=96&d=mm&r=g\",\"caption\":\"Miguel Redondo\"},\"sameAs\":[\"https:\\\/\\\/cuadra-agrado.es\"],\"url\":\"https:\\\/\\\/cuadra-agrado.es\\\/?author=5\"}]}<\/script>\n<!-- \/ Yoast SEO plugin. -->","yoast_head_json":{"title":"Desapercibida salida de Parisien Blue en Dos Hermanas - Cuadra Agrado","robots":{"index":"index","follow":"follow","max-snippet":"max-snippet:-1","max-image-preview":"max-image-preview:large","max-video-preview":"max-video-preview:-1"},"canonical":"https:\/\/cuadra-agrado.es\/?p=2847","og_locale":"es_ES","og_type":"article","og_title":"Desapercibida salida de Parisien Blue en Dos Hermanas - Cuadra Agrado","og_description":"Tras un ilusionante debut hace apenas mes y medio, nos lleg\u00f3 ayer esa peque\u00f1a decepci\u00f3n que de vez en cuando nos ofrece la idiosincrasia del turf, por eso es tan grande esta bendita afici\u00f3n, capaz de elevarte por las nubes y bajarte despu\u00e9s para tocar el suelo como si en una monta\u00f1a rusa viajaras constantemente. [&hellip;]","og_url":"https:\/\/cuadra-agrado.es\/?p=2847","og_site_name":"Cuadra Agrado","article_published_time":"2017-01-16T08:18:05+00:00","article_modified_time":"2024-02-27T09:27:38+00:00","og_image":[{"url":"http:\/\/cuadra-agrado.es\/wp-content\/uploads\/2017\/01\/Parisien-Blue-DH-300x218.jpg","type":"","width":"","height":""}],"author":"Miguel Redondo","twitter_card":"summary_large_image","twitter_creator":"@AGRADOracing","twitter_site":"@AGRADOracing","twitter_misc":{"Escrito por":"Miguel Redondo","Tiempo de lectura":"3 minutos"},"schema":{"@context":"https:\/\/schema.org","@graph":[{"@type":"Article","@id":"https:\/\/cuadra-agrado.es\/?p=2847#article","isPartOf":{"@id":"https:\/\/cuadra-agrado.es\/?p=2847"},"author":{"name":"Miguel Redondo","@id":"https:\/\/cuadra-agrado.es\/#\/schema\/person\/3aa4f8d2373cf756d93a5526bc72f31b"},"headline":"Desapercibida salida de Parisien Blue en Dos Hermanas","datePublished":"2017-01-16T08:18:05+00:00","dateModified":"2024-02-27T09:27:38+00:00","mainEntityOfPage":{"@id":"https:\/\/cuadra-agrado.es\/?p=2847"},"wordCount":576,"image":{"@id":"https:\/\/cuadra-agrado.es\/?p=2847#primaryimage"},"thumbnailUrl":"http:\/\/cuadra-agrado.es\/wp-content\/uploads\/2017\/01\/Parisien-Blue-DH-300x218.jpg","articleSection":["Actualidad"],"inLanguage":"es"},{"@type":"WebPage","@id":"https:\/\/cuadra-agrado.es\/?p=2847","url":"https:\/\/cuadra-agrado.es\/?p=2847","name":"Desapercibida salida de Parisien Blue en Dos Hermanas - Cuadra Agrado","isPartOf":{"@id":"https:\/\/cuadra-agrado.es\/#website"},"primaryImageOfPage":{"@id":"https:\/\/cuadra-agrado.es\/?p=2847#primaryimage"},"image":{"@id":"https:\/\/cuadra-agrado.es\/?p=2847#primaryimage"},"thumbnailUrl":"http:\/\/cuadra-agrado.es\/wp-content\/uploads\/2017\/01\/Parisien-Blue-DH-300x218.jpg","datePublished":"2017-01-16T08:18:05+00:00","dateModified":"2024-02-27T09:27:38+00:00","author":{"@id":"https:\/\/cuadra-agrado.es\/#\/schema\/person\/3aa4f8d2373cf756d93a5526bc72f31b"},"breadcrumb":{"@id":"https:\/\/cuadra-agrado.es\/?p=2847#breadcrumb"},"inLanguage":"es","potentialAction":[{"@type":"ReadAction","target":["https:\/\/cuadra-agrado.es\/?p=2847"]}]},{"@type":"ImageObject","inLanguage":"es","@id":"https:\/\/cuadra-agrado.es\/?p=2847#primaryimage","url":"http:\/\/cuadra-agrado.es\/wp-content\/uploads\/2017\/01\/Parisien-Blue-DH-300x218.jpg","contentUrl":"http:\/\/cuadra-agrado.es\/wp-content\/uploads\/2017\/01\/Parisien-Blue-DH-300x218.jpg"},{"@type":"BreadcrumbList","@id":"https:\/\/cuadra-agrado.es\/?p=2847#breadcrumb","itemListElement":[{"@type":"ListItem","position":1,"name":"Portada","item":"https:\/\/cuadra-agrado.es\/"},{"@type":"ListItem","position":2,"name":"Desapercibida salida de Parisien Blue en Dos Hermanas"}]},{"@type":"WebSite","@id":"https:\/\/cuadra-agrado.es\/#website","url":"https:\/\/cuadra-agrado.es\/","name":"Cuadra Agrado","description":"En el mundo del Turf desde 2008","potentialAction":[{"@type":"SearchAction","target":{"@type":"EntryPoint","urlTemplate":"https:\/\/cuadra-agrado.es\/?s={search_term_string}"},"query-input":{"@type":"PropertyValueSpecification","valueRequired":true,"valueName":"search_term_string"}}],"inLanguage":"es"},{"@type":"Person","@id":"https:\/\/cuadra-agrado.es\/#\/schema\/person\/3aa4f8d2373cf756d93a5526bc72f31b","name":"Miguel Redondo","image":{"@type":"ImageObject","inLanguage":"es","@id":"https:\/\/secure.gravatar.com\/avatar\/85704fceb4fa34017e3c1344d182da00dbf772fb8856ba2b7726a2df926415b4?s=96&d=mm&r=g","url":"https:\/\/secure.gravatar.com\/avatar\/85704fceb4fa34017e3c1344d182da00dbf772fb8856ba2b7726a2df926415b4?s=96&d=mm&r=g","contentUrl":"https:\/\/secure.gravatar.com\/avatar\/85704fceb4fa34017e3c1344d182da00dbf772fb8856ba2b7726a2df926415b4?s=96&d=mm&r=g","caption":"Miguel Redondo"},"sameAs":["https:\/\/cuadra-agrado.es"],"url":"https:\/\/cuadra-agrado.es\/?author=5"}]}},"_links":{"self":[{"href":"https:\/\/cuadra-agrado.es\/index.php?rest_route=\/wp\/v2\/posts\/2847","targetHints":{"allow":["GET"]}}],"collection":[{"href":"https:\/\/cuadra-agrado.es\/index.php?rest_route=\/wp\/v2\/posts"}],"about":[{"href":"https:\/\/cuadra-agrado.es\/index.php?rest_route=\/wp\/v2\/types\/post"}],"author":[{"embeddable":true,"href":"https:\/\/cuadra-agrado.es\/index.php?rest_route=\/wp\/v2\/users\/5"}],"replies":[{"embeddable":true,"href":"https:\/\/cuadra-agrado.es\/index.php?rest_route=%2Fwp%2Fv2%2Fcomments&post=2847"}],"version-history":[{"count":0,"href":"https:\/\/cuadra-agrado.es\/index.php?rest_route=\/wp\/v2\/posts\/2847\/revisions"}],"wp:attachment":[{"href":"https:\/\/cuadra-agrado.es\/index.php?rest_route=%2Fwp%2Fv2%2Fmedia&parent=2847"}],"wp:term":[{"taxonomy":"category","embeddable":true,"href":"https:\/\/cuadra-agrado.es\/index.php?rest_route=%2Fwp%2Fv2%2Fcategories&post=2847"},{"taxonomy":"post_tag","embeddable":true,"href":"https:\/\/cuadra-agrado.es\/index.php?rest_route=%2Fwp%2Fv2%2Ftags&post=2847"}],"curies":[{"name":"wp","href":"https:\/\/api.w.org\/{rel}","templated":true}]}}