{"id":2828,"date":"2017-01-09T15:55:33","date_gmt":"2017-01-09T14:55:33","guid":{"rendered":"https:\/\/cuadra-agrado.es\/?p=2828"},"modified":"2024-02-27T09:27:38","modified_gmt":"2024-02-27T09:27:38","slug":"parisien-blue-inaugura-ano-turf-2017","status":"publish","type":"post","link":"https:\/\/cuadra-agrado.es\/?p=2828","title":{"rendered":"Parisien Blue inaugura nuestro a\u00f1o 2017"},"content":{"rendered":"<p style=\"text-align: justify;\"><a href=\"http:\/\/cuadra-agrado.es\/wp-content\/uploads\/2016\/11\/parisien.jpg\" target=\"_blank\" rel=\"noopener noreferrer\"><img loading=\"lazy\" decoding=\"async\" class=\"alignleft wp-image-2778 size-medium\" src=\"http:\/\/cuadra-agrado.es\/wp-content\/uploads\/2016\/11\/parisien-300x169.jpg\" alt=\"parisien\" width=\"300\" height=\"169\" \/><\/a>El primero de nuestros efectivos en inaugurar 2017 corresponder\u00e1 a \u201cParisien Blue\u201d (Diktat &amp; Gatz), que disputar\u00e1 este pr\u00f3ximo domingo su segunda carrera en competici\u00f3n en el Gran Hip\u00f3dromo de Dos Hermanas coincidiendo con la tercera jornada de la temporada de invierno nazarena. Una prueba de condici\u00f3n para potros de tres a\u00f1os que no hayan ganado 16.000 euros en premios y colocaciones durante el pasado a\u00f1o sobre la distancia de 1.800 metros.<\/p>\n<p style=\"text-align: justify;\">Con solo una carrera en su haber, \u00a0ser\u00e1 dif\u00edcil salir a luchar esta segunda en igualdad de condiciones que otros en mejor forma y con m\u00e1s competici\u00f3n a su espalda, por lo que buscamos en esta salida contrastar valor, distancia y terreno firme sabiendo que el blando no le fue mal en su primera. A priori, no es la mejor prueba para el nuestro, primero porque el tercer puesto en su debut le impide incluso recibir descargo alguno, y en segundo lugar porque en el lote de once participantes que se citan en la prueba, figuran al menos dos ejemplares con un valor ya contrastado y muy superior al que\u00a0hasta la fecha ha ofrecido el nuestro con solo una salida. Aun no siendo estas las mejores condiciones, nuestra intenci\u00f3n es ir poco a poco incrementando su nivel, e ir viendo la evoluci\u00f3n esperada con vistas a la pr\u00f3xima temporada de primera de Madrid que es nuestro principal objetivo.<br \/>\nPor otro lado, se le disminuy\u00f3 el ritmo de trabajo despu\u00e9s de un muy digno debut el pasado diciembre,\u00a0 y quiz\u00e1s llega algo falto de trabajos a esta primera cita del a\u00f1o, pero reiteramos que el caballo necesita comenzar a competir de cara a la primavera y coger esa experiencia que le falta con respecto a los de su misma edad debido a un tard\u00edo debut.<\/p>\n<p style=\"text-align: justify;\">A nuestro favor tenemos una monta de garant\u00eda como es el actual ganador de la estad\u00edstica 2016. Borja Fayos siempre fiel a nuestros colores y al que le agradecemos nuevamente su confianza subi\u00e9ndose al nuestro, nos ofrece ese plus que confieren sus manos para tratar de aleccionarle en estas primeras citas de su vida en competici\u00f3n. Aprenderemos tambi\u00e9n de lo que \u00e9l sienta durante el recorrido, que a buen seguro ser\u00e1\u00a0 muy tenido en cuenta por nuestra preparaci\u00f3n para el futuro.<\/p>\n<p style=\"text-align: justify;\">Esperamos por tanto una continuidad a un buen debut para seguir contrastando poco a poco su valor, pero siendo realistas, sin demasiadas opciones de estar en la lucha por la victoria a estas alturas del reci\u00e9n comenzado a\u00f1o. Solo el fallo de\u00a0 alg\u00fan favorito,\u00a0 podr\u00eda ofrecernos una buena opci\u00f3n de figurar m\u00e1s arriba de lo indicado en sus trabajos y forma, y ah\u00ed estaremos muy atentos para tratar de aprovecharlo y comenzar con buen pie este a\u00f1o 2017.<\/p>\n<p style=\"text-align: justify;\">Mucha Suerte equipo!!!<\/p>\n<!-- AddThis Advanced Settings generic via filter on the_content --><!-- AddThis Share Buttons generic via filter on the_content -->","protected":false},"excerpt":{"rendered":"<p>El primero de nuestros efectivos en inaugurar 2017 corresponder\u00e1 a \u201cParisien Blue\u201d (Diktat &amp; Gatz), que disputar\u00e1 este pr\u00f3ximo domingo su segunda carrera en competici\u00f3n en el Gran Hip\u00f3dromo de Dos Hermanas coincidiendo con la tercera jornada de la temporada de invierno nazarena. Una prueba de condici\u00f3n para potros de tres a\u00f1os que no hayan [&hellip;]<!-- AddThis Advanced Settings generic via filter on get_the_excerpt --><!-- AddThis Share Buttons generic via filter on get_the_excerpt --><\/p>\n","protected":false},"author":5,"featured_media":0,"comment_status":"closed","ping_status":"closed","sticky":false,"template":"","format":"gallery","meta":{"_acf_changed":false,"_et_pb_use_builder":"","_et_pb_old_content":"","_et_gb_content_width":"","footnotes":""},"categories":[3],"tags":[],"class_list":["post-2828","post","type-post","status-publish","format-gallery","hentry","category-noticias-cuadra-agrado","post_format-post-format-gallery"],"acf":[],"yoast_head":"<!-- This site is optimized with the Yoast SEO plugin v27.4 - https:\/\/yoast.com\/product\/yoast-seo-wordpress\/ -->\n<title>Parisien Blue inaugura nuestro a\u00f1o 2017 - Cuadra Agrado<\/title>\n<meta name=\"robots\" content=\"index, follow, max-snippet:-1, max-image-preview:large, max-video-preview:-1\" \/>\n<link rel=\"canonical\" href=\"https:\/\/cuadra-agrado.es\/?p=2828\" \/>\n<meta property=\"og:locale\" content=\"es_ES\" \/>\n<meta property=\"og:type\" content=\"article\" \/>\n<meta property=\"og:title\" content=\"Parisien Blue inaugura nuestro a\u00f1o 2017 - Cuadra Agrado\" \/>\n<meta property=\"og:description\" content=\"El primero de nuestros efectivos en inaugurar 2017 corresponder\u00e1 a \u201cParisien Blue\u201d (Diktat &amp; Gatz), que disputar\u00e1 este pr\u00f3ximo domingo su segunda carrera en competici\u00f3n en el Gran Hip\u00f3dromo de Dos Hermanas coincidiendo con la tercera jornada de la temporada de invierno nazarena. Una prueba de condici\u00f3n para potros de tres a\u00f1os que no hayan [&hellip;]\" \/>\n<meta property=\"og:url\" content=\"https:\/\/cuadra-agrado.es\/?p=2828\" \/>\n<meta property=\"og:site_name\" content=\"Cuadra Agrado\" \/>\n<meta property=\"article:published_time\" content=\"2017-01-09T14:55:33+00:00\" \/>\n<meta property=\"article:modified_time\" content=\"2024-02-27T09:27:38+00:00\" \/>\n<meta property=\"og:image\" content=\"http:\/\/cuadra-agrado.es\/wp-content\/uploads\/2016\/11\/parisien-300x169.jpg\" \/>\n<meta name=\"author\" content=\"Miguel Redondo\" \/>\n<meta name=\"twitter:card\" content=\"summary_large_image\" \/>\n<meta name=\"twitter:creator\" content=\"@AGRADOracing\" \/>\n<meta name=\"twitter:site\" content=\"@AGRADOracing\" \/>\n<meta name=\"twitter:label1\" content=\"Escrito por\" \/>\n\t<meta name=\"twitter:data1\" content=\"Miguel Redondo\" \/>\n\t<meta name=\"twitter:label2\" content=\"Tiempo de lectura\" \/>\n\t<meta name=\"twitter:data2\" content=\"2 minutos\" \/>\n<script type=\"application\/ld+json\" class=\"yoast-schema-graph\">{\"@context\":\"https:\\\/\\\/schema.org\",\"@graph\":[{\"@type\":\"Article\",\"@id\":\"https:\\\/\\\/cuadra-agrado.es\\\/?p=2828#article\",\"isPartOf\":{\"@id\":\"https:\\\/\\\/cuadra-agrado.es\\\/?p=2828\"},\"author\":{\"name\":\"Miguel Redondo\",\"@id\":\"https:\\\/\\\/cuadra-agrado.es\\\/#\\\/schema\\\/person\\\/3aa4f8d2373cf756d93a5526bc72f31b\"},\"headline\":\"Parisien Blue inaugura nuestro a\u00f1o 2017\",\"datePublished\":\"2017-01-09T14:55:33+00:00\",\"dateModified\":\"2024-02-27T09:27:38+00:00\",\"mainEntityOfPage\":{\"@id\":\"https:\\\/\\\/cuadra-agrado.es\\\/?p=2828\"},\"wordCount\":489,\"image\":{\"@id\":\"https:\\\/\\\/cuadra-agrado.es\\\/?p=2828#primaryimage\"},\"thumbnailUrl\":\"http:\\\/\\\/cuadra-agrado.es\\\/wp-content\\\/uploads\\\/2016\\\/11\\\/parisien-300x169.jpg\",\"articleSection\":[\"Actualidad\"],\"inLanguage\":\"es\"},{\"@type\":\"WebPage\",\"@id\":\"https:\\\/\\\/cuadra-agrado.es\\\/?p=2828\",\"url\":\"https:\\\/\\\/cuadra-agrado.es\\\/?p=2828\",\"name\":\"Parisien Blue inaugura nuestro a\u00f1o 2017 - Cuadra Agrado\",\"isPartOf\":{\"@id\":\"https:\\\/\\\/cuadra-agrado.es\\\/#website\"},\"primaryImageOfPage\":{\"@id\":\"https:\\\/\\\/cuadra-agrado.es\\\/?p=2828#primaryimage\"},\"image\":{\"@id\":\"https:\\\/\\\/cuadra-agrado.es\\\/?p=2828#primaryimage\"},\"thumbnailUrl\":\"http:\\\/\\\/cuadra-agrado.es\\\/wp-content\\\/uploads\\\/2016\\\/11\\\/parisien-300x169.jpg\",\"datePublished\":\"2017-01-09T14:55:33+00:00\",\"dateModified\":\"2024-02-27T09:27:38+00:00\",\"author\":{\"@id\":\"https:\\\/\\\/cuadra-agrado.es\\\/#\\\/schema\\\/person\\\/3aa4f8d2373cf756d93a5526bc72f31b\"},\"breadcrumb\":{\"@id\":\"https:\\\/\\\/cuadra-agrado.es\\\/?p=2828#breadcrumb\"},\"inLanguage\":\"es\",\"potentialAction\":[{\"@type\":\"ReadAction\",\"target\":[\"https:\\\/\\\/cuadra-agrado.es\\\/?p=2828\"]}]},{\"@type\":\"ImageObject\",\"inLanguage\":\"es\",\"@id\":\"https:\\\/\\\/cuadra-agrado.es\\\/?p=2828#primaryimage\",\"url\":\"http:\\\/\\\/cuadra-agrado.es\\\/wp-content\\\/uploads\\\/2016\\\/11\\\/parisien-300x169.jpg\",\"contentUrl\":\"http:\\\/\\\/cuadra-agrado.es\\\/wp-content\\\/uploads\\\/2016\\\/11\\\/parisien-300x169.jpg\"},{\"@type\":\"BreadcrumbList\",\"@id\":\"https:\\\/\\\/cuadra-agrado.es\\\/?p=2828#breadcrumb\",\"itemListElement\":[{\"@type\":\"ListItem\",\"position\":1,\"name\":\"Portada\",\"item\":\"https:\\\/\\\/cuadra-agrado.es\\\/\"},{\"@type\":\"ListItem\",\"position\":2,\"name\":\"Parisien Blue inaugura nuestro a\u00f1o 2017\"}]},{\"@type\":\"WebSite\",\"@id\":\"https:\\\/\\\/cuadra-agrado.es\\\/#website\",\"url\":\"https:\\\/\\\/cuadra-agrado.es\\\/\",\"name\":\"Cuadra Agrado\",\"description\":\"En el mundo del Turf desde 2008\",\"potentialAction\":[{\"@type\":\"SearchAction\",\"target\":{\"@type\":\"EntryPoint\",\"urlTemplate\":\"https:\\\/\\\/cuadra-agrado.es\\\/?s={search_term_string}\"},\"query-input\":{\"@type\":\"PropertyValueSpecification\",\"valueRequired\":true,\"valueName\":\"search_term_string\"}}],\"inLanguage\":\"es\"},{\"@type\":\"Person\",\"@id\":\"https:\\\/\\\/cuadra-agrado.es\\\/#\\\/schema\\\/person\\\/3aa4f8d2373cf756d93a5526bc72f31b\",\"name\":\"Miguel Redondo\",\"image\":{\"@type\":\"ImageObject\",\"inLanguage\":\"es\",\"@id\":\"https:\\\/\\\/secure.gravatar.com\\\/avatar\\\/85704fceb4fa34017e3c1344d182da00dbf772fb8856ba2b7726a2df926415b4?s=96&d=mm&r=g\",\"url\":\"https:\\\/\\\/secure.gravatar.com\\\/avatar\\\/85704fceb4fa34017e3c1344d182da00dbf772fb8856ba2b7726a2df926415b4?s=96&d=mm&r=g\",\"contentUrl\":\"https:\\\/\\\/secure.gravatar.com\\\/avatar\\\/85704fceb4fa34017e3c1344d182da00dbf772fb8856ba2b7726a2df926415b4?s=96&d=mm&r=g\",\"caption\":\"Miguel Redondo\"},\"sameAs\":[\"https:\\\/\\\/cuadra-agrado.es\"],\"url\":\"https:\\\/\\\/cuadra-agrado.es\\\/?author=5\"}]}<\/script>\n<!-- \/ Yoast SEO plugin. -->","yoast_head_json":{"title":"Parisien Blue inaugura nuestro a\u00f1o 2017 - Cuadra Agrado","robots":{"index":"index","follow":"follow","max-snippet":"max-snippet:-1","max-image-preview":"max-image-preview:large","max-video-preview":"max-video-preview:-1"},"canonical":"https:\/\/cuadra-agrado.es\/?p=2828","og_locale":"es_ES","og_type":"article","og_title":"Parisien Blue inaugura nuestro a\u00f1o 2017 - Cuadra Agrado","og_description":"El primero de nuestros efectivos en inaugurar 2017 corresponder\u00e1 a \u201cParisien Blue\u201d (Diktat &amp; Gatz), que disputar\u00e1 este pr\u00f3ximo domingo su segunda carrera en competici\u00f3n en el Gran Hip\u00f3dromo de Dos Hermanas coincidiendo con la tercera jornada de la temporada de invierno nazarena. Una prueba de condici\u00f3n para potros de tres a\u00f1os que no hayan [&hellip;]","og_url":"https:\/\/cuadra-agrado.es\/?p=2828","og_site_name":"Cuadra Agrado","article_published_time":"2017-01-09T14:55:33+00:00","article_modified_time":"2024-02-27T09:27:38+00:00","og_image":[{"url":"http:\/\/cuadra-agrado.es\/wp-content\/uploads\/2016\/11\/parisien-300x169.jpg","type":"","width":"","height":""}],"author":"Miguel Redondo","twitter_card":"summary_large_image","twitter_creator":"@AGRADOracing","twitter_site":"@AGRADOracing","twitter_misc":{"Escrito por":"Miguel Redondo","Tiempo de lectura":"2 minutos"},"schema":{"@context":"https:\/\/schema.org","@graph":[{"@type":"Article","@id":"https:\/\/cuadra-agrado.es\/?p=2828#article","isPartOf":{"@id":"https:\/\/cuadra-agrado.es\/?p=2828"},"author":{"name":"Miguel Redondo","@id":"https:\/\/cuadra-agrado.es\/#\/schema\/person\/3aa4f8d2373cf756d93a5526bc72f31b"},"headline":"Parisien Blue inaugura nuestro a\u00f1o 2017","datePublished":"2017-01-09T14:55:33+00:00","dateModified":"2024-02-27T09:27:38+00:00","mainEntityOfPage":{"@id":"https:\/\/cuadra-agrado.es\/?p=2828"},"wordCount":489,"image":{"@id":"https:\/\/cuadra-agrado.es\/?p=2828#primaryimage"},"thumbnailUrl":"http:\/\/cuadra-agrado.es\/wp-content\/uploads\/2016\/11\/parisien-300x169.jpg","articleSection":["Actualidad"],"inLanguage":"es"},{"@type":"WebPage","@id":"https:\/\/cuadra-agrado.es\/?p=2828","url":"https:\/\/cuadra-agrado.es\/?p=2828","name":"Parisien Blue inaugura nuestro a\u00f1o 2017 - Cuadra Agrado","isPartOf":{"@id":"https:\/\/cuadra-agrado.es\/#website"},"primaryImageOfPage":{"@id":"https:\/\/cuadra-agrado.es\/?p=2828#primaryimage"},"image":{"@id":"https:\/\/cuadra-agrado.es\/?p=2828#primaryimage"},"thumbnailUrl":"http:\/\/cuadra-agrado.es\/wp-content\/uploads\/2016\/11\/parisien-300x169.jpg","datePublished":"2017-01-09T14:55:33+00:00","dateModified":"2024-02-27T09:27:38+00:00","author":{"@id":"https:\/\/cuadra-agrado.es\/#\/schema\/person\/3aa4f8d2373cf756d93a5526bc72f31b"},"breadcrumb":{"@id":"https:\/\/cuadra-agrado.es\/?p=2828#breadcrumb"},"inLanguage":"es","potentialAction":[{"@type":"ReadAction","target":["https:\/\/cuadra-agrado.es\/?p=2828"]}]},{"@type":"ImageObject","inLanguage":"es","@id":"https:\/\/cuadra-agrado.es\/?p=2828#primaryimage","url":"http:\/\/cuadra-agrado.es\/wp-content\/uploads\/2016\/11\/parisien-300x169.jpg","contentUrl":"http:\/\/cuadra-agrado.es\/wp-content\/uploads\/2016\/11\/parisien-300x169.jpg"},{"@type":"BreadcrumbList","@id":"https:\/\/cuadra-agrado.es\/?p=2828#breadcrumb","itemListElement":[{"@type":"ListItem","position":1,"name":"Portada","item":"https:\/\/cuadra-agrado.es\/"},{"@type":"ListItem","position":2,"name":"Parisien Blue inaugura nuestro a\u00f1o 2017"}]},{"@type":"WebSite","@id":"https:\/\/cuadra-agrado.es\/#website","url":"https:\/\/cuadra-agrado.es\/","name":"Cuadra Agrado","description":"En el mundo del Turf desde 2008","potentialAction":[{"@type":"SearchAction","target":{"@type":"EntryPoint","urlTemplate":"https:\/\/cuadra-agrado.es\/?s={search_term_string}"},"query-input":{"@type":"PropertyValueSpecification","valueRequired":true,"valueName":"search_term_string"}}],"inLanguage":"es"},{"@type":"Person","@id":"https:\/\/cuadra-agrado.es\/#\/schema\/person\/3aa4f8d2373cf756d93a5526bc72f31b","name":"Miguel Redondo","image":{"@type":"ImageObject","inLanguage":"es","@id":"https:\/\/secure.gravatar.com\/avatar\/85704fceb4fa34017e3c1344d182da00dbf772fb8856ba2b7726a2df926415b4?s=96&d=mm&r=g","url":"https:\/\/secure.gravatar.com\/avatar\/85704fceb4fa34017e3c1344d182da00dbf772fb8856ba2b7726a2df926415b4?s=96&d=mm&r=g","contentUrl":"https:\/\/secure.gravatar.com\/avatar\/85704fceb4fa34017e3c1344d182da00dbf772fb8856ba2b7726a2df926415b4?s=96&d=mm&r=g","caption":"Miguel Redondo"},"sameAs":["https:\/\/cuadra-agrado.es"],"url":"https:\/\/cuadra-agrado.es\/?author=5"}]}},"_links":{"self":[{"href":"https:\/\/cuadra-agrado.es\/index.php?rest_route=\/wp\/v2\/posts\/2828","targetHints":{"allow":["GET"]}}],"collection":[{"href":"https:\/\/cuadra-agrado.es\/index.php?rest_route=\/wp\/v2\/posts"}],"about":[{"href":"https:\/\/cuadra-agrado.es\/index.php?rest_route=\/wp\/v2\/types\/post"}],"author":[{"embeddable":true,"href":"https:\/\/cuadra-agrado.es\/index.php?rest_route=\/wp\/v2\/users\/5"}],"replies":[{"embeddable":true,"href":"https:\/\/cuadra-agrado.es\/index.php?rest_route=%2Fwp%2Fv2%2Fcomments&post=2828"}],"version-history":[{"count":0,"href":"https:\/\/cuadra-agrado.es\/index.php?rest_route=\/wp\/v2\/posts\/2828\/revisions"}],"wp:attachment":[{"href":"https:\/\/cuadra-agrado.es\/index.php?rest_route=%2Fwp%2Fv2%2Fmedia&parent=2828"}],"wp:term":[{"taxonomy":"category","embeddable":true,"href":"https:\/\/cuadra-agrado.es\/index.php?rest_route=%2Fwp%2Fv2%2Fcategories&post=2828"},{"taxonomy":"post_tag","embeddable":true,"href":"https:\/\/cuadra-agrado.es\/index.php?rest_route=%2Fwp%2Fv2%2Ftags&post=2828"}],"curies":[{"name":"wp","href":"https:\/\/api.w.org\/{rel}","templated":true}]}}